{"id":409514,"date":"2026-03-13T20:09:01","date_gmt":"2026-03-13T23:09:01","guid":{"rendered":"https:\/\/portaltela.pt\/noticias\/2026\/03\/13\/fenerbahce-perde-invencibilidade-no-campeonato-turco\/"},"modified":"2026-03-13T20:09:01","modified_gmt":"2026-03-13T23:09:01","slug":"fenerbahce-perde-invencibilidade-no-campeonato-turco","status":"publish","type":"post","link":"https:\/\/portaltela.pt\/desporto\/futebol\/2026\/03\/13\/fenerbahce-perde-invencibilidade-no-campeonato-turco\/","title":{"rendered":"Fenerbah\u00e7e perde invencibilidade no campeonato turco"},"content":{"rendered":"<p>O Fenerbah\u00e7e perdeu a invencibilidade no campeonato turco ao perder 2-0 frente ao Karagumruk, na 26.\u00aa jornada. O jogo ocorreu no est\u00e1dio do Karagumruk, com golos na primeira parte de Bartug Elmaz (15 minutos) e, pouco antes do intervalo, Serginho (45&#8217;+1).<\/p>\n<p>O conjunto treinado por Domenico Tedesco vinha de 16 vit\u00f3rias e 9 empates antes do encontro e sofreu a primeira derrota na prova. A derrota quebra o ciclo vitorioso, que durou at\u00e9 aqui nesta \u00e9poca.<\/p>\n<p>Com o resultado, o Fenerbah\u00e7e mant\u00e9m-se a quatro pontos do l\u00edder Galatasaray, que tem a oportunidade de ampliar a dist\u00e2ncia no pr\u00f3ximo s\u00e1bado, ao receber o Ba\u015fak\u015fehir. O clube turco era ainda considerado invenc\u00edvel entre os 10 primeiros em algumas medi\u00e7\u00f5es da UEFA, partilhando esse estatuto com Slavia Praga e Benfica.<\/p>\n","protected":false},"excerpt":{"rendered":"<ul>\n<li>O Fenerbah\u00e7e, segundo classificado, perdeu a invencibilidade no campeonato turco ao perder por dois a zero no reduto do lanterna-vermelha Karagumruk, na 26.\u00aa jornada.<\/li>\n<li>Os golos foram marcados na primeira parte por Bartug Elmaz, aos 15 minutos, e por Serginho, aos 45+1.<\/li>\n<li>Com o desaire, o Fenerbah\u00e7e soma dezasseis vit\u00f3rias e nove empates na prova.<\/li>\n<li>Mant\u00e9m-se a quatro pontos do l\u00edder Galatasaray, que pode aumentar a vantagem no s\u00e1bado frente ao Basaksehir.<\/li>\n<li>O Fenerbah\u00e7e era um dos tr\u00eas invenc\u00edveis no top ten do ranking da UEFA, juntamente com Slavia Praga e Benfica.<\/li>\n<\/ul>\n","protected":false},"author":2,"featured_media":409519,"comment_status":"closed","ping_status":"closed","sticky":false,"template":"","format":"standard","meta":{"footnotes":""},"categories":[21,24],"tags":[152,5217,32,3338,1786,2126],"class_list":["post-409514","post","type-post","status-publish","format-standard","has-post-thumbnail","hentry","category-desporto","category-futebol","tag-desporto","tag-fenerbahce","tag-futebol","tag-futebol-internacional","tag-liga","tag-turquia"],"yoast_head":"<!-- This site is optimized with the Yoast SEO plugin v27.2 - https:\/\/yoast.com\/product\/yoast-seo-wordpress\/ -->\n<title>Fenerbah\u00e7e perde invencibilidade no campeonato turco - Portal Tela Portugal<\/title>\n<meta name=\"robots\" content=\"index, follow, max-snippet:-1, max-image-preview:large, max-video-preview:-1\" \/>\n<meta property=\"og:locale\" content=\"pt_PT\" \/>\n<meta property=\"og:type\" content=\"article\" \/>\n<meta property=\"og:title\" content=\"Fenerbah\u00e7e perde invencibilidade no campeonato turco - Portal Tela Portugal\" \/>\n<meta property=\"og:description\" content=\"O Fenerbah\u00e7e, segundo classificado, perdeu a invencibilidade no campeonato turco ao perder por dois a zero no reduto do lanterna-vermelha Karagumruk, na 26.\u00aa jornada. Os golos foram marcados na primeira parte por Bartug Elmaz, aos 15 minutos, e por Serginho, aos 45+1. Com o desaire, o Fenerbah\u00e7e soma dezasseis vit\u00f3rias e nove empates na prova. Mant\u00e9m-se a quatro pontos do l\u00edder Galatasaray, que pode aumentar a vantagem no s\u00e1bado frente ao Basaksehir. O Fenerbah\u00e7e era um dos tr\u00eas invenc\u00edveis no top ten do ranking da UEFA, juntamente com Slavia Praga e Benfica.\" \/>\n<meta property=\"og:url\" content=\"https:\/\/portaltela.pt\/noticias\/2026\/03\/13\/fenerbahce-perde-invencibilidade-no-campeonato-turco\/\" \/>\n<meta property=\"og:site_name\" content=\"Portal Tela Portugal\" \/>\n<meta property=\"article:published_time\" content=\"2026-03-13T23:09:01+00:00\" \/>\n<meta name=\"author\" content=\"Telinha\" \/>\n<meta name=\"twitter:card\" content=\"summary_large_image\" \/>\n<meta name=\"twitter:label1\" content=\"Escrito por\" \/>\n\t<meta name=\"twitter:data1\" content=\"Telinha\" \/>\n\t<meta name=\"twitter:label2\" content=\"Tempo estimado de leitura\" \/>\n\t<meta name=\"twitter:data2\" content=\"1 minuto\" \/>\n<script type=\"application\/ld+json\" class=\"yoast-schema-graph\">{\"@context\":\"https:\/\/schema.org\",\"@graph\":[{\"@type\":\"Article\",\"@id\":\"https:\/\/portaltela.pt\/noticias\/2026\/03\/13\/fenerbahce-perde-invencibilidade-no-campeonato-turco\/#article\",\"isPartOf\":{\"@id\":\"https:\/\/portaltela.pt\/noticias\/2026\/03\/13\/fenerbahce-perde-invencibilidade-no-campeonato-turco\/\"},\"author\":{\"name\":\"Telinha\",\"@id\":\"https:\/\/portaltela.pt\/#\/schema\/person\/c4278d4a6028830caff9ee44b42d32ed\"},\"headline\":\"Fenerbah\u00e7e perde invencibilidade no campeonato turco\",\"datePublished\":\"2026-03-13T23:09:01+00:00\",\"mainEntityOfPage\":{\"@id\":\"https:\/\/portaltela.pt\/noticias\/2026\/03\/13\/fenerbahce-perde-invencibilidade-no-campeonato-turco\/\"},\"wordCount\":141,\"image\":{\"@id\":\"https:\/\/portaltela.pt\/noticias\/2026\/03\/13\/fenerbahce-perde-invencibilidade-no-campeonato-turco\/#primaryimage\"},\"thumbnailUrl\":\"https:\/\/portaltela.pt\/s.01k8rhncp4jt1\/2026\/03\/img_920x518uu2026-03-13-23-08-36-2426791.jpg\",\"keywords\":[\"desporto\",\"Fenerbah\u00e7e\",\"futebol\",\"futebol internacional\",\"Liga\",\"Turquia\"],\"articleSection\":[\"Desporto\",\"Futebol\"],\"inLanguage\":\"pt-PT\"},{\"@type\":\"WebPage\",\"@id\":\"https:\/\/portaltela.pt\/noticias\/2026\/03\/13\/fenerbahce-perde-invencibilidade-no-campeonato-turco\/\",\"url\":\"https:\/\/portaltela.pt\/noticias\/2026\/03\/13\/fenerbahce-perde-invencibilidade-no-campeonato-turco\/\",\"name\":\"Fenerbah\u00e7e perde invencibilidade no campeonato turco - Portal Tela Portugal\",\"isPartOf\":{\"@id\":\"https:\/\/portaltela.pt\/#website\"},\"primaryImageOfPage\":{\"@id\":\"https:\/\/portaltela.pt\/noticias\/2026\/03\/13\/fenerbahce-perde-invencibilidade-no-campeonato-turco\/#primaryimage\"},\"image\":{\"@id\":\"https:\/\/portaltela.pt\/noticias\/2026\/03\/13\/fenerbahce-perde-invencibilidade-no-campeonato-turco\/#primaryimage\"},\"thumbnailUrl\":\"https:\/\/portaltela.pt\/s.01k8rhncp4jt1\/2026\/03\/img_920x518uu2026-03-13-23-08-36-2426791.jpg\",\"datePublished\":\"2026-03-13T23:09:01+00:00\",\"author\":{\"@id\":\"https:\/\/portaltela.pt\/#\/schema\/person\/c4278d4a6028830caff9ee44b42d32ed\"},\"breadcrumb\":{\"@id\":\"https:\/\/portaltela.pt\/noticias\/2026\/03\/13\/fenerbahce-perde-invencibilidade-no-campeonato-turco\/#breadcrumb\"},\"inLanguage\":\"pt-PT\",\"potentialAction\":[{\"@type\":\"ReadAction\",\"target\":[\"https:\/\/portaltela.pt\/noticias\/2026\/03\/13\/fenerbahce-perde-invencibilidade-no-campeonato-turco\/\"]}]},{\"@type\":\"ImageObject\",\"inLanguage\":\"pt-PT\",\"@id\":\"https:\/\/portaltela.pt\/noticias\/2026\/03\/13\/fenerbahce-perde-invencibilidade-no-campeonato-turco\/#primaryimage\",\"url\":\"https:\/\/portaltela.pt\/s.01k8rhncp4jt1\/2026\/03\/img_920x518uu2026-03-13-23-08-36-2426791.jpg\",\"contentUrl\":\"https:\/\/portaltela.pt\/s.01k8rhncp4jt1\/2026\/03\/img_920x518uu2026-03-13-23-08-36-2426791.jpg\",\"width\":796,\"height\":448,\"caption\":\"Levent Mercan em a\u00e7\u00e3o pelo Fenerbah\u00e7e\"},{\"@type\":\"BreadcrumbList\",\"@id\":\"https:\/\/portaltela.pt\/noticias\/2026\/03\/13\/fenerbahce-perde-invencibilidade-no-campeonato-turco\/#breadcrumb\",\"itemListElement\":[{\"@type\":\"ListItem\",\"position\":1,\"name\":\"In\u00edcio\",\"item\":\"https:\/\/portaltela.pt\/\"},{\"@type\":\"ListItem\",\"position\":2,\"name\":\"Fenerbah\u00e7e perde invencibilidade no campeonato turco\"}]},{\"@type\":\"WebSite\",\"@id\":\"https:\/\/portaltela.pt\/#website\",\"url\":\"https:\/\/portaltela.pt\/\",\"name\":\"Portal Tela Portugal\",\"description\":\"\",\"potentialAction\":[{\"@type\":\"SearchAction\",\"target\":{\"@type\":\"EntryPoint\",\"urlTemplate\":\"https:\/\/portaltela.pt\/?s={search_term_string}\"},\"query-input\":{\"@type\":\"PropertyValueSpecification\",\"valueRequired\":true,\"valueName\":\"search_term_string\"}}],\"inLanguage\":\"pt-PT\"},{\"@type\":\"Person\",\"@id\":\"https:\/\/portaltela.pt\/#\/schema\/person\/c4278d4a6028830caff9ee44b42d32ed\",\"name\":\"Telinha\",\"image\":{\"@type\":\"ImageObject\",\"inLanguage\":\"pt-PT\",\"@id\":\"https:\/\/portaltela.pt\/s.01k8rhncp4jt1\/2025\/11\/talking-bot-125x125.png\",\"url\":\"https:\/\/portaltela.pt\/s.01k8rhncp4jt1\/2025\/11\/talking-bot-125x125.png\",\"contentUrl\":\"https:\/\/portaltela.pt\/s.01k8rhncp4jt1\/2025\/11\/talking-bot-125x125.png\",\"caption\":\"Telinha\"},\"sameAs\":[\"https:\/\/portaltela.pt\/\"],\"url\":\"https:\/\/portaltela.pt\/por\/367410592786\/\"}]}<\/script>\n<!-- \/ Yoast SEO plugin. -->","yoast_head_json":{"title":"Fenerbah\u00e7e perde invencibilidade no campeonato turco - Portal Tela Portugal","robots":{"index":"index","follow":"follow","max-snippet":"max-snippet:-1","max-image-preview":"max-image-preview:large","max-video-preview":"max-video-preview:-1"},"og_locale":"pt_PT","og_type":"article","og_title":"Fenerbah\u00e7e perde invencibilidade no campeonato turco - Portal Tela Portugal","og_description":"O Fenerbah\u00e7e, segundo classificado, perdeu a invencibilidade no campeonato turco ao perder por dois a zero no reduto do lanterna-vermelha Karagumruk, na 26.\u00aa jornada. Os golos foram marcados na primeira parte por Bartug Elmaz, aos 15 minutos, e por Serginho, aos 45+1. Com o desaire, o Fenerbah\u00e7e soma dezasseis vit\u00f3rias e nove empates na prova. Mant\u00e9m-se a quatro pontos do l\u00edder Galatasaray, que pode aumentar a vantagem no s\u00e1bado frente ao Basaksehir. O Fenerbah\u00e7e era um dos tr\u00eas invenc\u00edveis no top ten do ranking da UEFA, juntamente com Slavia Praga e Benfica.","og_url":"https:\/\/portaltela.pt\/noticias\/2026\/03\/13\/fenerbahce-perde-invencibilidade-no-campeonato-turco\/","og_site_name":"Portal Tela Portugal","article_published_time":"2026-03-13T23:09:01+00:00","author":"Telinha","twitter_card":"summary_large_image","twitter_misc":{"Escrito por":"Telinha","Tempo estimado de leitura":"1 minuto"},"schema":{"@context":"https:\/\/schema.org","@graph":[{"@type":"Article","@id":"https:\/\/portaltela.pt\/noticias\/2026\/03\/13\/fenerbahce-perde-invencibilidade-no-campeonato-turco\/#article","isPartOf":{"@id":"https:\/\/portaltela.pt\/noticias\/2026\/03\/13\/fenerbahce-perde-invencibilidade-no-campeonato-turco\/"},"author":{"name":"Telinha","@id":"https:\/\/portaltela.pt\/#\/schema\/person\/c4278d4a6028830caff9ee44b42d32ed"},"headline":"Fenerbah\u00e7e perde invencibilidade no campeonato turco","datePublished":"2026-03-13T23:09:01+00:00","mainEntityOfPage":{"@id":"https:\/\/portaltela.pt\/noticias\/2026\/03\/13\/fenerbahce-perde-invencibilidade-no-campeonato-turco\/"},"wordCount":141,"image":{"@id":"https:\/\/portaltela.pt\/noticias\/2026\/03\/13\/fenerbahce-perde-invencibilidade-no-campeonato-turco\/#primaryimage"},"thumbnailUrl":"https:\/\/portaltela.pt\/s.01k8rhncp4jt1\/2026\/03\/img_920x518uu2026-03-13-23-08-36-2426791.jpg","keywords":["desporto","Fenerbah\u00e7e","futebol","futebol internacional","Liga","Turquia"],"articleSection":["Desporto","Futebol"],"inLanguage":"pt-PT"},{"@type":"WebPage","@id":"https:\/\/portaltela.pt\/noticias\/2026\/03\/13\/fenerbahce-perde-invencibilidade-no-campeonato-turco\/","url":"https:\/\/portaltela.pt\/noticias\/2026\/03\/13\/fenerbahce-perde-invencibilidade-no-campeonato-turco\/","name":"Fenerbah\u00e7e perde invencibilidade no campeonato turco - Portal Tela Portugal","isPartOf":{"@id":"https:\/\/portaltela.pt\/#website"},"primaryImageOfPage":{"@id":"https:\/\/portaltela.pt\/noticias\/2026\/03\/13\/fenerbahce-perde-invencibilidade-no-campeonato-turco\/#primaryimage"},"image":{"@id":"https:\/\/portaltela.pt\/noticias\/2026\/03\/13\/fenerbahce-perde-invencibilidade-no-campeonato-turco\/#primaryimage"},"thumbnailUrl":"https:\/\/portaltela.pt\/s.01k8rhncp4jt1\/2026\/03\/img_920x518uu2026-03-13-23-08-36-2426791.jpg","datePublished":"2026-03-13T23:09:01+00:00","author":{"@id":"https:\/\/portaltela.pt\/#\/schema\/person\/c4278d4a6028830caff9ee44b42d32ed"},"breadcrumb":{"@id":"https:\/\/portaltela.pt\/noticias\/2026\/03\/13\/fenerbahce-perde-invencibilidade-no-campeonato-turco\/#breadcrumb"},"inLanguage":"pt-PT","potentialAction":[{"@type":"ReadAction","target":["https:\/\/portaltela.pt\/noticias\/2026\/03\/13\/fenerbahce-perde-invencibilidade-no-campeonato-turco\/"]}]},{"@type":"ImageObject","inLanguage":"pt-PT","@id":"https:\/\/portaltela.pt\/noticias\/2026\/03\/13\/fenerbahce-perde-invencibilidade-no-campeonato-turco\/#primaryimage","url":"https:\/\/portaltela.pt\/s.01k8rhncp4jt1\/2026\/03\/img_920x518uu2026-03-13-23-08-36-2426791.jpg","contentUrl":"https:\/\/portaltela.pt\/s.01k8rhncp4jt1\/2026\/03\/img_920x518uu2026-03-13-23-08-36-2426791.jpg","width":796,"height":448,"caption":"Levent Mercan em a\u00e7\u00e3o pelo Fenerbah\u00e7e"},{"@type":"BreadcrumbList","@id":"https:\/\/portaltela.pt\/noticias\/2026\/03\/13\/fenerbahce-perde-invencibilidade-no-campeonato-turco\/#breadcrumb","itemListElement":[{"@type":"ListItem","position":1,"name":"In\u00edcio","item":"https:\/\/portaltela.pt\/"},{"@type":"ListItem","position":2,"name":"Fenerbah\u00e7e perde invencibilidade no campeonato turco"}]},{"@type":"WebSite","@id":"https:\/\/portaltela.pt\/#website","url":"https:\/\/portaltela.pt\/","name":"Portal Tela Portugal","description":"","potentialAction":[{"@type":"SearchAction","target":{"@type":"EntryPoint","urlTemplate":"https:\/\/portaltela.pt\/?s={search_term_string}"},"query-input":{"@type":"PropertyValueSpecification","valueRequired":true,"valueName":"search_term_string"}}],"inLanguage":"pt-PT"},{"@type":"Person","@id":"https:\/\/portaltela.pt\/#\/schema\/person\/c4278d4a6028830caff9ee44b42d32ed","name":"Telinha","image":{"@type":"ImageObject","inLanguage":"pt-PT","@id":"https:\/\/portaltela.pt\/s.01k8rhncp4jt1\/2025\/11\/talking-bot-125x125.png","url":"https:\/\/portaltela.pt\/s.01k8rhncp4jt1\/2025\/11\/talking-bot-125x125.png","contentUrl":"https:\/\/portaltela.pt\/s.01k8rhncp4jt1\/2025\/11\/talking-bot-125x125.png","caption":"Telinha"},"sameAs":["https:\/\/portaltela.pt\/"],"url":"https:\/\/portaltela.pt\/por\/367410592786\/"}]}},"_links":{"self":[{"href":"https:\/\/portaltela.pt\/api\/wp\/v2\/posts\/409514","targetHints":{"allow":["GET"]}}],"collection":[{"href":"https:\/\/portaltela.pt\/api\/wp\/v2\/posts"}],"about":[{"href":"https:\/\/portaltela.pt\/api\/wp\/v2\/types\/post"}],"author":[{"embeddable":true,"href":"https:\/\/portaltela.pt\/api\/wp\/v2\/users\/2"}],"replies":[{"embeddable":true,"href":"https:\/\/portaltela.pt\/api\/wp\/v2\/comments?post=409514"}],"version-history":[{"count":0,"href":"https:\/\/portaltela.pt\/api\/wp\/v2\/posts\/409514\/revisions"}],"wp:featuredmedia":[{"embeddable":true,"href":"https:\/\/portaltela.pt\/api\/wp\/v2\/media\/409519"}],"wp:attachment":[{"href":"https:\/\/portaltela.pt\/api\/wp\/v2\/media?parent=409514"}],"wp:term":[{"taxonomy":"category","embeddable":true,"href":"https:\/\/portaltela.pt\/api\/wp\/v2\/categories?post=409514"},{"taxonomy":"post_tag","embeddable":true,"href":"https:\/\/portaltela.pt\/api\/wp\/v2\/tags?post=409514"}],"curies":[{"name":"wp","href":"https:\/\/api.w.org\/{rel}","templated":true}]}}