{"id":409507,"date":"2026-03-13T19:38:11","date_gmt":"2026-03-13T22:38:11","guid":{"rendered":"https:\/\/portaltela.pt\/noticias\/2026\/03\/13\/arbeloa-pede-ao-real-madrid-mentalidade-de-campeao\/"},"modified":"2026-03-13T19:38:11","modified_gmt":"2026-03-13T22:38:11","slug":"arbeloa-pede-ao-real-madrid-mentalidade-de-campeao","status":"publish","type":"post","link":"https:\/\/portaltela.pt\/desporto\/futebol\/2026\/03\/13\/arbeloa-pede-ao-real-madrid-mentalidade-de-campeao\/","title":{"rendered":"Arbeloa pede ao Real Madrid mentalidade de campe\u00e3o"},"content":{"rendered":"<p>O Real Madrid recebeu o Elche no pr\u00f3ximo desafio, ap\u00f3s vencer o Manchester City por 3-0 na primeira m\u00e3o dos oitavos de final da Liga dos Campe\u00f5es. \u00c1lvaro Arbeloa exortou os jogadores a entrar em campo com a mentalidade de campe\u00e3o, apontando a import\u00e2ncia do jogo.<\/p>\n<p>O t\u00e9cnico espanhol lembrou que o City foi um advers\u00e1rio dif\u00edcil e que a equipa n\u00e3o deve ser subestimada. Arbeloa sublinhou a necessidade de manter a confian\u00e7a e o foco para avan\u00e7ar na competi\u00e7\u00e3o.<\/p>\n<p>A lista de jogadores dispon\u00edveis est\u00e1 reduzida, com aus\u00eancias que j\u00e1 se contavam antes do encontro. Entre os baixa utilizados constam Mbapp\u00e9, Bellingham, Rodrygo, \u00c9der Milit\u00e3o e Carreras, ex-Benfica, com o treinado a indicar que Mbapp\u00e9 n\u00e3o dever\u00e1 regressar nesta desloca\u00e7\u00e3o.<\/p>\n<h3>Plantel com aus\u00eancias e perspetiva de recupera\u00e7\u00e3o<\/h3>\n<p>Arbeloa afirmou ainda que Mbapp\u00e9 continua fora do plantel, mantendo a esperan\u00e7a de que possa estar apto para a viagem a Manchester. O treinador real\u00e7a que o plantel precisa de solu\u00e7\u00f5es para manter o rendimento e a ambi\u00e7\u00e3o na Liga dos Campe\u00f5es.<\/p>\n","protected":false},"excerpt":{"rendered":"<ul>\n<li>Real Madrid venceu o Manchester City por 3-0 na 1.\u00aa m\u00e3o dos oitavos de final da Liga dos Campe\u00f5es.<\/li>\n<li>Arbeloa pediu aos jogadores uma mentalidade digna de campe\u00e3o para receber o Elche, equipa de Martim Neto e Andr\u00e9 Silva.<\/li>\n<li>O t\u00e9cnico recordou os progn\u00f3sticos para o jogo com o City e salientou que o Real Madrid n\u00e3o deve ser subestimado.<\/li>\n<li>O plantel segue com v\u00e1rias baixas: Mbapp\u00e9, Bellingham, Rodrygo, \u00c9der Milit\u00e3o e Carreras (ex-Benfica).<\/li>\n<li>Mbapp\u00e9 n\u00e3o estar\u00e1 dispon\u00edvel, mas h\u00e1 confian\u00e7a de que ficar\u00e1 pronto para a viagem a Manchester.<\/li>\n<\/ul>\n","protected":false},"author":2,"featured_media":409509,"comment_status":"closed","ping_status":"closed","sticky":false,"template":"","format":"standard","meta":{"footnotes":""},"categories":[21,24],"tags":[3577,3503,32,1980,3375,2714],"class_list":["post-409507","post","type-post","status-publish","format-standard","has-post-thumbnail","hentry","category-desporto","category-futebol","tag-champions-league","tag-elche","tag-futebol","tag-manchester-city","tag-mbappe","tag-real-madrid"],"yoast_head":"<!-- This site is optimized with the Yoast SEO plugin v27.2 - https:\/\/yoast.com\/product\/yoast-seo-wordpress\/ -->\n<title>Arbeloa pede ao Real Madrid mentalidade de campe\u00e3o - Portal Tela Portugal<\/title>\n<meta name=\"robots\" content=\"index, follow, max-snippet:-1, max-image-preview:large, max-video-preview:-1\" \/>\n<meta property=\"og:locale\" content=\"pt_PT\" \/>\n<meta property=\"og:type\" content=\"article\" \/>\n<meta property=\"og:title\" content=\"Arbeloa pede ao Real Madrid mentalidade de campe\u00e3o - Portal Tela Portugal\" \/>\n<meta property=\"og:description\" content=\"Real Madrid venceu o Manchester City por 3-0 na 1.\u00aa m\u00e3o dos oitavos de final da Liga dos Campe\u00f5es. Arbeloa pediu aos jogadores uma mentalidade digna de campe\u00e3o para receber o Elche, equipa de Martim Neto e Andr\u00e9 Silva. O t\u00e9cnico recordou os progn\u00f3sticos para o jogo com o City e salientou que o Real Madrid n\u00e3o deve ser subestimado. O plantel segue com v\u00e1rias baixas: Mbapp\u00e9, Bellingham, Rodrygo, \u00c9der Milit\u00e3o e Carreras (ex-Benfica). Mbapp\u00e9 n\u00e3o estar\u00e1 dispon\u00edvel, mas h\u00e1 confian\u00e7a de que ficar\u00e1 pronto para a viagem a Manchester.\" \/>\n<meta property=\"og:url\" content=\"https:\/\/portaltela.pt\/noticias\/2026\/03\/13\/arbeloa-pede-ao-real-madrid-mentalidade-de-campeao\/\" \/>\n<meta property=\"og:site_name\" content=\"Portal Tela Portugal\" \/>\n<meta property=\"article:published_time\" content=\"2026-03-13T22:38:11+00:00\" \/>\n<meta name=\"author\" content=\"Telinha\" \/>\n<meta name=\"twitter:card\" content=\"summary_large_image\" \/>\n<meta name=\"twitter:label1\" content=\"Escrito por\" \/>\n\t<meta name=\"twitter:data1\" content=\"Telinha\" \/>\n\t<meta name=\"twitter:label2\" content=\"Tempo estimado de leitura\" \/>\n\t<meta name=\"twitter:data2\" content=\"1 minuto\" \/>\n<script type=\"application\/ld+json\" class=\"yoast-schema-graph\">{\"@context\":\"https:\/\/schema.org\",\"@graph\":[{\"@type\":\"Article\",\"@id\":\"https:\/\/portaltela.pt\/noticias\/2026\/03\/13\/arbeloa-pede-ao-real-madrid-mentalidade-de-campeao\/#article\",\"isPartOf\":{\"@id\":\"https:\/\/portaltela.pt\/noticias\/2026\/03\/13\/arbeloa-pede-ao-real-madrid-mentalidade-de-campeao\/\"},\"author\":{\"name\":\"Telinha\",\"@id\":\"https:\/\/portaltela.pt\/#\/schema\/person\/c4278d4a6028830caff9ee44b42d32ed\"},\"headline\":\"Arbeloa pede ao Real Madrid mentalidade de campe\u00e3o\",\"datePublished\":\"2026-03-13T22:38:11+00:00\",\"mainEntityOfPage\":{\"@id\":\"https:\/\/portaltela.pt\/noticias\/2026\/03\/13\/arbeloa-pede-ao-real-madrid-mentalidade-de-campeao\/\"},\"wordCount\":204,\"image\":{\"@id\":\"https:\/\/portaltela.pt\/noticias\/2026\/03\/13\/arbeloa-pede-ao-real-madrid-mentalidade-de-campeao\/#primaryimage\"},\"thumbnailUrl\":\"https:\/\/portaltela.pt\/s.01k8rhncp4jt1\/2026\/03\/img_920x518uu2026-02-14-23-08-54-2421700.png\",\"keywords\":[\"Champions League\",\"Elche\",\"futebol\",\"Manchester City\",\"Mbapp\u00e9\",\"Real Madrid\"],\"articleSection\":[\"Desporto\",\"Futebol\"],\"inLanguage\":\"pt-PT\"},{\"@type\":\"WebPage\",\"@id\":\"https:\/\/portaltela.pt\/noticias\/2026\/03\/13\/arbeloa-pede-ao-real-madrid-mentalidade-de-campeao\/\",\"url\":\"https:\/\/portaltela.pt\/noticias\/2026\/03\/13\/arbeloa-pede-ao-real-madrid-mentalidade-de-campeao\/\",\"name\":\"Arbeloa pede ao Real Madrid mentalidade de campe\u00e3o - Portal Tela Portugal\",\"isPartOf\":{\"@id\":\"https:\/\/portaltela.pt\/#website\"},\"primaryImageOfPage\":{\"@id\":\"https:\/\/portaltela.pt\/noticias\/2026\/03\/13\/arbeloa-pede-ao-real-madrid-mentalidade-de-campeao\/#primaryimage\"},\"image\":{\"@id\":\"https:\/\/portaltela.pt\/noticias\/2026\/03\/13\/arbeloa-pede-ao-real-madrid-mentalidade-de-campeao\/#primaryimage\"},\"thumbnailUrl\":\"https:\/\/portaltela.pt\/s.01k8rhncp4jt1\/2026\/03\/img_920x518uu2026-02-14-23-08-54-2421700.png\",\"datePublished\":\"2026-03-13T22:38:11+00:00\",\"author\":{\"@id\":\"https:\/\/portaltela.pt\/#\/schema\/person\/c4278d4a6028830caff9ee44b42d32ed\"},\"breadcrumb\":{\"@id\":\"https:\/\/portaltela.pt\/noticias\/2026\/03\/13\/arbeloa-pede-ao-real-madrid-mentalidade-de-campeao\/#breadcrumb\"},\"inLanguage\":\"pt-PT\",\"potentialAction\":[{\"@type\":\"ReadAction\",\"target\":[\"https:\/\/portaltela.pt\/noticias\/2026\/03\/13\/arbeloa-pede-ao-real-madrid-mentalidade-de-campeao\/\"]}]},{\"@type\":\"ImageObject\",\"inLanguage\":\"pt-PT\",\"@id\":\"https:\/\/portaltela.pt\/noticias\/2026\/03\/13\/arbeloa-pede-ao-real-madrid-mentalidade-de-campeao\/#primaryimage\",\"url\":\"https:\/\/portaltela.pt\/s.01k8rhncp4jt1\/2026\/03\/img_920x518uu2026-02-14-23-08-54-2421700.png\",\"contentUrl\":\"https:\/\/portaltela.pt\/s.01k8rhncp4jt1\/2026\/03\/img_920x518uu2026-02-14-23-08-54-2421700.png\",\"width\":920,\"height\":518,\"caption\":\"\u00c1lvaro Arbeloa faz antevis\u00e3o ao duelo com o Elche\"},{\"@type\":\"BreadcrumbList\",\"@id\":\"https:\/\/portaltela.pt\/noticias\/2026\/03\/13\/arbeloa-pede-ao-real-madrid-mentalidade-de-campeao\/#breadcrumb\",\"itemListElement\":[{\"@type\":\"ListItem\",\"position\":1,\"name\":\"In\u00edcio\",\"item\":\"https:\/\/portaltela.pt\/\"},{\"@type\":\"ListItem\",\"position\":2,\"name\":\"Arbeloa pede ao Real Madrid mentalidade de campe\u00e3o\"}]},{\"@type\":\"WebSite\",\"@id\":\"https:\/\/portaltela.pt\/#website\",\"url\":\"https:\/\/portaltela.pt\/\",\"name\":\"Portal Tela Portugal\",\"description\":\"\",\"potentialAction\":[{\"@type\":\"SearchAction\",\"target\":{\"@type\":\"EntryPoint\",\"urlTemplate\":\"https:\/\/portaltela.pt\/?s={search_term_string}\"},\"query-input\":{\"@type\":\"PropertyValueSpecification\",\"valueRequired\":true,\"valueName\":\"search_term_string\"}}],\"inLanguage\":\"pt-PT\"},{\"@type\":\"Person\",\"@id\":\"https:\/\/portaltela.pt\/#\/schema\/person\/c4278d4a6028830caff9ee44b42d32ed\",\"name\":\"Telinha\",\"image\":{\"@type\":\"ImageObject\",\"inLanguage\":\"pt-PT\",\"@id\":\"https:\/\/portaltela.pt\/s.01k8rhncp4jt1\/2025\/11\/talking-bot-125x125.png\",\"url\":\"https:\/\/portaltela.pt\/s.01k8rhncp4jt1\/2025\/11\/talking-bot-125x125.png\",\"contentUrl\":\"https:\/\/portaltela.pt\/s.01k8rhncp4jt1\/2025\/11\/talking-bot-125x125.png\",\"caption\":\"Telinha\"},\"sameAs\":[\"https:\/\/portaltela.pt\/\"],\"url\":\"https:\/\/portaltela.pt\/por\/367410592786\/\"}]}<\/script>\n<!-- \/ Yoast SEO plugin. -->","yoast_head_json":{"title":"Arbeloa pede ao Real Madrid mentalidade de campe\u00e3o - Portal Tela Portugal","robots":{"index":"index","follow":"follow","max-snippet":"max-snippet:-1","max-image-preview":"max-image-preview:large","max-video-preview":"max-video-preview:-1"},"og_locale":"pt_PT","og_type":"article","og_title":"Arbeloa pede ao Real Madrid mentalidade de campe\u00e3o - Portal Tela Portugal","og_description":"Real Madrid venceu o Manchester City por 3-0 na 1.\u00aa m\u00e3o dos oitavos de final da Liga dos Campe\u00f5es. Arbeloa pediu aos jogadores uma mentalidade digna de campe\u00e3o para receber o Elche, equipa de Martim Neto e Andr\u00e9 Silva. O t\u00e9cnico recordou os progn\u00f3sticos para o jogo com o City e salientou que o Real Madrid n\u00e3o deve ser subestimado. O plantel segue com v\u00e1rias baixas: Mbapp\u00e9, Bellingham, Rodrygo, \u00c9der Milit\u00e3o e Carreras (ex-Benfica). Mbapp\u00e9 n\u00e3o estar\u00e1 dispon\u00edvel, mas h\u00e1 confian\u00e7a de que ficar\u00e1 pronto para a viagem a Manchester.","og_url":"https:\/\/portaltela.pt\/noticias\/2026\/03\/13\/arbeloa-pede-ao-real-madrid-mentalidade-de-campeao\/","og_site_name":"Portal Tela Portugal","article_published_time":"2026-03-13T22:38:11+00:00","author":"Telinha","twitter_card":"summary_large_image","twitter_misc":{"Escrito por":"Telinha","Tempo estimado de leitura":"1 minuto"},"schema":{"@context":"https:\/\/schema.org","@graph":[{"@type":"Article","@id":"https:\/\/portaltela.pt\/noticias\/2026\/03\/13\/arbeloa-pede-ao-real-madrid-mentalidade-de-campeao\/#article","isPartOf":{"@id":"https:\/\/portaltela.pt\/noticias\/2026\/03\/13\/arbeloa-pede-ao-real-madrid-mentalidade-de-campeao\/"},"author":{"name":"Telinha","@id":"https:\/\/portaltela.pt\/#\/schema\/person\/c4278d4a6028830caff9ee44b42d32ed"},"headline":"Arbeloa pede ao Real Madrid mentalidade de campe\u00e3o","datePublished":"2026-03-13T22:38:11+00:00","mainEntityOfPage":{"@id":"https:\/\/portaltela.pt\/noticias\/2026\/03\/13\/arbeloa-pede-ao-real-madrid-mentalidade-de-campeao\/"},"wordCount":204,"image":{"@id":"https:\/\/portaltela.pt\/noticias\/2026\/03\/13\/arbeloa-pede-ao-real-madrid-mentalidade-de-campeao\/#primaryimage"},"thumbnailUrl":"https:\/\/portaltela.pt\/s.01k8rhncp4jt1\/2026\/03\/img_920x518uu2026-02-14-23-08-54-2421700.png","keywords":["Champions League","Elche","futebol","Manchester City","Mbapp\u00e9","Real Madrid"],"articleSection":["Desporto","Futebol"],"inLanguage":"pt-PT"},{"@type":"WebPage","@id":"https:\/\/portaltela.pt\/noticias\/2026\/03\/13\/arbeloa-pede-ao-real-madrid-mentalidade-de-campeao\/","url":"https:\/\/portaltela.pt\/noticias\/2026\/03\/13\/arbeloa-pede-ao-real-madrid-mentalidade-de-campeao\/","name":"Arbeloa pede ao Real Madrid mentalidade de campe\u00e3o - Portal Tela Portugal","isPartOf":{"@id":"https:\/\/portaltela.pt\/#website"},"primaryImageOfPage":{"@id":"https:\/\/portaltela.pt\/noticias\/2026\/03\/13\/arbeloa-pede-ao-real-madrid-mentalidade-de-campeao\/#primaryimage"},"image":{"@id":"https:\/\/portaltela.pt\/noticias\/2026\/03\/13\/arbeloa-pede-ao-real-madrid-mentalidade-de-campeao\/#primaryimage"},"thumbnailUrl":"https:\/\/portaltela.pt\/s.01k8rhncp4jt1\/2026\/03\/img_920x518uu2026-02-14-23-08-54-2421700.png","datePublished":"2026-03-13T22:38:11+00:00","author":{"@id":"https:\/\/portaltela.pt\/#\/schema\/person\/c4278d4a6028830caff9ee44b42d32ed"},"breadcrumb":{"@id":"https:\/\/portaltela.pt\/noticias\/2026\/03\/13\/arbeloa-pede-ao-real-madrid-mentalidade-de-campeao\/#breadcrumb"},"inLanguage":"pt-PT","potentialAction":[{"@type":"ReadAction","target":["https:\/\/portaltela.pt\/noticias\/2026\/03\/13\/arbeloa-pede-ao-real-madrid-mentalidade-de-campeao\/"]}]},{"@type":"ImageObject","inLanguage":"pt-PT","@id":"https:\/\/portaltela.pt\/noticias\/2026\/03\/13\/arbeloa-pede-ao-real-madrid-mentalidade-de-campeao\/#primaryimage","url":"https:\/\/portaltela.pt\/s.01k8rhncp4jt1\/2026\/03\/img_920x518uu2026-02-14-23-08-54-2421700.png","contentUrl":"https:\/\/portaltela.pt\/s.01k8rhncp4jt1\/2026\/03\/img_920x518uu2026-02-14-23-08-54-2421700.png","width":920,"height":518,"caption":"\u00c1lvaro Arbeloa faz antevis\u00e3o ao duelo com o Elche"},{"@type":"BreadcrumbList","@id":"https:\/\/portaltela.pt\/noticias\/2026\/03\/13\/arbeloa-pede-ao-real-madrid-mentalidade-de-campeao\/#breadcrumb","itemListElement":[{"@type":"ListItem","position":1,"name":"In\u00edcio","item":"https:\/\/portaltela.pt\/"},{"@type":"ListItem","position":2,"name":"Arbeloa pede ao Real Madrid mentalidade de campe\u00e3o"}]},{"@type":"WebSite","@id":"https:\/\/portaltela.pt\/#website","url":"https:\/\/portaltela.pt\/","name":"Portal Tela Portugal","description":"","potentialAction":[{"@type":"SearchAction","target":{"@type":"EntryPoint","urlTemplate":"https:\/\/portaltela.pt\/?s={search_term_string}"},"query-input":{"@type":"PropertyValueSpecification","valueRequired":true,"valueName":"search_term_string"}}],"inLanguage":"pt-PT"},{"@type":"Person","@id":"https:\/\/portaltela.pt\/#\/schema\/person\/c4278d4a6028830caff9ee44b42d32ed","name":"Telinha","image":{"@type":"ImageObject","inLanguage":"pt-PT","@id":"https:\/\/portaltela.pt\/s.01k8rhncp4jt1\/2025\/11\/talking-bot-125x125.png","url":"https:\/\/portaltela.pt\/s.01k8rhncp4jt1\/2025\/11\/talking-bot-125x125.png","contentUrl":"https:\/\/portaltela.pt\/s.01k8rhncp4jt1\/2025\/11\/talking-bot-125x125.png","caption":"Telinha"},"sameAs":["https:\/\/portaltela.pt\/"],"url":"https:\/\/portaltela.pt\/por\/367410592786\/"}]}},"_links":{"self":[{"href":"https:\/\/portaltela.pt\/api\/wp\/v2\/posts\/409507","targetHints":{"allow":["GET"]}}],"collection":[{"href":"https:\/\/portaltela.pt\/api\/wp\/v2\/posts"}],"about":[{"href":"https:\/\/portaltela.pt\/api\/wp\/v2\/types\/post"}],"author":[{"embeddable":true,"href":"https:\/\/portaltela.pt\/api\/wp\/v2\/users\/2"}],"replies":[{"embeddable":true,"href":"https:\/\/portaltela.pt\/api\/wp\/v2\/comments?post=409507"}],"version-history":[{"count":0,"href":"https:\/\/portaltela.pt\/api\/wp\/v2\/posts\/409507\/revisions"}],"wp:featuredmedia":[{"embeddable":true,"href":"https:\/\/portaltela.pt\/api\/wp\/v2\/media\/409509"}],"wp:attachment":[{"href":"https:\/\/portaltela.pt\/api\/wp\/v2\/media?parent=409507"}],"wp:term":[{"taxonomy":"category","embeddable":true,"href":"https:\/\/portaltela.pt\/api\/wp\/v2\/categories?post=409507"},{"taxonomy":"post_tag","embeddable":true,"href":"https:\/\/portaltela.pt\/api\/wp\/v2\/tags?post=409507"}],"curies":[{"name":"wp","href":"https:\/\/api.w.org\/{rel}","templated":true}]}}