{"id":409501,"date":"2026-03-13T19:31:00","date_gmt":"2026-03-13T22:31:00","guid":{"rendered":"https:\/\/portaltela.pt\/noticias\/2026\/03\/13\/benfica-reage-na-taca-com-vitoria-diante-dos-carvalhos\/"},"modified":"2026-03-13T19:31:00","modified_gmt":"2026-03-13T22:31:00","slug":"benfica-reage-na-taca-com-vitoria-diante-dos-carvalhos","status":"publish","type":"post","link":"https:\/\/portaltela.pt\/desporto\/futebol\/2026\/03\/13\/benfica-reage-na-taca-com-vitoria-diante-dos-carvalhos\/","title":{"rendered":"Benfica reage na Ta\u00e7a com vit\u00f3ria diante dos Carvalhos"},"content":{"rendered":"<p>O Benfica venceu a Associa\u00e7\u00e3o Desportiva dos Carvalhos, em Gaia, por 36-28, e garantiu o apuramento para os quartos de final da Ta\u00e7a de Portugal. O encontro ocorreu nesta sexta-feira, no contexto da elimina\u00e7\u00e3o da equipa da Liga Europeia na ter\u00e7a-feira.<\/p>\n<p>Com Pau Oliveras e Mikta Vailupau a apontarem cada um 7 golos, as \u00c1guias entraram com boa toada e chegaram ao intervalo a vencer por 18-12. No segundo tempo, mantiveram o dom\u00ednio e fecharam a vit\u00f3ria com seguran\u00e7a.<\/p>\n<p>A vit\u00f3ria permite ao Benfica discutir o t\u00edtulo da Ta\u00e7a frente ao P\u00f3voa AC, ainda sem data marcada. O clube disputa a pr\u00f3xima eliminat\u00f3ria como visitante, em data a definir.<\/p>\n<h3>Desempenho e contexto<\/h3>\n<p>O encontro destacou a enchente de tradi\u00e7\u00e3o formativa do advers\u00e1rio, que participou na Divis\u00e3o de Honra e moldou v\u00e1rios jogadores, entre eles Kiko, Martim e Ricardo Costa. A equipa de Gaia tentou pressionar, mas n\u00e3o evitou o resultado claro.<\/p>\n<h3>Sess\u00e3o seguinte do campeonato<\/h3>\n<p>De resto, o Sporting, detentor do trof\u00e9u, joga este domingo \u00e0s 19h00 frente ao Belenenses no Pavilh\u00e3o Jo\u00e3o Rocha. A equipa leonina procura manter o embalo na Ta\u00e7a \u00e0 custa de um duelo direto com um rival hist\u00f3rico.<\/p>\n","protected":false},"excerpt":{"rendered":"<ul>\n<li>O Benfica venceu por 36-28 frente aos Carvalhos, em Gaia, e garantiu o passaporte aos quartos de final da Ta\u00e7a de Portugal.<\/li>\n<li>As \u00c1guias v\u00e3o medir for\u00e7as com o P\u00f3voa AC nas pr\u00f3ximas eliminat\u00f3rias, data a designar.<\/li>\n<li>Em resposta \u00e0 elimina\u00e7\u00e3o europeia, o Benfica dominou o encontro frente a um advers\u00e1rio com vis\u00e3o de subida de divis\u00e3o.<\/li>\n<li>Pau Oliveras e Mikta Vailupau destacaram-se com sete golos cada.<\/li>\n<li>O emblema azul e branco chegou ao intervalo na frente, 18-12, e geriu a vantagem no segundo tempo.<\/li>\n<li>O Sporting, detentor do trof\u00e9u, joga este domingo \u00e0s 19h00 frente ao Belenenses no Pavilh\u00e3o Jo\u00e3o Rocha.<\/li>\n<\/ul>\n","protected":false},"author":2,"featured_media":409503,"comment_status":"closed","ping_status":"closed","sticky":false,"template":"","format":"standard","meta":{"footnotes":""},"categories":[21,24],"tags":[1946,4248,152,1761,4849,1266],"class_list":["post-409501","post","type-post","status-publish","format-standard","has-post-thumbnail","hentry","category-desporto","category-futebol","tag-benfica","tag-carvalhos","tag-desporto","tag-gaia","tag-handebol","tag-taca-de-portugal"],"yoast_head":"<!-- This site is optimized with the Yoast SEO plugin v27.2 - https:\/\/yoast.com\/product\/yoast-seo-wordpress\/ -->\n<title>Benfica reage na Ta\u00e7a com vit\u00f3ria diante dos Carvalhos - Portal Tela Portugal<\/title>\n<meta name=\"robots\" content=\"index, follow, max-snippet:-1, max-image-preview:large, max-video-preview:-1\" \/>\n<meta property=\"og:locale\" content=\"pt_PT\" \/>\n<meta property=\"og:type\" content=\"article\" \/>\n<meta property=\"og:title\" content=\"Benfica reage na Ta\u00e7a com vit\u00f3ria diante dos Carvalhos - Portal Tela Portugal\" \/>\n<meta property=\"og:description\" content=\"O Benfica venceu por 36-28 frente aos Carvalhos, em Gaia, e garantiu o passaporte aos quartos de final da Ta\u00e7a de Portugal. As \u00c1guias v\u00e3o medir for\u00e7as com o P\u00f3voa AC nas pr\u00f3ximas eliminat\u00f3rias, data a designar. Em resposta \u00e0 elimina\u00e7\u00e3o europeia, o Benfica dominou o encontro frente a um advers\u00e1rio com vis\u00e3o de subida de divis\u00e3o. Pau Oliveras e Mikta Vailupau destacaram-se com sete golos cada. O emblema azul e branco chegou ao intervalo na frente, 18-12, e geriu a vantagem no segundo tempo. O Sporting, detentor do trof\u00e9u, joga este domingo \u00e0s 19h00 frente ao Belenenses no Pavilh\u00e3o Jo\u00e3o Rocha.\" \/>\n<meta property=\"og:url\" content=\"https:\/\/portaltela.pt\/noticias\/2026\/03\/13\/benfica-reage-na-taca-com-vitoria-diante-dos-carvalhos\/\" \/>\n<meta property=\"og:site_name\" content=\"Portal Tela Portugal\" \/>\n<meta property=\"article:published_time\" content=\"2026-03-13T22:31:00+00:00\" \/>\n<meta name=\"author\" content=\"Telinha\" \/>\n<meta name=\"twitter:card\" content=\"summary_large_image\" \/>\n<meta name=\"twitter:label1\" content=\"Escrito por\" \/>\n\t<meta name=\"twitter:data1\" content=\"Telinha\" \/>\n\t<meta name=\"twitter:label2\" content=\"Tempo estimado de leitura\" \/>\n\t<meta name=\"twitter:data2\" content=\"1 minuto\" \/>\n<script type=\"application\/ld+json\" class=\"yoast-schema-graph\">{\"@context\":\"https:\/\/schema.org\",\"@graph\":[{\"@type\":\"Article\",\"@id\":\"https:\/\/portaltela.pt\/noticias\/2026\/03\/13\/benfica-reage-na-taca-com-vitoria-diante-dos-carvalhos\/#article\",\"isPartOf\":{\"@id\":\"https:\/\/portaltela.pt\/noticias\/2026\/03\/13\/benfica-reage-na-taca-com-vitoria-diante-dos-carvalhos\/\"},\"author\":{\"name\":\"Telinha\",\"@id\":\"https:\/\/portaltela.pt\/#\/schema\/person\/c4278d4a6028830caff9ee44b42d32ed\"},\"headline\":\"Benfica reage na Ta\u00e7a com vit\u00f3ria diante dos Carvalhos\",\"datePublished\":\"2026-03-13T22:31:00+00:00\",\"mainEntityOfPage\":{\"@id\":\"https:\/\/portaltela.pt\/noticias\/2026\/03\/13\/benfica-reage-na-taca-com-vitoria-diante-dos-carvalhos\/\"},\"wordCount\":226,\"image\":{\"@id\":\"https:\/\/portaltela.pt\/noticias\/2026\/03\/13\/benfica-reage-na-taca-com-vitoria-diante-dos-carvalhos\/#primaryimage\"},\"thumbnailUrl\":\"https:\/\/portaltela.pt\/s.01k8rhncp4jt1\/2026\/03\/img_920x518uu2026-03-13-22-02-59-2426783.jpg\",\"keywords\":[\"Benfica\",\"Carvalhos\",\"desporto\",\"Gaia\",\"handebol\",\"Ta\u00e7a de Portugal\"],\"articleSection\":[\"Desporto\",\"Futebol\"],\"inLanguage\":\"pt-PT\"},{\"@type\":\"WebPage\",\"@id\":\"https:\/\/portaltela.pt\/noticias\/2026\/03\/13\/benfica-reage-na-taca-com-vitoria-diante-dos-carvalhos\/\",\"url\":\"https:\/\/portaltela.pt\/noticias\/2026\/03\/13\/benfica-reage-na-taca-com-vitoria-diante-dos-carvalhos\/\",\"name\":\"Benfica reage na Ta\u00e7a com vit\u00f3ria diante dos Carvalhos - Portal Tela Portugal\",\"isPartOf\":{\"@id\":\"https:\/\/portaltela.pt\/#website\"},\"primaryImageOfPage\":{\"@id\":\"https:\/\/portaltela.pt\/noticias\/2026\/03\/13\/benfica-reage-na-taca-com-vitoria-diante-dos-carvalhos\/#primaryimage\"},\"image\":{\"@id\":\"https:\/\/portaltela.pt\/noticias\/2026\/03\/13\/benfica-reage-na-taca-com-vitoria-diante-dos-carvalhos\/#primaryimage\"},\"thumbnailUrl\":\"https:\/\/portaltela.pt\/s.01k8rhncp4jt1\/2026\/03\/img_920x518uu2026-03-13-22-02-59-2426783.jpg\",\"datePublished\":\"2026-03-13T22:31:00+00:00\",\"author\":{\"@id\":\"https:\/\/portaltela.pt\/#\/schema\/person\/c4278d4a6028830caff9ee44b42d32ed\"},\"breadcrumb\":{\"@id\":\"https:\/\/portaltela.pt\/noticias\/2026\/03\/13\/benfica-reage-na-taca-com-vitoria-diante-dos-carvalhos\/#breadcrumb\"},\"inLanguage\":\"pt-PT\",\"potentialAction\":[{\"@type\":\"ReadAction\",\"target\":[\"https:\/\/portaltela.pt\/noticias\/2026\/03\/13\/benfica-reage-na-taca-com-vitoria-diante-dos-carvalhos\/\"]}]},{\"@type\":\"ImageObject\",\"inLanguage\":\"pt-PT\",\"@id\":\"https:\/\/portaltela.pt\/noticias\/2026\/03\/13\/benfica-reage-na-taca-com-vitoria-diante-dos-carvalhos\/#primaryimage\",\"url\":\"https:\/\/portaltela.pt\/s.01k8rhncp4jt1\/2026\/03\/img_920x518uu2026-03-13-22-02-59-2426783.jpg\",\"contentUrl\":\"https:\/\/portaltela.pt\/s.01k8rhncp4jt1\/2026\/03\/img_920x518uu2026-03-13-22-02-59-2426783.jpg\",\"width\":796,\"height\":448,\"caption\":\"Alejandro Barbeito\"},{\"@type\":\"BreadcrumbList\",\"@id\":\"https:\/\/portaltela.pt\/noticias\/2026\/03\/13\/benfica-reage-na-taca-com-vitoria-diante-dos-carvalhos\/#breadcrumb\",\"itemListElement\":[{\"@type\":\"ListItem\",\"position\":1,\"name\":\"In\u00edcio\",\"item\":\"https:\/\/portaltela.pt\/\"},{\"@type\":\"ListItem\",\"position\":2,\"name\":\"Benfica reage na Ta\u00e7a com vit\u00f3ria diante dos Carvalhos\"}]},{\"@type\":\"WebSite\",\"@id\":\"https:\/\/portaltela.pt\/#website\",\"url\":\"https:\/\/portaltela.pt\/\",\"name\":\"Portal Tela Portugal\",\"description\":\"\",\"potentialAction\":[{\"@type\":\"SearchAction\",\"target\":{\"@type\":\"EntryPoint\",\"urlTemplate\":\"https:\/\/portaltela.pt\/?s={search_term_string}\"},\"query-input\":{\"@type\":\"PropertyValueSpecification\",\"valueRequired\":true,\"valueName\":\"search_term_string\"}}],\"inLanguage\":\"pt-PT\"},{\"@type\":\"Person\",\"@id\":\"https:\/\/portaltela.pt\/#\/schema\/person\/c4278d4a6028830caff9ee44b42d32ed\",\"name\":\"Telinha\",\"image\":{\"@type\":\"ImageObject\",\"inLanguage\":\"pt-PT\",\"@id\":\"https:\/\/portaltela.pt\/s.01k8rhncp4jt1\/2025\/11\/talking-bot-125x125.png\",\"url\":\"https:\/\/portaltela.pt\/s.01k8rhncp4jt1\/2025\/11\/talking-bot-125x125.png\",\"contentUrl\":\"https:\/\/portaltela.pt\/s.01k8rhncp4jt1\/2025\/11\/talking-bot-125x125.png\",\"caption\":\"Telinha\"},\"sameAs\":[\"https:\/\/portaltela.pt\/\"],\"url\":\"https:\/\/portaltela.pt\/por\/367410592786\/\"}]}<\/script>\n<!-- \/ Yoast SEO plugin. -->","yoast_head_json":{"title":"Benfica reage na Ta\u00e7a com vit\u00f3ria diante dos Carvalhos - Portal Tela Portugal","robots":{"index":"index","follow":"follow","max-snippet":"max-snippet:-1","max-image-preview":"max-image-preview:large","max-video-preview":"max-video-preview:-1"},"og_locale":"pt_PT","og_type":"article","og_title":"Benfica reage na Ta\u00e7a com vit\u00f3ria diante dos Carvalhos - Portal Tela Portugal","og_description":"O Benfica venceu por 36-28 frente aos Carvalhos, em Gaia, e garantiu o passaporte aos quartos de final da Ta\u00e7a de Portugal. As \u00c1guias v\u00e3o medir for\u00e7as com o P\u00f3voa AC nas pr\u00f3ximas eliminat\u00f3rias, data a designar. Em resposta \u00e0 elimina\u00e7\u00e3o europeia, o Benfica dominou o encontro frente a um advers\u00e1rio com vis\u00e3o de subida de divis\u00e3o. Pau Oliveras e Mikta Vailupau destacaram-se com sete golos cada. O emblema azul e branco chegou ao intervalo na frente, 18-12, e geriu a vantagem no segundo tempo. O Sporting, detentor do trof\u00e9u, joga este domingo \u00e0s 19h00 frente ao Belenenses no Pavilh\u00e3o Jo\u00e3o Rocha.","og_url":"https:\/\/portaltela.pt\/noticias\/2026\/03\/13\/benfica-reage-na-taca-com-vitoria-diante-dos-carvalhos\/","og_site_name":"Portal Tela Portugal","article_published_time":"2026-03-13T22:31:00+00:00","author":"Telinha","twitter_card":"summary_large_image","twitter_misc":{"Escrito por":"Telinha","Tempo estimado de leitura":"1 minuto"},"schema":{"@context":"https:\/\/schema.org","@graph":[{"@type":"Article","@id":"https:\/\/portaltela.pt\/noticias\/2026\/03\/13\/benfica-reage-na-taca-com-vitoria-diante-dos-carvalhos\/#article","isPartOf":{"@id":"https:\/\/portaltela.pt\/noticias\/2026\/03\/13\/benfica-reage-na-taca-com-vitoria-diante-dos-carvalhos\/"},"author":{"name":"Telinha","@id":"https:\/\/portaltela.pt\/#\/schema\/person\/c4278d4a6028830caff9ee44b42d32ed"},"headline":"Benfica reage na Ta\u00e7a com vit\u00f3ria diante dos Carvalhos","datePublished":"2026-03-13T22:31:00+00:00","mainEntityOfPage":{"@id":"https:\/\/portaltela.pt\/noticias\/2026\/03\/13\/benfica-reage-na-taca-com-vitoria-diante-dos-carvalhos\/"},"wordCount":226,"image":{"@id":"https:\/\/portaltela.pt\/noticias\/2026\/03\/13\/benfica-reage-na-taca-com-vitoria-diante-dos-carvalhos\/#primaryimage"},"thumbnailUrl":"https:\/\/portaltela.pt\/s.01k8rhncp4jt1\/2026\/03\/img_920x518uu2026-03-13-22-02-59-2426783.jpg","keywords":["Benfica","Carvalhos","desporto","Gaia","handebol","Ta\u00e7a de Portugal"],"articleSection":["Desporto","Futebol"],"inLanguage":"pt-PT"},{"@type":"WebPage","@id":"https:\/\/portaltela.pt\/noticias\/2026\/03\/13\/benfica-reage-na-taca-com-vitoria-diante-dos-carvalhos\/","url":"https:\/\/portaltela.pt\/noticias\/2026\/03\/13\/benfica-reage-na-taca-com-vitoria-diante-dos-carvalhos\/","name":"Benfica reage na Ta\u00e7a com vit\u00f3ria diante dos Carvalhos - Portal Tela Portugal","isPartOf":{"@id":"https:\/\/portaltela.pt\/#website"},"primaryImageOfPage":{"@id":"https:\/\/portaltela.pt\/noticias\/2026\/03\/13\/benfica-reage-na-taca-com-vitoria-diante-dos-carvalhos\/#primaryimage"},"image":{"@id":"https:\/\/portaltela.pt\/noticias\/2026\/03\/13\/benfica-reage-na-taca-com-vitoria-diante-dos-carvalhos\/#primaryimage"},"thumbnailUrl":"https:\/\/portaltela.pt\/s.01k8rhncp4jt1\/2026\/03\/img_920x518uu2026-03-13-22-02-59-2426783.jpg","datePublished":"2026-03-13T22:31:00+00:00","author":{"@id":"https:\/\/portaltela.pt\/#\/schema\/person\/c4278d4a6028830caff9ee44b42d32ed"},"breadcrumb":{"@id":"https:\/\/portaltela.pt\/noticias\/2026\/03\/13\/benfica-reage-na-taca-com-vitoria-diante-dos-carvalhos\/#breadcrumb"},"inLanguage":"pt-PT","potentialAction":[{"@type":"ReadAction","target":["https:\/\/portaltela.pt\/noticias\/2026\/03\/13\/benfica-reage-na-taca-com-vitoria-diante-dos-carvalhos\/"]}]},{"@type":"ImageObject","inLanguage":"pt-PT","@id":"https:\/\/portaltela.pt\/noticias\/2026\/03\/13\/benfica-reage-na-taca-com-vitoria-diante-dos-carvalhos\/#primaryimage","url":"https:\/\/portaltela.pt\/s.01k8rhncp4jt1\/2026\/03\/img_920x518uu2026-03-13-22-02-59-2426783.jpg","contentUrl":"https:\/\/portaltela.pt\/s.01k8rhncp4jt1\/2026\/03\/img_920x518uu2026-03-13-22-02-59-2426783.jpg","width":796,"height":448,"caption":"Alejandro Barbeito"},{"@type":"BreadcrumbList","@id":"https:\/\/portaltela.pt\/noticias\/2026\/03\/13\/benfica-reage-na-taca-com-vitoria-diante-dos-carvalhos\/#breadcrumb","itemListElement":[{"@type":"ListItem","position":1,"name":"In\u00edcio","item":"https:\/\/portaltela.pt\/"},{"@type":"ListItem","position":2,"name":"Benfica reage na Ta\u00e7a com vit\u00f3ria diante dos Carvalhos"}]},{"@type":"WebSite","@id":"https:\/\/portaltela.pt\/#website","url":"https:\/\/portaltela.pt\/","name":"Portal Tela Portugal","description":"","potentialAction":[{"@type":"SearchAction","target":{"@type":"EntryPoint","urlTemplate":"https:\/\/portaltela.pt\/?s={search_term_string}"},"query-input":{"@type":"PropertyValueSpecification","valueRequired":true,"valueName":"search_term_string"}}],"inLanguage":"pt-PT"},{"@type":"Person","@id":"https:\/\/portaltela.pt\/#\/schema\/person\/c4278d4a6028830caff9ee44b42d32ed","name":"Telinha","image":{"@type":"ImageObject","inLanguage":"pt-PT","@id":"https:\/\/portaltela.pt\/s.01k8rhncp4jt1\/2025\/11\/talking-bot-125x125.png","url":"https:\/\/portaltela.pt\/s.01k8rhncp4jt1\/2025\/11\/talking-bot-125x125.png","contentUrl":"https:\/\/portaltela.pt\/s.01k8rhncp4jt1\/2025\/11\/talking-bot-125x125.png","caption":"Telinha"},"sameAs":["https:\/\/portaltela.pt\/"],"url":"https:\/\/portaltela.pt\/por\/367410592786\/"}]}},"_links":{"self":[{"href":"https:\/\/portaltela.pt\/api\/wp\/v2\/posts\/409501","targetHints":{"allow":["GET"]}}],"collection":[{"href":"https:\/\/portaltela.pt\/api\/wp\/v2\/posts"}],"about":[{"href":"https:\/\/portaltela.pt\/api\/wp\/v2\/types\/post"}],"author":[{"embeddable":true,"href":"https:\/\/portaltela.pt\/api\/wp\/v2\/users\/2"}],"replies":[{"embeddable":true,"href":"https:\/\/portaltela.pt\/api\/wp\/v2\/comments?post=409501"}],"version-history":[{"count":0,"href":"https:\/\/portaltela.pt\/api\/wp\/v2\/posts\/409501\/revisions"}],"wp:featuredmedia":[{"embeddable":true,"href":"https:\/\/portaltela.pt\/api\/wp\/v2\/media\/409503"}],"wp:attachment":[{"href":"https:\/\/portaltela.pt\/api\/wp\/v2\/media?parent=409501"}],"wp:term":[{"taxonomy":"category","embeddable":true,"href":"https:\/\/portaltela.pt\/api\/wp\/v2\/categories?post=409501"},{"taxonomy":"post_tag","embeddable":true,"href":"https:\/\/portaltela.pt\/api\/wp\/v2\/tags?post=409501"}],"curies":[{"name":"wp","href":"https:\/\/api.w.org\/{rel}","templated":true}]}}