{"id":409485,"date":"2026-03-13T18:51:00","date_gmt":"2026-03-13T21:51:00","guid":{"rendered":"https:\/\/portaltela.pt\/noticias\/2026\/03\/13\/carlos-alberto-expulso-de-condominio-apos-musica-alta-e-agressoes-no-brasil\/"},"modified":"2026-03-13T18:51:00","modified_gmt":"2026-03-13T21:51:00","slug":"carlos-alberto-expulso-de-condominio-apos-musica-alta-e-agressoes-no-brasil","status":"publish","type":"post","link":"https:\/\/portaltela.pt\/noticias\/2026\/03\/13\/carlos-alberto-expulso-de-condominio-apos-musica-alta-e-agressoes-no-brasil\/","title":{"rendered":"Carlos Alberto expulso de condom\u00ednio ap\u00f3s m\u00fasica alta e agress\u00f5es no Brasil"},"content":{"rendered":"<p>Carlos Alberto, antigo jogador do FC Porto, est\u00e1 envolvido em um caso no Brasil. A expuls\u00e3o ocorreu num condom\u00ednio da Barra da Tijuca, no Rio de Janeiro, ap\u00f3s mais de 50 queixas entre 2019 e 2023, segundo o jornal O Globo.<\/p>\n<p>A senten\u00e7a aponta motivos como festas com m\u00fasica alta, gritos, amea\u00e7as, ofensas a vizinhos e danos ao condom\u00ednio. Tamb\u00e9m h\u00e1 refer\u00eancias a pr\u00e1ticas sexuais envolvendo v\u00e1rias pessoas em \u00e1reas comuns, bem como vest\u00edgios de beatas de cigarros e cacos de vidro no recinto.<\/p>\n<p>Na defesa, Carlos Alberto afirma estar a ser perseguido pelo condom\u00ednio e admite apenas os excessos relativos ao volume da m\u00fasica. O brasileiro pediu indemniza\u00e7\u00e3o por danos morais, alegando preju\u00edzo \u00e0 sua imagem com as acusa\u00e7\u00f5es.<\/p>\n<p>Carlos Alberto, que tem 41 anos, foi jogador do FC Porto entre 2003\/04, e foi referenciado como tendo representado o clube entre janeiro de 2024 e janeiro de 2025. O caso ainda decorre na Justi\u00e7a brasileira.<\/p>\n<h3>Fatos relevantes<\/h3>\n<ul>\n<li>O epis\u00f3dio envolve a\u00e7\u00f5es no condom\u00ednio na Barra da Tijuca, Rio de Janeiro.<\/li>\n<li>As queixas abrangem 2019 a 2023 e descrevem comportamentos considerados disruptivos.<\/li>\n<li>N\u00e3o houve nesta not\u00edcia indica\u00e7\u00e3o de responsabilidades criminais espec\u00edficas al\u00e9m das descri\u00e7\u00f5es das queixas.<\/li>\n<\/ul>\n","protected":false},"excerpt":{"rendered":"<ul>\n<li>Carlos Alberto, antigo m\u00e9dio do FC Porto, foi expulso do seu apartamento na Barra da Tijuca, Rio de Janeiro, ap\u00f3s mais de 50 queixas entre 2019 e 2023.<\/li>\n<li>A senten\u00e7a descreve festas com m\u00fasica alta, muitos gritos, amea\u00e7as, ofensas a vizinhos, danos no condom\u00ednio e atividades sexuais em \u00e1reas comuns envolvendo v\u00e1rias pessoas.<\/li>\n<li>Foram encontrados vest\u00edgios de beatas de cigarros e cacos de vidro junto ao condom\u00ednio.<\/li>\n<li>Na defesa, o jogador, de 41 anos, diz ser v\u00edtima de persegui\u00e7\u00e3o do condom\u00ednio e admite apenas os excessos com o volume da m\u00fasica, al\u00e9m de pedir indemniza\u00e7\u00e3o por danos morais.<\/li>\n<li>Carlos Alberto jogou pelo FC Porto entre janeiro de 2024 e janeiro de 2025, tendo conquistado, entre outros t\u00edtulos, o campeonato nacional e a Liga dos Campe\u00f5es.<\/li>\n<\/ul>\n","protected":false},"author":2,"featured_media":409487,"comment_status":"closed","ping_status":"closed","sticky":false,"template":"","format":"standard","meta":{"footnotes":""},"categories":[6815,1],"tags":[4197,2079,2547,2028,32,982],"class_list":["post-409485","post","type-post","status-publish","format-standard","has-post-thumbnail","hentry","category-justica","category-noticias","tag-acusacao-crime","tag-agressoes","tag-brasil","tag-fc-porto","tag-futebol","tag-porto"],"yoast_head":"<!-- This site is optimized with the Yoast SEO plugin v27.2 - https:\/\/yoast.com\/product\/yoast-seo-wordpress\/ -->\n<title>Carlos Alberto expulso de condom\u00ednio ap\u00f3s m\u00fasica alta e agress\u00f5es no Brasil - Portal Tela Portugal<\/title>\n<meta name=\"robots\" content=\"index, follow, max-snippet:-1, max-image-preview:large, max-video-preview:-1\" \/>\n<meta property=\"og:locale\" content=\"pt_PT\" \/>\n<meta property=\"og:type\" content=\"article\" \/>\n<meta property=\"og:title\" content=\"Carlos Alberto expulso de condom\u00ednio ap\u00f3s m\u00fasica alta e agress\u00f5es no Brasil - Portal Tela Portugal\" \/>\n<meta property=\"og:description\" content=\"Carlos Alberto, antigo m\u00e9dio do FC Porto, foi expulso do seu apartamento na Barra da Tijuca, Rio de Janeiro, ap\u00f3s mais de 50 queixas entre 2019 e 2023. A senten\u00e7a descreve festas com m\u00fasica alta, muitos gritos, amea\u00e7as, ofensas a vizinhos, danos no condom\u00ednio e atividades sexuais em \u00e1reas comuns envolvendo v\u00e1rias pessoas. Foram encontrados vest\u00edgios de beatas de cigarros e cacos de vidro junto ao condom\u00ednio. Na defesa, o jogador, de 41 anos, diz ser v\u00edtima de persegui\u00e7\u00e3o do condom\u00ednio e admite apenas os excessos com o volume da m\u00fasica, al\u00e9m de pedir indemniza\u00e7\u00e3o por danos morais. Carlos Alberto jogou pelo FC Porto entre janeiro de 2024 e janeiro de 2025, tendo conquistado, entre outros t\u00edtulos, o campeonato nacional e a Liga dos Campe\u00f5es.\" \/>\n<meta property=\"og:url\" content=\"https:\/\/portaltela.pt\/noticias\/2026\/03\/13\/carlos-alberto-expulso-de-condominio-apos-musica-alta-e-agressoes-no-brasil\/\" \/>\n<meta property=\"og:site_name\" content=\"Portal Tela Portugal\" \/>\n<meta property=\"article:published_time\" content=\"2026-03-13T21:51:00+00:00\" \/>\n<meta name=\"author\" content=\"Telinha\" \/>\n<meta name=\"twitter:card\" content=\"summary_large_image\" \/>\n<meta name=\"twitter:label1\" content=\"Escrito por\" \/>\n\t<meta name=\"twitter:data1\" content=\"Telinha\" \/>\n\t<meta name=\"twitter:label2\" content=\"Tempo estimado de leitura\" \/>\n\t<meta name=\"twitter:data2\" content=\"1 minuto\" \/>\n<script type=\"application\/ld+json\" class=\"yoast-schema-graph\">{\"@context\":\"https:\/\/schema.org\",\"@graph\":[{\"@type\":\"Article\",\"@id\":\"https:\/\/portaltela.pt\/noticias\/2026\/03\/13\/carlos-alberto-expulso-de-condominio-apos-musica-alta-e-agressoes-no-brasil\/#article\",\"isPartOf\":{\"@id\":\"https:\/\/portaltela.pt\/noticias\/2026\/03\/13\/carlos-alberto-expulso-de-condominio-apos-musica-alta-e-agressoes-no-brasil\/\"},\"author\":{\"name\":\"Telinha\",\"@id\":\"https:\/\/portaltela.pt\/#\/schema\/person\/c4278d4a6028830caff9ee44b42d32ed\"},\"headline\":\"Carlos Alberto expulso de condom\u00ednio ap\u00f3s m\u00fasica alta e agress\u00f5es no Brasil\",\"datePublished\":\"2026-03-13T21:51:00+00:00\",\"mainEntityOfPage\":{\"@id\":\"https:\/\/portaltela.pt\/noticias\/2026\/03\/13\/carlos-alberto-expulso-de-condominio-apos-musica-alta-e-agressoes-no-brasil\/\"},\"wordCount\":229,\"image\":{\"@id\":\"https:\/\/portaltela.pt\/noticias\/2026\/03\/13\/carlos-alberto-expulso-de-condominio-apos-musica-alta-e-agressoes-no-brasil\/#primaryimage\"},\"thumbnailUrl\":\"https:\/\/portaltela.pt\/s.01k8rhncp4jt1\/2026\/03\/img_920x518uu2026-03-13-21-50-01-2426781.jpg\",\"keywords\":[\"acusa\u00e7\u00e3o-crime\",\"agress\u00f5es\",\"Brasil\",\"FC Porto\",\"futebol\",\"Porto\"],\"articleSection\":[\"Justi\u00e7a\",\"Not\u00edcias\"],\"inLanguage\":\"pt-PT\"},{\"@type\":\"WebPage\",\"@id\":\"https:\/\/portaltela.pt\/noticias\/2026\/03\/13\/carlos-alberto-expulso-de-condominio-apos-musica-alta-e-agressoes-no-brasil\/\",\"url\":\"https:\/\/portaltela.pt\/noticias\/2026\/03\/13\/carlos-alberto-expulso-de-condominio-apos-musica-alta-e-agressoes-no-brasil\/\",\"name\":\"Carlos Alberto expulso de condom\u00ednio ap\u00f3s m\u00fasica alta e agress\u00f5es no Brasil - Portal Tela Portugal\",\"isPartOf\":{\"@id\":\"https:\/\/portaltela.pt\/#website\"},\"primaryImageOfPage\":{\"@id\":\"https:\/\/portaltela.pt\/noticias\/2026\/03\/13\/carlos-alberto-expulso-de-condominio-apos-musica-alta-e-agressoes-no-brasil\/#primaryimage\"},\"image\":{\"@id\":\"https:\/\/portaltela.pt\/noticias\/2026\/03\/13\/carlos-alberto-expulso-de-condominio-apos-musica-alta-e-agressoes-no-brasil\/#primaryimage\"},\"thumbnailUrl\":\"https:\/\/portaltela.pt\/s.01k8rhncp4jt1\/2026\/03\/img_920x518uu2026-03-13-21-50-01-2426781.jpg\",\"datePublished\":\"2026-03-13T21:51:00+00:00\",\"author\":{\"@id\":\"https:\/\/portaltela.pt\/#\/schema\/person\/c4278d4a6028830caff9ee44b42d32ed\"},\"breadcrumb\":{\"@id\":\"https:\/\/portaltela.pt\/noticias\/2026\/03\/13\/carlos-alberto-expulso-de-condominio-apos-musica-alta-e-agressoes-no-brasil\/#breadcrumb\"},\"inLanguage\":\"pt-PT\",\"potentialAction\":[{\"@type\":\"ReadAction\",\"target\":[\"https:\/\/portaltela.pt\/noticias\/2026\/03\/13\/carlos-alberto-expulso-de-condominio-apos-musica-alta-e-agressoes-no-brasil\/\"]}]},{\"@type\":\"ImageObject\",\"inLanguage\":\"pt-PT\",\"@id\":\"https:\/\/portaltela.pt\/noticias\/2026\/03\/13\/carlos-alberto-expulso-de-condominio-apos-musica-alta-e-agressoes-no-brasil\/#primaryimage\",\"url\":\"https:\/\/portaltela.pt\/s.01k8rhncp4jt1\/2026\/03\/img_920x518uu2026-03-13-21-50-01-2426781.jpg\",\"contentUrl\":\"https:\/\/portaltela.pt\/s.01k8rhncp4jt1\/2026\/03\/img_920x518uu2026-03-13-21-50-01-2426781.jpg\",\"width\":796,\"height\":448,\"caption\":\"Carlos Alberto expulso de condom\u00ednio no Brasil\"},{\"@type\":\"BreadcrumbList\",\"@id\":\"https:\/\/portaltela.pt\/noticias\/2026\/03\/13\/carlos-alberto-expulso-de-condominio-apos-musica-alta-e-agressoes-no-brasil\/#breadcrumb\",\"itemListElement\":[{\"@type\":\"ListItem\",\"position\":1,\"name\":\"In\u00edcio\",\"item\":\"https:\/\/portaltela.pt\/\"},{\"@type\":\"ListItem\",\"position\":2,\"name\":\"Carlos Alberto expulso de condom\u00ednio ap\u00f3s m\u00fasica alta e agress\u00f5es no Brasil\"}]},{\"@type\":\"WebSite\",\"@id\":\"https:\/\/portaltela.pt\/#website\",\"url\":\"https:\/\/portaltela.pt\/\",\"name\":\"Portal Tela Portugal\",\"description\":\"\",\"potentialAction\":[{\"@type\":\"SearchAction\",\"target\":{\"@type\":\"EntryPoint\",\"urlTemplate\":\"https:\/\/portaltela.pt\/?s={search_term_string}\"},\"query-input\":{\"@type\":\"PropertyValueSpecification\",\"valueRequired\":true,\"valueName\":\"search_term_string\"}}],\"inLanguage\":\"pt-PT\"},{\"@type\":\"Person\",\"@id\":\"https:\/\/portaltela.pt\/#\/schema\/person\/c4278d4a6028830caff9ee44b42d32ed\",\"name\":\"Telinha\",\"image\":{\"@type\":\"ImageObject\",\"inLanguage\":\"pt-PT\",\"@id\":\"https:\/\/portaltela.pt\/s.01k8rhncp4jt1\/2025\/11\/talking-bot-125x125.png\",\"url\":\"https:\/\/portaltela.pt\/s.01k8rhncp4jt1\/2025\/11\/talking-bot-125x125.png\",\"contentUrl\":\"https:\/\/portaltela.pt\/s.01k8rhncp4jt1\/2025\/11\/talking-bot-125x125.png\",\"caption\":\"Telinha\"},\"sameAs\":[\"https:\/\/portaltela.pt\/\"],\"url\":\"https:\/\/portaltela.pt\/por\/367410592786\/\"}]}<\/script>\n<!-- \/ Yoast SEO plugin. -->","yoast_head_json":{"title":"Carlos Alberto expulso de condom\u00ednio ap\u00f3s m\u00fasica alta e agress\u00f5es no Brasil - Portal Tela Portugal","robots":{"index":"index","follow":"follow","max-snippet":"max-snippet:-1","max-image-preview":"max-image-preview:large","max-video-preview":"max-video-preview:-1"},"og_locale":"pt_PT","og_type":"article","og_title":"Carlos Alberto expulso de condom\u00ednio ap\u00f3s m\u00fasica alta e agress\u00f5es no Brasil - Portal Tela Portugal","og_description":"Carlos Alberto, antigo m\u00e9dio do FC Porto, foi expulso do seu apartamento na Barra da Tijuca, Rio de Janeiro, ap\u00f3s mais de 50 queixas entre 2019 e 2023. A senten\u00e7a descreve festas com m\u00fasica alta, muitos gritos, amea\u00e7as, ofensas a vizinhos, danos no condom\u00ednio e atividades sexuais em \u00e1reas comuns envolvendo v\u00e1rias pessoas. Foram encontrados vest\u00edgios de beatas de cigarros e cacos de vidro junto ao condom\u00ednio. Na defesa, o jogador, de 41 anos, diz ser v\u00edtima de persegui\u00e7\u00e3o do condom\u00ednio e admite apenas os excessos com o volume da m\u00fasica, al\u00e9m de pedir indemniza\u00e7\u00e3o por danos morais. Carlos Alberto jogou pelo FC Porto entre janeiro de 2024 e janeiro de 2025, tendo conquistado, entre outros t\u00edtulos, o campeonato nacional e a Liga dos Campe\u00f5es.","og_url":"https:\/\/portaltela.pt\/noticias\/2026\/03\/13\/carlos-alberto-expulso-de-condominio-apos-musica-alta-e-agressoes-no-brasil\/","og_site_name":"Portal Tela Portugal","article_published_time":"2026-03-13T21:51:00+00:00","author":"Telinha","twitter_card":"summary_large_image","twitter_misc":{"Escrito por":"Telinha","Tempo estimado de leitura":"1 minuto"},"schema":{"@context":"https:\/\/schema.org","@graph":[{"@type":"Article","@id":"https:\/\/portaltela.pt\/noticias\/2026\/03\/13\/carlos-alberto-expulso-de-condominio-apos-musica-alta-e-agressoes-no-brasil\/#article","isPartOf":{"@id":"https:\/\/portaltela.pt\/noticias\/2026\/03\/13\/carlos-alberto-expulso-de-condominio-apos-musica-alta-e-agressoes-no-brasil\/"},"author":{"name":"Telinha","@id":"https:\/\/portaltela.pt\/#\/schema\/person\/c4278d4a6028830caff9ee44b42d32ed"},"headline":"Carlos Alberto expulso de condom\u00ednio ap\u00f3s m\u00fasica alta e agress\u00f5es no Brasil","datePublished":"2026-03-13T21:51:00+00:00","mainEntityOfPage":{"@id":"https:\/\/portaltela.pt\/noticias\/2026\/03\/13\/carlos-alberto-expulso-de-condominio-apos-musica-alta-e-agressoes-no-brasil\/"},"wordCount":229,"image":{"@id":"https:\/\/portaltela.pt\/noticias\/2026\/03\/13\/carlos-alberto-expulso-de-condominio-apos-musica-alta-e-agressoes-no-brasil\/#primaryimage"},"thumbnailUrl":"https:\/\/portaltela.pt\/s.01k8rhncp4jt1\/2026\/03\/img_920x518uu2026-03-13-21-50-01-2426781.jpg","keywords":["acusa\u00e7\u00e3o-crime","agress\u00f5es","Brasil","FC Porto","futebol","Porto"],"articleSection":["Justi\u00e7a","Not\u00edcias"],"inLanguage":"pt-PT"},{"@type":"WebPage","@id":"https:\/\/portaltela.pt\/noticias\/2026\/03\/13\/carlos-alberto-expulso-de-condominio-apos-musica-alta-e-agressoes-no-brasil\/","url":"https:\/\/portaltela.pt\/noticias\/2026\/03\/13\/carlos-alberto-expulso-de-condominio-apos-musica-alta-e-agressoes-no-brasil\/","name":"Carlos Alberto expulso de condom\u00ednio ap\u00f3s m\u00fasica alta e agress\u00f5es no Brasil - Portal Tela Portugal","isPartOf":{"@id":"https:\/\/portaltela.pt\/#website"},"primaryImageOfPage":{"@id":"https:\/\/portaltela.pt\/noticias\/2026\/03\/13\/carlos-alberto-expulso-de-condominio-apos-musica-alta-e-agressoes-no-brasil\/#primaryimage"},"image":{"@id":"https:\/\/portaltela.pt\/noticias\/2026\/03\/13\/carlos-alberto-expulso-de-condominio-apos-musica-alta-e-agressoes-no-brasil\/#primaryimage"},"thumbnailUrl":"https:\/\/portaltela.pt\/s.01k8rhncp4jt1\/2026\/03\/img_920x518uu2026-03-13-21-50-01-2426781.jpg","datePublished":"2026-03-13T21:51:00+00:00","author":{"@id":"https:\/\/portaltela.pt\/#\/schema\/person\/c4278d4a6028830caff9ee44b42d32ed"},"breadcrumb":{"@id":"https:\/\/portaltela.pt\/noticias\/2026\/03\/13\/carlos-alberto-expulso-de-condominio-apos-musica-alta-e-agressoes-no-brasil\/#breadcrumb"},"inLanguage":"pt-PT","potentialAction":[{"@type":"ReadAction","target":["https:\/\/portaltela.pt\/noticias\/2026\/03\/13\/carlos-alberto-expulso-de-condominio-apos-musica-alta-e-agressoes-no-brasil\/"]}]},{"@type":"ImageObject","inLanguage":"pt-PT","@id":"https:\/\/portaltela.pt\/noticias\/2026\/03\/13\/carlos-alberto-expulso-de-condominio-apos-musica-alta-e-agressoes-no-brasil\/#primaryimage","url":"https:\/\/portaltela.pt\/s.01k8rhncp4jt1\/2026\/03\/img_920x518uu2026-03-13-21-50-01-2426781.jpg","contentUrl":"https:\/\/portaltela.pt\/s.01k8rhncp4jt1\/2026\/03\/img_920x518uu2026-03-13-21-50-01-2426781.jpg","width":796,"height":448,"caption":"Carlos Alberto expulso de condom\u00ednio no Brasil"},{"@type":"BreadcrumbList","@id":"https:\/\/portaltela.pt\/noticias\/2026\/03\/13\/carlos-alberto-expulso-de-condominio-apos-musica-alta-e-agressoes-no-brasil\/#breadcrumb","itemListElement":[{"@type":"ListItem","position":1,"name":"In\u00edcio","item":"https:\/\/portaltela.pt\/"},{"@type":"ListItem","position":2,"name":"Carlos Alberto expulso de condom\u00ednio ap\u00f3s m\u00fasica alta e agress\u00f5es no Brasil"}]},{"@type":"WebSite","@id":"https:\/\/portaltela.pt\/#website","url":"https:\/\/portaltela.pt\/","name":"Portal Tela Portugal","description":"","potentialAction":[{"@type":"SearchAction","target":{"@type":"EntryPoint","urlTemplate":"https:\/\/portaltela.pt\/?s={search_term_string}"},"query-input":{"@type":"PropertyValueSpecification","valueRequired":true,"valueName":"search_term_string"}}],"inLanguage":"pt-PT"},{"@type":"Person","@id":"https:\/\/portaltela.pt\/#\/schema\/person\/c4278d4a6028830caff9ee44b42d32ed","name":"Telinha","image":{"@type":"ImageObject","inLanguage":"pt-PT","@id":"https:\/\/portaltela.pt\/s.01k8rhncp4jt1\/2025\/11\/talking-bot-125x125.png","url":"https:\/\/portaltela.pt\/s.01k8rhncp4jt1\/2025\/11\/talking-bot-125x125.png","contentUrl":"https:\/\/portaltela.pt\/s.01k8rhncp4jt1\/2025\/11\/talking-bot-125x125.png","caption":"Telinha"},"sameAs":["https:\/\/portaltela.pt\/"],"url":"https:\/\/portaltela.pt\/por\/367410592786\/"}]}},"_links":{"self":[{"href":"https:\/\/portaltela.pt\/api\/wp\/v2\/posts\/409485","targetHints":{"allow":["GET"]}}],"collection":[{"href":"https:\/\/portaltela.pt\/api\/wp\/v2\/posts"}],"about":[{"href":"https:\/\/portaltela.pt\/api\/wp\/v2\/types\/post"}],"author":[{"embeddable":true,"href":"https:\/\/portaltela.pt\/api\/wp\/v2\/users\/2"}],"replies":[{"embeddable":true,"href":"https:\/\/portaltela.pt\/api\/wp\/v2\/comments?post=409485"}],"version-history":[{"count":0,"href":"https:\/\/portaltela.pt\/api\/wp\/v2\/posts\/409485\/revisions"}],"wp:featuredmedia":[{"embeddable":true,"href":"https:\/\/portaltela.pt\/api\/wp\/v2\/media\/409487"}],"wp:attachment":[{"href":"https:\/\/portaltela.pt\/api\/wp\/v2\/media?parent=409485"}],"wp:term":[{"taxonomy":"category","embeddable":true,"href":"https:\/\/portaltela.pt\/api\/wp\/v2\/categories?post=409485"},{"taxonomy":"post_tag","embeddable":true,"href":"https:\/\/portaltela.pt\/api\/wp\/v2\/tags?post=409485"}],"curies":[{"name":"wp","href":"https:\/\/api.w.org\/{rel}","templated":true}]}}