{"id":409468,"date":"2026-03-13T18:26:18","date_gmt":"2026-03-13T21:26:18","guid":{"rendered":"https:\/\/portaltela.pt\/noticias\/2026\/03\/13\/especialistas-denunciam-falta-de-manutencao-da-obra-hidraulica-do-baixo-mondego\/"},"modified":"2026-03-13T18:26:18","modified_gmt":"2026-03-13T21:26:18","slug":"especialistas-denunciam-falta-de-manutencao-da-obra-hidraulica-do-baixo-mondego","status":"publish","type":"post","link":"https:\/\/portaltela.pt\/noticias\/2026\/03\/13\/especialistas-denunciam-falta-de-manutencao-da-obra-hidraulica-do-baixo-mondego\/","title":{"rendered":"Especialistas denunciam falta de manuten\u00e7\u00e3o da obra hidr\u00e1ulica do Baixo Mondego"},"content":{"rendered":"<p>V\u00e1rios especialistas em hidr\u00e1ulica denunciaram, em Coimbra, a falta de manuten\u00e7\u00e3o da obra hidr\u00e1ulica do Baixo Mondego. Carlos Matias Ramos, antigo presidente do LNEC, qualificou a obra como abandonada durante a sess\u00e3o p\u00fablica realizada junto ao dique do viaduto da A1, que ruiu em fevereiro.<\/p>\n<p>O debate destacou a necessidade de observa\u00e7\u00e3o cont\u00ednua e de manuten\u00e7\u00e3o, especialmente em diques de terra que assentam com o tempo. Ramos explicou que toda obra de engenharia exige projeto, monitoriza\u00e7\u00e3o e manuten\u00e7\u00e3o para evitar deteriora\u00e7\u00e3o.<\/p>\n<p>Fernando Seabra Santos, antigo reitor da Universidade de Coimbra, apontou tr\u00eas fatores para o ru\u00eddo do dique: desmata\u00e7\u00e3o sem manuten\u00e7\u00e3o, vegeta\u00e7\u00e3o e detritos que acentuam a instabilidade; a falha do dique sif\u00e3o a montante; e a menor largura \u00fatil do leito causada por res\u00edduos nas pontes. O acad\u00e9mico sugeriu dragagens peri\u00f3dicas.<\/p>\n<h3>Estado da obra e caminhos para a gest\u00e3o<\/h3>\n<p>Ant\u00f3nio Carmona Rodrigues, presidente do conselho de administra\u00e7\u00e3o da \u00c1guas de Portugal, pediu um modelo de gest\u00e3o que garanta a sustentabilidade da estrutura e a conclus\u00e3o do que ainda falta no projeto. A dirigentes da APA reconheceram um ano particularmente complexo de precipita\u00e7\u00e3o em Coimbra.<\/p>\n<p>A presidente da C\u00e2mara de Coimbra, Ana Abrunhosa, reiterou a necessidade de repor e completar a obra, destacando a import\u00e2ncia de manuten\u00e7\u00e3o cont\u00ednua com a participa\u00e7\u00e3o de APA, autarquia e agricultores. A ideia \u00e9 que a obra seja reaberta e funcional o mais breve poss\u00edvel.<\/p>\n","protected":false},"excerpt":{"rendered":"<ul>\n<li>Especialistas em hidr\u00e1ulica denunciaram falta de manuten\u00e7\u00e3o da obra do Baixo Mondego, em Coimbra; Carlos Matias Ramos, antigo presidente do LNEC, considera a obra abandonada.<\/li>\n<li>Ramos disse que a obra precisa de observa\u00e7\u00e3o cont\u00ednua e de manuten\u00e7\u00e3o, especialmente por envolver diques de terra que necessitam de cuidado ao longo do tempo.<\/li>\n<li>Fernando Seabra Santos, antigo reitor da Universidade de Coimbra, apontou tr\u00eas motivos para o ru\u00eddo do dique: desmata\u00e7\u00e3o com vegeta\u00e7\u00e3o, falha do dique sif\u00e3o montante e detritos que reduzem a largura \u00fatil do leito.<\/li>\n<li>Seabra Santos sugeriu dragagens no leito a montante da Ponte A\u00e7ude a cada tr\u00eas anos, para remover cerca de 30 mil metros c\u00fabicos de areia.<\/li>\n<li>Ant\u00f3nio Carmona Rodrigues, presidente do conselho de administra\u00e7\u00e3o da \u00c1guas de Portugal, pediu um modelo de gest\u00e3o sustent\u00e1vel e a conclus\u00e3o do projeto; a presidente da C\u00e2mara de Coimbra, Ana Abrunhosa, destacou que a obra deve ser reposta e conclu\u00edda com participa\u00e7\u00e3o de APA, autarquia e agricultores.<\/li>\n<\/ul>\n","protected":false},"author":2,"featured_media":409471,"comment_status":"closed","ping_status":"closed","sticky":false,"template":"","format":"standard","meta":{"footnotes":""},"categories":[6725,1],"tags":[1090,7131,4085,1070,6831,45],"class_list":["post-409468","post","type-post","status-publish","format-standard","has-post-thumbnail","hentry","category-meio-ambiente","category-noticias","tag-agua","tag-aguas-de-portugal","tag-apa","tag-coimbra","tag-dragagens","tag-meio-ambiente"],"yoast_head":"<!-- This site is optimized with the Yoast SEO plugin v27.2 - https:\/\/yoast.com\/product\/yoast-seo-wordpress\/ -->\n<title>Especialistas denunciam falta de manuten\u00e7\u00e3o da obra hidr\u00e1ulica do Baixo Mondego - Portal Tela Portugal<\/title>\n<meta name=\"robots\" content=\"index, follow, max-snippet:-1, max-image-preview:large, max-video-preview:-1\" \/>\n<meta property=\"og:locale\" content=\"pt_PT\" \/>\n<meta property=\"og:type\" content=\"article\" \/>\n<meta property=\"og:title\" content=\"Especialistas denunciam falta de manuten\u00e7\u00e3o da obra hidr\u00e1ulica do Baixo Mondego - Portal Tela Portugal\" \/>\n<meta property=\"og:description\" content=\"Especialistas em hidr\u00e1ulica denunciaram falta de manuten\u00e7\u00e3o da obra do Baixo Mondego, em Coimbra; Carlos Matias Ramos, antigo presidente do LNEC, considera a obra abandonada. Ramos disse que a obra precisa de observa\u00e7\u00e3o cont\u00ednua e de manuten\u00e7\u00e3o, especialmente por envolver diques de terra que necessitam de cuidado ao longo do tempo. Fernando Seabra Santos, antigo reitor da Universidade de Coimbra, apontou tr\u00eas motivos para o ru\u00eddo do dique: desmata\u00e7\u00e3o com vegeta\u00e7\u00e3o, falha do dique sif\u00e3o montante e detritos que reduzem a largura \u00fatil do leito. Seabra Santos sugeriu dragagens no leito a montante da Ponte A\u00e7ude a cada tr\u00eas anos, para remover cerca de 30 mil metros c\u00fabicos de areia. Ant\u00f3nio Carmona Rodrigues, presidente do conselho de administra\u00e7\u00e3o da \u00c1guas de Portugal, pediu um modelo de gest\u00e3o sustent\u00e1vel e a conclus\u00e3o do projeto; a presidente da C\u00e2mara de Coimbra, Ana Abrunhosa, destacou que a obra deve ser reposta e conclu\u00edda com participa\u00e7\u00e3o de APA, autarquia e agricultores.\" \/>\n<meta property=\"og:url\" content=\"https:\/\/portaltela.pt\/noticias\/2026\/03\/13\/especialistas-denunciam-falta-de-manutencao-da-obra-hidraulica-do-baixo-mondego\/\" \/>\n<meta property=\"og:site_name\" content=\"Portal Tela Portugal\" \/>\n<meta property=\"article:published_time\" content=\"2026-03-13T21:26:18+00:00\" \/>\n<meta name=\"author\" content=\"Telinha\" \/>\n<meta name=\"twitter:card\" content=\"summary_large_image\" \/>\n<meta name=\"twitter:label1\" content=\"Escrito por\" \/>\n\t<meta name=\"twitter:data1\" content=\"Telinha\" \/>\n\t<meta name=\"twitter:label2\" content=\"Tempo estimado de leitura\" \/>\n\t<meta name=\"twitter:data2\" content=\"1 minuto\" \/>\n<script type=\"application\/ld+json\" class=\"yoast-schema-graph\">{\"@context\":\"https:\/\/schema.org\",\"@graph\":[{\"@type\":\"Article\",\"@id\":\"https:\/\/portaltela.pt\/noticias\/2026\/03\/13\/especialistas-denunciam-falta-de-manutencao-da-obra-hidraulica-do-baixo-mondego\/#article\",\"isPartOf\":{\"@id\":\"https:\/\/portaltela.pt\/noticias\/2026\/03\/13\/especialistas-denunciam-falta-de-manutencao-da-obra-hidraulica-do-baixo-mondego\/\"},\"author\":{\"name\":\"Telinha\",\"@id\":\"https:\/\/portaltela.pt\/#\/schema\/person\/c4278d4a6028830caff9ee44b42d32ed\"},\"headline\":\"Especialistas denunciam falta de manuten\u00e7\u00e3o da obra hidr\u00e1ulica do Baixo Mondego\",\"datePublished\":\"2026-03-13T21:26:18+00:00\",\"mainEntityOfPage\":{\"@id\":\"https:\/\/portaltela.pt\/noticias\/2026\/03\/13\/especialistas-denunciam-falta-de-manutencao-da-obra-hidraulica-do-baixo-mondego\/\"},\"wordCount\":275,\"image\":{\"@id\":\"https:\/\/portaltela.pt\/noticias\/2026\/03\/13\/especialistas-denunciam-falta-de-manutencao-da-obra-hidraulica-do-baixo-mondego\/#primaryimage\"},\"thumbnailUrl\":\"https:\/\/portaltela.pt\/s.01k8rhncp4jt1\/2026\/03\/img_1500x1000uu2026-02-03-15-45-00-2264465.jpg\",\"keywords\":[\"\u00e1gua\",\"\u00c1guas de Portugal\",\"APA\",\"Coimbra\",\"dragagens\",\"meio-ambiente\"],\"articleSection\":[\"Meio Ambiente\",\"Not\u00edcias\"],\"inLanguage\":\"pt-PT\"},{\"@type\":\"WebPage\",\"@id\":\"https:\/\/portaltela.pt\/noticias\/2026\/03\/13\/especialistas-denunciam-falta-de-manutencao-da-obra-hidraulica-do-baixo-mondego\/\",\"url\":\"https:\/\/portaltela.pt\/noticias\/2026\/03\/13\/especialistas-denunciam-falta-de-manutencao-da-obra-hidraulica-do-baixo-mondego\/\",\"name\":\"Especialistas denunciam falta de manuten\u00e7\u00e3o da obra hidr\u00e1ulica do Baixo Mondego - Portal Tela Portugal\",\"isPartOf\":{\"@id\":\"https:\/\/portaltela.pt\/#website\"},\"primaryImageOfPage\":{\"@id\":\"https:\/\/portaltela.pt\/noticias\/2026\/03\/13\/especialistas-denunciam-falta-de-manutencao-da-obra-hidraulica-do-baixo-mondego\/#primaryimage\"},\"image\":{\"@id\":\"https:\/\/portaltela.pt\/noticias\/2026\/03\/13\/especialistas-denunciam-falta-de-manutencao-da-obra-hidraulica-do-baixo-mondego\/#primaryimage\"},\"thumbnailUrl\":\"https:\/\/portaltela.pt\/s.01k8rhncp4jt1\/2026\/03\/img_1500x1000uu2026-02-03-15-45-00-2264465.jpg\",\"datePublished\":\"2026-03-13T21:26:18+00:00\",\"author\":{\"@id\":\"https:\/\/portaltela.pt\/#\/schema\/person\/c4278d4a6028830caff9ee44b42d32ed\"},\"breadcrumb\":{\"@id\":\"https:\/\/portaltela.pt\/noticias\/2026\/03\/13\/especialistas-denunciam-falta-de-manutencao-da-obra-hidraulica-do-baixo-mondego\/#breadcrumb\"},\"inLanguage\":\"pt-PT\",\"potentialAction\":[{\"@type\":\"ReadAction\",\"target\":[\"https:\/\/portaltela.pt\/noticias\/2026\/03\/13\/especialistas-denunciam-falta-de-manutencao-da-obra-hidraulica-do-baixo-mondego\/\"]}]},{\"@type\":\"ImageObject\",\"inLanguage\":\"pt-PT\",\"@id\":\"https:\/\/portaltela.pt\/noticias\/2026\/03\/13\/especialistas-denunciam-falta-de-manutencao-da-obra-hidraulica-do-baixo-mondego\/#primaryimage\",\"url\":\"https:\/\/portaltela.pt\/s.01k8rhncp4jt1\/2026\/03\/img_1500x1000uu2026-02-03-15-45-00-2264465.jpg\",\"contentUrl\":\"https:\/\/portaltela.pt\/s.01k8rhncp4jt1\/2026\/03\/img_1500x1000uu2026-02-03-15-45-00-2264465.jpg\",\"width\":796,\"height\":448,\"caption\":\"Acessos cortados devido \u00e0s cheias no Baixo Mondego\"},{\"@type\":\"BreadcrumbList\",\"@id\":\"https:\/\/portaltela.pt\/noticias\/2026\/03\/13\/especialistas-denunciam-falta-de-manutencao-da-obra-hidraulica-do-baixo-mondego\/#breadcrumb\",\"itemListElement\":[{\"@type\":\"ListItem\",\"position\":1,\"name\":\"In\u00edcio\",\"item\":\"https:\/\/portaltela.pt\/\"},{\"@type\":\"ListItem\",\"position\":2,\"name\":\"Especialistas denunciam falta de manuten\u00e7\u00e3o da obra hidr\u00e1ulica do Baixo Mondego\"}]},{\"@type\":\"WebSite\",\"@id\":\"https:\/\/portaltela.pt\/#website\",\"url\":\"https:\/\/portaltela.pt\/\",\"name\":\"Portal Tela Portugal\",\"description\":\"\",\"potentialAction\":[{\"@type\":\"SearchAction\",\"target\":{\"@type\":\"EntryPoint\",\"urlTemplate\":\"https:\/\/portaltela.pt\/?s={search_term_string}\"},\"query-input\":{\"@type\":\"PropertyValueSpecification\",\"valueRequired\":true,\"valueName\":\"search_term_string\"}}],\"inLanguage\":\"pt-PT\"},{\"@type\":\"Person\",\"@id\":\"https:\/\/portaltela.pt\/#\/schema\/person\/c4278d4a6028830caff9ee44b42d32ed\",\"name\":\"Telinha\",\"image\":{\"@type\":\"ImageObject\",\"inLanguage\":\"pt-PT\",\"@id\":\"https:\/\/portaltela.pt\/s.01k8rhncp4jt1\/2025\/11\/talking-bot-125x125.png\",\"url\":\"https:\/\/portaltela.pt\/s.01k8rhncp4jt1\/2025\/11\/talking-bot-125x125.png\",\"contentUrl\":\"https:\/\/portaltela.pt\/s.01k8rhncp4jt1\/2025\/11\/talking-bot-125x125.png\",\"caption\":\"Telinha\"},\"sameAs\":[\"https:\/\/portaltela.pt\/\"],\"url\":\"https:\/\/portaltela.pt\/por\/367410592786\/\"}]}<\/script>\n<!-- \/ Yoast SEO plugin. -->","yoast_head_json":{"title":"Especialistas denunciam falta de manuten\u00e7\u00e3o da obra hidr\u00e1ulica do Baixo Mondego - Portal Tela Portugal","robots":{"index":"index","follow":"follow","max-snippet":"max-snippet:-1","max-image-preview":"max-image-preview:large","max-video-preview":"max-video-preview:-1"},"og_locale":"pt_PT","og_type":"article","og_title":"Especialistas denunciam falta de manuten\u00e7\u00e3o da obra hidr\u00e1ulica do Baixo Mondego - Portal Tela Portugal","og_description":"Especialistas em hidr\u00e1ulica denunciaram falta de manuten\u00e7\u00e3o da obra do Baixo Mondego, em Coimbra; Carlos Matias Ramos, antigo presidente do LNEC, considera a obra abandonada. Ramos disse que a obra precisa de observa\u00e7\u00e3o cont\u00ednua e de manuten\u00e7\u00e3o, especialmente por envolver diques de terra que necessitam de cuidado ao longo do tempo. Fernando Seabra Santos, antigo reitor da Universidade de Coimbra, apontou tr\u00eas motivos para o ru\u00eddo do dique: desmata\u00e7\u00e3o com vegeta\u00e7\u00e3o, falha do dique sif\u00e3o montante e detritos que reduzem a largura \u00fatil do leito. Seabra Santos sugeriu dragagens no leito a montante da Ponte A\u00e7ude a cada tr\u00eas anos, para remover cerca de 30 mil metros c\u00fabicos de areia. Ant\u00f3nio Carmona Rodrigues, presidente do conselho de administra\u00e7\u00e3o da \u00c1guas de Portugal, pediu um modelo de gest\u00e3o sustent\u00e1vel e a conclus\u00e3o do projeto; a presidente da C\u00e2mara de Coimbra, Ana Abrunhosa, destacou que a obra deve ser reposta e conclu\u00edda com participa\u00e7\u00e3o de APA, autarquia e agricultores.","og_url":"https:\/\/portaltela.pt\/noticias\/2026\/03\/13\/especialistas-denunciam-falta-de-manutencao-da-obra-hidraulica-do-baixo-mondego\/","og_site_name":"Portal Tela Portugal","article_published_time":"2026-03-13T21:26:18+00:00","author":"Telinha","twitter_card":"summary_large_image","twitter_misc":{"Escrito por":"Telinha","Tempo estimado de leitura":"1 minuto"},"schema":{"@context":"https:\/\/schema.org","@graph":[{"@type":"Article","@id":"https:\/\/portaltela.pt\/noticias\/2026\/03\/13\/especialistas-denunciam-falta-de-manutencao-da-obra-hidraulica-do-baixo-mondego\/#article","isPartOf":{"@id":"https:\/\/portaltela.pt\/noticias\/2026\/03\/13\/especialistas-denunciam-falta-de-manutencao-da-obra-hidraulica-do-baixo-mondego\/"},"author":{"name":"Telinha","@id":"https:\/\/portaltela.pt\/#\/schema\/person\/c4278d4a6028830caff9ee44b42d32ed"},"headline":"Especialistas denunciam falta de manuten\u00e7\u00e3o da obra hidr\u00e1ulica do Baixo Mondego","datePublished":"2026-03-13T21:26:18+00:00","mainEntityOfPage":{"@id":"https:\/\/portaltela.pt\/noticias\/2026\/03\/13\/especialistas-denunciam-falta-de-manutencao-da-obra-hidraulica-do-baixo-mondego\/"},"wordCount":275,"image":{"@id":"https:\/\/portaltela.pt\/noticias\/2026\/03\/13\/especialistas-denunciam-falta-de-manutencao-da-obra-hidraulica-do-baixo-mondego\/#primaryimage"},"thumbnailUrl":"https:\/\/portaltela.pt\/s.01k8rhncp4jt1\/2026\/03\/img_1500x1000uu2026-02-03-15-45-00-2264465.jpg","keywords":["\u00e1gua","\u00c1guas de Portugal","APA","Coimbra","dragagens","meio-ambiente"],"articleSection":["Meio Ambiente","Not\u00edcias"],"inLanguage":"pt-PT"},{"@type":"WebPage","@id":"https:\/\/portaltela.pt\/noticias\/2026\/03\/13\/especialistas-denunciam-falta-de-manutencao-da-obra-hidraulica-do-baixo-mondego\/","url":"https:\/\/portaltela.pt\/noticias\/2026\/03\/13\/especialistas-denunciam-falta-de-manutencao-da-obra-hidraulica-do-baixo-mondego\/","name":"Especialistas denunciam falta de manuten\u00e7\u00e3o da obra hidr\u00e1ulica do Baixo Mondego - Portal Tela Portugal","isPartOf":{"@id":"https:\/\/portaltela.pt\/#website"},"primaryImageOfPage":{"@id":"https:\/\/portaltela.pt\/noticias\/2026\/03\/13\/especialistas-denunciam-falta-de-manutencao-da-obra-hidraulica-do-baixo-mondego\/#primaryimage"},"image":{"@id":"https:\/\/portaltela.pt\/noticias\/2026\/03\/13\/especialistas-denunciam-falta-de-manutencao-da-obra-hidraulica-do-baixo-mondego\/#primaryimage"},"thumbnailUrl":"https:\/\/portaltela.pt\/s.01k8rhncp4jt1\/2026\/03\/img_1500x1000uu2026-02-03-15-45-00-2264465.jpg","datePublished":"2026-03-13T21:26:18+00:00","author":{"@id":"https:\/\/portaltela.pt\/#\/schema\/person\/c4278d4a6028830caff9ee44b42d32ed"},"breadcrumb":{"@id":"https:\/\/portaltela.pt\/noticias\/2026\/03\/13\/especialistas-denunciam-falta-de-manutencao-da-obra-hidraulica-do-baixo-mondego\/#breadcrumb"},"inLanguage":"pt-PT","potentialAction":[{"@type":"ReadAction","target":["https:\/\/portaltela.pt\/noticias\/2026\/03\/13\/especialistas-denunciam-falta-de-manutencao-da-obra-hidraulica-do-baixo-mondego\/"]}]},{"@type":"ImageObject","inLanguage":"pt-PT","@id":"https:\/\/portaltela.pt\/noticias\/2026\/03\/13\/especialistas-denunciam-falta-de-manutencao-da-obra-hidraulica-do-baixo-mondego\/#primaryimage","url":"https:\/\/portaltela.pt\/s.01k8rhncp4jt1\/2026\/03\/img_1500x1000uu2026-02-03-15-45-00-2264465.jpg","contentUrl":"https:\/\/portaltela.pt\/s.01k8rhncp4jt1\/2026\/03\/img_1500x1000uu2026-02-03-15-45-00-2264465.jpg","width":796,"height":448,"caption":"Acessos cortados devido \u00e0s cheias no Baixo Mondego"},{"@type":"BreadcrumbList","@id":"https:\/\/portaltela.pt\/noticias\/2026\/03\/13\/especialistas-denunciam-falta-de-manutencao-da-obra-hidraulica-do-baixo-mondego\/#breadcrumb","itemListElement":[{"@type":"ListItem","position":1,"name":"In\u00edcio","item":"https:\/\/portaltela.pt\/"},{"@type":"ListItem","position":2,"name":"Especialistas denunciam falta de manuten\u00e7\u00e3o da obra hidr\u00e1ulica do Baixo Mondego"}]},{"@type":"WebSite","@id":"https:\/\/portaltela.pt\/#website","url":"https:\/\/portaltela.pt\/","name":"Portal Tela Portugal","description":"","potentialAction":[{"@type":"SearchAction","target":{"@type":"EntryPoint","urlTemplate":"https:\/\/portaltela.pt\/?s={search_term_string}"},"query-input":{"@type":"PropertyValueSpecification","valueRequired":true,"valueName":"search_term_string"}}],"inLanguage":"pt-PT"},{"@type":"Person","@id":"https:\/\/portaltela.pt\/#\/schema\/person\/c4278d4a6028830caff9ee44b42d32ed","name":"Telinha","image":{"@type":"ImageObject","inLanguage":"pt-PT","@id":"https:\/\/portaltela.pt\/s.01k8rhncp4jt1\/2025\/11\/talking-bot-125x125.png","url":"https:\/\/portaltela.pt\/s.01k8rhncp4jt1\/2025\/11\/talking-bot-125x125.png","contentUrl":"https:\/\/portaltela.pt\/s.01k8rhncp4jt1\/2025\/11\/talking-bot-125x125.png","caption":"Telinha"},"sameAs":["https:\/\/portaltela.pt\/"],"url":"https:\/\/portaltela.pt\/por\/367410592786\/"}]}},"_links":{"self":[{"href":"https:\/\/portaltela.pt\/api\/wp\/v2\/posts\/409468","targetHints":{"allow":["GET"]}}],"collection":[{"href":"https:\/\/portaltela.pt\/api\/wp\/v2\/posts"}],"about":[{"href":"https:\/\/portaltela.pt\/api\/wp\/v2\/types\/post"}],"author":[{"embeddable":true,"href":"https:\/\/portaltela.pt\/api\/wp\/v2\/users\/2"}],"replies":[{"embeddable":true,"href":"https:\/\/portaltela.pt\/api\/wp\/v2\/comments?post=409468"}],"version-history":[{"count":0,"href":"https:\/\/portaltela.pt\/api\/wp\/v2\/posts\/409468\/revisions"}],"wp:featuredmedia":[{"embeddable":true,"href":"https:\/\/portaltela.pt\/api\/wp\/v2\/media\/409471"}],"wp:attachment":[{"href":"https:\/\/portaltela.pt\/api\/wp\/v2\/media?parent=409468"}],"wp:term":[{"taxonomy":"category","embeddable":true,"href":"https:\/\/portaltela.pt\/api\/wp\/v2\/categories?post=409468"},{"taxonomy":"post_tag","embeddable":true,"href":"https:\/\/portaltela.pt\/api\/wp\/v2\/tags?post=409468"}],"curies":[{"name":"wp","href":"https:\/\/api.w.org\/{rel}","templated":true}]}}