{"id":409450,"date":"2026-03-13T18:09:00","date_gmt":"2026-03-13T21:09:00","guid":{"rendered":"https:\/\/portaltela.pt\/noticias\/2026\/03\/13\/ex-principe-andre-e-mandelson-fotografados-em-roupao-com-epstein\/"},"modified":"2026-03-13T18:09:00","modified_gmt":"2026-03-13T21:09:00","slug":"ex-principe-andre-e-mandelson-fotografados-em-roupao-com-epstein","status":"publish","type":"post","link":"https:\/\/portaltela.pt\/noticias\/politica\/2026\/03\/13\/ex-principe-andre-e-mandelson-fotografados-em-roupao-com-epstein\/","title":{"rendered":"Ex-pr\u00edncipe Andr\u00e9 e Mandelson fotografados em roup\u00e3o com Epstein"},"content":{"rendered":"<p>Uma fotografia ainda n\u00e3o datada mostra o ex-pr\u00edncipe Andr\u00e9 e o veterano pol\u00edtico brit\u00e2nico Peter Mandelson ao lado do falecido Jeffrey Epstein. A imagem surge em documentos j\u00e1 tornados p\u00fablicos, divulgados pelo Departamento de Justi\u00e7a dos EUA.<\/p>\n<p>A foto, cuja divulga\u00e7\u00e3o foi inicial pela ITV News, parece ter sido tirada em Martha\u2019s Vineyard, em Massachusetts, entre 1999 e 2000. Os tr\u00eas aparecem sentados descal\u00e7os num deck de madeira, com canecas \u00e0 frente. Epstein usa camisa escura e cal\u00e7as claras.<\/p>\n<p>O ex-pr\u00edncipe Andr\u00e9 e Mandelson est\u00e3o ligados ao caso Epstein por la\u00e7os com o empres\u00e1rio, cuja condena\u00e7\u00e3o por crimes sexuais contra menores ocorreu em 2008. O par \u00e9 alvo de investiga\u00e7\u00f5es no Reino Unido sobre suposta conduta inadequada em cargos oficiais.<\/p>\n<h3>Contexto e desdobramentos<\/h3>\n<p>A chefe de governo brit\u00e2nica, Keir Starmer, afastou Mandelson do cargo de enviado especial a Washington no ano passado, ap\u00f3s revela\u00e7\u00f5es sobre a extens\u00e3o da amizade com Epstein. Andr\u00e9 j\u00e1 havia sido retirado de fun\u00e7\u00f5es reais no ano anterior.<\/p>\n<p>O ex-pr\u00edncipe participou num acordo extrajudicial em 2022 com Virginia Giuffre, que alegava tr\u00e1fico sexual envolvendo v\u00e1rias ocasi\u00f5es entre 2001 e 2003, quando ele tinha 17 anos. O acordo n\u00e3o reconheceu culpa.<\/p>\n<p>As imagens constam nos arquivos de Epstein, nos quais Andr\u00e9 aparece pr\u00f3ximo a uma mulher n\u00e3o identificada, enquanto Mandelson surge em traje de baixo. Ambos negam as acusa\u00e7\u00f5es, e ainda n\u00e3o foi apresentada acusa\u00e7\u00e3o formal contra qualquer um.<\/p>\n","protected":false},"excerpt":{"rendered":"<ul>\n<li>Fotografia mostra o ex-pr\u00edncipe Andr\u00e9 e o ex-ministro Peter Mandelson ao lado de Jeffrey Epstein, ambos em robe, em frente a uma mesa com canecas estampadas com a bandeira dos Estados Unidos.<\/li>\n<li>A imagem, tirada entre 1999 e 2000 em Martha&#8217;s Vineyard, foi divulgada em documentos do Departamento de Justi\u00e7a dos Estados Unidos apresentados no in\u00edcio deste ano.<\/li>\n<li>Andr\u00e9 e Mandelson est\u00e3o sob escrut\u00ednio no Reino Unido por liga\u00e7\u00f5es a Epstein; nenhum deles foi acusado formalmente.<\/li>\n<li>O ex-pr\u00edncipe perdeu os t\u00edtulos reais no ano passado; Mandelson foi demitido do cargo de enviado especial em Washington ap\u00f3s revelar-se a extens\u00e3o da sua amizade com Epstein.<\/li>\n<li>Virginia Giuffre, que alegou ter sido v\u00edtima de tr\u00e1fico sexual por Epstein e de ter rela\u00e7\u00f5es com Andr\u00e9, chegou a acordo extrajudicial em 2022; Giuffre faleceu em 2023.<\/li>\n<\/ul>\n","protected":false},"author":2,"featured_media":409451,"comment_status":"closed","ping_status":"closed","sticky":false,"template":"","format":"standard","meta":{"footnotes":""},"categories":[6912,5],"tags":[5065,6703,5514,215,5661,2111],"class_list":["post-409450","post","type-post","status-publish","format-standard","has-post-thumbnail","hentry","category-internacionais","category-politica","tag-crimes-sexuais-contra-menores","tag-diplomacia-internacional","tag-escandalos","tag-investigacao","tag-pessoas-publicas","tag-reino-unido"],"yoast_head":"<!-- This site is optimized with the Yoast SEO plugin v27.2 - https:\/\/yoast.com\/product\/yoast-seo-wordpress\/ -->\n<title>Ex-pr\u00edncipe Andr\u00e9 e Mandelson fotografados em roup\u00e3o com Epstein - Portal Tela Portugal<\/title>\n<meta name=\"robots\" content=\"index, follow, max-snippet:-1, max-image-preview:large, max-video-preview:-1\" \/>\n<meta property=\"og:locale\" content=\"pt_PT\" \/>\n<meta property=\"og:type\" content=\"article\" \/>\n<meta property=\"og:title\" content=\"Ex-pr\u00edncipe Andr\u00e9 e Mandelson fotografados em roup\u00e3o com Epstein - Portal Tela Portugal\" \/>\n<meta property=\"og:description\" content=\"Fotografia mostra o ex-pr\u00edncipe Andr\u00e9 e o ex-ministro Peter Mandelson ao lado de Jeffrey Epstein, ambos em robe, em frente a uma mesa com canecas estampadas com a bandeira dos Estados Unidos. A imagem, tirada entre 1999 e 2000 em Martha&#039;s Vineyard, foi divulgada em documentos do Departamento de Justi\u00e7a dos Estados Unidos apresentados no in\u00edcio deste ano. Andr\u00e9 e Mandelson est\u00e3o sob escrut\u00ednio no Reino Unido por liga\u00e7\u00f5es a Epstein; nenhum deles foi acusado formalmente. O ex-pr\u00edncipe perdeu os t\u00edtulos reais no ano passado; Mandelson foi demitido do cargo de enviado especial em Washington ap\u00f3s revelar-se a extens\u00e3o da sua amizade com Epstein. Virginia Giuffre, que alegou ter sido v\u00edtima de tr\u00e1fico sexual por Epstein e de ter rela\u00e7\u00f5es com Andr\u00e9, chegou a acordo extrajudicial em 2022; Giuffre faleceu em 2023.\" \/>\n<meta property=\"og:url\" content=\"https:\/\/portaltela.pt\/noticias\/2026\/03\/13\/ex-principe-andre-e-mandelson-fotografados-em-roupao-com-epstein\/\" \/>\n<meta property=\"og:site_name\" content=\"Portal Tela Portugal\" \/>\n<meta property=\"article:published_time\" content=\"2026-03-13T21:09:00+00:00\" \/>\n<meta name=\"author\" content=\"Telinha\" \/>\n<meta name=\"twitter:card\" content=\"summary_large_image\" \/>\n<meta name=\"twitter:label1\" content=\"Escrito por\" \/>\n\t<meta name=\"twitter:data1\" content=\"Telinha\" \/>\n\t<meta name=\"twitter:label2\" content=\"Tempo estimado de leitura\" \/>\n\t<meta name=\"twitter:data2\" content=\"1 minuto\" \/>\n<script type=\"application\/ld+json\" class=\"yoast-schema-graph\">{\"@context\":\"https:\/\/schema.org\",\"@graph\":[{\"@type\":\"Article\",\"@id\":\"https:\/\/portaltela.pt\/noticias\/2026\/03\/13\/ex-principe-andre-e-mandelson-fotografados-em-roupao-com-epstein\/#article\",\"isPartOf\":{\"@id\":\"https:\/\/portaltela.pt\/noticias\/2026\/03\/13\/ex-principe-andre-e-mandelson-fotografados-em-roupao-com-epstein\/\"},\"author\":{\"name\":\"Telinha\",\"@id\":\"https:\/\/portaltela.pt\/#\/schema\/person\/c4278d4a6028830caff9ee44b42d32ed\"},\"headline\":\"Ex-pr\u00edncipe Andr\u00e9 e Mandelson fotografados em roup\u00e3o com Epstein\",\"datePublished\":\"2026-03-13T21:09:00+00:00\",\"mainEntityOfPage\":{\"@id\":\"https:\/\/portaltela.pt\/noticias\/2026\/03\/13\/ex-principe-andre-e-mandelson-fotografados-em-roupao-com-epstein\/\"},\"wordCount\":266,\"image\":{\"@id\":\"https:\/\/portaltela.pt\/noticias\/2026\/03\/13\/ex-principe-andre-e-mandelson-fotografados-em-roupao-com-epstein\/#primaryimage\"},\"thumbnailUrl\":\"https:\/\/portaltela.pt\/s.01k8rhncp4jt1\/2026\/03\/image-908.jpg\",\"keywords\":[\"crimes sexuais contra menores\",\"diplomacia internacional\",\"esc\u00e2ndalos\",\"investiga\u00e7\u00e3o\",\"pessoas p\u00fablicas\",\"Reino Unido\"],\"articleSection\":[\"Internacionais\",\"Pol\u00edtica\"],\"inLanguage\":\"pt-PT\"},{\"@type\":\"WebPage\",\"@id\":\"https:\/\/portaltela.pt\/noticias\/2026\/03\/13\/ex-principe-andre-e-mandelson-fotografados-em-roupao-com-epstein\/\",\"url\":\"https:\/\/portaltela.pt\/noticias\/2026\/03\/13\/ex-principe-andre-e-mandelson-fotografados-em-roupao-com-epstein\/\",\"name\":\"Ex-pr\u00edncipe Andr\u00e9 e Mandelson fotografados em roup\u00e3o com Epstein - Portal Tela Portugal\",\"isPartOf\":{\"@id\":\"https:\/\/portaltela.pt\/#website\"},\"primaryImageOfPage\":{\"@id\":\"https:\/\/portaltela.pt\/noticias\/2026\/03\/13\/ex-principe-andre-e-mandelson-fotografados-em-roupao-com-epstein\/#primaryimage\"},\"image\":{\"@id\":\"https:\/\/portaltela.pt\/noticias\/2026\/03\/13\/ex-principe-andre-e-mandelson-fotografados-em-roupao-com-epstein\/#primaryimage\"},\"thumbnailUrl\":\"https:\/\/portaltela.pt\/s.01k8rhncp4jt1\/2026\/03\/image-908.jpg\",\"datePublished\":\"2026-03-13T21:09:00+00:00\",\"author\":{\"@id\":\"https:\/\/portaltela.pt\/#\/schema\/person\/c4278d4a6028830caff9ee44b42d32ed\"},\"breadcrumb\":{\"@id\":\"https:\/\/portaltela.pt\/noticias\/2026\/03\/13\/ex-principe-andre-e-mandelson-fotografados-em-roupao-com-epstein\/#breadcrumb\"},\"inLanguage\":\"pt-PT\",\"potentialAction\":[{\"@type\":\"ReadAction\",\"target\":[\"https:\/\/portaltela.pt\/noticias\/2026\/03\/13\/ex-principe-andre-e-mandelson-fotografados-em-roupao-com-epstein\/\"]}]},{\"@type\":\"ImageObject\",\"inLanguage\":\"pt-PT\",\"@id\":\"https:\/\/portaltela.pt\/noticias\/2026\/03\/13\/ex-principe-andre-e-mandelson-fotografados-em-roupao-com-epstein\/#primaryimage\",\"url\":\"https:\/\/portaltela.pt\/s.01k8rhncp4jt1\/2026\/03\/image-908.jpg\",\"contentUrl\":\"https:\/\/portaltela.pt\/s.01k8rhncp4jt1\/2026\/03\/image-908.jpg\",\"width\":796,\"height\":448,\"caption\":\"Acredita-se que esta seja a primeira fotografia conhecida dos dois homens com Epstein\"},{\"@type\":\"BreadcrumbList\",\"@id\":\"https:\/\/portaltela.pt\/noticias\/2026\/03\/13\/ex-principe-andre-e-mandelson-fotografados-em-roupao-com-epstein\/#breadcrumb\",\"itemListElement\":[{\"@type\":\"ListItem\",\"position\":1,\"name\":\"In\u00edcio\",\"item\":\"https:\/\/portaltela.pt\/\"},{\"@type\":\"ListItem\",\"position\":2,\"name\":\"Ex-pr\u00edncipe Andr\u00e9 e Mandelson fotografados em roup\u00e3o com Epstein\"}]},{\"@type\":\"WebSite\",\"@id\":\"https:\/\/portaltela.pt\/#website\",\"url\":\"https:\/\/portaltela.pt\/\",\"name\":\"Portal Tela Portugal\",\"description\":\"\",\"potentialAction\":[{\"@type\":\"SearchAction\",\"target\":{\"@type\":\"EntryPoint\",\"urlTemplate\":\"https:\/\/portaltela.pt\/?s={search_term_string}\"},\"query-input\":{\"@type\":\"PropertyValueSpecification\",\"valueRequired\":true,\"valueName\":\"search_term_string\"}}],\"inLanguage\":\"pt-PT\"},{\"@type\":\"Person\",\"@id\":\"https:\/\/portaltela.pt\/#\/schema\/person\/c4278d4a6028830caff9ee44b42d32ed\",\"name\":\"Telinha\",\"image\":{\"@type\":\"ImageObject\",\"inLanguage\":\"pt-PT\",\"@id\":\"https:\/\/portaltela.pt\/s.01k8rhncp4jt1\/2025\/11\/talking-bot-125x125.png\",\"url\":\"https:\/\/portaltela.pt\/s.01k8rhncp4jt1\/2025\/11\/talking-bot-125x125.png\",\"contentUrl\":\"https:\/\/portaltela.pt\/s.01k8rhncp4jt1\/2025\/11\/talking-bot-125x125.png\",\"caption\":\"Telinha\"},\"sameAs\":[\"https:\/\/portaltela.pt\/\"],\"url\":\"https:\/\/portaltela.pt\/por\/367410592786\/\"}]}<\/script>\n<!-- \/ Yoast SEO plugin. -->","yoast_head_json":{"title":"Ex-pr\u00edncipe Andr\u00e9 e Mandelson fotografados em roup\u00e3o com Epstein - Portal Tela Portugal","robots":{"index":"index","follow":"follow","max-snippet":"max-snippet:-1","max-image-preview":"max-image-preview:large","max-video-preview":"max-video-preview:-1"},"og_locale":"pt_PT","og_type":"article","og_title":"Ex-pr\u00edncipe Andr\u00e9 e Mandelson fotografados em roup\u00e3o com Epstein - Portal Tela Portugal","og_description":"Fotografia mostra o ex-pr\u00edncipe Andr\u00e9 e o ex-ministro Peter Mandelson ao lado de Jeffrey Epstein, ambos em robe, em frente a uma mesa com canecas estampadas com a bandeira dos Estados Unidos. A imagem, tirada entre 1999 e 2000 em Martha's Vineyard, foi divulgada em documentos do Departamento de Justi\u00e7a dos Estados Unidos apresentados no in\u00edcio deste ano. Andr\u00e9 e Mandelson est\u00e3o sob escrut\u00ednio no Reino Unido por liga\u00e7\u00f5es a Epstein; nenhum deles foi acusado formalmente. O ex-pr\u00edncipe perdeu os t\u00edtulos reais no ano passado; Mandelson foi demitido do cargo de enviado especial em Washington ap\u00f3s revelar-se a extens\u00e3o da sua amizade com Epstein. Virginia Giuffre, que alegou ter sido v\u00edtima de tr\u00e1fico sexual por Epstein e de ter rela\u00e7\u00f5es com Andr\u00e9, chegou a acordo extrajudicial em 2022; Giuffre faleceu em 2023.","og_url":"https:\/\/portaltela.pt\/noticias\/2026\/03\/13\/ex-principe-andre-e-mandelson-fotografados-em-roupao-com-epstein\/","og_site_name":"Portal Tela Portugal","article_published_time":"2026-03-13T21:09:00+00:00","author":"Telinha","twitter_card":"summary_large_image","twitter_misc":{"Escrito por":"Telinha","Tempo estimado de leitura":"1 minuto"},"schema":{"@context":"https:\/\/schema.org","@graph":[{"@type":"Article","@id":"https:\/\/portaltela.pt\/noticias\/2026\/03\/13\/ex-principe-andre-e-mandelson-fotografados-em-roupao-com-epstein\/#article","isPartOf":{"@id":"https:\/\/portaltela.pt\/noticias\/2026\/03\/13\/ex-principe-andre-e-mandelson-fotografados-em-roupao-com-epstein\/"},"author":{"name":"Telinha","@id":"https:\/\/portaltela.pt\/#\/schema\/person\/c4278d4a6028830caff9ee44b42d32ed"},"headline":"Ex-pr\u00edncipe Andr\u00e9 e Mandelson fotografados em roup\u00e3o com Epstein","datePublished":"2026-03-13T21:09:00+00:00","mainEntityOfPage":{"@id":"https:\/\/portaltela.pt\/noticias\/2026\/03\/13\/ex-principe-andre-e-mandelson-fotografados-em-roupao-com-epstein\/"},"wordCount":266,"image":{"@id":"https:\/\/portaltela.pt\/noticias\/2026\/03\/13\/ex-principe-andre-e-mandelson-fotografados-em-roupao-com-epstein\/#primaryimage"},"thumbnailUrl":"https:\/\/portaltela.pt\/s.01k8rhncp4jt1\/2026\/03\/image-908.jpg","keywords":["crimes sexuais contra menores","diplomacia internacional","esc\u00e2ndalos","investiga\u00e7\u00e3o","pessoas p\u00fablicas","Reino Unido"],"articleSection":["Internacionais","Pol\u00edtica"],"inLanguage":"pt-PT"},{"@type":"WebPage","@id":"https:\/\/portaltela.pt\/noticias\/2026\/03\/13\/ex-principe-andre-e-mandelson-fotografados-em-roupao-com-epstein\/","url":"https:\/\/portaltela.pt\/noticias\/2026\/03\/13\/ex-principe-andre-e-mandelson-fotografados-em-roupao-com-epstein\/","name":"Ex-pr\u00edncipe Andr\u00e9 e Mandelson fotografados em roup\u00e3o com Epstein - Portal Tela Portugal","isPartOf":{"@id":"https:\/\/portaltela.pt\/#website"},"primaryImageOfPage":{"@id":"https:\/\/portaltela.pt\/noticias\/2026\/03\/13\/ex-principe-andre-e-mandelson-fotografados-em-roupao-com-epstein\/#primaryimage"},"image":{"@id":"https:\/\/portaltela.pt\/noticias\/2026\/03\/13\/ex-principe-andre-e-mandelson-fotografados-em-roupao-com-epstein\/#primaryimage"},"thumbnailUrl":"https:\/\/portaltela.pt\/s.01k8rhncp4jt1\/2026\/03\/image-908.jpg","datePublished":"2026-03-13T21:09:00+00:00","author":{"@id":"https:\/\/portaltela.pt\/#\/schema\/person\/c4278d4a6028830caff9ee44b42d32ed"},"breadcrumb":{"@id":"https:\/\/portaltela.pt\/noticias\/2026\/03\/13\/ex-principe-andre-e-mandelson-fotografados-em-roupao-com-epstein\/#breadcrumb"},"inLanguage":"pt-PT","potentialAction":[{"@type":"ReadAction","target":["https:\/\/portaltela.pt\/noticias\/2026\/03\/13\/ex-principe-andre-e-mandelson-fotografados-em-roupao-com-epstein\/"]}]},{"@type":"ImageObject","inLanguage":"pt-PT","@id":"https:\/\/portaltela.pt\/noticias\/2026\/03\/13\/ex-principe-andre-e-mandelson-fotografados-em-roupao-com-epstein\/#primaryimage","url":"https:\/\/portaltela.pt\/s.01k8rhncp4jt1\/2026\/03\/image-908.jpg","contentUrl":"https:\/\/portaltela.pt\/s.01k8rhncp4jt1\/2026\/03\/image-908.jpg","width":796,"height":448,"caption":"Acredita-se que esta seja a primeira fotografia conhecida dos dois homens com Epstein"},{"@type":"BreadcrumbList","@id":"https:\/\/portaltela.pt\/noticias\/2026\/03\/13\/ex-principe-andre-e-mandelson-fotografados-em-roupao-com-epstein\/#breadcrumb","itemListElement":[{"@type":"ListItem","position":1,"name":"In\u00edcio","item":"https:\/\/portaltela.pt\/"},{"@type":"ListItem","position":2,"name":"Ex-pr\u00edncipe Andr\u00e9 e Mandelson fotografados em roup\u00e3o com Epstein"}]},{"@type":"WebSite","@id":"https:\/\/portaltela.pt\/#website","url":"https:\/\/portaltela.pt\/","name":"Portal Tela Portugal","description":"","potentialAction":[{"@type":"SearchAction","target":{"@type":"EntryPoint","urlTemplate":"https:\/\/portaltela.pt\/?s={search_term_string}"},"query-input":{"@type":"PropertyValueSpecification","valueRequired":true,"valueName":"search_term_string"}}],"inLanguage":"pt-PT"},{"@type":"Person","@id":"https:\/\/portaltela.pt\/#\/schema\/person\/c4278d4a6028830caff9ee44b42d32ed","name":"Telinha","image":{"@type":"ImageObject","inLanguage":"pt-PT","@id":"https:\/\/portaltela.pt\/s.01k8rhncp4jt1\/2025\/11\/talking-bot-125x125.png","url":"https:\/\/portaltela.pt\/s.01k8rhncp4jt1\/2025\/11\/talking-bot-125x125.png","contentUrl":"https:\/\/portaltela.pt\/s.01k8rhncp4jt1\/2025\/11\/talking-bot-125x125.png","caption":"Telinha"},"sameAs":["https:\/\/portaltela.pt\/"],"url":"https:\/\/portaltela.pt\/por\/367410592786\/"}]}},"_links":{"self":[{"href":"https:\/\/portaltela.pt\/api\/wp\/v2\/posts\/409450","targetHints":{"allow":["GET"]}}],"collection":[{"href":"https:\/\/portaltela.pt\/api\/wp\/v2\/posts"}],"about":[{"href":"https:\/\/portaltela.pt\/api\/wp\/v2\/types\/post"}],"author":[{"embeddable":true,"href":"https:\/\/portaltela.pt\/api\/wp\/v2\/users\/2"}],"replies":[{"embeddable":true,"href":"https:\/\/portaltela.pt\/api\/wp\/v2\/comments?post=409450"}],"version-history":[{"count":0,"href":"https:\/\/portaltela.pt\/api\/wp\/v2\/posts\/409450\/revisions"}],"wp:featuredmedia":[{"embeddable":true,"href":"https:\/\/portaltela.pt\/api\/wp\/v2\/media\/409451"}],"wp:attachment":[{"href":"https:\/\/portaltela.pt\/api\/wp\/v2\/media?parent=409450"}],"wp:term":[{"taxonomy":"category","embeddable":true,"href":"https:\/\/portaltela.pt\/api\/wp\/v2\/categories?post=409450"},{"taxonomy":"post_tag","embeddable":true,"href":"https:\/\/portaltela.pt\/api\/wp\/v2\/tags?post=409450"}],"curies":[{"name":"wp","href":"https:\/\/api.w.org\/{rel}","templated":true}]}}