{"id":409446,"date":"2026-03-13T17:34:00","date_gmt":"2026-03-13T20:34:00","guid":{"rendered":"https:\/\/portaltela.pt\/noticias\/2026\/03\/13\/supremo-aprova-plano-de-insolvencia-da-trust-in-news-dona-da-visao\/"},"modified":"2026-03-13T17:34:00","modified_gmt":"2026-03-13T20:34:00","slug":"supremo-aprova-plano-de-insolvencia-da-trust-in-news-dona-da-visao","status":"publish","type":"post","link":"https:\/\/portaltela.pt\/noticias\/economia\/2026\/03\/13\/supremo-aprova-plano-de-insolvencia-da-trust-in-news-dona-da-visao\/","title":{"rendered":"Supremo aprova plano de insolv\u00eancia da Trust in News, dona da Vis\u00e3o"},"content":{"rendered":"<p>O Supremo Tribunal de Justi\u00e7a revogou a decis\u00e3o anterior do Tribunal da Rela\u00e7\u00e3o de Lisboa e aprovou, em parte, o plano de insolv\u00eancia da Trust in News (TiN), propriet\u00e1ria da revista Vis\u00e3o. O ac\u00f3rd\u00e3o, emitido a 12 de mar\u00e7o, mant\u00e9m a aprova\u00e7\u00e3o do plano apresentado por Lu\u00eds Delgado, mas declara nula a cl\u00e1usula que regula os direitos dos credores.<\/p>\n<p>O ac\u00f3rd\u00e3o determina que o plano de insolv\u00eancia dever\u00e1 ser homologado, com the exce\u00e7\u00e3o da cl\u00e1usula que contraria o acordo. O conte\u00fado aprovado mant\u00e9m a injec\u00e7\u00e3o de capital por parte do acionista \u00fanico, Lu\u00eds Delgado, at\u00e9 1,5 milh\u00f5es de euros, conforme j\u00e1 aprov\u00e1do em assembleia de credores com 77% de votos favor\u00e1veis.<\/p>\n<h3>Plano de recupera\u00e7\u00e3o e impactos operacionais<\/h3>\n<p>O plano prev\u00ea a suspens\u00e3o, licenciamento ou venda de publica\u00e7\u00f5es deficit\u00e1rias, incluindo TV Mais, Telenovelas, Cara Decora\u00e7\u00e3o, Prima, Vis\u00e3o Sa\u00fade, Vis\u00e3o Surf e This is Portugal. Com exce\u00e7\u00e3o da Telenovelas, as restantes j\u00e1 est\u00e3o suspensas. A empresa aponta a redu\u00e7\u00e3o de 70% do espa\u00e7o f\u00edsico, com 50% j\u00e1 conclu\u00edda, e o encerramento da delega\u00e7\u00e3o do Porto.<\/p>\n<p>O ajuste da periodicidade de revistas e a redu\u00e7\u00e3o do quadro de funcion\u00e1rios acompanham a suspens\u00e3o de t\u00edtulos, mantendo apenas os t\u00edtulos mais rent\u00e1veis. O objetivo \u00e9 preservar ativos e postos de trabalho, com uma reestrutura\u00e7\u00e3o interna e uma renegocia\u00e7\u00e3o de custos.<\/p>\n<h3>Pagamento de d\u00edvidas e medidas de recupera\u00e7\u00e3o<\/h3>\n<p>O plano prev\u00ea o pagamento das d\u00edvidas de forma faseada, incluindo 150 presta\u00e7\u00f5es para Certificados de Titularidade (AT) e ISS, e um plano de pagamento de 12 a 15 anos para credores comuns e garantidos. Tamb\u00e9m est\u00e1 prevista a permuta de publicidade para amortizar parte das obriga\u00e7\u00f5es.<\/p>\n<p>Para aumentar receitas, o plano prev\u00ea maior aposta em assinaturas digitais, melhoria da plataforma de e-commerce, parcerias com outros grupos editoriais, explora\u00e7\u00e3o de novos formatos (podcasts e v\u00eddeos) e licenciamento de marcas para gerar receita adicional.<\/p>\n<h3>Estrutura de gest\u00e3o e prazos<\/h3>\n<p>O documento prev\u00ea a cria\u00e7\u00e3o imediata de uma task force com dois diretores editoriais, diretora comercial, diretora financeira e diretor de recursos humanos. A equipa dever\u00e1 reanalisar custos e contratos, sem penaliza\u00e7\u00f5es, e apresentar medidas para melhorar receitas, com implementa\u00e7\u00e3o sujeita \u00e0 aprova\u00e7\u00e3o da ger\u00eancia e do administrador da insolv\u00eancia.<\/p>\n<h3>Sobre a TiN<\/h3>\n<p>Fundada em 2017, a Trust in News det\u00e9m 16 \u00f3rg\u00e3os de comunica\u00e7\u00e3o social, em papel e digital, incluindo Exame, Caras, Courrier International, Jornal de Letras, Activa, Telenovelas e TV Mais. A reestrutura\u00e7\u00e3o visa evitar a liquida\u00e7\u00e3o da empresa e manter ativos e postos de trabalho.<\/p>\n","protected":false},"excerpt":{"rendered":"<ul>\n<li>O Supremo Tribunal de Justi\u00e7a revoga a decis\u00e3o anterior e aceita, de forma parcial, o plano de insolv\u00eancia da Trust in News, desenhado por Lu\u00eds Delgado, anulando a cl\u00e1usula sobre direitos dos credores.<\/li>\n<li>O plano, j\u00e1 aprovado por 77% dos credores, prev\u00ea a injec\u00e7\u00e3o de at\u00e9 1,5 milh\u00f5es de euros pelo acionista \u00fanico e mant\u00e9m a suspens\u00e3o ou venda de publica\u00e7\u00f5es deficit\u00e1rias, incluindo a Vis\u00e3o, com exce\u00e7\u00e3o da Telenovelas.<\/li>\n<li>O ac\u00f3rd\u00e3o determina que o plano avance, eliminando apenas a cl\u00e1usula que contraria o acordo atual durante o cumprimento.<\/li>\n<li>Prev\u00ea-se ajustes estruturais: redu\u00e7\u00e3o de setenta por cento do espa\u00e7o f\u00edsico (j\u00e1 com cinquenta por cento efetuado), encerramento da delega\u00e7\u00e3o no Porto e redu\u00e7\u00e3o do quadro de funcion\u00e1rios, mantendo apenas as publica\u00e7\u00f5es mais rent\u00e1veis.<\/li>\n<li>O pagamento das d\u00edvidas ser\u00e1 faseado (AT e ISS em 150 presta\u00e7\u00f5es; credores comuns e garantidos em 12 a 15 anos), com poss\u00edvel permuta de publicidade; o plano aposta em criar receitas via assinaturas digitais, e-commerce, formatos como podcasts e v\u00eddeos, e licenciamento de marcas, com uma task force para renegociar custos.<\/li>\n<\/ul>\n","protected":false},"author":2,"featured_media":409448,"comment_status":"closed","ping_status":"closed","sticky":false,"template":"","format":"standard","meta":{"footnotes":""},"categories":[2,6735],"tags":[6115,2697,506,81,3181,1321],"class_list":["post-409446","post","type-post","status-publish","format-standard","has-post-thumbnail","hentry","category-economia","category-negocios","tag-_economia","tag-empresas","tag-imprensa","tag-internacionais","tag-publicacoes","tag-publicacoes-economicas"],"yoast_head":"<!-- This site is optimized with the Yoast SEO plugin v27.2 - https:\/\/yoast.com\/product\/yoast-seo-wordpress\/ -->\n<title>Supremo aprova plano de insolv\u00eancia da Trust in News, dona da Vis\u00e3o - Portal Tela Portugal<\/title>\n<meta name=\"robots\" content=\"index, follow, max-snippet:-1, max-image-preview:large, max-video-preview:-1\" \/>\n<meta property=\"og:locale\" content=\"pt_PT\" \/>\n<meta property=\"og:type\" content=\"article\" \/>\n<meta property=\"og:title\" content=\"Supremo aprova plano de insolv\u00eancia da Trust in News, dona da Vis\u00e3o - Portal Tela Portugal\" \/>\n<meta property=\"og:description\" content=\"O Supremo Tribunal de Justi\u00e7a revoga a decis\u00e3o anterior e aceita, de forma parcial, o plano de insolv\u00eancia da Trust in News, desenhado por Lu\u00eds Delgado, anulando a cl\u00e1usula sobre direitos dos credores. O plano, j\u00e1 aprovado por 77% dos credores, prev\u00ea a injec\u00e7\u00e3o de at\u00e9 1,5 milh\u00f5es de euros pelo acionista \u00fanico e mant\u00e9m a suspens\u00e3o ou venda de publica\u00e7\u00f5es deficit\u00e1rias, incluindo a Vis\u00e3o, com exce\u00e7\u00e3o da Telenovelas. O ac\u00f3rd\u00e3o determina que o plano avance, eliminando apenas a cl\u00e1usula que contraria o acordo atual durante o cumprimento. Prev\u00ea-se ajustes estruturais: redu\u00e7\u00e3o de setenta por cento do espa\u00e7o f\u00edsico (j\u00e1 com cinquenta por cento efetuado), encerramento da delega\u00e7\u00e3o no Porto e redu\u00e7\u00e3o do quadro de funcion\u00e1rios, mantendo apenas as publica\u00e7\u00f5es mais rent\u00e1veis. O pagamento das d\u00edvidas ser\u00e1 faseado (AT e ISS em 150 presta\u00e7\u00f5es; credores comuns e garantidos em 12 a 15 anos), com poss\u00edvel permuta de publicidade; o plano aposta em criar receitas via assinaturas digitais, e-commerce, formatos como podcasts e v\u00eddeos, e licenciamento de marcas, com uma task force para renegociar custos.\" \/>\n<meta property=\"og:url\" content=\"https:\/\/portaltela.pt\/noticias\/2026\/03\/13\/supremo-aprova-plano-de-insolvencia-da-trust-in-news-dona-da-visao\/\" \/>\n<meta property=\"og:site_name\" content=\"Portal Tela Portugal\" \/>\n<meta property=\"article:published_time\" content=\"2026-03-13T20:34:00+00:00\" \/>\n<meta name=\"author\" content=\"Telinha\" \/>\n<meta name=\"twitter:card\" content=\"summary_large_image\" \/>\n<meta name=\"twitter:label1\" content=\"Escrito por\" \/>\n\t<meta name=\"twitter:data1\" content=\"Telinha\" \/>\n\t<meta name=\"twitter:label2\" content=\"Tempo estimado de leitura\" \/>\n\t<meta name=\"twitter:data2\" content=\"2 minutos\" \/>\n<script type=\"application\/ld+json\" class=\"yoast-schema-graph\">{\"@context\":\"https:\/\/schema.org\",\"@graph\":[{\"@type\":\"Article\",\"@id\":\"https:\/\/portaltela.pt\/noticias\/2026\/03\/13\/supremo-aprova-plano-de-insolvencia-da-trust-in-news-dona-da-visao\/#article\",\"isPartOf\":{\"@id\":\"https:\/\/portaltela.pt\/noticias\/2026\/03\/13\/supremo-aprova-plano-de-insolvencia-da-trust-in-news-dona-da-visao\/\"},\"author\":{\"name\":\"Telinha\",\"@id\":\"https:\/\/portaltela.pt\/#\/schema\/person\/c4278d4a6028830caff9ee44b42d32ed\"},\"headline\":\"Supremo aprova plano de insolv\u00eancia da Trust in News, dona da Vis\u00e3o\",\"datePublished\":\"2026-03-13T20:34:00+00:00\",\"mainEntityOfPage\":{\"@id\":\"https:\/\/portaltela.pt\/noticias\/2026\/03\/13\/supremo-aprova-plano-de-insolvencia-da-trust-in-news-dona-da-visao\/\"},\"wordCount\":478,\"image\":{\"@id\":\"https:\/\/portaltela.pt\/noticias\/2026\/03\/13\/supremo-aprova-plano-de-insolvencia-da-trust-in-news-dona-da-visao\/#primaryimage\"},\"thumbnailUrl\":\"https:\/\/portaltela.pt\/s.01k8rhncp4jt1\/2026\/03\/2074065.jpg\",\"keywords\":[\"_economia\",\"empresas\",\"imprensa\",\"internacionais\",\"publica\u00e7\u00f5es\",\"publica\u00e7\u00f5es econ\u00f3micas\"],\"articleSection\":[\"Economia\",\"Neg\u00f3cios\"],\"inLanguage\":\"pt-PT\"},{\"@type\":\"WebPage\",\"@id\":\"https:\/\/portaltela.pt\/noticias\/2026\/03\/13\/supremo-aprova-plano-de-insolvencia-da-trust-in-news-dona-da-visao\/\",\"url\":\"https:\/\/portaltela.pt\/noticias\/2026\/03\/13\/supremo-aprova-plano-de-insolvencia-da-trust-in-news-dona-da-visao\/\",\"name\":\"Supremo aprova plano de insolv\u00eancia da Trust in News, dona da Vis\u00e3o - Portal Tela Portugal\",\"isPartOf\":{\"@id\":\"https:\/\/portaltela.pt\/#website\"},\"primaryImageOfPage\":{\"@id\":\"https:\/\/portaltela.pt\/noticias\/2026\/03\/13\/supremo-aprova-plano-de-insolvencia-da-trust-in-news-dona-da-visao\/#primaryimage\"},\"image\":{\"@id\":\"https:\/\/portaltela.pt\/noticias\/2026\/03\/13\/supremo-aprova-plano-de-insolvencia-da-trust-in-news-dona-da-visao\/#primaryimage\"},\"thumbnailUrl\":\"https:\/\/portaltela.pt\/s.01k8rhncp4jt1\/2026\/03\/2074065.jpg\",\"datePublished\":\"2026-03-13T20:34:00+00:00\",\"author\":{\"@id\":\"https:\/\/portaltela.pt\/#\/schema\/person\/c4278d4a6028830caff9ee44b42d32ed\"},\"breadcrumb\":{\"@id\":\"https:\/\/portaltela.pt\/noticias\/2026\/03\/13\/supremo-aprova-plano-de-insolvencia-da-trust-in-news-dona-da-visao\/#breadcrumb\"},\"inLanguage\":\"pt-PT\",\"potentialAction\":[{\"@type\":\"ReadAction\",\"target\":[\"https:\/\/portaltela.pt\/noticias\/2026\/03\/13\/supremo-aprova-plano-de-insolvencia-da-trust-in-news-dona-da-visao\/\"]}]},{\"@type\":\"ImageObject\",\"inLanguage\":\"pt-PT\",\"@id\":\"https:\/\/portaltela.pt\/noticias\/2026\/03\/13\/supremo-aprova-plano-de-insolvencia-da-trust-in-news-dona-da-visao\/#primaryimage\",\"url\":\"https:\/\/portaltela.pt\/s.01k8rhncp4jt1\/2026\/03\/2074065.jpg\",\"contentUrl\":\"https:\/\/portaltela.pt\/s.01k8rhncp4jt1\/2026\/03\/2074065.jpg\",\"width\":796,\"height\":448,\"caption\":\"A Trust in News \u00e9 detentora de 16 \u00f3rg\u00e3os de comunica\u00e7\u00e3o social\"},{\"@type\":\"BreadcrumbList\",\"@id\":\"https:\/\/portaltela.pt\/noticias\/2026\/03\/13\/supremo-aprova-plano-de-insolvencia-da-trust-in-news-dona-da-visao\/#breadcrumb\",\"itemListElement\":[{\"@type\":\"ListItem\",\"position\":1,\"name\":\"In\u00edcio\",\"item\":\"https:\/\/portaltela.pt\/\"},{\"@type\":\"ListItem\",\"position\":2,\"name\":\"Supremo aprova plano de insolv\u00eancia da Trust in News, dona da Vis\u00e3o\"}]},{\"@type\":\"WebSite\",\"@id\":\"https:\/\/portaltela.pt\/#website\",\"url\":\"https:\/\/portaltela.pt\/\",\"name\":\"Portal Tela Portugal\",\"description\":\"\",\"potentialAction\":[{\"@type\":\"SearchAction\",\"target\":{\"@type\":\"EntryPoint\",\"urlTemplate\":\"https:\/\/portaltela.pt\/?s={search_term_string}\"},\"query-input\":{\"@type\":\"PropertyValueSpecification\",\"valueRequired\":true,\"valueName\":\"search_term_string\"}}],\"inLanguage\":\"pt-PT\"},{\"@type\":\"Person\",\"@id\":\"https:\/\/portaltela.pt\/#\/schema\/person\/c4278d4a6028830caff9ee44b42d32ed\",\"name\":\"Telinha\",\"image\":{\"@type\":\"ImageObject\",\"inLanguage\":\"pt-PT\",\"@id\":\"https:\/\/portaltela.pt\/s.01k8rhncp4jt1\/2025\/11\/talking-bot-125x125.png\",\"url\":\"https:\/\/portaltela.pt\/s.01k8rhncp4jt1\/2025\/11\/talking-bot-125x125.png\",\"contentUrl\":\"https:\/\/portaltela.pt\/s.01k8rhncp4jt1\/2025\/11\/talking-bot-125x125.png\",\"caption\":\"Telinha\"},\"sameAs\":[\"https:\/\/portaltela.pt\/\"],\"url\":\"https:\/\/portaltela.pt\/por\/367410592786\/\"}]}<\/script>\n<!-- \/ Yoast SEO plugin. -->","yoast_head_json":{"title":"Supremo aprova plano de insolv\u00eancia da Trust in News, dona da Vis\u00e3o - Portal Tela Portugal","robots":{"index":"index","follow":"follow","max-snippet":"max-snippet:-1","max-image-preview":"max-image-preview:large","max-video-preview":"max-video-preview:-1"},"og_locale":"pt_PT","og_type":"article","og_title":"Supremo aprova plano de insolv\u00eancia da Trust in News, dona da Vis\u00e3o - Portal Tela Portugal","og_description":"O Supremo Tribunal de Justi\u00e7a revoga a decis\u00e3o anterior e aceita, de forma parcial, o plano de insolv\u00eancia da Trust in News, desenhado por Lu\u00eds Delgado, anulando a cl\u00e1usula sobre direitos dos credores. O plano, j\u00e1 aprovado por 77% dos credores, prev\u00ea a injec\u00e7\u00e3o de at\u00e9 1,5 milh\u00f5es de euros pelo acionista \u00fanico e mant\u00e9m a suspens\u00e3o ou venda de publica\u00e7\u00f5es deficit\u00e1rias, incluindo a Vis\u00e3o, com exce\u00e7\u00e3o da Telenovelas. O ac\u00f3rd\u00e3o determina que o plano avance, eliminando apenas a cl\u00e1usula que contraria o acordo atual durante o cumprimento. Prev\u00ea-se ajustes estruturais: redu\u00e7\u00e3o de setenta por cento do espa\u00e7o f\u00edsico (j\u00e1 com cinquenta por cento efetuado), encerramento da delega\u00e7\u00e3o no Porto e redu\u00e7\u00e3o do quadro de funcion\u00e1rios, mantendo apenas as publica\u00e7\u00f5es mais rent\u00e1veis. O pagamento das d\u00edvidas ser\u00e1 faseado (AT e ISS em 150 presta\u00e7\u00f5es; credores comuns e garantidos em 12 a 15 anos), com poss\u00edvel permuta de publicidade; o plano aposta em criar receitas via assinaturas digitais, e-commerce, formatos como podcasts e v\u00eddeos, e licenciamento de marcas, com uma task force para renegociar custos.","og_url":"https:\/\/portaltela.pt\/noticias\/2026\/03\/13\/supremo-aprova-plano-de-insolvencia-da-trust-in-news-dona-da-visao\/","og_site_name":"Portal Tela Portugal","article_published_time":"2026-03-13T20:34:00+00:00","author":"Telinha","twitter_card":"summary_large_image","twitter_misc":{"Escrito por":"Telinha","Tempo estimado de leitura":"2 minutos"},"schema":{"@context":"https:\/\/schema.org","@graph":[{"@type":"Article","@id":"https:\/\/portaltela.pt\/noticias\/2026\/03\/13\/supremo-aprova-plano-de-insolvencia-da-trust-in-news-dona-da-visao\/#article","isPartOf":{"@id":"https:\/\/portaltela.pt\/noticias\/2026\/03\/13\/supremo-aprova-plano-de-insolvencia-da-trust-in-news-dona-da-visao\/"},"author":{"name":"Telinha","@id":"https:\/\/portaltela.pt\/#\/schema\/person\/c4278d4a6028830caff9ee44b42d32ed"},"headline":"Supremo aprova plano de insolv\u00eancia da Trust in News, dona da Vis\u00e3o","datePublished":"2026-03-13T20:34:00+00:00","mainEntityOfPage":{"@id":"https:\/\/portaltela.pt\/noticias\/2026\/03\/13\/supremo-aprova-plano-de-insolvencia-da-trust-in-news-dona-da-visao\/"},"wordCount":478,"image":{"@id":"https:\/\/portaltela.pt\/noticias\/2026\/03\/13\/supremo-aprova-plano-de-insolvencia-da-trust-in-news-dona-da-visao\/#primaryimage"},"thumbnailUrl":"https:\/\/portaltela.pt\/s.01k8rhncp4jt1\/2026\/03\/2074065.jpg","keywords":["_economia","empresas","imprensa","internacionais","publica\u00e7\u00f5es","publica\u00e7\u00f5es econ\u00f3micas"],"articleSection":["Economia","Neg\u00f3cios"],"inLanguage":"pt-PT"},{"@type":"WebPage","@id":"https:\/\/portaltela.pt\/noticias\/2026\/03\/13\/supremo-aprova-plano-de-insolvencia-da-trust-in-news-dona-da-visao\/","url":"https:\/\/portaltela.pt\/noticias\/2026\/03\/13\/supremo-aprova-plano-de-insolvencia-da-trust-in-news-dona-da-visao\/","name":"Supremo aprova plano de insolv\u00eancia da Trust in News, dona da Vis\u00e3o - Portal Tela Portugal","isPartOf":{"@id":"https:\/\/portaltela.pt\/#website"},"primaryImageOfPage":{"@id":"https:\/\/portaltela.pt\/noticias\/2026\/03\/13\/supremo-aprova-plano-de-insolvencia-da-trust-in-news-dona-da-visao\/#primaryimage"},"image":{"@id":"https:\/\/portaltela.pt\/noticias\/2026\/03\/13\/supremo-aprova-plano-de-insolvencia-da-trust-in-news-dona-da-visao\/#primaryimage"},"thumbnailUrl":"https:\/\/portaltela.pt\/s.01k8rhncp4jt1\/2026\/03\/2074065.jpg","datePublished":"2026-03-13T20:34:00+00:00","author":{"@id":"https:\/\/portaltela.pt\/#\/schema\/person\/c4278d4a6028830caff9ee44b42d32ed"},"breadcrumb":{"@id":"https:\/\/portaltela.pt\/noticias\/2026\/03\/13\/supremo-aprova-plano-de-insolvencia-da-trust-in-news-dona-da-visao\/#breadcrumb"},"inLanguage":"pt-PT","potentialAction":[{"@type":"ReadAction","target":["https:\/\/portaltela.pt\/noticias\/2026\/03\/13\/supremo-aprova-plano-de-insolvencia-da-trust-in-news-dona-da-visao\/"]}]},{"@type":"ImageObject","inLanguage":"pt-PT","@id":"https:\/\/portaltela.pt\/noticias\/2026\/03\/13\/supremo-aprova-plano-de-insolvencia-da-trust-in-news-dona-da-visao\/#primaryimage","url":"https:\/\/portaltela.pt\/s.01k8rhncp4jt1\/2026\/03\/2074065.jpg","contentUrl":"https:\/\/portaltela.pt\/s.01k8rhncp4jt1\/2026\/03\/2074065.jpg","width":796,"height":448,"caption":"A Trust in News \u00e9 detentora de 16 \u00f3rg\u00e3os de comunica\u00e7\u00e3o social"},{"@type":"BreadcrumbList","@id":"https:\/\/portaltela.pt\/noticias\/2026\/03\/13\/supremo-aprova-plano-de-insolvencia-da-trust-in-news-dona-da-visao\/#breadcrumb","itemListElement":[{"@type":"ListItem","position":1,"name":"In\u00edcio","item":"https:\/\/portaltela.pt\/"},{"@type":"ListItem","position":2,"name":"Supremo aprova plano de insolv\u00eancia da Trust in News, dona da Vis\u00e3o"}]},{"@type":"WebSite","@id":"https:\/\/portaltela.pt\/#website","url":"https:\/\/portaltela.pt\/","name":"Portal Tela Portugal","description":"","potentialAction":[{"@type":"SearchAction","target":{"@type":"EntryPoint","urlTemplate":"https:\/\/portaltela.pt\/?s={search_term_string}"},"query-input":{"@type":"PropertyValueSpecification","valueRequired":true,"valueName":"search_term_string"}}],"inLanguage":"pt-PT"},{"@type":"Person","@id":"https:\/\/portaltela.pt\/#\/schema\/person\/c4278d4a6028830caff9ee44b42d32ed","name":"Telinha","image":{"@type":"ImageObject","inLanguage":"pt-PT","@id":"https:\/\/portaltela.pt\/s.01k8rhncp4jt1\/2025\/11\/talking-bot-125x125.png","url":"https:\/\/portaltela.pt\/s.01k8rhncp4jt1\/2025\/11\/talking-bot-125x125.png","contentUrl":"https:\/\/portaltela.pt\/s.01k8rhncp4jt1\/2025\/11\/talking-bot-125x125.png","caption":"Telinha"},"sameAs":["https:\/\/portaltela.pt\/"],"url":"https:\/\/portaltela.pt\/por\/367410592786\/"}]}},"_links":{"self":[{"href":"https:\/\/portaltela.pt\/api\/wp\/v2\/posts\/409446","targetHints":{"allow":["GET"]}}],"collection":[{"href":"https:\/\/portaltela.pt\/api\/wp\/v2\/posts"}],"about":[{"href":"https:\/\/portaltela.pt\/api\/wp\/v2\/types\/post"}],"author":[{"embeddable":true,"href":"https:\/\/portaltela.pt\/api\/wp\/v2\/users\/2"}],"replies":[{"embeddable":true,"href":"https:\/\/portaltela.pt\/api\/wp\/v2\/comments?post=409446"}],"version-history":[{"count":0,"href":"https:\/\/portaltela.pt\/api\/wp\/v2\/posts\/409446\/revisions"}],"wp:featuredmedia":[{"embeddable":true,"href":"https:\/\/portaltela.pt\/api\/wp\/v2\/media\/409448"}],"wp:attachment":[{"href":"https:\/\/portaltela.pt\/api\/wp\/v2\/media?parent=409446"}],"wp:term":[{"taxonomy":"category","embeddable":true,"href":"https:\/\/portaltela.pt\/api\/wp\/v2\/categories?post=409446"},{"taxonomy":"post_tag","embeddable":true,"href":"https:\/\/portaltela.pt\/api\/wp\/v2\/tags?post=409446"}],"curies":[{"name":"wp","href":"https:\/\/api.w.org\/{rel}","templated":true}]}}