{"id":409420,"date":"2026-03-13T17:22:00","date_gmt":"2026-03-13T20:22:00","guid":{"rendered":"https:\/\/portaltela.pt\/noticias\/2026\/03\/13\/mocambique-precisa-de-608-milhoes-para-repor-vias-afetadas-pela-chuva-no-sul\/"},"modified":"2026-03-13T17:22:00","modified_gmt":"2026-03-13T20:22:00","slug":"mocambique-precisa-de-608-milhoes-para-repor-vias-afetadas-pela-chuva-no-sul","status":"publish","type":"post","link":"https:\/\/portaltela.pt\/noticias\/2026\/03\/13\/mocambique-precisa-de-608-milhoes-para-repor-vias-afetadas-pela-chuva-no-sul\/","title":{"rendered":"Mo\u00e7ambique precisa de 60,8 milh\u00f5es para repor vias afetadas pela chuva no sul"},"content":{"rendered":"<p>Mo\u00e7ambique precisa de 60,8 milh\u00f5es de euros, cerca de 45 mil milh\u00f5es de meticais, para reposi\u00e7\u00f5es definitivas das vias afetadas pelas chuvas na prov\u00edncia de Gaza, no sul do pa\u00eds. A estimativa foi apresentada por uma fonte oficial, nesta segunda-feira.<\/p>\n<p>As autoridades explicam que os danos afetam infraestruturas rodovi\u00e1rias, exigindo interven\u00e7\u00f5es de fundo para restabelecer a circula\u00e7\u00e3o de forma est\u00e1vel. O custo reflete apenas as vias comprometidas pela intemp\u00e9rie, n\u00e3o incluindo outros danos.<\/p>\n<p>A informa\u00e7\u00e3o foi tornada p\u00fablica hoje pelas autoridades mo\u00e7ambicanas, que pretendem assegurar recursos para acelerar as obras de reconstru\u00e7\u00e3o. O objetivo \u00e9 recuperar a normalidade da circula\u00e7\u00e3o e facilitar o acesso de popula\u00e7\u00f5es \u00e0s \u00e1reas afetadas.<\/p>\n","protected":false},"excerpt":{"rendered":"<ul>\n<li>O governo mo\u00e7ambicano estima precisar de 60,8 milh\u00f5es de euros para a reposi\u00e7\u00e3o definitiva de vias afetadas pelas chuvas na prov\u00edncia de Gaza, no sul do pa\u00eds.<\/li>\n<li>O montante, em meticais, corresponde a 45 mil milh\u00f5es de meticais, segundo fonte oficial.<\/li>\n<li>As vias afetadas foram danificadas pelas chuvas que atingiram a regi\u00e3o sul de Mo\u00e7ambique.<\/li>\n<li>O objetivo \u00e9 recuperar e manter a conectividade rodovi\u00e1ria na \u00e1rea afetada.<\/li>\n<li>N\u00e3o foram divulgadas datas espec\u00edficas para o in\u00edcio das obras.<\/li>\n<\/ul>\n","protected":false},"author":2,"featured_media":409424,"comment_status":"closed","ping_status":"closed","sticky":false,"template":"","format":"standard","meta":{"footnotes":""},"categories":[1],"tags":[2417,3651,1615,1911,5031,5915],"class_list":["post-409420","post","type-post","status-publish","format-standard","has-post-thumbnail","hentry","category-noticias","tag-financiamento","tag-gaza","tag-infraestrutura","tag-mocambique","tag-reconstrucao-urbana","tag-rodoviarios"],"yoast_head":"<!-- This site is optimized with the Yoast SEO plugin v27.2 - https:\/\/yoast.com\/product\/yoast-seo-wordpress\/ -->\n<title>Mo\u00e7ambique precisa de 60,8 milh\u00f5es para repor vias afetadas pela chuva no sul - Portal Tela Portugal<\/title>\n<meta name=\"robots\" content=\"index, follow, max-snippet:-1, max-image-preview:large, max-video-preview:-1\" \/>\n<meta property=\"og:locale\" content=\"pt_PT\" \/>\n<meta property=\"og:type\" content=\"article\" \/>\n<meta property=\"og:title\" content=\"Mo\u00e7ambique precisa de 60,8 milh\u00f5es para repor vias afetadas pela chuva no sul - Portal Tela Portugal\" \/>\n<meta property=\"og:description\" content=\"O governo mo\u00e7ambicano estima precisar de 60,8 milh\u00f5es de euros para a reposi\u00e7\u00e3o definitiva de vias afetadas pelas chuvas na prov\u00edncia de Gaza, no sul do pa\u00eds. O montante, em meticais, corresponde a 45 mil milh\u00f5es de meticais, segundo fonte oficial. As vias afetadas foram danificadas pelas chuvas que atingiram a regi\u00e3o sul de Mo\u00e7ambique. O objetivo \u00e9 recuperar e manter a conectividade rodovi\u00e1ria na \u00e1rea afetada. N\u00e3o foram divulgadas datas espec\u00edficas para o in\u00edcio das obras.\" \/>\n<meta property=\"og:url\" content=\"https:\/\/portaltela.pt\/noticias\/2026\/03\/13\/mocambique-precisa-de-608-milhoes-para-repor-vias-afetadas-pela-chuva-no-sul\/\" \/>\n<meta property=\"og:site_name\" content=\"Portal Tela Portugal\" \/>\n<meta property=\"article:published_time\" content=\"2026-03-13T20:22:00+00:00\" \/>\n<meta name=\"author\" content=\"Telinha\" \/>\n<meta name=\"twitter:card\" content=\"summary_large_image\" \/>\n<meta name=\"twitter:label1\" content=\"Escrito por\" \/>\n\t<meta name=\"twitter:data1\" content=\"Telinha\" \/>\n\t<meta name=\"twitter:label2\" content=\"Tempo estimado de leitura\" \/>\n\t<meta name=\"twitter:data2\" content=\"1 minuto\" \/>\n<script type=\"application\/ld+json\" class=\"yoast-schema-graph\">{\"@context\":\"https:\/\/schema.org\",\"@graph\":[{\"@type\":\"Article\",\"@id\":\"https:\/\/portaltela.pt\/noticias\/2026\/03\/13\/mocambique-precisa-de-608-milhoes-para-repor-vias-afetadas-pela-chuva-no-sul\/#article\",\"isPartOf\":{\"@id\":\"https:\/\/portaltela.pt\/noticias\/2026\/03\/13\/mocambique-precisa-de-608-milhoes-para-repor-vias-afetadas-pela-chuva-no-sul\/\"},\"author\":{\"name\":\"Telinha\",\"@id\":\"https:\/\/portaltela.pt\/#\/schema\/person\/c4278d4a6028830caff9ee44b42d32ed\"},\"headline\":\"Mo\u00e7ambique precisa de 60,8 milh\u00f5es para repor vias afetadas pela chuva no sul\",\"datePublished\":\"2026-03-13T20:22:00+00:00\",\"mainEntityOfPage\":{\"@id\":\"https:\/\/portaltela.pt\/noticias\/2026\/03\/13\/mocambique-precisa-de-608-milhoes-para-repor-vias-afetadas-pela-chuva-no-sul\/\"},\"wordCount\":138,\"image\":{\"@id\":\"https:\/\/portaltela.pt\/noticias\/2026\/03\/13\/mocambique-precisa-de-608-milhoes-para-repor-vias-afetadas-pela-chuva-no-sul\/#primaryimage\"},\"thumbnailUrl\":\"https:\/\/portaltela.pt\/s.01k8rhncp4jt1\/2026\/03\/CACHE_780X1200_ANALOG_WATERMARKED_46460102_5667081_30012026074642.jpg\",\"keywords\":[\"financiamento\",\"Gaza\",\"infraestrutura\",\"Mo\u00e7ambique\",\"reconstru\u00e7\u00e3o urbana\",\"rodovi\u00e1rios\"],\"articleSection\":[\"Not\u00edcias\"],\"inLanguage\":\"pt-PT\"},{\"@type\":\"WebPage\",\"@id\":\"https:\/\/portaltela.pt\/noticias\/2026\/03\/13\/mocambique-precisa-de-608-milhoes-para-repor-vias-afetadas-pela-chuva-no-sul\/\",\"url\":\"https:\/\/portaltela.pt\/noticias\/2026\/03\/13\/mocambique-precisa-de-608-milhoes-para-repor-vias-afetadas-pela-chuva-no-sul\/\",\"name\":\"Mo\u00e7ambique precisa de 60,8 milh\u00f5es para repor vias afetadas pela chuva no sul - Portal Tela Portugal\",\"isPartOf\":{\"@id\":\"https:\/\/portaltela.pt\/#website\"},\"primaryImageOfPage\":{\"@id\":\"https:\/\/portaltela.pt\/noticias\/2026\/03\/13\/mocambique-precisa-de-608-milhoes-para-repor-vias-afetadas-pela-chuva-no-sul\/#primaryimage\"},\"image\":{\"@id\":\"https:\/\/portaltela.pt\/noticias\/2026\/03\/13\/mocambique-precisa-de-608-milhoes-para-repor-vias-afetadas-pela-chuva-no-sul\/#primaryimage\"},\"thumbnailUrl\":\"https:\/\/portaltela.pt\/s.01k8rhncp4jt1\/2026\/03\/CACHE_780X1200_ANALOG_WATERMARKED_46460102_5667081_30012026074642.jpg\",\"datePublished\":\"2026-03-13T20:22:00+00:00\",\"author\":{\"@id\":\"https:\/\/portaltela.pt\/#\/schema\/person\/c4278d4a6028830caff9ee44b42d32ed\"},\"breadcrumb\":{\"@id\":\"https:\/\/portaltela.pt\/noticias\/2026\/03\/13\/mocambique-precisa-de-608-milhoes-para-repor-vias-afetadas-pela-chuva-no-sul\/#breadcrumb\"},\"inLanguage\":\"pt-PT\",\"potentialAction\":[{\"@type\":\"ReadAction\",\"target\":[\"https:\/\/portaltela.pt\/noticias\/2026\/03\/13\/mocambique-precisa-de-608-milhoes-para-repor-vias-afetadas-pela-chuva-no-sul\/\"]}]},{\"@type\":\"ImageObject\",\"inLanguage\":\"pt-PT\",\"@id\":\"https:\/\/portaltela.pt\/noticias\/2026\/03\/13\/mocambique-precisa-de-608-milhoes-para-repor-vias-afetadas-pela-chuva-no-sul\/#primaryimage\",\"url\":\"https:\/\/portaltela.pt\/s.01k8rhncp4jt1\/2026\/03\/CACHE_780X1200_ANALOG_WATERMARKED_46460102_5667081_30012026074642.jpg\",\"contentUrl\":\"https:\/\/portaltela.pt\/s.01k8rhncp4jt1\/2026\/03\/CACHE_780X1200_ANALOG_WATERMARKED_46460102_5667081_30012026074642.jpg\",\"width\":796,\"height\":448,\"caption\":\"Mo\u00e7ambique precisa de 60,8 ME para repor vias afetadas pela chuva no sul do pa\u00eds\"},{\"@type\":\"BreadcrumbList\",\"@id\":\"https:\/\/portaltela.pt\/noticias\/2026\/03\/13\/mocambique-precisa-de-608-milhoes-para-repor-vias-afetadas-pela-chuva-no-sul\/#breadcrumb\",\"itemListElement\":[{\"@type\":\"ListItem\",\"position\":1,\"name\":\"In\u00edcio\",\"item\":\"https:\/\/portaltela.pt\/\"},{\"@type\":\"ListItem\",\"position\":2,\"name\":\"Mo\u00e7ambique precisa de 60,8 milh\u00f5es para repor vias afetadas pela chuva no sul\"}]},{\"@type\":\"WebSite\",\"@id\":\"https:\/\/portaltela.pt\/#website\",\"url\":\"https:\/\/portaltela.pt\/\",\"name\":\"Portal Tela Portugal\",\"description\":\"\",\"potentialAction\":[{\"@type\":\"SearchAction\",\"target\":{\"@type\":\"EntryPoint\",\"urlTemplate\":\"https:\/\/portaltela.pt\/?s={search_term_string}\"},\"query-input\":{\"@type\":\"PropertyValueSpecification\",\"valueRequired\":true,\"valueName\":\"search_term_string\"}}],\"inLanguage\":\"pt-PT\"},{\"@type\":\"Person\",\"@id\":\"https:\/\/portaltela.pt\/#\/schema\/person\/c4278d4a6028830caff9ee44b42d32ed\",\"name\":\"Telinha\",\"image\":{\"@type\":\"ImageObject\",\"inLanguage\":\"pt-PT\",\"@id\":\"https:\/\/portaltela.pt\/s.01k8rhncp4jt1\/2025\/11\/talking-bot-125x125.png\",\"url\":\"https:\/\/portaltela.pt\/s.01k8rhncp4jt1\/2025\/11\/talking-bot-125x125.png\",\"contentUrl\":\"https:\/\/portaltela.pt\/s.01k8rhncp4jt1\/2025\/11\/talking-bot-125x125.png\",\"caption\":\"Telinha\"},\"sameAs\":[\"https:\/\/portaltela.pt\/\"],\"url\":\"https:\/\/portaltela.pt\/por\/367410592786\/\"}]}<\/script>\n<!-- \/ Yoast SEO plugin. -->","yoast_head_json":{"title":"Mo\u00e7ambique precisa de 60,8 milh\u00f5es para repor vias afetadas pela chuva no sul - Portal Tela Portugal","robots":{"index":"index","follow":"follow","max-snippet":"max-snippet:-1","max-image-preview":"max-image-preview:large","max-video-preview":"max-video-preview:-1"},"og_locale":"pt_PT","og_type":"article","og_title":"Mo\u00e7ambique precisa de 60,8 milh\u00f5es para repor vias afetadas pela chuva no sul - Portal Tela Portugal","og_description":"O governo mo\u00e7ambicano estima precisar de 60,8 milh\u00f5es de euros para a reposi\u00e7\u00e3o definitiva de vias afetadas pelas chuvas na prov\u00edncia de Gaza, no sul do pa\u00eds. O montante, em meticais, corresponde a 45 mil milh\u00f5es de meticais, segundo fonte oficial. As vias afetadas foram danificadas pelas chuvas que atingiram a regi\u00e3o sul de Mo\u00e7ambique. O objetivo \u00e9 recuperar e manter a conectividade rodovi\u00e1ria na \u00e1rea afetada. N\u00e3o foram divulgadas datas espec\u00edficas para o in\u00edcio das obras.","og_url":"https:\/\/portaltela.pt\/noticias\/2026\/03\/13\/mocambique-precisa-de-608-milhoes-para-repor-vias-afetadas-pela-chuva-no-sul\/","og_site_name":"Portal Tela Portugal","article_published_time":"2026-03-13T20:22:00+00:00","author":"Telinha","twitter_card":"summary_large_image","twitter_misc":{"Escrito por":"Telinha","Tempo estimado de leitura":"1 minuto"},"schema":{"@context":"https:\/\/schema.org","@graph":[{"@type":"Article","@id":"https:\/\/portaltela.pt\/noticias\/2026\/03\/13\/mocambique-precisa-de-608-milhoes-para-repor-vias-afetadas-pela-chuva-no-sul\/#article","isPartOf":{"@id":"https:\/\/portaltela.pt\/noticias\/2026\/03\/13\/mocambique-precisa-de-608-milhoes-para-repor-vias-afetadas-pela-chuva-no-sul\/"},"author":{"name":"Telinha","@id":"https:\/\/portaltela.pt\/#\/schema\/person\/c4278d4a6028830caff9ee44b42d32ed"},"headline":"Mo\u00e7ambique precisa de 60,8 milh\u00f5es para repor vias afetadas pela chuva no sul","datePublished":"2026-03-13T20:22:00+00:00","mainEntityOfPage":{"@id":"https:\/\/portaltela.pt\/noticias\/2026\/03\/13\/mocambique-precisa-de-608-milhoes-para-repor-vias-afetadas-pela-chuva-no-sul\/"},"wordCount":138,"image":{"@id":"https:\/\/portaltela.pt\/noticias\/2026\/03\/13\/mocambique-precisa-de-608-milhoes-para-repor-vias-afetadas-pela-chuva-no-sul\/#primaryimage"},"thumbnailUrl":"https:\/\/portaltela.pt\/s.01k8rhncp4jt1\/2026\/03\/CACHE_780X1200_ANALOG_WATERMARKED_46460102_5667081_30012026074642.jpg","keywords":["financiamento","Gaza","infraestrutura","Mo\u00e7ambique","reconstru\u00e7\u00e3o urbana","rodovi\u00e1rios"],"articleSection":["Not\u00edcias"],"inLanguage":"pt-PT"},{"@type":"WebPage","@id":"https:\/\/portaltela.pt\/noticias\/2026\/03\/13\/mocambique-precisa-de-608-milhoes-para-repor-vias-afetadas-pela-chuva-no-sul\/","url":"https:\/\/portaltela.pt\/noticias\/2026\/03\/13\/mocambique-precisa-de-608-milhoes-para-repor-vias-afetadas-pela-chuva-no-sul\/","name":"Mo\u00e7ambique precisa de 60,8 milh\u00f5es para repor vias afetadas pela chuva no sul - Portal Tela Portugal","isPartOf":{"@id":"https:\/\/portaltela.pt\/#website"},"primaryImageOfPage":{"@id":"https:\/\/portaltela.pt\/noticias\/2026\/03\/13\/mocambique-precisa-de-608-milhoes-para-repor-vias-afetadas-pela-chuva-no-sul\/#primaryimage"},"image":{"@id":"https:\/\/portaltela.pt\/noticias\/2026\/03\/13\/mocambique-precisa-de-608-milhoes-para-repor-vias-afetadas-pela-chuva-no-sul\/#primaryimage"},"thumbnailUrl":"https:\/\/portaltela.pt\/s.01k8rhncp4jt1\/2026\/03\/CACHE_780X1200_ANALOG_WATERMARKED_46460102_5667081_30012026074642.jpg","datePublished":"2026-03-13T20:22:00+00:00","author":{"@id":"https:\/\/portaltela.pt\/#\/schema\/person\/c4278d4a6028830caff9ee44b42d32ed"},"breadcrumb":{"@id":"https:\/\/portaltela.pt\/noticias\/2026\/03\/13\/mocambique-precisa-de-608-milhoes-para-repor-vias-afetadas-pela-chuva-no-sul\/#breadcrumb"},"inLanguage":"pt-PT","potentialAction":[{"@type":"ReadAction","target":["https:\/\/portaltela.pt\/noticias\/2026\/03\/13\/mocambique-precisa-de-608-milhoes-para-repor-vias-afetadas-pela-chuva-no-sul\/"]}]},{"@type":"ImageObject","inLanguage":"pt-PT","@id":"https:\/\/portaltela.pt\/noticias\/2026\/03\/13\/mocambique-precisa-de-608-milhoes-para-repor-vias-afetadas-pela-chuva-no-sul\/#primaryimage","url":"https:\/\/portaltela.pt\/s.01k8rhncp4jt1\/2026\/03\/CACHE_780X1200_ANALOG_WATERMARKED_46460102_5667081_30012026074642.jpg","contentUrl":"https:\/\/portaltela.pt\/s.01k8rhncp4jt1\/2026\/03\/CACHE_780X1200_ANALOG_WATERMARKED_46460102_5667081_30012026074642.jpg","width":796,"height":448,"caption":"Mo\u00e7ambique precisa de 60,8 ME para repor vias afetadas pela chuva no sul do pa\u00eds"},{"@type":"BreadcrumbList","@id":"https:\/\/portaltela.pt\/noticias\/2026\/03\/13\/mocambique-precisa-de-608-milhoes-para-repor-vias-afetadas-pela-chuva-no-sul\/#breadcrumb","itemListElement":[{"@type":"ListItem","position":1,"name":"In\u00edcio","item":"https:\/\/portaltela.pt\/"},{"@type":"ListItem","position":2,"name":"Mo\u00e7ambique precisa de 60,8 milh\u00f5es para repor vias afetadas pela chuva no sul"}]},{"@type":"WebSite","@id":"https:\/\/portaltela.pt\/#website","url":"https:\/\/portaltela.pt\/","name":"Portal Tela Portugal","description":"","potentialAction":[{"@type":"SearchAction","target":{"@type":"EntryPoint","urlTemplate":"https:\/\/portaltela.pt\/?s={search_term_string}"},"query-input":{"@type":"PropertyValueSpecification","valueRequired":true,"valueName":"search_term_string"}}],"inLanguage":"pt-PT"},{"@type":"Person","@id":"https:\/\/portaltela.pt\/#\/schema\/person\/c4278d4a6028830caff9ee44b42d32ed","name":"Telinha","image":{"@type":"ImageObject","inLanguage":"pt-PT","@id":"https:\/\/portaltela.pt\/s.01k8rhncp4jt1\/2025\/11\/talking-bot-125x125.png","url":"https:\/\/portaltela.pt\/s.01k8rhncp4jt1\/2025\/11\/talking-bot-125x125.png","contentUrl":"https:\/\/portaltela.pt\/s.01k8rhncp4jt1\/2025\/11\/talking-bot-125x125.png","caption":"Telinha"},"sameAs":["https:\/\/portaltela.pt\/"],"url":"https:\/\/portaltela.pt\/por\/367410592786\/"}]}},"_links":{"self":[{"href":"https:\/\/portaltela.pt\/api\/wp\/v2\/posts\/409420","targetHints":{"allow":["GET"]}}],"collection":[{"href":"https:\/\/portaltela.pt\/api\/wp\/v2\/posts"}],"about":[{"href":"https:\/\/portaltela.pt\/api\/wp\/v2\/types\/post"}],"author":[{"embeddable":true,"href":"https:\/\/portaltela.pt\/api\/wp\/v2\/users\/2"}],"replies":[{"embeddable":true,"href":"https:\/\/portaltela.pt\/api\/wp\/v2\/comments?post=409420"}],"version-history":[{"count":0,"href":"https:\/\/portaltela.pt\/api\/wp\/v2\/posts\/409420\/revisions"}],"wp:featuredmedia":[{"embeddable":true,"href":"https:\/\/portaltela.pt\/api\/wp\/v2\/media\/409424"}],"wp:attachment":[{"href":"https:\/\/portaltela.pt\/api\/wp\/v2\/media?parent=409420"}],"wp:term":[{"taxonomy":"category","embeddable":true,"href":"https:\/\/portaltela.pt\/api\/wp\/v2\/categories?post=409420"},{"taxonomy":"post_tag","embeddable":true,"href":"https:\/\/portaltela.pt\/api\/wp\/v2\/tags?post=409420"}],"curies":[{"name":"wp","href":"https:\/\/api.w.org\/{rel}","templated":true}]}}