{"id":409410,"date":"2026-03-13T17:26:58","date_gmt":"2026-03-13T20:26:58","guid":{"rendered":"https:\/\/portaltela.pt\/noticias\/2026\/03\/13\/mafalda-costa-alcanca-finais-de-solo-e-trave-na-taca-do-mundo-em-antalya\/"},"modified":"2026-03-13T17:26:58","modified_gmt":"2026-03-13T20:26:58","slug":"mafalda-costa-alcanca-finais-de-solo-e-trave-na-taca-do-mundo-em-antalya","status":"publish","type":"post","link":"https:\/\/portaltela.pt\/desporto\/futebol\/2026\/03\/13\/mafalda-costa-alcanca-finais-de-solo-e-trave-na-taca-do-mundo-em-antalya\/","title":{"rendered":"Mafalda Costa alcan\u00e7a finais de solo e trave na Ta\u00e7a do Mundo em Antalya"},"content":{"rendered":"<p>Mafalda Costa qualificou-se esta sexta-feira para as finais de solo e de trave da Ta\u00e7a do Mundo de gin\u00e1stica art\u00edstica por aparelhos, em Antalya, Turquia, que decorre at\u00e9 domingo. A atleta portuguesa, de 21 anos, terminou o qualifying de solo em 5.\u00ba lugar, com 12.633 pontos, entre 31 ginastas, e a da trave em 6.\u00ba, tamb\u00e9m com 12.633 pontos, entre 41 concorrentes.<\/p>\n<p>Este resultado representa uma estreia para a gin\u00e1stica nacional, j\u00e1 que Costa nunca tinha chegado t\u00e3o longe numa competi\u00e7\u00e3o internacional.<\/p>\n<p>Mariana Parente, tamb\u00e9m em competi\u00e7\u00e3o, terminou o qualifying em 24.\u00ba lugar em ambos os aparelhos, com 11.300 pontos no solo e 11.033 na trave. Ambas as ginastas integram a equipa portuguesa em Antalya.<\/p>\n<h3>Desempenho de Mafalda Costa<\/h3>\n<p>Costa avan\u00e7a assim para as finais de duas disciplinas, consolidando o melhor desempenho de uma ginasta portuguesa numa prova internacional. O evento continua ao longo do fim de semana, com as finais a atra\u00edrem a imprensa e o p\u00fablico internacional. A participa\u00e7\u00e3o de Parente segue em aberto para eventuais repescas e decis\u00f5es adicionais.<\/p>\n","protected":false},"excerpt":{"rendered":"<ul>\n<li>Mafalda Costa, de 21 anos, qualifica-se para as finais de solo e trave da Ta\u00e7a do Mundo de gin\u00e1stica art\u00edstica por aparelhos em Antalya, Turquia.<\/li>\n<li>Na qualifica\u00e7\u00e3o do solo, ficou em quinto lugar com 12,633 pontos, entre 31 ginastas.<\/li>\n<li>Na qualifica\u00e7\u00e3o da trave, ficou em sexto lugar com 12,633 pontos, entre 41 ginastas.<\/li>\n<li>Este \u00e9 um resultado in\u00e9dito para a gin\u00e1stica portuguesa, indicando a melhor performance da atleta em competi\u00e7\u00e3o internacional.<\/li>\n<li>Mariana Parente, de 19 anos, terminou em 24.\u00aa posi\u00e7\u00e3o no solo com 11,300 pontos e na trave com 11,033 pontos.<\/li>\n<\/ul>\n","protected":false},"author":2,"featured_media":409417,"comment_status":"closed","ping_status":"closed","sticky":false,"template":"","format":"standard","meta":{"footnotes":""},"categories":[21,24],"tags":[152,2619,138,1014,4540,2126],"class_list":["post-409410","post","type-post","status-publish","format-standard","has-post-thumbnail","hentry","category-desporto","category-futebol","tag-desporto","tag-desportos-internacionais","tag-ginastica","tag-portugal","tag-taca-do-mundo","tag-turquia"],"yoast_head":"<!-- This site is optimized with the Yoast SEO plugin v27.2 - https:\/\/yoast.com\/product\/yoast-seo-wordpress\/ -->\n<title>Mafalda Costa alcan\u00e7a finais de solo e trave na Ta\u00e7a do Mundo em Antalya - Portal Tela Portugal<\/title>\n<meta name=\"robots\" content=\"index, follow, max-snippet:-1, max-image-preview:large, max-video-preview:-1\" \/>\n<meta property=\"og:locale\" content=\"pt_PT\" \/>\n<meta property=\"og:type\" content=\"article\" \/>\n<meta property=\"og:title\" content=\"Mafalda Costa alcan\u00e7a finais de solo e trave na Ta\u00e7a do Mundo em Antalya - Portal Tela Portugal\" \/>\n<meta property=\"og:description\" content=\"Mafalda Costa, de 21 anos, qualifica-se para as finais de solo e trave da Ta\u00e7a do Mundo de gin\u00e1stica art\u00edstica por aparelhos em Antalya, Turquia. Na qualifica\u00e7\u00e3o do solo, ficou em quinto lugar com 12,633 pontos, entre 31 ginastas. Na qualifica\u00e7\u00e3o da trave, ficou em sexto lugar com 12,633 pontos, entre 41 ginastas. Este \u00e9 um resultado in\u00e9dito para a gin\u00e1stica portuguesa, indicando a melhor performance da atleta em competi\u00e7\u00e3o internacional. Mariana Parente, de 19 anos, terminou em 24.\u00aa posi\u00e7\u00e3o no solo com 11,300 pontos e na trave com 11,033 pontos.\" \/>\n<meta property=\"og:url\" content=\"https:\/\/portaltela.pt\/noticias\/2026\/03\/13\/mafalda-costa-alcanca-finais-de-solo-e-trave-na-taca-do-mundo-em-antalya\/\" \/>\n<meta property=\"og:site_name\" content=\"Portal Tela Portugal\" \/>\n<meta property=\"article:published_time\" content=\"2026-03-13T20:26:58+00:00\" \/>\n<meta name=\"author\" content=\"Telinha\" \/>\n<meta name=\"twitter:card\" content=\"summary_large_image\" \/>\n<meta name=\"twitter:label1\" content=\"Escrito por\" \/>\n\t<meta name=\"twitter:data1\" content=\"Telinha\" \/>\n\t<meta name=\"twitter:label2\" content=\"Tempo estimado de leitura\" \/>\n\t<meta name=\"twitter:data2\" content=\"1 minuto\" \/>\n<script type=\"application\/ld+json\" class=\"yoast-schema-graph\">{\"@context\":\"https:\/\/schema.org\",\"@graph\":[{\"@type\":\"Article\",\"@id\":\"https:\/\/portaltela.pt\/noticias\/2026\/03\/13\/mafalda-costa-alcanca-finais-de-solo-e-trave-na-taca-do-mundo-em-antalya\/#article\",\"isPartOf\":{\"@id\":\"https:\/\/portaltela.pt\/noticias\/2026\/03\/13\/mafalda-costa-alcanca-finais-de-solo-e-trave-na-taca-do-mundo-em-antalya\/\"},\"author\":{\"name\":\"Telinha\",\"@id\":\"https:\/\/portaltela.pt\/#\/schema\/person\/c4278d4a6028830caff9ee44b42d32ed\"},\"headline\":\"Mafalda Costa alcan\u00e7a finais de solo e trave na Ta\u00e7a do Mundo em Antalya\",\"datePublished\":\"2026-03-13T20:26:58+00:00\",\"mainEntityOfPage\":{\"@id\":\"https:\/\/portaltela.pt\/noticias\/2026\/03\/13\/mafalda-costa-alcanca-finais-de-solo-e-trave-na-taca-do-mundo-em-antalya\/\"},\"wordCount\":192,\"image\":{\"@id\":\"https:\/\/portaltela.pt\/noticias\/2026\/03\/13\/mafalda-costa-alcanca-finais-de-solo-e-trave-na-taca-do-mundo-em-antalya\/#primaryimage\"},\"thumbnailUrl\":\"https:\/\/portaltela.pt\/s.01k8rhncp4jt1\/2026\/03\/img_920x518uu2026-03-13-20-26-43-2426768.jpg\",\"keywords\":[\"desporto\",\"desportos internacionais\",\"gin\u00e1stica\",\"Portugal\",\"Ta\u00e7a do Mundo\",\"Turquia\"],\"articleSection\":[\"Desporto\",\"Futebol\"],\"inLanguage\":\"pt-PT\"},{\"@type\":\"WebPage\",\"@id\":\"https:\/\/portaltela.pt\/noticias\/2026\/03\/13\/mafalda-costa-alcanca-finais-de-solo-e-trave-na-taca-do-mundo-em-antalya\/\",\"url\":\"https:\/\/portaltela.pt\/noticias\/2026\/03\/13\/mafalda-costa-alcanca-finais-de-solo-e-trave-na-taca-do-mundo-em-antalya\/\",\"name\":\"Mafalda Costa alcan\u00e7a finais de solo e trave na Ta\u00e7a do Mundo em Antalya - Portal Tela Portugal\",\"isPartOf\":{\"@id\":\"https:\/\/portaltela.pt\/#website\"},\"primaryImageOfPage\":{\"@id\":\"https:\/\/portaltela.pt\/noticias\/2026\/03\/13\/mafalda-costa-alcanca-finais-de-solo-e-trave-na-taca-do-mundo-em-antalya\/#primaryimage\"},\"image\":{\"@id\":\"https:\/\/portaltela.pt\/noticias\/2026\/03\/13\/mafalda-costa-alcanca-finais-de-solo-e-trave-na-taca-do-mundo-em-antalya\/#primaryimage\"},\"thumbnailUrl\":\"https:\/\/portaltela.pt\/s.01k8rhncp4jt1\/2026\/03\/img_920x518uu2026-03-13-20-26-43-2426768.jpg\",\"datePublished\":\"2026-03-13T20:26:58+00:00\",\"author\":{\"@id\":\"https:\/\/portaltela.pt\/#\/schema\/person\/c4278d4a6028830caff9ee44b42d32ed\"},\"breadcrumb\":{\"@id\":\"https:\/\/portaltela.pt\/noticias\/2026\/03\/13\/mafalda-costa-alcanca-finais-de-solo-e-trave-na-taca-do-mundo-em-antalya\/#breadcrumb\"},\"inLanguage\":\"pt-PT\",\"potentialAction\":[{\"@type\":\"ReadAction\",\"target\":[\"https:\/\/portaltela.pt\/noticias\/2026\/03\/13\/mafalda-costa-alcanca-finais-de-solo-e-trave-na-taca-do-mundo-em-antalya\/\"]}]},{\"@type\":\"ImageObject\",\"inLanguage\":\"pt-PT\",\"@id\":\"https:\/\/portaltela.pt\/noticias\/2026\/03\/13\/mafalda-costa-alcanca-finais-de-solo-e-trave-na-taca-do-mundo-em-antalya\/#primaryimage\",\"url\":\"https:\/\/portaltela.pt\/s.01k8rhncp4jt1\/2026\/03\/img_920x518uu2026-03-13-20-26-43-2426768.jpg\",\"contentUrl\":\"https:\/\/portaltela.pt\/s.01k8rhncp4jt1\/2026\/03\/img_920x518uu2026-03-13-20-26-43-2426768.jpg\",\"width\":920,\"height\":518,\"caption\":\"Mafalda Costa consegue resultado in\u00e9dito na Ta\u00e7a do Mundo de gin\u00e1stica de Antalya\"},{\"@type\":\"BreadcrumbList\",\"@id\":\"https:\/\/portaltela.pt\/noticias\/2026\/03\/13\/mafalda-costa-alcanca-finais-de-solo-e-trave-na-taca-do-mundo-em-antalya\/#breadcrumb\",\"itemListElement\":[{\"@type\":\"ListItem\",\"position\":1,\"name\":\"In\u00edcio\",\"item\":\"https:\/\/portaltela.pt\/\"},{\"@type\":\"ListItem\",\"position\":2,\"name\":\"Mafalda Costa alcan\u00e7a finais de solo e trave na Ta\u00e7a do Mundo em Antalya\"}]},{\"@type\":\"WebSite\",\"@id\":\"https:\/\/portaltela.pt\/#website\",\"url\":\"https:\/\/portaltela.pt\/\",\"name\":\"Portal Tela Portugal\",\"description\":\"\",\"potentialAction\":[{\"@type\":\"SearchAction\",\"target\":{\"@type\":\"EntryPoint\",\"urlTemplate\":\"https:\/\/portaltela.pt\/?s={search_term_string}\"},\"query-input\":{\"@type\":\"PropertyValueSpecification\",\"valueRequired\":true,\"valueName\":\"search_term_string\"}}],\"inLanguage\":\"pt-PT\"},{\"@type\":\"Person\",\"@id\":\"https:\/\/portaltela.pt\/#\/schema\/person\/c4278d4a6028830caff9ee44b42d32ed\",\"name\":\"Telinha\",\"image\":{\"@type\":\"ImageObject\",\"inLanguage\":\"pt-PT\",\"@id\":\"https:\/\/portaltela.pt\/s.01k8rhncp4jt1\/2025\/11\/talking-bot-125x125.png\",\"url\":\"https:\/\/portaltela.pt\/s.01k8rhncp4jt1\/2025\/11\/talking-bot-125x125.png\",\"contentUrl\":\"https:\/\/portaltela.pt\/s.01k8rhncp4jt1\/2025\/11\/talking-bot-125x125.png\",\"caption\":\"Telinha\"},\"sameAs\":[\"https:\/\/portaltela.pt\/\"],\"url\":\"https:\/\/portaltela.pt\/por\/367410592786\/\"}]}<\/script>\n<!-- \/ Yoast SEO plugin. -->","yoast_head_json":{"title":"Mafalda Costa alcan\u00e7a finais de solo e trave na Ta\u00e7a do Mundo em Antalya - Portal Tela Portugal","robots":{"index":"index","follow":"follow","max-snippet":"max-snippet:-1","max-image-preview":"max-image-preview:large","max-video-preview":"max-video-preview:-1"},"og_locale":"pt_PT","og_type":"article","og_title":"Mafalda Costa alcan\u00e7a finais de solo e trave na Ta\u00e7a do Mundo em Antalya - Portal Tela Portugal","og_description":"Mafalda Costa, de 21 anos, qualifica-se para as finais de solo e trave da Ta\u00e7a do Mundo de gin\u00e1stica art\u00edstica por aparelhos em Antalya, Turquia. Na qualifica\u00e7\u00e3o do solo, ficou em quinto lugar com 12,633 pontos, entre 31 ginastas. Na qualifica\u00e7\u00e3o da trave, ficou em sexto lugar com 12,633 pontos, entre 41 ginastas. Este \u00e9 um resultado in\u00e9dito para a gin\u00e1stica portuguesa, indicando a melhor performance da atleta em competi\u00e7\u00e3o internacional. Mariana Parente, de 19 anos, terminou em 24.\u00aa posi\u00e7\u00e3o no solo com 11,300 pontos e na trave com 11,033 pontos.","og_url":"https:\/\/portaltela.pt\/noticias\/2026\/03\/13\/mafalda-costa-alcanca-finais-de-solo-e-trave-na-taca-do-mundo-em-antalya\/","og_site_name":"Portal Tela Portugal","article_published_time":"2026-03-13T20:26:58+00:00","author":"Telinha","twitter_card":"summary_large_image","twitter_misc":{"Escrito por":"Telinha","Tempo estimado de leitura":"1 minuto"},"schema":{"@context":"https:\/\/schema.org","@graph":[{"@type":"Article","@id":"https:\/\/portaltela.pt\/noticias\/2026\/03\/13\/mafalda-costa-alcanca-finais-de-solo-e-trave-na-taca-do-mundo-em-antalya\/#article","isPartOf":{"@id":"https:\/\/portaltela.pt\/noticias\/2026\/03\/13\/mafalda-costa-alcanca-finais-de-solo-e-trave-na-taca-do-mundo-em-antalya\/"},"author":{"name":"Telinha","@id":"https:\/\/portaltela.pt\/#\/schema\/person\/c4278d4a6028830caff9ee44b42d32ed"},"headline":"Mafalda Costa alcan\u00e7a finais de solo e trave na Ta\u00e7a do Mundo em Antalya","datePublished":"2026-03-13T20:26:58+00:00","mainEntityOfPage":{"@id":"https:\/\/portaltela.pt\/noticias\/2026\/03\/13\/mafalda-costa-alcanca-finais-de-solo-e-trave-na-taca-do-mundo-em-antalya\/"},"wordCount":192,"image":{"@id":"https:\/\/portaltela.pt\/noticias\/2026\/03\/13\/mafalda-costa-alcanca-finais-de-solo-e-trave-na-taca-do-mundo-em-antalya\/#primaryimage"},"thumbnailUrl":"https:\/\/portaltela.pt\/s.01k8rhncp4jt1\/2026\/03\/img_920x518uu2026-03-13-20-26-43-2426768.jpg","keywords":["desporto","desportos internacionais","gin\u00e1stica","Portugal","Ta\u00e7a do Mundo","Turquia"],"articleSection":["Desporto","Futebol"],"inLanguage":"pt-PT"},{"@type":"WebPage","@id":"https:\/\/portaltela.pt\/noticias\/2026\/03\/13\/mafalda-costa-alcanca-finais-de-solo-e-trave-na-taca-do-mundo-em-antalya\/","url":"https:\/\/portaltela.pt\/noticias\/2026\/03\/13\/mafalda-costa-alcanca-finais-de-solo-e-trave-na-taca-do-mundo-em-antalya\/","name":"Mafalda Costa alcan\u00e7a finais de solo e trave na Ta\u00e7a do Mundo em Antalya - Portal Tela Portugal","isPartOf":{"@id":"https:\/\/portaltela.pt\/#website"},"primaryImageOfPage":{"@id":"https:\/\/portaltela.pt\/noticias\/2026\/03\/13\/mafalda-costa-alcanca-finais-de-solo-e-trave-na-taca-do-mundo-em-antalya\/#primaryimage"},"image":{"@id":"https:\/\/portaltela.pt\/noticias\/2026\/03\/13\/mafalda-costa-alcanca-finais-de-solo-e-trave-na-taca-do-mundo-em-antalya\/#primaryimage"},"thumbnailUrl":"https:\/\/portaltela.pt\/s.01k8rhncp4jt1\/2026\/03\/img_920x518uu2026-03-13-20-26-43-2426768.jpg","datePublished":"2026-03-13T20:26:58+00:00","author":{"@id":"https:\/\/portaltela.pt\/#\/schema\/person\/c4278d4a6028830caff9ee44b42d32ed"},"breadcrumb":{"@id":"https:\/\/portaltela.pt\/noticias\/2026\/03\/13\/mafalda-costa-alcanca-finais-de-solo-e-trave-na-taca-do-mundo-em-antalya\/#breadcrumb"},"inLanguage":"pt-PT","potentialAction":[{"@type":"ReadAction","target":["https:\/\/portaltela.pt\/noticias\/2026\/03\/13\/mafalda-costa-alcanca-finais-de-solo-e-trave-na-taca-do-mundo-em-antalya\/"]}]},{"@type":"ImageObject","inLanguage":"pt-PT","@id":"https:\/\/portaltela.pt\/noticias\/2026\/03\/13\/mafalda-costa-alcanca-finais-de-solo-e-trave-na-taca-do-mundo-em-antalya\/#primaryimage","url":"https:\/\/portaltela.pt\/s.01k8rhncp4jt1\/2026\/03\/img_920x518uu2026-03-13-20-26-43-2426768.jpg","contentUrl":"https:\/\/portaltela.pt\/s.01k8rhncp4jt1\/2026\/03\/img_920x518uu2026-03-13-20-26-43-2426768.jpg","width":920,"height":518,"caption":"Mafalda Costa consegue resultado in\u00e9dito na Ta\u00e7a do Mundo de gin\u00e1stica de Antalya"},{"@type":"BreadcrumbList","@id":"https:\/\/portaltela.pt\/noticias\/2026\/03\/13\/mafalda-costa-alcanca-finais-de-solo-e-trave-na-taca-do-mundo-em-antalya\/#breadcrumb","itemListElement":[{"@type":"ListItem","position":1,"name":"In\u00edcio","item":"https:\/\/portaltela.pt\/"},{"@type":"ListItem","position":2,"name":"Mafalda Costa alcan\u00e7a finais de solo e trave na Ta\u00e7a do Mundo em Antalya"}]},{"@type":"WebSite","@id":"https:\/\/portaltela.pt\/#website","url":"https:\/\/portaltela.pt\/","name":"Portal Tela Portugal","description":"","potentialAction":[{"@type":"SearchAction","target":{"@type":"EntryPoint","urlTemplate":"https:\/\/portaltela.pt\/?s={search_term_string}"},"query-input":{"@type":"PropertyValueSpecification","valueRequired":true,"valueName":"search_term_string"}}],"inLanguage":"pt-PT"},{"@type":"Person","@id":"https:\/\/portaltela.pt\/#\/schema\/person\/c4278d4a6028830caff9ee44b42d32ed","name":"Telinha","image":{"@type":"ImageObject","inLanguage":"pt-PT","@id":"https:\/\/portaltela.pt\/s.01k8rhncp4jt1\/2025\/11\/talking-bot-125x125.png","url":"https:\/\/portaltela.pt\/s.01k8rhncp4jt1\/2025\/11\/talking-bot-125x125.png","contentUrl":"https:\/\/portaltela.pt\/s.01k8rhncp4jt1\/2025\/11\/talking-bot-125x125.png","caption":"Telinha"},"sameAs":["https:\/\/portaltela.pt\/"],"url":"https:\/\/portaltela.pt\/por\/367410592786\/"}]}},"_links":{"self":[{"href":"https:\/\/portaltela.pt\/api\/wp\/v2\/posts\/409410","targetHints":{"allow":["GET"]}}],"collection":[{"href":"https:\/\/portaltela.pt\/api\/wp\/v2\/posts"}],"about":[{"href":"https:\/\/portaltela.pt\/api\/wp\/v2\/types\/post"}],"author":[{"embeddable":true,"href":"https:\/\/portaltela.pt\/api\/wp\/v2\/users\/2"}],"replies":[{"embeddable":true,"href":"https:\/\/portaltela.pt\/api\/wp\/v2\/comments?post=409410"}],"version-history":[{"count":0,"href":"https:\/\/portaltela.pt\/api\/wp\/v2\/posts\/409410\/revisions"}],"wp:featuredmedia":[{"embeddable":true,"href":"https:\/\/portaltela.pt\/api\/wp\/v2\/media\/409417"}],"wp:attachment":[{"href":"https:\/\/portaltela.pt\/api\/wp\/v2\/media?parent=409410"}],"wp:term":[{"taxonomy":"category","embeddable":true,"href":"https:\/\/portaltela.pt\/api\/wp\/v2\/categories?post=409410"},{"taxonomy":"post_tag","embeddable":true,"href":"https:\/\/portaltela.pt\/api\/wp\/v2\/tags?post=409410"}],"curies":[{"name":"wp","href":"https:\/\/api.w.org\/{rel}","templated":true}]}}