{"id":409397,"date":"2026-03-13T17:14:00","date_gmt":"2026-03-13T20:14:00","guid":{"rendered":"https:\/\/portaltela.pt\/noticias\/2026\/03\/13\/selecionador-da-noruega-confia-que-aursnes-recupera-forma-para-o-mundial\/"},"modified":"2026-03-13T17:14:00","modified_gmt":"2026-03-13T20:14:00","slug":"selecionador-da-noruega-confia-que-aursnes-recupera-forma-para-o-mundial","status":"publish","type":"post","link":"https:\/\/portaltela.pt\/desporto\/futebol\/2026\/03\/13\/selecionador-da-noruega-confia-que-aursnes-recupera-forma-para-o-mundial\/","title":{"rendered":"Selecionador da Noruega confia que Aursnes recupera forma para o Mundial"},"content":{"rendered":"<p>O selecionador da Noruega, Stale Solbakken, mant\u00e9m a confian\u00e7a na recupera\u00e7\u00e3o de Fredrik Aursnes. O m\u00e9dio do Benfica ainda n\u00e3o est\u00e1 dispon\u00edvel para os jogos de mar\u00e7o, devido a uma les\u00e3o muscular na coxa esquerda.<\/p>\n<p>Solbakken disse que a les\u00e3o n\u00e3o o preocupa a curto prazo, destacando que falta muito tempo para o Mundial de 2026 e que Aursnes poder\u00e1 disputar v\u00e1rios encontros para recuperar o ritmo. O t\u00e9cnico refor\u00e7ou que o jogador j\u00e1 jogou algumas partidas antes da les\u00e3o.<\/p>\n<p>Aursnes, de 30 anos, comunicou a disponibilidade para voltar \u00e0 equipa nacional j\u00e1 este m\u00eas, para os jogos de prepara\u00e7\u00e3o frente \u00e0 Holanda e \u00e0 Su\u00ed\u00e7a. Contudo, a les\u00e3o impede o regresso aos relvados neste per\u00edodo, mantendo o jogador fora at\u00e9 abril, ap\u00f3s a janela FIFA.<\/p>\n<h3>Situa\u00e7\u00e3o atual de Aursnes<\/h3>\n<p>O jogador do Benfica n\u00e3o integra a lista de convocados para os jogos de mar\u00e7o da Noruega. O Mundial deste ano ser\u00e1 disputado na regi\u00e3o da Am\u00e9rica do Norte, envolvendo Canad\u00e1, EUA e M\u00e9xico. A recupera\u00e7\u00e3o do m\u00e9dio \u00e9 acompanhada de perto pela equipa t\u00e9cnica norueguesa.<\/p>\n<p>A imprensa desportiva local indica que Aursnes dever\u00e1 voltar a treinos em abril, quando a janela FIFA permitir nova participa\u00e7\u00e3o pela sele\u00e7\u00e3o. N\u00e3o foram anunciadas novas datas para o regresso aos jogos internacionais.<\/p>\n","protected":false},"excerpt":{"rendered":"<ul>\n<li>O selecionador da Noruega, Stale Solbakken, est\u00e1 tranquilo sobre Fredrik Aursnes e acredita que o internacional pode recuperar a forma para o Mundial no Canad\u00e1, EUA e M\u00e9xico.<\/li>\n<li>Solbakken afirmou ter boa comunica\u00e7\u00e3o com o jogador e n\u00e3o se mostrou preocupado com a les\u00e3o muscular na coxa esquerda contra o Gil Vicente.<\/li>\n<li>Aursnes, de 30 anos, permanece indispon\u00edvel para os jogos de mar\u00e7o e s\u00f3 deve regressar em abril, ap\u00f3s a janela FIFA.<\/li>\n<li>O m\u00e9dio do Benfica anunciou disponibilidade para voltar \u00e0 sele\u00e7\u00e3o ainda este m\u00eas, para estes confrontos de prepara\u00e7\u00e3o frente a Holanda e Su\u00ed\u00e7a, mas a les\u00e3o impede a participa\u00e7\u00e3o.<\/li>\n<li>O Mundial deste ano realiza-se no Canad\u00e1, EUA e M\u00e9xico, e o t\u00e9cnico acredita que o jogador ainda ter\u00e1 oportunidade de jogar v\u00e1rias partidas para recuperar a forma.<\/li>\n<\/ul>\n","protected":false},"author":2,"featured_media":409401,"comment_status":"closed","ping_status":"closed","sticky":false,"template":"","format":"standard","meta":{"footnotes":""},"categories":[21,24],"tags":[6367,3758,1946,32,242,2125],"class_list":["post-409397","post","type-post","status-publish","format-standard","has-post-thumbnail","hentry","category-desporto","category-futebol","tag-copa2026","tag-aursnes","tag-benfica","tag-futebol","tag-jogadores","tag-noruega"],"yoast_head":"<!-- This site is optimized with the Yoast SEO plugin v27.2 - https:\/\/yoast.com\/product\/yoast-seo-wordpress\/ -->\n<title>Selecionador da Noruega confia que Aursnes recupera forma para o Mundial - Portal Tela Portugal<\/title>\n<meta name=\"robots\" content=\"index, follow, max-snippet:-1, max-image-preview:large, max-video-preview:-1\" \/>\n<meta property=\"og:locale\" content=\"pt_PT\" \/>\n<meta property=\"og:type\" content=\"article\" \/>\n<meta property=\"og:title\" content=\"Selecionador da Noruega confia que Aursnes recupera forma para o Mundial - Portal Tela Portugal\" \/>\n<meta property=\"og:description\" content=\"O selecionador da Noruega, Stale Solbakken, est\u00e1 tranquilo sobre Fredrik Aursnes e acredita que o internacional pode recuperar a forma para o Mundial no Canad\u00e1, EUA e M\u00e9xico. Solbakken afirmou ter boa comunica\u00e7\u00e3o com o jogador e n\u00e3o se mostrou preocupado com a les\u00e3o muscular na coxa esquerda contra o Gil Vicente. Aursnes, de 30 anos, permanece indispon\u00edvel para os jogos de mar\u00e7o e s\u00f3 deve regressar em abril, ap\u00f3s a janela FIFA. O m\u00e9dio do Benfica anunciou disponibilidade para voltar \u00e0 sele\u00e7\u00e3o ainda este m\u00eas, para estes confrontos de prepara\u00e7\u00e3o frente a Holanda e Su\u00ed\u00e7a, mas a les\u00e3o impede a participa\u00e7\u00e3o. O Mundial deste ano realiza-se no Canad\u00e1, EUA e M\u00e9xico, e o t\u00e9cnico acredita que o jogador ainda ter\u00e1 oportunidade de jogar v\u00e1rias partidas para recuperar a forma.\" \/>\n<meta property=\"og:url\" content=\"https:\/\/portaltela.pt\/noticias\/2026\/03\/13\/selecionador-da-noruega-confia-que-aursnes-recupera-forma-para-o-mundial\/\" \/>\n<meta property=\"og:site_name\" content=\"Portal Tela Portugal\" \/>\n<meta property=\"article:published_time\" content=\"2026-03-13T20:14:00+00:00\" \/>\n<meta name=\"author\" content=\"Telinha\" \/>\n<meta name=\"twitter:card\" content=\"summary_large_image\" \/>\n<meta name=\"twitter:label1\" content=\"Escrito por\" \/>\n\t<meta name=\"twitter:data1\" content=\"Telinha\" \/>\n\t<meta name=\"twitter:label2\" content=\"Tempo estimado de leitura\" \/>\n\t<meta name=\"twitter:data2\" content=\"1 minuto\" \/>\n<script type=\"application\/ld+json\" class=\"yoast-schema-graph\">{\"@context\":\"https:\/\/schema.org\",\"@graph\":[{\"@type\":\"Article\",\"@id\":\"https:\/\/portaltela.pt\/noticias\/2026\/03\/13\/selecionador-da-noruega-confia-que-aursnes-recupera-forma-para-o-mundial\/#article\",\"isPartOf\":{\"@id\":\"https:\/\/portaltela.pt\/noticias\/2026\/03\/13\/selecionador-da-noruega-confia-que-aursnes-recupera-forma-para-o-mundial\/\"},\"author\":{\"name\":\"Telinha\",\"@id\":\"https:\/\/portaltela.pt\/#\/schema\/person\/c4278d4a6028830caff9ee44b42d32ed\"},\"headline\":\"Selecionador da Noruega confia que Aursnes recupera forma para o Mundial\",\"datePublished\":\"2026-03-13T20:14:00+00:00\",\"mainEntityOfPage\":{\"@id\":\"https:\/\/portaltela.pt\/noticias\/2026\/03\/13\/selecionador-da-noruega-confia-que-aursnes-recupera-forma-para-o-mundial\/\"},\"wordCount\":246,\"image\":{\"@id\":\"https:\/\/portaltela.pt\/noticias\/2026\/03\/13\/selecionador-da-noruega-confia-que-aursnes-recupera-forma-para-o-mundial\/#primaryimage\"},\"thumbnailUrl\":\"https:\/\/portaltela.pt\/s.01k8rhncp4jt1\/2026\/03\/img_920x518uu2026-03-13-20-13-36-2426765.jpg\",\"keywords\":[\"#copa2026\",\"Aursnes\",\"Benfica\",\"futebol\",\"jogadores\",\"Noruega\"],\"articleSection\":[\"Desporto\",\"Futebol\"],\"inLanguage\":\"pt-PT\"},{\"@type\":\"WebPage\",\"@id\":\"https:\/\/portaltela.pt\/noticias\/2026\/03\/13\/selecionador-da-noruega-confia-que-aursnes-recupera-forma-para-o-mundial\/\",\"url\":\"https:\/\/portaltela.pt\/noticias\/2026\/03\/13\/selecionador-da-noruega-confia-que-aursnes-recupera-forma-para-o-mundial\/\",\"name\":\"Selecionador da Noruega confia que Aursnes recupera forma para o Mundial - Portal Tela Portugal\",\"isPartOf\":{\"@id\":\"https:\/\/portaltela.pt\/#website\"},\"primaryImageOfPage\":{\"@id\":\"https:\/\/portaltela.pt\/noticias\/2026\/03\/13\/selecionador-da-noruega-confia-que-aursnes-recupera-forma-para-o-mundial\/#primaryimage\"},\"image\":{\"@id\":\"https:\/\/portaltela.pt\/noticias\/2026\/03\/13\/selecionador-da-noruega-confia-que-aursnes-recupera-forma-para-o-mundial\/#primaryimage\"},\"thumbnailUrl\":\"https:\/\/portaltela.pt\/s.01k8rhncp4jt1\/2026\/03\/img_920x518uu2026-03-13-20-13-36-2426765.jpg\",\"datePublished\":\"2026-03-13T20:14:00+00:00\",\"author\":{\"@id\":\"https:\/\/portaltela.pt\/#\/schema\/person\/c4278d4a6028830caff9ee44b42d32ed\"},\"breadcrumb\":{\"@id\":\"https:\/\/portaltela.pt\/noticias\/2026\/03\/13\/selecionador-da-noruega-confia-que-aursnes-recupera-forma-para-o-mundial\/#breadcrumb\"},\"inLanguage\":\"pt-PT\",\"potentialAction\":[{\"@type\":\"ReadAction\",\"target\":[\"https:\/\/portaltela.pt\/noticias\/2026\/03\/13\/selecionador-da-noruega-confia-que-aursnes-recupera-forma-para-o-mundial\/\"]}]},{\"@type\":\"ImageObject\",\"inLanguage\":\"pt-PT\",\"@id\":\"https:\/\/portaltela.pt\/noticias\/2026\/03\/13\/selecionador-da-noruega-confia-que-aursnes-recupera-forma-para-o-mundial\/#primaryimage\",\"url\":\"https:\/\/portaltela.pt\/s.01k8rhncp4jt1\/2026\/03\/img_920x518uu2026-03-13-20-13-36-2426765.jpg\",\"contentUrl\":\"https:\/\/portaltela.pt\/s.01k8rhncp4jt1\/2026\/03\/img_920x518uu2026-03-13-20-13-36-2426765.jpg\",\"width\":796,\"height\":448,\"caption\":\"Aursnes continua a recuperar de uma les\u00e3o muscular\"},{\"@type\":\"BreadcrumbList\",\"@id\":\"https:\/\/portaltela.pt\/noticias\/2026\/03\/13\/selecionador-da-noruega-confia-que-aursnes-recupera-forma-para-o-mundial\/#breadcrumb\",\"itemListElement\":[{\"@type\":\"ListItem\",\"position\":1,\"name\":\"In\u00edcio\",\"item\":\"https:\/\/portaltela.pt\/\"},{\"@type\":\"ListItem\",\"position\":2,\"name\":\"Selecionador da Noruega confia que Aursnes recupera forma para o Mundial\"}]},{\"@type\":\"WebSite\",\"@id\":\"https:\/\/portaltela.pt\/#website\",\"url\":\"https:\/\/portaltela.pt\/\",\"name\":\"Portal Tela Portugal\",\"description\":\"\",\"potentialAction\":[{\"@type\":\"SearchAction\",\"target\":{\"@type\":\"EntryPoint\",\"urlTemplate\":\"https:\/\/portaltela.pt\/?s={search_term_string}\"},\"query-input\":{\"@type\":\"PropertyValueSpecification\",\"valueRequired\":true,\"valueName\":\"search_term_string\"}}],\"inLanguage\":\"pt-PT\"},{\"@type\":\"Person\",\"@id\":\"https:\/\/portaltela.pt\/#\/schema\/person\/c4278d4a6028830caff9ee44b42d32ed\",\"name\":\"Telinha\",\"image\":{\"@type\":\"ImageObject\",\"inLanguage\":\"pt-PT\",\"@id\":\"https:\/\/portaltela.pt\/s.01k8rhncp4jt1\/2025\/11\/talking-bot-125x125.png\",\"url\":\"https:\/\/portaltela.pt\/s.01k8rhncp4jt1\/2025\/11\/talking-bot-125x125.png\",\"contentUrl\":\"https:\/\/portaltela.pt\/s.01k8rhncp4jt1\/2025\/11\/talking-bot-125x125.png\",\"caption\":\"Telinha\"},\"sameAs\":[\"https:\/\/portaltela.pt\/\"],\"url\":\"https:\/\/portaltela.pt\/por\/367410592786\/\"}]}<\/script>\n<!-- \/ Yoast SEO plugin. -->","yoast_head_json":{"title":"Selecionador da Noruega confia que Aursnes recupera forma para o Mundial - Portal Tela Portugal","robots":{"index":"index","follow":"follow","max-snippet":"max-snippet:-1","max-image-preview":"max-image-preview:large","max-video-preview":"max-video-preview:-1"},"og_locale":"pt_PT","og_type":"article","og_title":"Selecionador da Noruega confia que Aursnes recupera forma para o Mundial - Portal Tela Portugal","og_description":"O selecionador da Noruega, Stale Solbakken, est\u00e1 tranquilo sobre Fredrik Aursnes e acredita que o internacional pode recuperar a forma para o Mundial no Canad\u00e1, EUA e M\u00e9xico. Solbakken afirmou ter boa comunica\u00e7\u00e3o com o jogador e n\u00e3o se mostrou preocupado com a les\u00e3o muscular na coxa esquerda contra o Gil Vicente. Aursnes, de 30 anos, permanece indispon\u00edvel para os jogos de mar\u00e7o e s\u00f3 deve regressar em abril, ap\u00f3s a janela FIFA. O m\u00e9dio do Benfica anunciou disponibilidade para voltar \u00e0 sele\u00e7\u00e3o ainda este m\u00eas, para estes confrontos de prepara\u00e7\u00e3o frente a Holanda e Su\u00ed\u00e7a, mas a les\u00e3o impede a participa\u00e7\u00e3o. O Mundial deste ano realiza-se no Canad\u00e1, EUA e M\u00e9xico, e o t\u00e9cnico acredita que o jogador ainda ter\u00e1 oportunidade de jogar v\u00e1rias partidas para recuperar a forma.","og_url":"https:\/\/portaltela.pt\/noticias\/2026\/03\/13\/selecionador-da-noruega-confia-que-aursnes-recupera-forma-para-o-mundial\/","og_site_name":"Portal Tela Portugal","article_published_time":"2026-03-13T20:14:00+00:00","author":"Telinha","twitter_card":"summary_large_image","twitter_misc":{"Escrito por":"Telinha","Tempo estimado de leitura":"1 minuto"},"schema":{"@context":"https:\/\/schema.org","@graph":[{"@type":"Article","@id":"https:\/\/portaltela.pt\/noticias\/2026\/03\/13\/selecionador-da-noruega-confia-que-aursnes-recupera-forma-para-o-mundial\/#article","isPartOf":{"@id":"https:\/\/portaltela.pt\/noticias\/2026\/03\/13\/selecionador-da-noruega-confia-que-aursnes-recupera-forma-para-o-mundial\/"},"author":{"name":"Telinha","@id":"https:\/\/portaltela.pt\/#\/schema\/person\/c4278d4a6028830caff9ee44b42d32ed"},"headline":"Selecionador da Noruega confia que Aursnes recupera forma para o Mundial","datePublished":"2026-03-13T20:14:00+00:00","mainEntityOfPage":{"@id":"https:\/\/portaltela.pt\/noticias\/2026\/03\/13\/selecionador-da-noruega-confia-que-aursnes-recupera-forma-para-o-mundial\/"},"wordCount":246,"image":{"@id":"https:\/\/portaltela.pt\/noticias\/2026\/03\/13\/selecionador-da-noruega-confia-que-aursnes-recupera-forma-para-o-mundial\/#primaryimage"},"thumbnailUrl":"https:\/\/portaltela.pt\/s.01k8rhncp4jt1\/2026\/03\/img_920x518uu2026-03-13-20-13-36-2426765.jpg","keywords":["#copa2026","Aursnes","Benfica","futebol","jogadores","Noruega"],"articleSection":["Desporto","Futebol"],"inLanguage":"pt-PT"},{"@type":"WebPage","@id":"https:\/\/portaltela.pt\/noticias\/2026\/03\/13\/selecionador-da-noruega-confia-que-aursnes-recupera-forma-para-o-mundial\/","url":"https:\/\/portaltela.pt\/noticias\/2026\/03\/13\/selecionador-da-noruega-confia-que-aursnes-recupera-forma-para-o-mundial\/","name":"Selecionador da Noruega confia que Aursnes recupera forma para o Mundial - Portal Tela Portugal","isPartOf":{"@id":"https:\/\/portaltela.pt\/#website"},"primaryImageOfPage":{"@id":"https:\/\/portaltela.pt\/noticias\/2026\/03\/13\/selecionador-da-noruega-confia-que-aursnes-recupera-forma-para-o-mundial\/#primaryimage"},"image":{"@id":"https:\/\/portaltela.pt\/noticias\/2026\/03\/13\/selecionador-da-noruega-confia-que-aursnes-recupera-forma-para-o-mundial\/#primaryimage"},"thumbnailUrl":"https:\/\/portaltela.pt\/s.01k8rhncp4jt1\/2026\/03\/img_920x518uu2026-03-13-20-13-36-2426765.jpg","datePublished":"2026-03-13T20:14:00+00:00","author":{"@id":"https:\/\/portaltela.pt\/#\/schema\/person\/c4278d4a6028830caff9ee44b42d32ed"},"breadcrumb":{"@id":"https:\/\/portaltela.pt\/noticias\/2026\/03\/13\/selecionador-da-noruega-confia-que-aursnes-recupera-forma-para-o-mundial\/#breadcrumb"},"inLanguage":"pt-PT","potentialAction":[{"@type":"ReadAction","target":["https:\/\/portaltela.pt\/noticias\/2026\/03\/13\/selecionador-da-noruega-confia-que-aursnes-recupera-forma-para-o-mundial\/"]}]},{"@type":"ImageObject","inLanguage":"pt-PT","@id":"https:\/\/portaltela.pt\/noticias\/2026\/03\/13\/selecionador-da-noruega-confia-que-aursnes-recupera-forma-para-o-mundial\/#primaryimage","url":"https:\/\/portaltela.pt\/s.01k8rhncp4jt1\/2026\/03\/img_920x518uu2026-03-13-20-13-36-2426765.jpg","contentUrl":"https:\/\/portaltela.pt\/s.01k8rhncp4jt1\/2026\/03\/img_920x518uu2026-03-13-20-13-36-2426765.jpg","width":796,"height":448,"caption":"Aursnes continua a recuperar de uma les\u00e3o muscular"},{"@type":"BreadcrumbList","@id":"https:\/\/portaltela.pt\/noticias\/2026\/03\/13\/selecionador-da-noruega-confia-que-aursnes-recupera-forma-para-o-mundial\/#breadcrumb","itemListElement":[{"@type":"ListItem","position":1,"name":"In\u00edcio","item":"https:\/\/portaltela.pt\/"},{"@type":"ListItem","position":2,"name":"Selecionador da Noruega confia que Aursnes recupera forma para o Mundial"}]},{"@type":"WebSite","@id":"https:\/\/portaltela.pt\/#website","url":"https:\/\/portaltela.pt\/","name":"Portal Tela Portugal","description":"","potentialAction":[{"@type":"SearchAction","target":{"@type":"EntryPoint","urlTemplate":"https:\/\/portaltela.pt\/?s={search_term_string}"},"query-input":{"@type":"PropertyValueSpecification","valueRequired":true,"valueName":"search_term_string"}}],"inLanguage":"pt-PT"},{"@type":"Person","@id":"https:\/\/portaltela.pt\/#\/schema\/person\/c4278d4a6028830caff9ee44b42d32ed","name":"Telinha","image":{"@type":"ImageObject","inLanguage":"pt-PT","@id":"https:\/\/portaltela.pt\/s.01k8rhncp4jt1\/2025\/11\/talking-bot-125x125.png","url":"https:\/\/portaltela.pt\/s.01k8rhncp4jt1\/2025\/11\/talking-bot-125x125.png","contentUrl":"https:\/\/portaltela.pt\/s.01k8rhncp4jt1\/2025\/11\/talking-bot-125x125.png","caption":"Telinha"},"sameAs":["https:\/\/portaltela.pt\/"],"url":"https:\/\/portaltela.pt\/por\/367410592786\/"}]}},"_links":{"self":[{"href":"https:\/\/portaltela.pt\/api\/wp\/v2\/posts\/409397","targetHints":{"allow":["GET"]}}],"collection":[{"href":"https:\/\/portaltela.pt\/api\/wp\/v2\/posts"}],"about":[{"href":"https:\/\/portaltela.pt\/api\/wp\/v2\/types\/post"}],"author":[{"embeddable":true,"href":"https:\/\/portaltela.pt\/api\/wp\/v2\/users\/2"}],"replies":[{"embeddable":true,"href":"https:\/\/portaltela.pt\/api\/wp\/v2\/comments?post=409397"}],"version-history":[{"count":0,"href":"https:\/\/portaltela.pt\/api\/wp\/v2\/posts\/409397\/revisions"}],"wp:featuredmedia":[{"embeddable":true,"href":"https:\/\/portaltela.pt\/api\/wp\/v2\/media\/409401"}],"wp:attachment":[{"href":"https:\/\/portaltela.pt\/api\/wp\/v2\/media?parent=409397"}],"wp:term":[{"taxonomy":"category","embeddable":true,"href":"https:\/\/portaltela.pt\/api\/wp\/v2\/categories?post=409397"},{"taxonomy":"post_tag","embeddable":true,"href":"https:\/\/portaltela.pt\/api\/wp\/v2\/tags?post=409397"}],"curies":[{"name":"wp","href":"https:\/\/api.w.org\/{rel}","templated":true}]}}