{"id":409364,"date":"2026-03-13T13:33:00","date_gmt":"2026-03-13T16:33:00","guid":{"rendered":"https:\/\/portaltela.pt\/noticias\/2026\/03\/13\/igcp-realiza-leiloes-de-ate-2-000-m-em-divida-a-6-e-12-meses\/"},"modified":"2026-03-13T13:33:00","modified_gmt":"2026-03-13T16:33:00","slug":"igcp-realiza-leiloes-de-ate-2-000-m-em-divida-a-6-e-12-meses","status":"publish","type":"post","link":"https:\/\/portaltela.pt\/noticias\/economia\/2026\/03\/13\/igcp-realiza-leiloes-de-ate-2-000-m-em-divida-a-6-e-12-meses\/","title":{"rendered":"IGCP realiza leil\u00f5es de at\u00e9 2.000 M\u20ac em d\u00edvida a 6 e 12 meses"},"content":{"rendered":"<p>O IGCP, Instituto de Gest\u00e3o da Tesouraria e da D\u00edvida P\u00fablica, vai realizar na quarta-feira leil\u00f5es de d\u00edvida p\u00fablica com maturidades de 6 e 12 meses. O montante total das emiss\u00f5es pode alcan\u00e7ar at\u00e9 2.000 milh\u00f5es de euros. Os leil\u00f5es fazem parte da estrat\u00e9gia de financiamento e gest\u00e3o da d\u00edvida p\u00fablica do Estado.<\/p>\n<p>Os leil\u00f5es, que acontecem no \u00e2mbito regular da programa\u00e7\u00e3o do IGCP, destinam-se a financiar necessidades de tesouraria de curto prazo. O objetivo \u00e9 manter a liquidez do mercado e otimizar o custo de financiamento p\u00fablico.<\/p>\n<p>Participantes institucionais e investidores privados podem apresentar lances pelos t\u00edtulos nos prazos de 6 e 12 meses. O IGCP avaliar\u00e1 as ofertas e definir\u00e1 as taxas de venda conforme a procura e as condi\u00e7\u00f5es do mercado no momento da emiss\u00e3o.<\/p>\n<h3>Contexto e objetivo<\/h3>\n<p>A iniciativa insere-se na miss\u00e3o de assegurar financiamento est\u00e1vel e previs\u00edvel para o Estado, dentro dos limites de maturidade e custo definidos pelo \u00f3rg\u00e3o gestor da d\u00edvida. As informa\u00e7\u00f5es finais sobre resultados s\u00e3o comunicadas pelas vias oficiais do IGCP ap\u00f3s o encerramento dos leil\u00f5es.<\/p>\n","protected":false},"excerpt":{"rendered":"<ul>\n<li>O IGCP vai realizar, na pr\u00f3xima quarta-feira, leil\u00f5es de d\u00edvida p\u00fablica.<\/li>\n<li>O montante m\u00e1ximo envolvido \u00e9 de at\u00e9 2.000 ME.<\/li>\n<li>As emiss\u00f5es previstas t\u00eam maturidades de 6 meses e 12 meses.<\/li>\n<\/ul>\n","protected":false},"author":2,"featured_media":409369,"comment_status":"closed","ping_status":"closed","sticky":false,"template":"","format":"standard","meta":{"footnotes":""},"categories":[2,6850],"tags":[4674,28,2417,6502,5577],"class_list":["post-409364","post","type-post","status-publish","format-standard","has-post-thumbnail","hentry","category-economia","category-financas","tag-divida-publica","tag-economia","tag-financiamento","tag-mercados","tag-recursos"],"yoast_head":"<!-- This site is optimized with the Yoast SEO plugin v27.2 - https:\/\/yoast.com\/product\/yoast-seo-wordpress\/ -->\n<title>IGCP realiza leil\u00f5es de at\u00e9 2.000 M\u20ac em d\u00edvida a 6 e 12 meses - Portal Tela Portugal<\/title>\n<meta name=\"robots\" content=\"index, follow, max-snippet:-1, max-image-preview:large, max-video-preview:-1\" \/>\n<meta property=\"og:locale\" content=\"pt_PT\" \/>\n<meta property=\"og:type\" content=\"article\" \/>\n<meta property=\"og:title\" content=\"IGCP realiza leil\u00f5es de at\u00e9 2.000 M\u20ac em d\u00edvida a 6 e 12 meses - Portal Tela Portugal\" \/>\n<meta property=\"og:description\" content=\"O IGCP vai realizar, na pr\u00f3xima quarta-feira, leil\u00f5es de d\u00edvida p\u00fablica. O montante m\u00e1ximo envolvido \u00e9 de at\u00e9 2.000 ME. As emiss\u00f5es previstas t\u00eam maturidades de 6 meses e 12 meses.\" \/>\n<meta property=\"og:url\" content=\"https:\/\/portaltela.pt\/noticias\/2026\/03\/13\/igcp-realiza-leiloes-de-ate-2-000-m-em-divida-a-6-e-12-meses\/\" \/>\n<meta property=\"og:site_name\" content=\"Portal Tela Portugal\" \/>\n<meta property=\"article:published_time\" content=\"2026-03-13T16:33:00+00:00\" \/>\n<meta name=\"author\" content=\"Telinha\" \/>\n<meta name=\"twitter:card\" content=\"summary_large_image\" \/>\n<meta name=\"twitter:label1\" content=\"Escrito por\" \/>\n\t<meta name=\"twitter:data1\" content=\"Telinha\" \/>\n\t<meta name=\"twitter:label2\" content=\"Tempo estimado de leitura\" \/>\n\t<meta name=\"twitter:data2\" content=\"1 minuto\" \/>\n<script type=\"application\/ld+json\" class=\"yoast-schema-graph\">{\"@context\":\"https:\/\/schema.org\",\"@graph\":[{\"@type\":\"Article\",\"@id\":\"https:\/\/portaltela.pt\/noticias\/2026\/03\/13\/igcp-realiza-leiloes-de-ate-2-000-m-em-divida-a-6-e-12-meses\/#article\",\"isPartOf\":{\"@id\":\"https:\/\/portaltela.pt\/noticias\/2026\/03\/13\/igcp-realiza-leiloes-de-ate-2-000-m-em-divida-a-6-e-12-meses\/\"},\"author\":{\"name\":\"Telinha\",\"@id\":\"https:\/\/portaltela.pt\/#\/schema\/person\/c4278d4a6028830caff9ee44b42d32ed\"},\"headline\":\"IGCP realiza leil\u00f5es de at\u00e9 2.000 M\u20ac em d\u00edvida a 6 e 12 meses\",\"datePublished\":\"2026-03-13T16:33:00+00:00\",\"mainEntityOfPage\":{\"@id\":\"https:\/\/portaltela.pt\/noticias\/2026\/03\/13\/igcp-realiza-leiloes-de-ate-2-000-m-em-divida-a-6-e-12-meses\/\"},\"wordCount\":211,\"image\":{\"@id\":\"https:\/\/portaltela.pt\/noticias\/2026\/03\/13\/igcp-realiza-leiloes-de-ate-2-000-m-em-divida-a-6-e-12-meses\/#primaryimage\"},\"thumbnailUrl\":\"https:\/\/portaltela.pt\/s.01k8rhncp4jt1\/2026\/03\/CACHE_780X1200_ANALOG_WATERMARKED_42585603_2408127_26032024081154-1.jpg\",\"keywords\":[\"d\u00edvida p\u00fablica\",\"economia\",\"financiamento\",\"mercados\",\"recursos\"],\"articleSection\":[\"Economia\",\"Finan\u00e7as\"],\"inLanguage\":\"pt-PT\"},{\"@type\":\"WebPage\",\"@id\":\"https:\/\/portaltela.pt\/noticias\/2026\/03\/13\/igcp-realiza-leiloes-de-ate-2-000-m-em-divida-a-6-e-12-meses\/\",\"url\":\"https:\/\/portaltela.pt\/noticias\/2026\/03\/13\/igcp-realiza-leiloes-de-ate-2-000-m-em-divida-a-6-e-12-meses\/\",\"name\":\"IGCP realiza leil\u00f5es de at\u00e9 2.000 M\u20ac em d\u00edvida a 6 e 12 meses - Portal Tela Portugal\",\"isPartOf\":{\"@id\":\"https:\/\/portaltela.pt\/#website\"},\"primaryImageOfPage\":{\"@id\":\"https:\/\/portaltela.pt\/noticias\/2026\/03\/13\/igcp-realiza-leiloes-de-ate-2-000-m-em-divida-a-6-e-12-meses\/#primaryimage\"},\"image\":{\"@id\":\"https:\/\/portaltela.pt\/noticias\/2026\/03\/13\/igcp-realiza-leiloes-de-ate-2-000-m-em-divida-a-6-e-12-meses\/#primaryimage\"},\"thumbnailUrl\":\"https:\/\/portaltela.pt\/s.01k8rhncp4jt1\/2026\/03\/CACHE_780X1200_ANALOG_WATERMARKED_42585603_2408127_26032024081154-1.jpg\",\"datePublished\":\"2026-03-13T16:33:00+00:00\",\"author\":{\"@id\":\"https:\/\/portaltela.pt\/#\/schema\/person\/c4278d4a6028830caff9ee44b42d32ed\"},\"breadcrumb\":{\"@id\":\"https:\/\/portaltela.pt\/noticias\/2026\/03\/13\/igcp-realiza-leiloes-de-ate-2-000-m-em-divida-a-6-e-12-meses\/#breadcrumb\"},\"inLanguage\":\"pt-PT\",\"potentialAction\":[{\"@type\":\"ReadAction\",\"target\":[\"https:\/\/portaltela.pt\/noticias\/2026\/03\/13\/igcp-realiza-leiloes-de-ate-2-000-m-em-divida-a-6-e-12-meses\/\"]}]},{\"@type\":\"ImageObject\",\"inLanguage\":\"pt-PT\",\"@id\":\"https:\/\/portaltela.pt\/noticias\/2026\/03\/13\/igcp-realiza-leiloes-de-ate-2-000-m-em-divida-a-6-e-12-meses\/#primaryimage\",\"url\":\"https:\/\/portaltela.pt\/s.01k8rhncp4jt1\/2026\/03\/CACHE_780X1200_ANALOG_WATERMARKED_42585603_2408127_26032024081154-1.jpg\",\"contentUrl\":\"https:\/\/portaltela.pt\/s.01k8rhncp4jt1\/2026\/03\/CACHE_780X1200_ANALOG_WATERMARKED_42585603_2408127_26032024081154-1.jpg\",\"width\":796,\"height\":448,\"caption\":\"IGCP realiza quarta-feira leil\u00f5es de at\u00e9 2.000 ME em d\u00edvida a 6 e 12 meses\"},{\"@type\":\"BreadcrumbList\",\"@id\":\"https:\/\/portaltela.pt\/noticias\/2026\/03\/13\/igcp-realiza-leiloes-de-ate-2-000-m-em-divida-a-6-e-12-meses\/#breadcrumb\",\"itemListElement\":[{\"@type\":\"ListItem\",\"position\":1,\"name\":\"In\u00edcio\",\"item\":\"https:\/\/portaltela.pt\/\"},{\"@type\":\"ListItem\",\"position\":2,\"name\":\"IGCP realiza leil\u00f5es de at\u00e9 2.000 M\u20ac em d\u00edvida a 6 e 12 meses\"}]},{\"@type\":\"WebSite\",\"@id\":\"https:\/\/portaltela.pt\/#website\",\"url\":\"https:\/\/portaltela.pt\/\",\"name\":\"Portal Tela Portugal\",\"description\":\"\",\"potentialAction\":[{\"@type\":\"SearchAction\",\"target\":{\"@type\":\"EntryPoint\",\"urlTemplate\":\"https:\/\/portaltela.pt\/?s={search_term_string}\"},\"query-input\":{\"@type\":\"PropertyValueSpecification\",\"valueRequired\":true,\"valueName\":\"search_term_string\"}}],\"inLanguage\":\"pt-PT\"},{\"@type\":\"Person\",\"@id\":\"https:\/\/portaltela.pt\/#\/schema\/person\/c4278d4a6028830caff9ee44b42d32ed\",\"name\":\"Telinha\",\"image\":{\"@type\":\"ImageObject\",\"inLanguage\":\"pt-PT\",\"@id\":\"https:\/\/portaltela.pt\/s.01k8rhncp4jt1\/2025\/11\/talking-bot-125x125.png\",\"url\":\"https:\/\/portaltela.pt\/s.01k8rhncp4jt1\/2025\/11\/talking-bot-125x125.png\",\"contentUrl\":\"https:\/\/portaltela.pt\/s.01k8rhncp4jt1\/2025\/11\/talking-bot-125x125.png\",\"caption\":\"Telinha\"},\"sameAs\":[\"https:\/\/portaltela.pt\/\"],\"url\":\"https:\/\/portaltela.pt\/por\/367410592786\/\"}]}<\/script>\n<!-- \/ Yoast SEO plugin. -->","yoast_head_json":{"title":"IGCP realiza leil\u00f5es de at\u00e9 2.000 M\u20ac em d\u00edvida a 6 e 12 meses - Portal Tela Portugal","robots":{"index":"index","follow":"follow","max-snippet":"max-snippet:-1","max-image-preview":"max-image-preview:large","max-video-preview":"max-video-preview:-1"},"og_locale":"pt_PT","og_type":"article","og_title":"IGCP realiza leil\u00f5es de at\u00e9 2.000 M\u20ac em d\u00edvida a 6 e 12 meses - Portal Tela Portugal","og_description":"O IGCP vai realizar, na pr\u00f3xima quarta-feira, leil\u00f5es de d\u00edvida p\u00fablica. O montante m\u00e1ximo envolvido \u00e9 de at\u00e9 2.000 ME. As emiss\u00f5es previstas t\u00eam maturidades de 6 meses e 12 meses.","og_url":"https:\/\/portaltela.pt\/noticias\/2026\/03\/13\/igcp-realiza-leiloes-de-ate-2-000-m-em-divida-a-6-e-12-meses\/","og_site_name":"Portal Tela Portugal","article_published_time":"2026-03-13T16:33:00+00:00","author":"Telinha","twitter_card":"summary_large_image","twitter_misc":{"Escrito por":"Telinha","Tempo estimado de leitura":"1 minuto"},"schema":{"@context":"https:\/\/schema.org","@graph":[{"@type":"Article","@id":"https:\/\/portaltela.pt\/noticias\/2026\/03\/13\/igcp-realiza-leiloes-de-ate-2-000-m-em-divida-a-6-e-12-meses\/#article","isPartOf":{"@id":"https:\/\/portaltela.pt\/noticias\/2026\/03\/13\/igcp-realiza-leiloes-de-ate-2-000-m-em-divida-a-6-e-12-meses\/"},"author":{"name":"Telinha","@id":"https:\/\/portaltela.pt\/#\/schema\/person\/c4278d4a6028830caff9ee44b42d32ed"},"headline":"IGCP realiza leil\u00f5es de at\u00e9 2.000 M\u20ac em d\u00edvida a 6 e 12 meses","datePublished":"2026-03-13T16:33:00+00:00","mainEntityOfPage":{"@id":"https:\/\/portaltela.pt\/noticias\/2026\/03\/13\/igcp-realiza-leiloes-de-ate-2-000-m-em-divida-a-6-e-12-meses\/"},"wordCount":211,"image":{"@id":"https:\/\/portaltela.pt\/noticias\/2026\/03\/13\/igcp-realiza-leiloes-de-ate-2-000-m-em-divida-a-6-e-12-meses\/#primaryimage"},"thumbnailUrl":"https:\/\/portaltela.pt\/s.01k8rhncp4jt1\/2026\/03\/CACHE_780X1200_ANALOG_WATERMARKED_42585603_2408127_26032024081154-1.jpg","keywords":["d\u00edvida p\u00fablica","economia","financiamento","mercados","recursos"],"articleSection":["Economia","Finan\u00e7as"],"inLanguage":"pt-PT"},{"@type":"WebPage","@id":"https:\/\/portaltela.pt\/noticias\/2026\/03\/13\/igcp-realiza-leiloes-de-ate-2-000-m-em-divida-a-6-e-12-meses\/","url":"https:\/\/portaltela.pt\/noticias\/2026\/03\/13\/igcp-realiza-leiloes-de-ate-2-000-m-em-divida-a-6-e-12-meses\/","name":"IGCP realiza leil\u00f5es de at\u00e9 2.000 M\u20ac em d\u00edvida a 6 e 12 meses - Portal Tela Portugal","isPartOf":{"@id":"https:\/\/portaltela.pt\/#website"},"primaryImageOfPage":{"@id":"https:\/\/portaltela.pt\/noticias\/2026\/03\/13\/igcp-realiza-leiloes-de-ate-2-000-m-em-divida-a-6-e-12-meses\/#primaryimage"},"image":{"@id":"https:\/\/portaltela.pt\/noticias\/2026\/03\/13\/igcp-realiza-leiloes-de-ate-2-000-m-em-divida-a-6-e-12-meses\/#primaryimage"},"thumbnailUrl":"https:\/\/portaltela.pt\/s.01k8rhncp4jt1\/2026\/03\/CACHE_780X1200_ANALOG_WATERMARKED_42585603_2408127_26032024081154-1.jpg","datePublished":"2026-03-13T16:33:00+00:00","author":{"@id":"https:\/\/portaltela.pt\/#\/schema\/person\/c4278d4a6028830caff9ee44b42d32ed"},"breadcrumb":{"@id":"https:\/\/portaltela.pt\/noticias\/2026\/03\/13\/igcp-realiza-leiloes-de-ate-2-000-m-em-divida-a-6-e-12-meses\/#breadcrumb"},"inLanguage":"pt-PT","potentialAction":[{"@type":"ReadAction","target":["https:\/\/portaltela.pt\/noticias\/2026\/03\/13\/igcp-realiza-leiloes-de-ate-2-000-m-em-divida-a-6-e-12-meses\/"]}]},{"@type":"ImageObject","inLanguage":"pt-PT","@id":"https:\/\/portaltela.pt\/noticias\/2026\/03\/13\/igcp-realiza-leiloes-de-ate-2-000-m-em-divida-a-6-e-12-meses\/#primaryimage","url":"https:\/\/portaltela.pt\/s.01k8rhncp4jt1\/2026\/03\/CACHE_780X1200_ANALOG_WATERMARKED_42585603_2408127_26032024081154-1.jpg","contentUrl":"https:\/\/portaltela.pt\/s.01k8rhncp4jt1\/2026\/03\/CACHE_780X1200_ANALOG_WATERMARKED_42585603_2408127_26032024081154-1.jpg","width":796,"height":448,"caption":"IGCP realiza quarta-feira leil\u00f5es de at\u00e9 2.000 ME em d\u00edvida a 6 e 12 meses"},{"@type":"BreadcrumbList","@id":"https:\/\/portaltela.pt\/noticias\/2026\/03\/13\/igcp-realiza-leiloes-de-ate-2-000-m-em-divida-a-6-e-12-meses\/#breadcrumb","itemListElement":[{"@type":"ListItem","position":1,"name":"In\u00edcio","item":"https:\/\/portaltela.pt\/"},{"@type":"ListItem","position":2,"name":"IGCP realiza leil\u00f5es de at\u00e9 2.000 M\u20ac em d\u00edvida a 6 e 12 meses"}]},{"@type":"WebSite","@id":"https:\/\/portaltela.pt\/#website","url":"https:\/\/portaltela.pt\/","name":"Portal Tela Portugal","description":"","potentialAction":[{"@type":"SearchAction","target":{"@type":"EntryPoint","urlTemplate":"https:\/\/portaltela.pt\/?s={search_term_string}"},"query-input":{"@type":"PropertyValueSpecification","valueRequired":true,"valueName":"search_term_string"}}],"inLanguage":"pt-PT"},{"@type":"Person","@id":"https:\/\/portaltela.pt\/#\/schema\/person\/c4278d4a6028830caff9ee44b42d32ed","name":"Telinha","image":{"@type":"ImageObject","inLanguage":"pt-PT","@id":"https:\/\/portaltela.pt\/s.01k8rhncp4jt1\/2025\/11\/talking-bot-125x125.png","url":"https:\/\/portaltela.pt\/s.01k8rhncp4jt1\/2025\/11\/talking-bot-125x125.png","contentUrl":"https:\/\/portaltela.pt\/s.01k8rhncp4jt1\/2025\/11\/talking-bot-125x125.png","caption":"Telinha"},"sameAs":["https:\/\/portaltela.pt\/"],"url":"https:\/\/portaltela.pt\/por\/367410592786\/"}]}},"_links":{"self":[{"href":"https:\/\/portaltela.pt\/api\/wp\/v2\/posts\/409364","targetHints":{"allow":["GET"]}}],"collection":[{"href":"https:\/\/portaltela.pt\/api\/wp\/v2\/posts"}],"about":[{"href":"https:\/\/portaltela.pt\/api\/wp\/v2\/types\/post"}],"author":[{"embeddable":true,"href":"https:\/\/portaltela.pt\/api\/wp\/v2\/users\/2"}],"replies":[{"embeddable":true,"href":"https:\/\/portaltela.pt\/api\/wp\/v2\/comments?post=409364"}],"version-history":[{"count":0,"href":"https:\/\/portaltela.pt\/api\/wp\/v2\/posts\/409364\/revisions"}],"wp:featuredmedia":[{"embeddable":true,"href":"https:\/\/portaltela.pt\/api\/wp\/v2\/media\/409369"}],"wp:attachment":[{"href":"https:\/\/portaltela.pt\/api\/wp\/v2\/media?parent=409364"}],"wp:term":[{"taxonomy":"category","embeddable":true,"href":"https:\/\/portaltela.pt\/api\/wp\/v2\/categories?post=409364"},{"taxonomy":"post_tag","embeddable":true,"href":"https:\/\/portaltela.pt\/api\/wp\/v2\/tags?post=409364"}],"curies":[{"name":"wp","href":"https:\/\/api.w.org\/{rel}","templated":true}]}}