{"id":409358,"date":"2026-03-13T16:45:00","date_gmt":"2026-03-13T19:45:00","guid":{"rendered":"https:\/\/portaltela.pt\/noticias\/2026\/03\/13\/antiga-estrela-do-benfica-esta-de-luto\/"},"modified":"2026-03-13T16:45:00","modified_gmt":"2026-03-13T19:45:00","slug":"antiga-estrela-do-benfica-esta-de-luto","status":"publish","type":"post","link":"https:\/\/portaltela.pt\/desporto\/futebol\/2026\/03\/13\/antiga-estrela-do-benfica-esta-de-luto\/","title":{"rendered":"Antiga estrela do Benfica est\u00e1 de luto"},"content":{"rendered":"<p>Ra\u00fal Jim\u00e9nez, antigo jogador do Benfica, est\u00e1 de luto pela morte do pai, Ra\u00fal Jim\u00e9nez Vega. A not\u00edcia foi anunciada pela Federa\u00e7\u00e3o Mexicana de Futebol (FMF) e pela Sele\u00e7\u00e3o Nacional do M\u00e9xico nas redes sociais.<\/p>\n<p>A publica\u00e7\u00e3o oficial confirmou o falecimento de Don Ra\u00fal Jim\u00e9nez Vega e expressou condol\u00eancias \u00e0 fam\u00edlia, solidarizando-se com os entes queridos do jogador. A mensagem desejou for\u00e7a \u00e0 fam\u00edlia neste momento dif\u00edcil.<\/p>\n<p>O jogador atua hoje pelo Fulham, clube onde joga desde 2023, ap\u00f3s passagem pelo Wolverhampton. O clube brit\u00e2nico tamb\u00e9m lamentou a perda, acrescentando palavras de apoio a Ra\u00fal Jim\u00e9nez.<\/p>\n<p>Ra\u00fal Jim\u00e9nez deixou o Benfica em 2019, ap\u00f3s quatro anos ao servi\u00e7o do emblema encarnado. A not\u00edcia da perda familiar chega numa altura em que o ponta-de-lan\u00e7a tem estado concentrado na competi\u00e7\u00e3o com o Fulham.<\/p>\n","protected":false},"excerpt":{"rendered":"<ul>\n<li>Ra\u00fal Jim\u00e9nez, antigo jogador do Benfica, est\u00e1 de luto pela morte do pai, Ra\u00fal Jim\u00e9nez Vega.<\/li>\n<li>A not\u00edcia foi anunciada pela Federa\u00e7\u00e3o Mexicana de Futebol (FMF) e pela Sele\u00e7\u00e3o Nacional do M\u00e9xico atrav\u00e9s das redes sociais.<\/li>\n<li>A mensagem de condol\u00eancias afirma que a FMF e a Sele\u00e7\u00e3o enviam for\u00e7a \u00e0 fam\u00edlia neste momento dif\u00edcil.<\/li>\n<li>O Fulham, equipa atual do avan\u00e7ado de 34 anos, tamb\u00e9m expressou as suas condol\u00eancias.<\/li>\n<li>Jim\u00e9nez deixou o Benfica em 2019, ap\u00f3s quatro anos, passou pelo Wolverhampton e transferiu-se para o Fulham em 2023.<\/li>\n<\/ul>\n","protected":false},"author":2,"featured_media":409362,"comment_status":"closed","ping_status":"closed","sticky":false,"template":"","format":"standard","meta":{"footnotes":""},"categories":[21,24],"tags":[1946,32,3338,6380,6605],"class_list":["post-409358","post","type-post","status-publish","format-standard","has-post-thumbnail","hentry","category-desporto","category-futebol","tag-benfica","tag-futebol","tag-futebol-internacional","tag-mexico","tag-wolverhampton"],"yoast_head":"<!-- This site is optimized with the Yoast SEO plugin v27.2 - https:\/\/yoast.com\/product\/yoast-seo-wordpress\/ -->\n<title>Antiga estrela do Benfica est\u00e1 de luto - Portal Tela Portugal<\/title>\n<meta name=\"robots\" content=\"index, follow, max-snippet:-1, max-image-preview:large, max-video-preview:-1\" \/>\n<meta property=\"og:locale\" content=\"pt_PT\" \/>\n<meta property=\"og:type\" content=\"article\" \/>\n<meta property=\"og:title\" content=\"Antiga estrela do Benfica est\u00e1 de luto - Portal Tela Portugal\" \/>\n<meta property=\"og:description\" content=\"Ra\u00fal Jim\u00e9nez, antigo jogador do Benfica, est\u00e1 de luto pela morte do pai, Ra\u00fal Jim\u00e9nez Vega. A not\u00edcia foi anunciada pela Federa\u00e7\u00e3o Mexicana de Futebol (FMF) e pela Sele\u00e7\u00e3o Nacional do M\u00e9xico atrav\u00e9s das redes sociais. A mensagem de condol\u00eancias afirma que a FMF e a Sele\u00e7\u00e3o enviam for\u00e7a \u00e0 fam\u00edlia neste momento dif\u00edcil. O Fulham, equipa atual do avan\u00e7ado de 34 anos, tamb\u00e9m expressou as suas condol\u00eancias. Jim\u00e9nez deixou o Benfica em 2019, ap\u00f3s quatro anos, passou pelo Wolverhampton e transferiu-se para o Fulham em 2023.\" \/>\n<meta property=\"og:url\" content=\"https:\/\/portaltela.pt\/noticias\/2026\/03\/13\/antiga-estrela-do-benfica-esta-de-luto\/\" \/>\n<meta property=\"og:site_name\" content=\"Portal Tela Portugal\" \/>\n<meta property=\"article:published_time\" content=\"2026-03-13T19:45:00+00:00\" \/>\n<meta name=\"author\" content=\"Telinha\" \/>\n<meta name=\"twitter:card\" content=\"summary_large_image\" \/>\n<meta name=\"twitter:label1\" content=\"Escrito por\" \/>\n\t<meta name=\"twitter:data1\" content=\"Telinha\" \/>\n\t<meta name=\"twitter:label2\" content=\"Tempo estimado de leitura\" \/>\n\t<meta name=\"twitter:data2\" content=\"1 minuto\" \/>\n<script type=\"application\/ld+json\" class=\"yoast-schema-graph\">{\"@context\":\"https:\/\/schema.org\",\"@graph\":[{\"@type\":\"Article\",\"@id\":\"https:\/\/portaltela.pt\/noticias\/2026\/03\/13\/antiga-estrela-do-benfica-esta-de-luto\/#article\",\"isPartOf\":{\"@id\":\"https:\/\/portaltela.pt\/noticias\/2026\/03\/13\/antiga-estrela-do-benfica-esta-de-luto\/\"},\"author\":{\"name\":\"Telinha\",\"@id\":\"https:\/\/portaltela.pt\/#\/schema\/person\/c4278d4a6028830caff9ee44b42d32ed\"},\"headline\":\"Antiga estrela do Benfica est\u00e1 de luto\",\"datePublished\":\"2026-03-13T19:45:00+00:00\",\"mainEntityOfPage\":{\"@id\":\"https:\/\/portaltela.pt\/noticias\/2026\/03\/13\/antiga-estrela-do-benfica-esta-de-luto\/\"},\"wordCount\":162,\"image\":{\"@id\":\"https:\/\/portaltela.pt\/noticias\/2026\/03\/13\/antiga-estrela-do-benfica-esta-de-luto\/#primaryimage\"},\"thumbnailUrl\":\"https:\/\/portaltela.pt\/s.01k8rhncp4jt1\/2026\/03\/img_1280x718uu2026-03-13-12-16-48-2272105-im-639090010423159502.jpg\",\"keywords\":[\"Benfica\",\"futebol\",\"futebol internacional\",\"M\u00e9xico\",\"Wolverhampton\"],\"articleSection\":[\"Desporto\",\"Futebol\"],\"inLanguage\":\"pt-PT\"},{\"@type\":\"WebPage\",\"@id\":\"https:\/\/portaltela.pt\/noticias\/2026\/03\/13\/antiga-estrela-do-benfica-esta-de-luto\/\",\"url\":\"https:\/\/portaltela.pt\/noticias\/2026\/03\/13\/antiga-estrela-do-benfica-esta-de-luto\/\",\"name\":\"Antiga estrela do Benfica est\u00e1 de luto - Portal Tela Portugal\",\"isPartOf\":{\"@id\":\"https:\/\/portaltela.pt\/#website\"},\"primaryImageOfPage\":{\"@id\":\"https:\/\/portaltela.pt\/noticias\/2026\/03\/13\/antiga-estrela-do-benfica-esta-de-luto\/#primaryimage\"},\"image\":{\"@id\":\"https:\/\/portaltela.pt\/noticias\/2026\/03\/13\/antiga-estrela-do-benfica-esta-de-luto\/#primaryimage\"},\"thumbnailUrl\":\"https:\/\/portaltela.pt\/s.01k8rhncp4jt1\/2026\/03\/img_1280x718uu2026-03-13-12-16-48-2272105-im-639090010423159502.jpg\",\"datePublished\":\"2026-03-13T19:45:00+00:00\",\"author\":{\"@id\":\"https:\/\/portaltela.pt\/#\/schema\/person\/c4278d4a6028830caff9ee44b42d32ed\"},\"breadcrumb\":{\"@id\":\"https:\/\/portaltela.pt\/noticias\/2026\/03\/13\/antiga-estrela-do-benfica-esta-de-luto\/#breadcrumb\"},\"inLanguage\":\"pt-PT\",\"potentialAction\":[{\"@type\":\"ReadAction\",\"target\":[\"https:\/\/portaltela.pt\/noticias\/2026\/03\/13\/antiga-estrela-do-benfica-esta-de-luto\/\"]}]},{\"@type\":\"ImageObject\",\"inLanguage\":\"pt-PT\",\"@id\":\"https:\/\/portaltela.pt\/noticias\/2026\/03\/13\/antiga-estrela-do-benfica-esta-de-luto\/#primaryimage\",\"url\":\"https:\/\/portaltela.pt\/s.01k8rhncp4jt1\/2026\/03\/img_1280x718uu2026-03-13-12-16-48-2272105-im-639090010423159502.jpg\",\"contentUrl\":\"https:\/\/portaltela.pt\/s.01k8rhncp4jt1\/2026\/03\/img_1280x718uu2026-03-13-12-16-48-2272105-im-639090010423159502.jpg\",\"width\":796,\"height\":448,\"caption\":\"Ra\u00fal Jim\u00e9nez\"},{\"@type\":\"BreadcrumbList\",\"@id\":\"https:\/\/portaltela.pt\/noticias\/2026\/03\/13\/antiga-estrela-do-benfica-esta-de-luto\/#breadcrumb\",\"itemListElement\":[{\"@type\":\"ListItem\",\"position\":1,\"name\":\"In\u00edcio\",\"item\":\"https:\/\/portaltela.pt\/\"},{\"@type\":\"ListItem\",\"position\":2,\"name\":\"Antiga estrela do Benfica est\u00e1 de luto\"}]},{\"@type\":\"WebSite\",\"@id\":\"https:\/\/portaltela.pt\/#website\",\"url\":\"https:\/\/portaltela.pt\/\",\"name\":\"Portal Tela Portugal\",\"description\":\"\",\"potentialAction\":[{\"@type\":\"SearchAction\",\"target\":{\"@type\":\"EntryPoint\",\"urlTemplate\":\"https:\/\/portaltela.pt\/?s={search_term_string}\"},\"query-input\":{\"@type\":\"PropertyValueSpecification\",\"valueRequired\":true,\"valueName\":\"search_term_string\"}}],\"inLanguage\":\"pt-PT\"},{\"@type\":\"Person\",\"@id\":\"https:\/\/portaltela.pt\/#\/schema\/person\/c4278d4a6028830caff9ee44b42d32ed\",\"name\":\"Telinha\",\"image\":{\"@type\":\"ImageObject\",\"inLanguage\":\"pt-PT\",\"@id\":\"https:\/\/portaltela.pt\/s.01k8rhncp4jt1\/2025\/11\/talking-bot-125x125.png\",\"url\":\"https:\/\/portaltela.pt\/s.01k8rhncp4jt1\/2025\/11\/talking-bot-125x125.png\",\"contentUrl\":\"https:\/\/portaltela.pt\/s.01k8rhncp4jt1\/2025\/11\/talking-bot-125x125.png\",\"caption\":\"Telinha\"},\"sameAs\":[\"https:\/\/portaltela.pt\/\"],\"url\":\"https:\/\/portaltela.pt\/por\/367410592786\/\"}]}<\/script>\n<!-- \/ Yoast SEO plugin. -->","yoast_head_json":{"title":"Antiga estrela do Benfica est\u00e1 de luto - Portal Tela Portugal","robots":{"index":"index","follow":"follow","max-snippet":"max-snippet:-1","max-image-preview":"max-image-preview:large","max-video-preview":"max-video-preview:-1"},"og_locale":"pt_PT","og_type":"article","og_title":"Antiga estrela do Benfica est\u00e1 de luto - Portal Tela Portugal","og_description":"Ra\u00fal Jim\u00e9nez, antigo jogador do Benfica, est\u00e1 de luto pela morte do pai, Ra\u00fal Jim\u00e9nez Vega. A not\u00edcia foi anunciada pela Federa\u00e7\u00e3o Mexicana de Futebol (FMF) e pela Sele\u00e7\u00e3o Nacional do M\u00e9xico atrav\u00e9s das redes sociais. A mensagem de condol\u00eancias afirma que a FMF e a Sele\u00e7\u00e3o enviam for\u00e7a \u00e0 fam\u00edlia neste momento dif\u00edcil. O Fulham, equipa atual do avan\u00e7ado de 34 anos, tamb\u00e9m expressou as suas condol\u00eancias. Jim\u00e9nez deixou o Benfica em 2019, ap\u00f3s quatro anos, passou pelo Wolverhampton e transferiu-se para o Fulham em 2023.","og_url":"https:\/\/portaltela.pt\/noticias\/2026\/03\/13\/antiga-estrela-do-benfica-esta-de-luto\/","og_site_name":"Portal Tela Portugal","article_published_time":"2026-03-13T19:45:00+00:00","author":"Telinha","twitter_card":"summary_large_image","twitter_misc":{"Escrito por":"Telinha","Tempo estimado de leitura":"1 minuto"},"schema":{"@context":"https:\/\/schema.org","@graph":[{"@type":"Article","@id":"https:\/\/portaltela.pt\/noticias\/2026\/03\/13\/antiga-estrela-do-benfica-esta-de-luto\/#article","isPartOf":{"@id":"https:\/\/portaltela.pt\/noticias\/2026\/03\/13\/antiga-estrela-do-benfica-esta-de-luto\/"},"author":{"name":"Telinha","@id":"https:\/\/portaltela.pt\/#\/schema\/person\/c4278d4a6028830caff9ee44b42d32ed"},"headline":"Antiga estrela do Benfica est\u00e1 de luto","datePublished":"2026-03-13T19:45:00+00:00","mainEntityOfPage":{"@id":"https:\/\/portaltela.pt\/noticias\/2026\/03\/13\/antiga-estrela-do-benfica-esta-de-luto\/"},"wordCount":162,"image":{"@id":"https:\/\/portaltela.pt\/noticias\/2026\/03\/13\/antiga-estrela-do-benfica-esta-de-luto\/#primaryimage"},"thumbnailUrl":"https:\/\/portaltela.pt\/s.01k8rhncp4jt1\/2026\/03\/img_1280x718uu2026-03-13-12-16-48-2272105-im-639090010423159502.jpg","keywords":["Benfica","futebol","futebol internacional","M\u00e9xico","Wolverhampton"],"articleSection":["Desporto","Futebol"],"inLanguage":"pt-PT"},{"@type":"WebPage","@id":"https:\/\/portaltela.pt\/noticias\/2026\/03\/13\/antiga-estrela-do-benfica-esta-de-luto\/","url":"https:\/\/portaltela.pt\/noticias\/2026\/03\/13\/antiga-estrela-do-benfica-esta-de-luto\/","name":"Antiga estrela do Benfica est\u00e1 de luto - Portal Tela Portugal","isPartOf":{"@id":"https:\/\/portaltela.pt\/#website"},"primaryImageOfPage":{"@id":"https:\/\/portaltela.pt\/noticias\/2026\/03\/13\/antiga-estrela-do-benfica-esta-de-luto\/#primaryimage"},"image":{"@id":"https:\/\/portaltela.pt\/noticias\/2026\/03\/13\/antiga-estrela-do-benfica-esta-de-luto\/#primaryimage"},"thumbnailUrl":"https:\/\/portaltela.pt\/s.01k8rhncp4jt1\/2026\/03\/img_1280x718uu2026-03-13-12-16-48-2272105-im-639090010423159502.jpg","datePublished":"2026-03-13T19:45:00+00:00","author":{"@id":"https:\/\/portaltela.pt\/#\/schema\/person\/c4278d4a6028830caff9ee44b42d32ed"},"breadcrumb":{"@id":"https:\/\/portaltela.pt\/noticias\/2026\/03\/13\/antiga-estrela-do-benfica-esta-de-luto\/#breadcrumb"},"inLanguage":"pt-PT","potentialAction":[{"@type":"ReadAction","target":["https:\/\/portaltela.pt\/noticias\/2026\/03\/13\/antiga-estrela-do-benfica-esta-de-luto\/"]}]},{"@type":"ImageObject","inLanguage":"pt-PT","@id":"https:\/\/portaltela.pt\/noticias\/2026\/03\/13\/antiga-estrela-do-benfica-esta-de-luto\/#primaryimage","url":"https:\/\/portaltela.pt\/s.01k8rhncp4jt1\/2026\/03\/img_1280x718uu2026-03-13-12-16-48-2272105-im-639090010423159502.jpg","contentUrl":"https:\/\/portaltela.pt\/s.01k8rhncp4jt1\/2026\/03\/img_1280x718uu2026-03-13-12-16-48-2272105-im-639090010423159502.jpg","width":796,"height":448,"caption":"Ra\u00fal Jim\u00e9nez"},{"@type":"BreadcrumbList","@id":"https:\/\/portaltela.pt\/noticias\/2026\/03\/13\/antiga-estrela-do-benfica-esta-de-luto\/#breadcrumb","itemListElement":[{"@type":"ListItem","position":1,"name":"In\u00edcio","item":"https:\/\/portaltela.pt\/"},{"@type":"ListItem","position":2,"name":"Antiga estrela do Benfica est\u00e1 de luto"}]},{"@type":"WebSite","@id":"https:\/\/portaltela.pt\/#website","url":"https:\/\/portaltela.pt\/","name":"Portal Tela Portugal","description":"","potentialAction":[{"@type":"SearchAction","target":{"@type":"EntryPoint","urlTemplate":"https:\/\/portaltela.pt\/?s={search_term_string}"},"query-input":{"@type":"PropertyValueSpecification","valueRequired":true,"valueName":"search_term_string"}}],"inLanguage":"pt-PT"},{"@type":"Person","@id":"https:\/\/portaltela.pt\/#\/schema\/person\/c4278d4a6028830caff9ee44b42d32ed","name":"Telinha","image":{"@type":"ImageObject","inLanguage":"pt-PT","@id":"https:\/\/portaltela.pt\/s.01k8rhncp4jt1\/2025\/11\/talking-bot-125x125.png","url":"https:\/\/portaltela.pt\/s.01k8rhncp4jt1\/2025\/11\/talking-bot-125x125.png","contentUrl":"https:\/\/portaltela.pt\/s.01k8rhncp4jt1\/2025\/11\/talking-bot-125x125.png","caption":"Telinha"},"sameAs":["https:\/\/portaltela.pt\/"],"url":"https:\/\/portaltela.pt\/por\/367410592786\/"}]}},"_links":{"self":[{"href":"https:\/\/portaltela.pt\/api\/wp\/v2\/posts\/409358","targetHints":{"allow":["GET"]}}],"collection":[{"href":"https:\/\/portaltela.pt\/api\/wp\/v2\/posts"}],"about":[{"href":"https:\/\/portaltela.pt\/api\/wp\/v2\/types\/post"}],"author":[{"embeddable":true,"href":"https:\/\/portaltela.pt\/api\/wp\/v2\/users\/2"}],"replies":[{"embeddable":true,"href":"https:\/\/portaltela.pt\/api\/wp\/v2\/comments?post=409358"}],"version-history":[{"count":0,"href":"https:\/\/portaltela.pt\/api\/wp\/v2\/posts\/409358\/revisions"}],"wp:featuredmedia":[{"embeddable":true,"href":"https:\/\/portaltela.pt\/api\/wp\/v2\/media\/409362"}],"wp:attachment":[{"href":"https:\/\/portaltela.pt\/api\/wp\/v2\/media?parent=409358"}],"wp:term":[{"taxonomy":"category","embeddable":true,"href":"https:\/\/portaltela.pt\/api\/wp\/v2\/categories?post=409358"},{"taxonomy":"post_tag","embeddable":true,"href":"https:\/\/portaltela.pt\/api\/wp\/v2\/tags?post=409358"}],"curies":[{"name":"wp","href":"https:\/\/api.w.org\/{rel}","templated":true}]}}