{"id":409357,"date":"2026-03-13T14:35:00","date_gmt":"2026-03-13T17:35:00","guid":{"rendered":"https:\/\/portaltela.pt\/noticias\/2026\/03\/13\/finlandia-nao-tera-armas-nucleares-em-tempo-de-paz-afirma-presidente\/"},"modified":"2026-03-13T14:35:00","modified_gmt":"2026-03-13T17:35:00","slug":"finlandia-nao-tera-armas-nucleares-em-tempo-de-paz-afirma-presidente","status":"publish","type":"post","link":"https:\/\/portaltela.pt\/noticias\/2026\/03\/13\/finlandia-nao-tera-armas-nucleares-em-tempo-de-paz-afirma-presidente\/","title":{"rendered":"Finl\u00e2ndia n\u00e3o ter\u00e1 armas nucleares em tempo de paz, afirma Presidente"},"content":{"rendered":"<p>O presidente da Finl\u00e2ndia afirmou que o pa\u00eds n\u00e3o ter\u00e1 armas nucleares no seu territ\u00f3rio em tempo de paz, reiterando a posi\u00e7\u00e3o de n\u00e3o prolifera\u00e7\u00e3o do pa\u00eds. A declara\u00e7\u00e3o desmente eventual especula\u00e7\u00e3o sobre a instala\u00e7\u00e3o de armamento nuclear no territ\u00f3rio finland\u00eas.<\/p>\n<p>Segundo o presidente, a Finl\u00e2ndia mant\u00e9m uma pol\u00edtica de defesa baseada em coopera\u00e7\u00e3o internacional, em alinhamento com compromissos de seguran\u00e7a regional. A comunica\u00e7\u00e3o n\u00e3o detalhou planos alternativos de seguran\u00e7a ou cen\u00e1rios de crise.<\/p>\n<p>As autoridades n\u00e3o divulgaram informa\u00e7\u00f5es adicionais sobre as circunst\u00e2ncias da declara\u00e7\u00e3o. O posicionamento surge em contexto de debates sobre seguran\u00e7a europeia e rela\u00e7\u00e3o com aliados, sem indicar altera\u00e7\u00f5es a tratados ou acordos vigentes.<\/p>\n","protected":false},"excerpt":{"rendered":"<ul>\n<li>O Presidente da Finl\u00e2ndia afirmou que o pa\u00eds n\u00e3o ter\u00e1 armas nucleares no seu territ\u00f3rio em tempo de paz.<\/li>\n<li>A declara\u00e7\u00e3o deixa claro o posicionamento oficial sobre a presen\u00e7a de armamento nuclear no pa\u00eds.<\/li>\n<li>A not\u00edcia completa est\u00e1 dispon\u00edvel apenas para subscritores.<\/li>\n<li>O texto n\u00e3o inclui detalhes adicionais sobre contexto ou motiva\u00e7\u00f5es, por ser conte\u00fado pago.<\/li>\n<\/ul>\n","protected":false},"author":2,"featured_media":409360,"comment_status":"closed","ping_status":"closed","sticky":false,"template":"","format":"standard","meta":{"footnotes":""},"categories":[1],"tags":[182,256,6703,3484,6778,4222],"class_list":["post-409357","post","type-post","status-publish","format-standard","has-post-thumbnail","hentry","category-noticias","tag-armas","tag-cooperacao-internacional","tag-diplomacia-internacional","tag-finlandia","tag-programa-nuclear","tag-seguranca-internacional"],"yoast_head":"<!-- This site is optimized with the Yoast SEO plugin v27.2 - https:\/\/yoast.com\/product\/yoast-seo-wordpress\/ -->\n<title>Finl\u00e2ndia n\u00e3o ter\u00e1 armas nucleares em tempo de paz, afirma Presidente - Portal Tela Portugal<\/title>\n<meta name=\"robots\" content=\"index, follow, max-snippet:-1, max-image-preview:large, max-video-preview:-1\" \/>\n<meta property=\"og:locale\" content=\"pt_PT\" \/>\n<meta property=\"og:type\" content=\"article\" \/>\n<meta property=\"og:title\" content=\"Finl\u00e2ndia n\u00e3o ter\u00e1 armas nucleares em tempo de paz, afirma Presidente - Portal Tela Portugal\" \/>\n<meta property=\"og:description\" content=\"O Presidente da Finl\u00e2ndia afirmou que o pa\u00eds n\u00e3o ter\u00e1 armas nucleares no seu territ\u00f3rio em tempo de paz. A declara\u00e7\u00e3o deixa claro o posicionamento oficial sobre a presen\u00e7a de armamento nuclear no pa\u00eds. A not\u00edcia completa est\u00e1 dispon\u00edvel apenas para subscritores. O texto n\u00e3o inclui detalhes adicionais sobre contexto ou motiva\u00e7\u00f5es, por ser conte\u00fado pago.\" \/>\n<meta property=\"og:url\" content=\"https:\/\/portaltela.pt\/noticias\/2026\/03\/13\/finlandia-nao-tera-armas-nucleares-em-tempo-de-paz-afirma-presidente\/\" \/>\n<meta property=\"og:site_name\" content=\"Portal Tela Portugal\" \/>\n<meta property=\"article:published_time\" content=\"2026-03-13T17:35:00+00:00\" \/>\n<meta name=\"author\" content=\"Telinha\" \/>\n<meta name=\"twitter:card\" content=\"summary_large_image\" \/>\n<meta name=\"twitter:label1\" content=\"Escrito por\" \/>\n\t<meta name=\"twitter:data1\" content=\"Telinha\" \/>\n\t<meta name=\"twitter:label2\" content=\"Tempo estimado de leitura\" \/>\n\t<meta name=\"twitter:data2\" content=\"1 minuto\" \/>\n<script type=\"application\/ld+json\" class=\"yoast-schema-graph\">{\"@context\":\"https:\/\/schema.org\",\"@graph\":[{\"@type\":\"Article\",\"@id\":\"https:\/\/portaltela.pt\/noticias\/2026\/03\/13\/finlandia-nao-tera-armas-nucleares-em-tempo-de-paz-afirma-presidente\/#article\",\"isPartOf\":{\"@id\":\"https:\/\/portaltela.pt\/noticias\/2026\/03\/13\/finlandia-nao-tera-armas-nucleares-em-tempo-de-paz-afirma-presidente\/\"},\"author\":{\"name\":\"Telinha\",\"@id\":\"https:\/\/portaltela.pt\/#\/schema\/person\/c4278d4a6028830caff9ee44b42d32ed\"},\"headline\":\"Finl\u00e2ndia n\u00e3o ter\u00e1 armas nucleares em tempo de paz, afirma Presidente\",\"datePublished\":\"2026-03-13T17:35:00+00:00\",\"mainEntityOfPage\":{\"@id\":\"https:\/\/portaltela.pt\/noticias\/2026\/03\/13\/finlandia-nao-tera-armas-nucleares-em-tempo-de-paz-afirma-presidente\/\"},\"wordCount\":149,\"image\":{\"@id\":\"https:\/\/portaltela.pt\/noticias\/2026\/03\/13\/finlandia-nao-tera-armas-nucleares-em-tempo-de-paz-afirma-presidente\/#primaryimage\"},\"thumbnailUrl\":\"https:\/\/portaltela.pt\/s.01k8rhncp4jt1\/2026\/03\/CACHE_780X1200_ANALOG_WATERMARKED_46746582_537132936415534.jpg\",\"keywords\":[\"armas\",\"coopera\u00e7\u00e3o internacional\",\"diplomacia internacional\",\"Finl\u00e2ndia\",\"Programa nuclear\",\"seguran\u00e7a internacional\"],\"articleSection\":[\"Not\u00edcias\"],\"inLanguage\":\"pt-PT\"},{\"@type\":\"WebPage\",\"@id\":\"https:\/\/portaltela.pt\/noticias\/2026\/03\/13\/finlandia-nao-tera-armas-nucleares-em-tempo-de-paz-afirma-presidente\/\",\"url\":\"https:\/\/portaltela.pt\/noticias\/2026\/03\/13\/finlandia-nao-tera-armas-nucleares-em-tempo-de-paz-afirma-presidente\/\",\"name\":\"Finl\u00e2ndia n\u00e3o ter\u00e1 armas nucleares em tempo de paz, afirma Presidente - Portal Tela Portugal\",\"isPartOf\":{\"@id\":\"https:\/\/portaltela.pt\/#website\"},\"primaryImageOfPage\":{\"@id\":\"https:\/\/portaltela.pt\/noticias\/2026\/03\/13\/finlandia-nao-tera-armas-nucleares-em-tempo-de-paz-afirma-presidente\/#primaryimage\"},\"image\":{\"@id\":\"https:\/\/portaltela.pt\/noticias\/2026\/03\/13\/finlandia-nao-tera-armas-nucleares-em-tempo-de-paz-afirma-presidente\/#primaryimage\"},\"thumbnailUrl\":\"https:\/\/portaltela.pt\/s.01k8rhncp4jt1\/2026\/03\/CACHE_780X1200_ANALOG_WATERMARKED_46746582_537132936415534.jpg\",\"datePublished\":\"2026-03-13T17:35:00+00:00\",\"author\":{\"@id\":\"https:\/\/portaltela.pt\/#\/schema\/person\/c4278d4a6028830caff9ee44b42d32ed\"},\"breadcrumb\":{\"@id\":\"https:\/\/portaltela.pt\/noticias\/2026\/03\/13\/finlandia-nao-tera-armas-nucleares-em-tempo-de-paz-afirma-presidente\/#breadcrumb\"},\"inLanguage\":\"pt-PT\",\"potentialAction\":[{\"@type\":\"ReadAction\",\"target\":[\"https:\/\/portaltela.pt\/noticias\/2026\/03\/13\/finlandia-nao-tera-armas-nucleares-em-tempo-de-paz-afirma-presidente\/\"]}]},{\"@type\":\"ImageObject\",\"inLanguage\":\"pt-PT\",\"@id\":\"https:\/\/portaltela.pt\/noticias\/2026\/03\/13\/finlandia-nao-tera-armas-nucleares-em-tempo-de-paz-afirma-presidente\/#primaryimage\",\"url\":\"https:\/\/portaltela.pt\/s.01k8rhncp4jt1\/2026\/03\/CACHE_780X1200_ANALOG_WATERMARKED_46746582_537132936415534.jpg\",\"contentUrl\":\"https:\/\/portaltela.pt\/s.01k8rhncp4jt1\/2026\/03\/CACHE_780X1200_ANALOG_WATERMARKED_46746582_537132936415534.jpg\",\"width\":796,\"height\":448,\"caption\":\"Finl\u00e2ndia n\u00e3o ter\u00e1 armas nucleares no seu territ\u00f3rio em tempo de paz - Presidente\"},{\"@type\":\"BreadcrumbList\",\"@id\":\"https:\/\/portaltela.pt\/noticias\/2026\/03\/13\/finlandia-nao-tera-armas-nucleares-em-tempo-de-paz-afirma-presidente\/#breadcrumb\",\"itemListElement\":[{\"@type\":\"ListItem\",\"position\":1,\"name\":\"In\u00edcio\",\"item\":\"https:\/\/portaltela.pt\/\"},{\"@type\":\"ListItem\",\"position\":2,\"name\":\"Finl\u00e2ndia n\u00e3o ter\u00e1 armas nucleares em tempo de paz, afirma Presidente\"}]},{\"@type\":\"WebSite\",\"@id\":\"https:\/\/portaltela.pt\/#website\",\"url\":\"https:\/\/portaltela.pt\/\",\"name\":\"Portal Tela Portugal\",\"description\":\"\",\"potentialAction\":[{\"@type\":\"SearchAction\",\"target\":{\"@type\":\"EntryPoint\",\"urlTemplate\":\"https:\/\/portaltela.pt\/?s={search_term_string}\"},\"query-input\":{\"@type\":\"PropertyValueSpecification\",\"valueRequired\":true,\"valueName\":\"search_term_string\"}}],\"inLanguage\":\"pt-PT\"},{\"@type\":\"Person\",\"@id\":\"https:\/\/portaltela.pt\/#\/schema\/person\/c4278d4a6028830caff9ee44b42d32ed\",\"name\":\"Telinha\",\"image\":{\"@type\":\"ImageObject\",\"inLanguage\":\"pt-PT\",\"@id\":\"https:\/\/portaltela.pt\/s.01k8rhncp4jt1\/2025\/11\/talking-bot-125x125.png\",\"url\":\"https:\/\/portaltela.pt\/s.01k8rhncp4jt1\/2025\/11\/talking-bot-125x125.png\",\"contentUrl\":\"https:\/\/portaltela.pt\/s.01k8rhncp4jt1\/2025\/11\/talking-bot-125x125.png\",\"caption\":\"Telinha\"},\"sameAs\":[\"https:\/\/portaltela.pt\/\"],\"url\":\"https:\/\/portaltela.pt\/por\/367410592786\/\"}]}<\/script>\n<!-- \/ Yoast SEO plugin. -->","yoast_head_json":{"title":"Finl\u00e2ndia n\u00e3o ter\u00e1 armas nucleares em tempo de paz, afirma Presidente - Portal Tela Portugal","robots":{"index":"index","follow":"follow","max-snippet":"max-snippet:-1","max-image-preview":"max-image-preview:large","max-video-preview":"max-video-preview:-1"},"og_locale":"pt_PT","og_type":"article","og_title":"Finl\u00e2ndia n\u00e3o ter\u00e1 armas nucleares em tempo de paz, afirma Presidente - Portal Tela Portugal","og_description":"O Presidente da Finl\u00e2ndia afirmou que o pa\u00eds n\u00e3o ter\u00e1 armas nucleares no seu territ\u00f3rio em tempo de paz. A declara\u00e7\u00e3o deixa claro o posicionamento oficial sobre a presen\u00e7a de armamento nuclear no pa\u00eds. A not\u00edcia completa est\u00e1 dispon\u00edvel apenas para subscritores. O texto n\u00e3o inclui detalhes adicionais sobre contexto ou motiva\u00e7\u00f5es, por ser conte\u00fado pago.","og_url":"https:\/\/portaltela.pt\/noticias\/2026\/03\/13\/finlandia-nao-tera-armas-nucleares-em-tempo-de-paz-afirma-presidente\/","og_site_name":"Portal Tela Portugal","article_published_time":"2026-03-13T17:35:00+00:00","author":"Telinha","twitter_card":"summary_large_image","twitter_misc":{"Escrito por":"Telinha","Tempo estimado de leitura":"1 minuto"},"schema":{"@context":"https:\/\/schema.org","@graph":[{"@type":"Article","@id":"https:\/\/portaltela.pt\/noticias\/2026\/03\/13\/finlandia-nao-tera-armas-nucleares-em-tempo-de-paz-afirma-presidente\/#article","isPartOf":{"@id":"https:\/\/portaltela.pt\/noticias\/2026\/03\/13\/finlandia-nao-tera-armas-nucleares-em-tempo-de-paz-afirma-presidente\/"},"author":{"name":"Telinha","@id":"https:\/\/portaltela.pt\/#\/schema\/person\/c4278d4a6028830caff9ee44b42d32ed"},"headline":"Finl\u00e2ndia n\u00e3o ter\u00e1 armas nucleares em tempo de paz, afirma Presidente","datePublished":"2026-03-13T17:35:00+00:00","mainEntityOfPage":{"@id":"https:\/\/portaltela.pt\/noticias\/2026\/03\/13\/finlandia-nao-tera-armas-nucleares-em-tempo-de-paz-afirma-presidente\/"},"wordCount":149,"image":{"@id":"https:\/\/portaltela.pt\/noticias\/2026\/03\/13\/finlandia-nao-tera-armas-nucleares-em-tempo-de-paz-afirma-presidente\/#primaryimage"},"thumbnailUrl":"https:\/\/portaltela.pt\/s.01k8rhncp4jt1\/2026\/03\/CACHE_780X1200_ANALOG_WATERMARKED_46746582_537132936415534.jpg","keywords":["armas","coopera\u00e7\u00e3o internacional","diplomacia internacional","Finl\u00e2ndia","Programa nuclear","seguran\u00e7a internacional"],"articleSection":["Not\u00edcias"],"inLanguage":"pt-PT"},{"@type":"WebPage","@id":"https:\/\/portaltela.pt\/noticias\/2026\/03\/13\/finlandia-nao-tera-armas-nucleares-em-tempo-de-paz-afirma-presidente\/","url":"https:\/\/portaltela.pt\/noticias\/2026\/03\/13\/finlandia-nao-tera-armas-nucleares-em-tempo-de-paz-afirma-presidente\/","name":"Finl\u00e2ndia n\u00e3o ter\u00e1 armas nucleares em tempo de paz, afirma Presidente - Portal Tela Portugal","isPartOf":{"@id":"https:\/\/portaltela.pt\/#website"},"primaryImageOfPage":{"@id":"https:\/\/portaltela.pt\/noticias\/2026\/03\/13\/finlandia-nao-tera-armas-nucleares-em-tempo-de-paz-afirma-presidente\/#primaryimage"},"image":{"@id":"https:\/\/portaltela.pt\/noticias\/2026\/03\/13\/finlandia-nao-tera-armas-nucleares-em-tempo-de-paz-afirma-presidente\/#primaryimage"},"thumbnailUrl":"https:\/\/portaltela.pt\/s.01k8rhncp4jt1\/2026\/03\/CACHE_780X1200_ANALOG_WATERMARKED_46746582_537132936415534.jpg","datePublished":"2026-03-13T17:35:00+00:00","author":{"@id":"https:\/\/portaltela.pt\/#\/schema\/person\/c4278d4a6028830caff9ee44b42d32ed"},"breadcrumb":{"@id":"https:\/\/portaltela.pt\/noticias\/2026\/03\/13\/finlandia-nao-tera-armas-nucleares-em-tempo-de-paz-afirma-presidente\/#breadcrumb"},"inLanguage":"pt-PT","potentialAction":[{"@type":"ReadAction","target":["https:\/\/portaltela.pt\/noticias\/2026\/03\/13\/finlandia-nao-tera-armas-nucleares-em-tempo-de-paz-afirma-presidente\/"]}]},{"@type":"ImageObject","inLanguage":"pt-PT","@id":"https:\/\/portaltela.pt\/noticias\/2026\/03\/13\/finlandia-nao-tera-armas-nucleares-em-tempo-de-paz-afirma-presidente\/#primaryimage","url":"https:\/\/portaltela.pt\/s.01k8rhncp4jt1\/2026\/03\/CACHE_780X1200_ANALOG_WATERMARKED_46746582_537132936415534.jpg","contentUrl":"https:\/\/portaltela.pt\/s.01k8rhncp4jt1\/2026\/03\/CACHE_780X1200_ANALOG_WATERMARKED_46746582_537132936415534.jpg","width":796,"height":448,"caption":"Finl\u00e2ndia n\u00e3o ter\u00e1 armas nucleares no seu territ\u00f3rio em tempo de paz - Presidente"},{"@type":"BreadcrumbList","@id":"https:\/\/portaltela.pt\/noticias\/2026\/03\/13\/finlandia-nao-tera-armas-nucleares-em-tempo-de-paz-afirma-presidente\/#breadcrumb","itemListElement":[{"@type":"ListItem","position":1,"name":"In\u00edcio","item":"https:\/\/portaltela.pt\/"},{"@type":"ListItem","position":2,"name":"Finl\u00e2ndia n\u00e3o ter\u00e1 armas nucleares em tempo de paz, afirma Presidente"}]},{"@type":"WebSite","@id":"https:\/\/portaltela.pt\/#website","url":"https:\/\/portaltela.pt\/","name":"Portal Tela Portugal","description":"","potentialAction":[{"@type":"SearchAction","target":{"@type":"EntryPoint","urlTemplate":"https:\/\/portaltela.pt\/?s={search_term_string}"},"query-input":{"@type":"PropertyValueSpecification","valueRequired":true,"valueName":"search_term_string"}}],"inLanguage":"pt-PT"},{"@type":"Person","@id":"https:\/\/portaltela.pt\/#\/schema\/person\/c4278d4a6028830caff9ee44b42d32ed","name":"Telinha","image":{"@type":"ImageObject","inLanguage":"pt-PT","@id":"https:\/\/portaltela.pt\/s.01k8rhncp4jt1\/2025\/11\/talking-bot-125x125.png","url":"https:\/\/portaltela.pt\/s.01k8rhncp4jt1\/2025\/11\/talking-bot-125x125.png","contentUrl":"https:\/\/portaltela.pt\/s.01k8rhncp4jt1\/2025\/11\/talking-bot-125x125.png","caption":"Telinha"},"sameAs":["https:\/\/portaltela.pt\/"],"url":"https:\/\/portaltela.pt\/por\/367410592786\/"}]}},"_links":{"self":[{"href":"https:\/\/portaltela.pt\/api\/wp\/v2\/posts\/409357","targetHints":{"allow":["GET"]}}],"collection":[{"href":"https:\/\/portaltela.pt\/api\/wp\/v2\/posts"}],"about":[{"href":"https:\/\/portaltela.pt\/api\/wp\/v2\/types\/post"}],"author":[{"embeddable":true,"href":"https:\/\/portaltela.pt\/api\/wp\/v2\/users\/2"}],"replies":[{"embeddable":true,"href":"https:\/\/portaltela.pt\/api\/wp\/v2\/comments?post=409357"}],"version-history":[{"count":0,"href":"https:\/\/portaltela.pt\/api\/wp\/v2\/posts\/409357\/revisions"}],"wp:featuredmedia":[{"embeddable":true,"href":"https:\/\/portaltela.pt\/api\/wp\/v2\/media\/409360"}],"wp:attachment":[{"href":"https:\/\/portaltela.pt\/api\/wp\/v2\/media?parent=409357"}],"wp:term":[{"taxonomy":"category","embeddable":true,"href":"https:\/\/portaltela.pt\/api\/wp\/v2\/categories?post=409357"},{"taxonomy":"post_tag","embeddable":true,"href":"https:\/\/portaltela.pt\/api\/wp\/v2\/tags?post=409357"}],"curies":[{"name":"wp","href":"https:\/\/api.w.org\/{rel}","templated":true}]}}