{"id":409342,"date":"2026-03-13T16:20:09","date_gmt":"2026-03-13T19:20:09","guid":{"rendered":"https:\/\/portaltela.pt\/noticias\/2026\/03\/13\/almeyda-questiona-gastos-de-guerra-50-milhoes-por-missil-vs-arroz-e-educacao\/"},"modified":"2026-03-13T16:20:09","modified_gmt":"2026-03-13T19:20:09","slug":"almeyda-questiona-gastos-de-guerra-50-milhoes-por-missil-vs-arroz-e-educacao","status":"publish","type":"post","link":"https:\/\/portaltela.pt\/desporto\/futebol\/2026\/03\/13\/almeyda-questiona-gastos-de-guerra-50-milhoes-por-missil-vs-arroz-e-educacao\/","title":{"rendered":"Almeyda questiona gastos de guerra: 50 milh\u00f5es por m\u00edssil vs arroz e educa\u00e7\u00e3o"},"content":{"rendered":"<p>Mat\u00edas Almeyda, treinador do Sevilla FC, fez uma reflex\u00e3o sobre a guerra \u00e0 margem de uma antevis\u00e3o ao jogo contra o Barcelona. O encontro est\u00e1 marcado para este domingo, em Sevilha.<\/p>\n<p>O t\u00e9cnico abordou o tema no contexto do futebol e da sua fun\u00e7\u00e3o social, destacando o impacto humano dos conflitos. A mensagem enfatiza a import\u00e2ncia do desporto como espa\u00e7o de inclus\u00e3o e responsabilidade social.<\/p>\n<p>Almeyda questionou a aloca\u00e7\u00e3o de recursos destinados a armamentos, referindo que um m\u00edssil custa cerca de 50 milh\u00f5es de euros. A compara\u00e7\u00e3o foi usada para defender prioridades como alimenta\u00e7\u00e3o e educa\u00e7\u00e3o.<\/p>\n","protected":false},"excerpt":{"rendered":"<ul>\n<li>Mat\u00edas Almeyda, treinador do Sevilha, fez uma reflex\u00e3o sobre a guerra antes do jogo frente ao Barcelona.<\/li>\n<li>O encontro est\u00e1 agendado para domingo.<\/li>\n<li>Almeyda disse que cada m\u00edssil custa 50 milh\u00f5es de euros.<\/li>\n<li>Questionou por que esse dinheiro n\u00e3o \u00e9 gasto em arroz e educa\u00e7\u00e3o.<\/li>\n<li>A mensagem foi partilhada na antevis\u00e3o ao duelo com o Barcelona, inserida no contexto social.<\/li>\n<\/ul>\n","protected":false},"author":2,"featured_media":409352,"comment_status":"closed","ping_status":"closed","sticky":false,"template":"","format":"standard","meta":{"footnotes":""},"categories":[21,24],"tags":[86,163,32,62,2422,1220],"class_list":["post-409342","post","type-post","status-publish","format-standard","has-post-thumbnail","hentry","category-desporto","category-futebol","tag-alimentacao","tag-educacao","tag-futebol","tag-guerra","tag-responsabilidade-social","tag-sevilha"],"yoast_head":"<!-- This site is optimized with the Yoast SEO plugin v27.2 - https:\/\/yoast.com\/product\/yoast-seo-wordpress\/ -->\n<title>Almeyda questiona gastos de guerra: 50 milh\u00f5es por m\u00edssil vs arroz e educa\u00e7\u00e3o - Portal Tela Portugal<\/title>\n<meta name=\"robots\" content=\"index, follow, max-snippet:-1, max-image-preview:large, max-video-preview:-1\" \/>\n<meta property=\"og:locale\" content=\"pt_PT\" \/>\n<meta property=\"og:type\" content=\"article\" \/>\n<meta property=\"og:title\" content=\"Almeyda questiona gastos de guerra: 50 milh\u00f5es por m\u00edssil vs arroz e educa\u00e7\u00e3o - Portal Tela Portugal\" \/>\n<meta property=\"og:description\" content=\"Mat\u00edas Almeyda, treinador do Sevilha, fez uma reflex\u00e3o sobre a guerra antes do jogo frente ao Barcelona. O encontro est\u00e1 agendado para domingo. Almeyda disse que cada m\u00edssil custa 50 milh\u00f5es de euros. Questionou por que esse dinheiro n\u00e3o \u00e9 gasto em arroz e educa\u00e7\u00e3o. A mensagem foi partilhada na antevis\u00e3o ao duelo com o Barcelona, inserida no contexto social.\" \/>\n<meta property=\"og:url\" content=\"https:\/\/portaltela.pt\/noticias\/2026\/03\/13\/almeyda-questiona-gastos-de-guerra-50-milhoes-por-missil-vs-arroz-e-educacao\/\" \/>\n<meta property=\"og:site_name\" content=\"Portal Tela Portugal\" \/>\n<meta property=\"article:published_time\" content=\"2026-03-13T19:20:09+00:00\" \/>\n<meta name=\"author\" content=\"Telinha\" \/>\n<meta name=\"twitter:card\" content=\"summary_large_image\" \/>\n<meta name=\"twitter:label1\" content=\"Escrito por\" \/>\n\t<meta name=\"twitter:data1\" content=\"Telinha\" \/>\n\t<meta name=\"twitter:label2\" content=\"Tempo estimado de leitura\" \/>\n\t<meta name=\"twitter:data2\" content=\"1 minuto\" \/>\n<script type=\"application\/ld+json\" class=\"yoast-schema-graph\">{\"@context\":\"https:\/\/schema.org\",\"@graph\":[{\"@type\":\"Article\",\"@id\":\"https:\/\/portaltela.pt\/noticias\/2026\/03\/13\/almeyda-questiona-gastos-de-guerra-50-milhoes-por-missil-vs-arroz-e-educacao\/#article\",\"isPartOf\":{\"@id\":\"https:\/\/portaltela.pt\/noticias\/2026\/03\/13\/almeyda-questiona-gastos-de-guerra-50-milhoes-por-missil-vs-arroz-e-educacao\/\"},\"author\":{\"name\":\"Telinha\",\"@id\":\"https:\/\/portaltela.pt\/#\/schema\/person\/c4278d4a6028830caff9ee44b42d32ed\"},\"headline\":\"Almeyda questiona gastos de guerra: 50 milh\u00f5es por m\u00edssil vs arroz e educa\u00e7\u00e3o\",\"datePublished\":\"2026-03-13T19:20:09+00:00\",\"mainEntityOfPage\":{\"@id\":\"https:\/\/portaltela.pt\/noticias\/2026\/03\/13\/almeyda-questiona-gastos-de-guerra-50-milhoes-por-missil-vs-arroz-e-educacao\/\"},\"wordCount\":123,\"image\":{\"@id\":\"https:\/\/portaltela.pt\/noticias\/2026\/03\/13\/almeyda-questiona-gastos-de-guerra-50-milhoes-por-missil-vs-arroz-e-educacao\/#primaryimage\"},\"thumbnailUrl\":\"https:\/\/portaltela.pt\/s.01k8rhncp4jt1\/2026\/03\/img_1200x721uu2026-03-13-19-14-47-2426751.jpg\",\"keywords\":[\"alimenta\u00e7\u00e3o\",\"educa\u00e7\u00e3o\",\"futebol\",\"guerra\",\"Responsabilidade Social\",\"Sevilha\"],\"articleSection\":[\"Desporto\",\"Futebol\"],\"inLanguage\":\"pt-PT\"},{\"@type\":\"WebPage\",\"@id\":\"https:\/\/portaltela.pt\/noticias\/2026\/03\/13\/almeyda-questiona-gastos-de-guerra-50-milhoes-por-missil-vs-arroz-e-educacao\/\",\"url\":\"https:\/\/portaltela.pt\/noticias\/2026\/03\/13\/almeyda-questiona-gastos-de-guerra-50-milhoes-por-missil-vs-arroz-e-educacao\/\",\"name\":\"Almeyda questiona gastos de guerra: 50 milh\u00f5es por m\u00edssil vs arroz e educa\u00e7\u00e3o - Portal Tela Portugal\",\"isPartOf\":{\"@id\":\"https:\/\/portaltela.pt\/#website\"},\"primaryImageOfPage\":{\"@id\":\"https:\/\/portaltela.pt\/noticias\/2026\/03\/13\/almeyda-questiona-gastos-de-guerra-50-milhoes-por-missil-vs-arroz-e-educacao\/#primaryimage\"},\"image\":{\"@id\":\"https:\/\/portaltela.pt\/noticias\/2026\/03\/13\/almeyda-questiona-gastos-de-guerra-50-milhoes-por-missil-vs-arroz-e-educacao\/#primaryimage\"},\"thumbnailUrl\":\"https:\/\/portaltela.pt\/s.01k8rhncp4jt1\/2026\/03\/img_1200x721uu2026-03-13-19-14-47-2426751.jpg\",\"datePublished\":\"2026-03-13T19:20:09+00:00\",\"author\":{\"@id\":\"https:\/\/portaltela.pt\/#\/schema\/person\/c4278d4a6028830caff9ee44b42d32ed\"},\"breadcrumb\":{\"@id\":\"https:\/\/portaltela.pt\/noticias\/2026\/03\/13\/almeyda-questiona-gastos-de-guerra-50-milhoes-por-missil-vs-arroz-e-educacao\/#breadcrumb\"},\"inLanguage\":\"pt-PT\",\"potentialAction\":[{\"@type\":\"ReadAction\",\"target\":[\"https:\/\/portaltela.pt\/noticias\/2026\/03\/13\/almeyda-questiona-gastos-de-guerra-50-milhoes-por-missil-vs-arroz-e-educacao\/\"]}]},{\"@type\":\"ImageObject\",\"inLanguage\":\"pt-PT\",\"@id\":\"https:\/\/portaltela.pt\/noticias\/2026\/03\/13\/almeyda-questiona-gastos-de-guerra-50-milhoes-por-missil-vs-arroz-e-educacao\/#primaryimage\",\"url\":\"https:\/\/portaltela.pt\/s.01k8rhncp4jt1\/2026\/03\/img_1200x721uu2026-03-13-19-14-47-2426751.jpg\",\"contentUrl\":\"https:\/\/portaltela.pt\/s.01k8rhncp4jt1\/2026\/03\/img_1200x721uu2026-03-13-19-14-47-2426751.jpg\",\"width\":796,\"height\":448,\"caption\":\"Mat\u00edas Almeyda faz reflex\u00e3o sobre a guerra: \u00abCada m\u00edssil custa 50 milh\u00f5es. Porque n\u00e3o se gasta isso em arroz e educa\u00e7\u00e3o?\u00bb\"},{\"@type\":\"BreadcrumbList\",\"@id\":\"https:\/\/portaltela.pt\/noticias\/2026\/03\/13\/almeyda-questiona-gastos-de-guerra-50-milhoes-por-missil-vs-arroz-e-educacao\/#breadcrumb\",\"itemListElement\":[{\"@type\":\"ListItem\",\"position\":1,\"name\":\"In\u00edcio\",\"item\":\"https:\/\/portaltela.pt\/\"},{\"@type\":\"ListItem\",\"position\":2,\"name\":\"Almeyda questiona gastos de guerra: 50 milh\u00f5es por m\u00edssil vs arroz e educa\u00e7\u00e3o\"}]},{\"@type\":\"WebSite\",\"@id\":\"https:\/\/portaltela.pt\/#website\",\"url\":\"https:\/\/portaltela.pt\/\",\"name\":\"Portal Tela Portugal\",\"description\":\"\",\"potentialAction\":[{\"@type\":\"SearchAction\",\"target\":{\"@type\":\"EntryPoint\",\"urlTemplate\":\"https:\/\/portaltela.pt\/?s={search_term_string}\"},\"query-input\":{\"@type\":\"PropertyValueSpecification\",\"valueRequired\":true,\"valueName\":\"search_term_string\"}}],\"inLanguage\":\"pt-PT\"},{\"@type\":\"Person\",\"@id\":\"https:\/\/portaltela.pt\/#\/schema\/person\/c4278d4a6028830caff9ee44b42d32ed\",\"name\":\"Telinha\",\"image\":{\"@type\":\"ImageObject\",\"inLanguage\":\"pt-PT\",\"@id\":\"https:\/\/portaltela.pt\/s.01k8rhncp4jt1\/2025\/11\/talking-bot-125x125.png\",\"url\":\"https:\/\/portaltela.pt\/s.01k8rhncp4jt1\/2025\/11\/talking-bot-125x125.png\",\"contentUrl\":\"https:\/\/portaltela.pt\/s.01k8rhncp4jt1\/2025\/11\/talking-bot-125x125.png\",\"caption\":\"Telinha\"},\"sameAs\":[\"https:\/\/portaltela.pt\/\"],\"url\":\"https:\/\/portaltela.pt\/por\/367410592786\/\"}]}<\/script>\n<!-- \/ Yoast SEO plugin. -->","yoast_head_json":{"title":"Almeyda questiona gastos de guerra: 50 milh\u00f5es por m\u00edssil vs arroz e educa\u00e7\u00e3o - Portal Tela Portugal","robots":{"index":"index","follow":"follow","max-snippet":"max-snippet:-1","max-image-preview":"max-image-preview:large","max-video-preview":"max-video-preview:-1"},"og_locale":"pt_PT","og_type":"article","og_title":"Almeyda questiona gastos de guerra: 50 milh\u00f5es por m\u00edssil vs arroz e educa\u00e7\u00e3o - Portal Tela Portugal","og_description":"Mat\u00edas Almeyda, treinador do Sevilha, fez uma reflex\u00e3o sobre a guerra antes do jogo frente ao Barcelona. O encontro est\u00e1 agendado para domingo. Almeyda disse que cada m\u00edssil custa 50 milh\u00f5es de euros. Questionou por que esse dinheiro n\u00e3o \u00e9 gasto em arroz e educa\u00e7\u00e3o. A mensagem foi partilhada na antevis\u00e3o ao duelo com o Barcelona, inserida no contexto social.","og_url":"https:\/\/portaltela.pt\/noticias\/2026\/03\/13\/almeyda-questiona-gastos-de-guerra-50-milhoes-por-missil-vs-arroz-e-educacao\/","og_site_name":"Portal Tela Portugal","article_published_time":"2026-03-13T19:20:09+00:00","author":"Telinha","twitter_card":"summary_large_image","twitter_misc":{"Escrito por":"Telinha","Tempo estimado de leitura":"1 minuto"},"schema":{"@context":"https:\/\/schema.org","@graph":[{"@type":"Article","@id":"https:\/\/portaltela.pt\/noticias\/2026\/03\/13\/almeyda-questiona-gastos-de-guerra-50-milhoes-por-missil-vs-arroz-e-educacao\/#article","isPartOf":{"@id":"https:\/\/portaltela.pt\/noticias\/2026\/03\/13\/almeyda-questiona-gastos-de-guerra-50-milhoes-por-missil-vs-arroz-e-educacao\/"},"author":{"name":"Telinha","@id":"https:\/\/portaltela.pt\/#\/schema\/person\/c4278d4a6028830caff9ee44b42d32ed"},"headline":"Almeyda questiona gastos de guerra: 50 milh\u00f5es por m\u00edssil vs arroz e educa\u00e7\u00e3o","datePublished":"2026-03-13T19:20:09+00:00","mainEntityOfPage":{"@id":"https:\/\/portaltela.pt\/noticias\/2026\/03\/13\/almeyda-questiona-gastos-de-guerra-50-milhoes-por-missil-vs-arroz-e-educacao\/"},"wordCount":123,"image":{"@id":"https:\/\/portaltela.pt\/noticias\/2026\/03\/13\/almeyda-questiona-gastos-de-guerra-50-milhoes-por-missil-vs-arroz-e-educacao\/#primaryimage"},"thumbnailUrl":"https:\/\/portaltela.pt\/s.01k8rhncp4jt1\/2026\/03\/img_1200x721uu2026-03-13-19-14-47-2426751.jpg","keywords":["alimenta\u00e7\u00e3o","educa\u00e7\u00e3o","futebol","guerra","Responsabilidade Social","Sevilha"],"articleSection":["Desporto","Futebol"],"inLanguage":"pt-PT"},{"@type":"WebPage","@id":"https:\/\/portaltela.pt\/noticias\/2026\/03\/13\/almeyda-questiona-gastos-de-guerra-50-milhoes-por-missil-vs-arroz-e-educacao\/","url":"https:\/\/portaltela.pt\/noticias\/2026\/03\/13\/almeyda-questiona-gastos-de-guerra-50-milhoes-por-missil-vs-arroz-e-educacao\/","name":"Almeyda questiona gastos de guerra: 50 milh\u00f5es por m\u00edssil vs arroz e educa\u00e7\u00e3o - Portal Tela Portugal","isPartOf":{"@id":"https:\/\/portaltela.pt\/#website"},"primaryImageOfPage":{"@id":"https:\/\/portaltela.pt\/noticias\/2026\/03\/13\/almeyda-questiona-gastos-de-guerra-50-milhoes-por-missil-vs-arroz-e-educacao\/#primaryimage"},"image":{"@id":"https:\/\/portaltela.pt\/noticias\/2026\/03\/13\/almeyda-questiona-gastos-de-guerra-50-milhoes-por-missil-vs-arroz-e-educacao\/#primaryimage"},"thumbnailUrl":"https:\/\/portaltela.pt\/s.01k8rhncp4jt1\/2026\/03\/img_1200x721uu2026-03-13-19-14-47-2426751.jpg","datePublished":"2026-03-13T19:20:09+00:00","author":{"@id":"https:\/\/portaltela.pt\/#\/schema\/person\/c4278d4a6028830caff9ee44b42d32ed"},"breadcrumb":{"@id":"https:\/\/portaltela.pt\/noticias\/2026\/03\/13\/almeyda-questiona-gastos-de-guerra-50-milhoes-por-missil-vs-arroz-e-educacao\/#breadcrumb"},"inLanguage":"pt-PT","potentialAction":[{"@type":"ReadAction","target":["https:\/\/portaltela.pt\/noticias\/2026\/03\/13\/almeyda-questiona-gastos-de-guerra-50-milhoes-por-missil-vs-arroz-e-educacao\/"]}]},{"@type":"ImageObject","inLanguage":"pt-PT","@id":"https:\/\/portaltela.pt\/noticias\/2026\/03\/13\/almeyda-questiona-gastos-de-guerra-50-milhoes-por-missil-vs-arroz-e-educacao\/#primaryimage","url":"https:\/\/portaltela.pt\/s.01k8rhncp4jt1\/2026\/03\/img_1200x721uu2026-03-13-19-14-47-2426751.jpg","contentUrl":"https:\/\/portaltela.pt\/s.01k8rhncp4jt1\/2026\/03\/img_1200x721uu2026-03-13-19-14-47-2426751.jpg","width":796,"height":448,"caption":"Mat\u00edas Almeyda faz reflex\u00e3o sobre a guerra: \u00abCada m\u00edssil custa 50 milh\u00f5es. Porque n\u00e3o se gasta isso em arroz e educa\u00e7\u00e3o?\u00bb"},{"@type":"BreadcrumbList","@id":"https:\/\/portaltela.pt\/noticias\/2026\/03\/13\/almeyda-questiona-gastos-de-guerra-50-milhoes-por-missil-vs-arroz-e-educacao\/#breadcrumb","itemListElement":[{"@type":"ListItem","position":1,"name":"In\u00edcio","item":"https:\/\/portaltela.pt\/"},{"@type":"ListItem","position":2,"name":"Almeyda questiona gastos de guerra: 50 milh\u00f5es por m\u00edssil vs arroz e educa\u00e7\u00e3o"}]},{"@type":"WebSite","@id":"https:\/\/portaltela.pt\/#website","url":"https:\/\/portaltela.pt\/","name":"Portal Tela Portugal","description":"","potentialAction":[{"@type":"SearchAction","target":{"@type":"EntryPoint","urlTemplate":"https:\/\/portaltela.pt\/?s={search_term_string}"},"query-input":{"@type":"PropertyValueSpecification","valueRequired":true,"valueName":"search_term_string"}}],"inLanguage":"pt-PT"},{"@type":"Person","@id":"https:\/\/portaltela.pt\/#\/schema\/person\/c4278d4a6028830caff9ee44b42d32ed","name":"Telinha","image":{"@type":"ImageObject","inLanguage":"pt-PT","@id":"https:\/\/portaltela.pt\/s.01k8rhncp4jt1\/2025\/11\/talking-bot-125x125.png","url":"https:\/\/portaltela.pt\/s.01k8rhncp4jt1\/2025\/11\/talking-bot-125x125.png","contentUrl":"https:\/\/portaltela.pt\/s.01k8rhncp4jt1\/2025\/11\/talking-bot-125x125.png","caption":"Telinha"},"sameAs":["https:\/\/portaltela.pt\/"],"url":"https:\/\/portaltela.pt\/por\/367410592786\/"}]}},"_links":{"self":[{"href":"https:\/\/portaltela.pt\/api\/wp\/v2\/posts\/409342","targetHints":{"allow":["GET"]}}],"collection":[{"href":"https:\/\/portaltela.pt\/api\/wp\/v2\/posts"}],"about":[{"href":"https:\/\/portaltela.pt\/api\/wp\/v2\/types\/post"}],"author":[{"embeddable":true,"href":"https:\/\/portaltela.pt\/api\/wp\/v2\/users\/2"}],"replies":[{"embeddable":true,"href":"https:\/\/portaltela.pt\/api\/wp\/v2\/comments?post=409342"}],"version-history":[{"count":0,"href":"https:\/\/portaltela.pt\/api\/wp\/v2\/posts\/409342\/revisions"}],"wp:featuredmedia":[{"embeddable":true,"href":"https:\/\/portaltela.pt\/api\/wp\/v2\/media\/409352"}],"wp:attachment":[{"href":"https:\/\/portaltela.pt\/api\/wp\/v2\/media?parent=409342"}],"wp:term":[{"taxonomy":"category","embeddable":true,"href":"https:\/\/portaltela.pt\/api\/wp\/v2\/categories?post=409342"},{"taxonomy":"post_tag","embeddable":true,"href":"https:\/\/portaltela.pt\/api\/wp\/v2\/tags?post=409342"}],"curies":[{"name":"wp","href":"https:\/\/api.w.org\/{rel}","templated":true}]}}