{"id":409321,"date":"2026-03-13T16:12:02","date_gmt":"2026-03-13T19:12:02","guid":{"rendered":"https:\/\/portaltela.pt\/noticias\/2026\/03\/13\/isabel-zuaa-atriz-portuguesa-no-centro-da-noite-dos-oscares\/"},"modified":"2026-03-13T16:12:02","modified_gmt":"2026-03-13T19:12:02","slug":"isabel-zuaa-atriz-portuguesa-no-centro-da-noite-dos-oscares","status":"publish","type":"post","link":"https:\/\/portaltela.pt\/noticias\/2026\/03\/13\/isabel-zuaa-atriz-portuguesa-no-centro-da-noite-dos-oscares\/","title":{"rendered":"Isab\u00e9l Zuaa, atriz portuguesa, no centro da noite dos \u00d3scares"},"content":{"rendered":"<p>Isab\u00e9l Zuaa, atriz portuguesa de 38 anos, est\u00e1 ligada \u00e0 produ\u00e7\u00e3o brasileira O Agente Secreto, nomeada para quatro \u00d3scares, incluindo Melhor Filme e Melhor Casting. A artista confirma que estar\u00e1 em Hollywood no domingo para acompanhar a cerim\u00f3nia, em que participa como parte do elenco.<\/p>\n<p>Em entrevista ao CM, a multidisciplinar detalha o orgulho de integrar o filme e destaca o impacto internacional do projeto. Revela mensagens de apoio de p\u00fablico em Portugal e no estrangeiro, e sublinha as raizes lusas que moldam o seu trabalho entre Portugal e o Brasil.<\/p>\n<p>A convidada atravessou uma carreira que mistura teatro, dan\u00e7a e cinema, com liga\u00e7\u00f5es a Angola, Portugal e Guin\u00e9-Bissau. Entre per\u00edodos de forma\u00e7\u00e3o no Rio de Janeiro e Portugal, afirma que a internacionaliza\u00e7\u00e3o surgiu pela procura de oportunidades dentro da l\u00edngua portuguesa.<\/p>\n<h3>Como surgiu a participa\u00e7\u00e3o em O Agente Secreto<\/h3>\n<p>Isab\u00e9l descreve o convite como repentino: foi contactada no dia seguinte, ainda em Lisboa. A sua personagem \u00e9 mais velha, e a decis\u00e3o de aceitar envolveu trabalhos com Kleber Mendon\u00e7a Filho e a vontade de explorar refer\u00eancias pr\u00f3prias.<\/p>\n<p>A filmagem ocorreu em tr\u00eas dias, com ajustes devido ao tempo e \u00e0 log\u00edstica. Mesmo assim, a atriz nota a intensidade da experi\u00eancia, marcada por v\u00e1rias festas de celebra\u00e7\u00e3o no set, incluindo o anivers\u00e1rio de Wagner Moura.<\/p>\n<h3>Reconhecimento e pr\u00f3ximos passos<\/h3>\n<p>O filme estreou em Cannes, em 2023, e tem percorrido festivais at\u00e9 aos \u00d3scares. Zuaa destaca a camaradagem no elenco e a repercuss\u00e3o internacional que o projeto alcan\u00e7ou, chegando a p\u00fablicos distantes, incluindo Alemanha e EUA.<\/p>\n<p>Sobre a nomea\u00e7\u00e3o para Melhor Casting, a atriz mostra emo\u00e7\u00e3o com o reconhecimento coletivo da equipa de casting. Aproveita para agradecer o apoio recebido de familiares, colegas e f\u00e3s que acompanham o seu percurso.<\/p>\n<h3>Projetos atuais e agenda futura<\/h3>\n<p>Concluiu recentemente trabalhos com Jo\u00e3o Salaviza e Ren\u00e9e Nader Messora, e prepara-se para novo projeto no Brasil, na regi\u00e3o da Amaz\u00f3nia, bem como um filme com o realizador Ivan Granovsky. Tamb\u00e9m desenvolve o espet\u00e1culo Som, Mat\u00e9ria e Cora\u00e7\u00e3o &#8211; Afrosaloia, com estreia prevista em junho, em Guimar\u00e3es.<\/p>\n","protected":false},"excerpt":{"rendered":"<ul>\n<li>Isab\u00e9l Zuaa, atriz portuguesa de 38 anos, faz parte da produ\u00e7\u00e3o brasileira O Agente Secreto, nomeada para quatro \u00d3scares, incluindo Melhor Filme e Melhor Casting.<\/li>\n<li>A cerim\u00f3nia realiza-se em Hollywood, onde a artista vai marcar presen\u00e7a pessoalmente.<\/li>\n<li>A nomea\u00e7\u00e3o de Melhor Casting representa um reconhecimento ao elenco, com Isab\u00e9l destacando o orgulho e o impacto internacional do filme.<\/li>\n<li>Isab\u00e9l divide o trabalho entre Portugal e Brasil h\u00e1 15 anos, mantendo ra\u00edzes em Loures e refer\u00eancias afrodescendentes angolanas e guineense.<\/li>\n<li>No momento, est\u00e1 envolvida em v\u00e1rios projetos, incluindo um filme em estreia em Guimar\u00e3es em junho e um novo espet\u00e1culo, Som, Mat\u00e9ria e Cora\u00e7\u00e3o \u2013 Afrosaloia; tamb\u00e9m acaba de concluir cenas com Jo\u00e3o Salaviza, Ren\u00e9e Nader Messora e Iv\u00e1n Granovski.<\/li>\n<\/ul>\n","protected":false},"author":2,"featured_media":409329,"comment_status":"closed","ping_status":"closed","sticky":false,"template":"","format":"standard","meta":{"footnotes":""},"categories":[1],"tags":[4837,2547,112,5242,4601,1014],"class_list":["post-409321","post","type-post","status-publish","format-standard","has-post-thumbnail","hentry","category-noticias","tag-angola","tag-brasil","tag-cinema","tag-filmes","tag-guine-bissau","tag-portugal"],"yoast_head":"<!-- This site is optimized with the Yoast SEO plugin v27.2 - https:\/\/yoast.com\/product\/yoast-seo-wordpress\/ -->\n<title>Isab\u00e9l Zuaa, atriz portuguesa, no centro da noite dos \u00d3scares - Portal Tela Portugal<\/title>\n<meta name=\"robots\" content=\"index, follow, max-snippet:-1, max-image-preview:large, max-video-preview:-1\" \/>\n<meta property=\"og:locale\" content=\"pt_PT\" \/>\n<meta property=\"og:type\" content=\"article\" \/>\n<meta property=\"og:title\" content=\"Isab\u00e9l Zuaa, atriz portuguesa, no centro da noite dos \u00d3scares - Portal Tela Portugal\" \/>\n<meta property=\"og:description\" content=\"Isab\u00e9l Zuaa, atriz portuguesa de 38 anos, faz parte da produ\u00e7\u00e3o brasileira O Agente Secreto, nomeada para quatro \u00d3scares, incluindo Melhor Filme e Melhor Casting. A cerim\u00f3nia realiza-se em Hollywood, onde a artista vai marcar presen\u00e7a pessoalmente. A nomea\u00e7\u00e3o de Melhor Casting representa um reconhecimento ao elenco, com Isab\u00e9l destacando o orgulho e o impacto internacional do filme. Isab\u00e9l divide o trabalho entre Portugal e Brasil h\u00e1 15 anos, mantendo ra\u00edzes em Loures e refer\u00eancias afrodescendentes angolanas e guineense. No momento, est\u00e1 envolvida em v\u00e1rios projetos, incluindo um filme em estreia em Guimar\u00e3es em junho e um novo espet\u00e1culo, Som, Mat\u00e9ria e Cora\u00e7\u00e3o \u2013 Afrosaloia; tamb\u00e9m acaba de concluir cenas com Jo\u00e3o Salaviza, Ren\u00e9e Nader Messora e Iv\u00e1n Granovski.\" \/>\n<meta property=\"og:url\" content=\"https:\/\/portaltela.pt\/noticias\/2026\/03\/13\/isabel-zuaa-atriz-portuguesa-no-centro-da-noite-dos-oscares\/\" \/>\n<meta property=\"og:site_name\" content=\"Portal Tela Portugal\" \/>\n<meta property=\"article:published_time\" content=\"2026-03-13T19:12:02+00:00\" \/>\n<meta name=\"author\" content=\"Telinha\" \/>\n<meta name=\"twitter:card\" content=\"summary_large_image\" \/>\n<meta name=\"twitter:label1\" content=\"Escrito por\" \/>\n\t<meta name=\"twitter:data1\" content=\"Telinha\" \/>\n\t<meta name=\"twitter:label2\" content=\"Tempo estimado de leitura\" \/>\n\t<meta name=\"twitter:data2\" content=\"2 minutos\" \/>\n<script type=\"application\/ld+json\" class=\"yoast-schema-graph\">{\"@context\":\"https:\/\/schema.org\",\"@graph\":[{\"@type\":\"Article\",\"@id\":\"https:\/\/portaltela.pt\/noticias\/2026\/03\/13\/isabel-zuaa-atriz-portuguesa-no-centro-da-noite-dos-oscares\/#article\",\"isPartOf\":{\"@id\":\"https:\/\/portaltela.pt\/noticias\/2026\/03\/13\/isabel-zuaa-atriz-portuguesa-no-centro-da-noite-dos-oscares\/\"},\"author\":{\"name\":\"Telinha\",\"@id\":\"https:\/\/portaltela.pt\/#\/schema\/person\/c4278d4a6028830caff9ee44b42d32ed\"},\"headline\":\"Isab\u00e9l Zuaa, atriz portuguesa, no centro da noite dos \u00d3scares\",\"datePublished\":\"2026-03-13T19:12:02+00:00\",\"mainEntityOfPage\":{\"@id\":\"https:\/\/portaltela.pt\/noticias\/2026\/03\/13\/isabel-zuaa-atriz-portuguesa-no-centro-da-noite-dos-oscares\/\"},\"wordCount\":386,\"image\":{\"@id\":\"https:\/\/portaltela.pt\/noticias\/2026\/03\/13\/isabel-zuaa-atriz-portuguesa-no-centro-da-noite-dos-oscares\/#primaryimage\"},\"thumbnailUrl\":\"https:\/\/portaltela.pt\/s.01k8rhncp4jt1\/2026\/03\/img_1280x721uu2026-03-13-18-07-29-2272170-im-639090235442427395.jpg\",\"keywords\":[\"Angola\",\"Brasil\",\"cinema\",\"filmes\",\"Guin\u00e9-Bissau\",\"Portugal\"],\"articleSection\":[\"Not\u00edcias\"],\"inLanguage\":\"pt-PT\"},{\"@type\":\"WebPage\",\"@id\":\"https:\/\/portaltela.pt\/noticias\/2026\/03\/13\/isabel-zuaa-atriz-portuguesa-no-centro-da-noite-dos-oscares\/\",\"url\":\"https:\/\/portaltela.pt\/noticias\/2026\/03\/13\/isabel-zuaa-atriz-portuguesa-no-centro-da-noite-dos-oscares\/\",\"name\":\"Isab\u00e9l Zuaa, atriz portuguesa, no centro da noite dos \u00d3scares - Portal Tela Portugal\",\"isPartOf\":{\"@id\":\"https:\/\/portaltela.pt\/#website\"},\"primaryImageOfPage\":{\"@id\":\"https:\/\/portaltela.pt\/noticias\/2026\/03\/13\/isabel-zuaa-atriz-portuguesa-no-centro-da-noite-dos-oscares\/#primaryimage\"},\"image\":{\"@id\":\"https:\/\/portaltela.pt\/noticias\/2026\/03\/13\/isabel-zuaa-atriz-portuguesa-no-centro-da-noite-dos-oscares\/#primaryimage\"},\"thumbnailUrl\":\"https:\/\/portaltela.pt\/s.01k8rhncp4jt1\/2026\/03\/img_1280x721uu2026-03-13-18-07-29-2272170-im-639090235442427395.jpg\",\"datePublished\":\"2026-03-13T19:12:02+00:00\",\"author\":{\"@id\":\"https:\/\/portaltela.pt\/#\/schema\/person\/c4278d4a6028830caff9ee44b42d32ed\"},\"breadcrumb\":{\"@id\":\"https:\/\/portaltela.pt\/noticias\/2026\/03\/13\/isabel-zuaa-atriz-portuguesa-no-centro-da-noite-dos-oscares\/#breadcrumb\"},\"inLanguage\":\"pt-PT\",\"potentialAction\":[{\"@type\":\"ReadAction\",\"target\":[\"https:\/\/portaltela.pt\/noticias\/2026\/03\/13\/isabel-zuaa-atriz-portuguesa-no-centro-da-noite-dos-oscares\/\"]}]},{\"@type\":\"ImageObject\",\"inLanguage\":\"pt-PT\",\"@id\":\"https:\/\/portaltela.pt\/noticias\/2026\/03\/13\/isabel-zuaa-atriz-portuguesa-no-centro-da-noite-dos-oscares\/#primaryimage\",\"url\":\"https:\/\/portaltela.pt\/s.01k8rhncp4jt1\/2026\/03\/img_1280x721uu2026-03-13-18-07-29-2272170-im-639090235442427395.jpg\",\"contentUrl\":\"https:\/\/portaltela.pt\/s.01k8rhncp4jt1\/2026\/03\/img_1280x721uu2026-03-13-18-07-29-2272170-im-639090235442427395.jpg\",\"width\":796,\"height\":448,\"caption\":\"Isab\u00e9l Zuaa\"},{\"@type\":\"BreadcrumbList\",\"@id\":\"https:\/\/portaltela.pt\/noticias\/2026\/03\/13\/isabel-zuaa-atriz-portuguesa-no-centro-da-noite-dos-oscares\/#breadcrumb\",\"itemListElement\":[{\"@type\":\"ListItem\",\"position\":1,\"name\":\"In\u00edcio\",\"item\":\"https:\/\/portaltela.pt\/\"},{\"@type\":\"ListItem\",\"position\":2,\"name\":\"Isab\u00e9l Zuaa, atriz portuguesa, no centro da noite dos \u00d3scares\"}]},{\"@type\":\"WebSite\",\"@id\":\"https:\/\/portaltela.pt\/#website\",\"url\":\"https:\/\/portaltela.pt\/\",\"name\":\"Portal Tela Portugal\",\"description\":\"\",\"potentialAction\":[{\"@type\":\"SearchAction\",\"target\":{\"@type\":\"EntryPoint\",\"urlTemplate\":\"https:\/\/portaltela.pt\/?s={search_term_string}\"},\"query-input\":{\"@type\":\"PropertyValueSpecification\",\"valueRequired\":true,\"valueName\":\"search_term_string\"}}],\"inLanguage\":\"pt-PT\"},{\"@type\":\"Person\",\"@id\":\"https:\/\/portaltela.pt\/#\/schema\/person\/c4278d4a6028830caff9ee44b42d32ed\",\"name\":\"Telinha\",\"image\":{\"@type\":\"ImageObject\",\"inLanguage\":\"pt-PT\",\"@id\":\"https:\/\/portaltela.pt\/s.01k8rhncp4jt1\/2025\/11\/talking-bot-125x125.png\",\"url\":\"https:\/\/portaltela.pt\/s.01k8rhncp4jt1\/2025\/11\/talking-bot-125x125.png\",\"contentUrl\":\"https:\/\/portaltela.pt\/s.01k8rhncp4jt1\/2025\/11\/talking-bot-125x125.png\",\"caption\":\"Telinha\"},\"sameAs\":[\"https:\/\/portaltela.pt\/\"],\"url\":\"https:\/\/portaltela.pt\/por\/367410592786\/\"}]}<\/script>\n<!-- \/ Yoast SEO plugin. -->","yoast_head_json":{"title":"Isab\u00e9l Zuaa, atriz portuguesa, no centro da noite dos \u00d3scares - Portal Tela Portugal","robots":{"index":"index","follow":"follow","max-snippet":"max-snippet:-1","max-image-preview":"max-image-preview:large","max-video-preview":"max-video-preview:-1"},"og_locale":"pt_PT","og_type":"article","og_title":"Isab\u00e9l Zuaa, atriz portuguesa, no centro da noite dos \u00d3scares - Portal Tela Portugal","og_description":"Isab\u00e9l Zuaa, atriz portuguesa de 38 anos, faz parte da produ\u00e7\u00e3o brasileira O Agente Secreto, nomeada para quatro \u00d3scares, incluindo Melhor Filme e Melhor Casting. A cerim\u00f3nia realiza-se em Hollywood, onde a artista vai marcar presen\u00e7a pessoalmente. A nomea\u00e7\u00e3o de Melhor Casting representa um reconhecimento ao elenco, com Isab\u00e9l destacando o orgulho e o impacto internacional do filme. Isab\u00e9l divide o trabalho entre Portugal e Brasil h\u00e1 15 anos, mantendo ra\u00edzes em Loures e refer\u00eancias afrodescendentes angolanas e guineense. No momento, est\u00e1 envolvida em v\u00e1rios projetos, incluindo um filme em estreia em Guimar\u00e3es em junho e um novo espet\u00e1culo, Som, Mat\u00e9ria e Cora\u00e7\u00e3o \u2013 Afrosaloia; tamb\u00e9m acaba de concluir cenas com Jo\u00e3o Salaviza, Ren\u00e9e Nader Messora e Iv\u00e1n Granovski.","og_url":"https:\/\/portaltela.pt\/noticias\/2026\/03\/13\/isabel-zuaa-atriz-portuguesa-no-centro-da-noite-dos-oscares\/","og_site_name":"Portal Tela Portugal","article_published_time":"2026-03-13T19:12:02+00:00","author":"Telinha","twitter_card":"summary_large_image","twitter_misc":{"Escrito por":"Telinha","Tempo estimado de leitura":"2 minutos"},"schema":{"@context":"https:\/\/schema.org","@graph":[{"@type":"Article","@id":"https:\/\/portaltela.pt\/noticias\/2026\/03\/13\/isabel-zuaa-atriz-portuguesa-no-centro-da-noite-dos-oscares\/#article","isPartOf":{"@id":"https:\/\/portaltela.pt\/noticias\/2026\/03\/13\/isabel-zuaa-atriz-portuguesa-no-centro-da-noite-dos-oscares\/"},"author":{"name":"Telinha","@id":"https:\/\/portaltela.pt\/#\/schema\/person\/c4278d4a6028830caff9ee44b42d32ed"},"headline":"Isab\u00e9l Zuaa, atriz portuguesa, no centro da noite dos \u00d3scares","datePublished":"2026-03-13T19:12:02+00:00","mainEntityOfPage":{"@id":"https:\/\/portaltela.pt\/noticias\/2026\/03\/13\/isabel-zuaa-atriz-portuguesa-no-centro-da-noite-dos-oscares\/"},"wordCount":386,"image":{"@id":"https:\/\/portaltela.pt\/noticias\/2026\/03\/13\/isabel-zuaa-atriz-portuguesa-no-centro-da-noite-dos-oscares\/#primaryimage"},"thumbnailUrl":"https:\/\/portaltela.pt\/s.01k8rhncp4jt1\/2026\/03\/img_1280x721uu2026-03-13-18-07-29-2272170-im-639090235442427395.jpg","keywords":["Angola","Brasil","cinema","filmes","Guin\u00e9-Bissau","Portugal"],"articleSection":["Not\u00edcias"],"inLanguage":"pt-PT"},{"@type":"WebPage","@id":"https:\/\/portaltela.pt\/noticias\/2026\/03\/13\/isabel-zuaa-atriz-portuguesa-no-centro-da-noite-dos-oscares\/","url":"https:\/\/portaltela.pt\/noticias\/2026\/03\/13\/isabel-zuaa-atriz-portuguesa-no-centro-da-noite-dos-oscares\/","name":"Isab\u00e9l Zuaa, atriz portuguesa, no centro da noite dos \u00d3scares - Portal Tela Portugal","isPartOf":{"@id":"https:\/\/portaltela.pt\/#website"},"primaryImageOfPage":{"@id":"https:\/\/portaltela.pt\/noticias\/2026\/03\/13\/isabel-zuaa-atriz-portuguesa-no-centro-da-noite-dos-oscares\/#primaryimage"},"image":{"@id":"https:\/\/portaltela.pt\/noticias\/2026\/03\/13\/isabel-zuaa-atriz-portuguesa-no-centro-da-noite-dos-oscares\/#primaryimage"},"thumbnailUrl":"https:\/\/portaltela.pt\/s.01k8rhncp4jt1\/2026\/03\/img_1280x721uu2026-03-13-18-07-29-2272170-im-639090235442427395.jpg","datePublished":"2026-03-13T19:12:02+00:00","author":{"@id":"https:\/\/portaltela.pt\/#\/schema\/person\/c4278d4a6028830caff9ee44b42d32ed"},"breadcrumb":{"@id":"https:\/\/portaltela.pt\/noticias\/2026\/03\/13\/isabel-zuaa-atriz-portuguesa-no-centro-da-noite-dos-oscares\/#breadcrumb"},"inLanguage":"pt-PT","potentialAction":[{"@type":"ReadAction","target":["https:\/\/portaltela.pt\/noticias\/2026\/03\/13\/isabel-zuaa-atriz-portuguesa-no-centro-da-noite-dos-oscares\/"]}]},{"@type":"ImageObject","inLanguage":"pt-PT","@id":"https:\/\/portaltela.pt\/noticias\/2026\/03\/13\/isabel-zuaa-atriz-portuguesa-no-centro-da-noite-dos-oscares\/#primaryimage","url":"https:\/\/portaltela.pt\/s.01k8rhncp4jt1\/2026\/03\/img_1280x721uu2026-03-13-18-07-29-2272170-im-639090235442427395.jpg","contentUrl":"https:\/\/portaltela.pt\/s.01k8rhncp4jt1\/2026\/03\/img_1280x721uu2026-03-13-18-07-29-2272170-im-639090235442427395.jpg","width":796,"height":448,"caption":"Isab\u00e9l Zuaa"},{"@type":"BreadcrumbList","@id":"https:\/\/portaltela.pt\/noticias\/2026\/03\/13\/isabel-zuaa-atriz-portuguesa-no-centro-da-noite-dos-oscares\/#breadcrumb","itemListElement":[{"@type":"ListItem","position":1,"name":"In\u00edcio","item":"https:\/\/portaltela.pt\/"},{"@type":"ListItem","position":2,"name":"Isab\u00e9l Zuaa, atriz portuguesa, no centro da noite dos \u00d3scares"}]},{"@type":"WebSite","@id":"https:\/\/portaltela.pt\/#website","url":"https:\/\/portaltela.pt\/","name":"Portal Tela Portugal","description":"","potentialAction":[{"@type":"SearchAction","target":{"@type":"EntryPoint","urlTemplate":"https:\/\/portaltela.pt\/?s={search_term_string}"},"query-input":{"@type":"PropertyValueSpecification","valueRequired":true,"valueName":"search_term_string"}}],"inLanguage":"pt-PT"},{"@type":"Person","@id":"https:\/\/portaltela.pt\/#\/schema\/person\/c4278d4a6028830caff9ee44b42d32ed","name":"Telinha","image":{"@type":"ImageObject","inLanguage":"pt-PT","@id":"https:\/\/portaltela.pt\/s.01k8rhncp4jt1\/2025\/11\/talking-bot-125x125.png","url":"https:\/\/portaltela.pt\/s.01k8rhncp4jt1\/2025\/11\/talking-bot-125x125.png","contentUrl":"https:\/\/portaltela.pt\/s.01k8rhncp4jt1\/2025\/11\/talking-bot-125x125.png","caption":"Telinha"},"sameAs":["https:\/\/portaltela.pt\/"],"url":"https:\/\/portaltela.pt\/por\/367410592786\/"}]}},"_links":{"self":[{"href":"https:\/\/portaltela.pt\/api\/wp\/v2\/posts\/409321","targetHints":{"allow":["GET"]}}],"collection":[{"href":"https:\/\/portaltela.pt\/api\/wp\/v2\/posts"}],"about":[{"href":"https:\/\/portaltela.pt\/api\/wp\/v2\/types\/post"}],"author":[{"embeddable":true,"href":"https:\/\/portaltela.pt\/api\/wp\/v2\/users\/2"}],"replies":[{"embeddable":true,"href":"https:\/\/portaltela.pt\/api\/wp\/v2\/comments?post=409321"}],"version-history":[{"count":0,"href":"https:\/\/portaltela.pt\/api\/wp\/v2\/posts\/409321\/revisions"}],"wp:featuredmedia":[{"embeddable":true,"href":"https:\/\/portaltela.pt\/api\/wp\/v2\/media\/409329"}],"wp:attachment":[{"href":"https:\/\/portaltela.pt\/api\/wp\/v2\/media?parent=409321"}],"wp:term":[{"taxonomy":"category","embeddable":true,"href":"https:\/\/portaltela.pt\/api\/wp\/v2\/categories?post=409321"},{"taxonomy":"post_tag","embeddable":true,"href":"https:\/\/portaltela.pt\/api\/wp\/v2\/tags?post=409321"}],"curies":[{"name":"wp","href":"https:\/\/api.w.org\/{rel}","templated":true}]}}