{"id":409319,"date":"2026-03-13T16:17:20","date_gmt":"2026-03-13T19:17:20","guid":{"rendered":"https:\/\/portaltela.pt\/noticias\/2026\/03\/13\/soldado-frances-arnaud-frion-morre-em-ataque-de-drones-no-curdistao-iraquiano\/"},"modified":"2026-03-13T16:17:20","modified_gmt":"2026-03-13T19:17:20","slug":"soldado-frances-arnaud-frion-morre-em-ataque-de-drones-no-curdistao-iraquiano","status":"publish","type":"post","link":"https:\/\/portaltela.pt\/noticias\/2026\/03\/13\/soldado-frances-arnaud-frion-morre-em-ataque-de-drones-no-curdistao-iraquiano\/","title":{"rendered":"Soldado franc\u00eas Arnaud Frion morre em ataque de drones no Curdist\u00e3o iraquiano"},"content":{"rendered":"<p>O presidente franc\u00eas, Emmanuel Macron, confirmou hoje a morte do suboficial Arnaud Frion, do 7.\u00ba Batalh\u00e3o de Ca\u00e7adores Alpinos, no Iraque. O ataque ocorreu na regi\u00e3o de Erbil, num complexos de base em Mala Qara, quando foram usados drones. Pelo menos seis militares ficaram feridos; o repatriamento de Frion para Fran\u00e7a est\u00e1 a ser organizado.<\/p>\n<p>Segundo o Minist\u00e9rio das For\u00e7as Armadas, o ataque ocorreu na manh\u00e3 de sexta-feira, 13 de mar\u00e7o, localizados a cerca de 40 quil\u00f3metros a sudoeste de Erbil. O soldado franc\u00eas morreu em servi\u00e7o e representa Fran\u00e7a no contexto de opera\u00e7\u00f5es de forma\u00e7\u00e3o contra o terrorismo junto de parceiros iraquianos.<\/p>\n<p>As For\u00e7as Armadas emitiram um comunicado reafirmando que os militares destacados na regi\u00e3o participavam em a\u00e7\u00f5es de forma\u00e7\u00e3o para a luta contra o terrorismo. O chefe do Estado-Maior das For\u00e7as Armadas manifestou consterna\u00e7\u00e3o e pediu respeito \u00e0 mem\u00f3ria de Frion e \u00e0 sua fam\u00edlia.<\/p>\n<h3>Rea\u00e7\u00e3o oficial<\/h3>\n<p>Ya\u00ebl Braun-Pivet, presidente da Assembleia Nacional, expressou apoio \u00e0 fam\u00edlia e aos \u201cirm\u00e3os de armas\u201d de Frion, destacando a solidariedade da Na\u00e7\u00e3o. A ministra Aurore Berg\u00e9 elogiou o papel dos soldados na defesa dos interesses nacionais e na presen\u00e7a em opera\u00e7\u00f5es no estrangeiro.<\/p>\n<h3>Grupo envolvido no ataque<\/h3>\n<p>O grupo armado pr\u00f3-iraniano Ashab al-Kahf afirmou, via comunica\u00e7\u00e3o, que visava todos os interesses franceses no Iraque e na regi\u00e3o. O grupo mencionou a mobiliza\u00e7\u00e3o do porta-avi\u00f5es Charles de Gaulle, pedindo aos habitantes da regi\u00e3o do Curdist\u00e3o iraniano que se mantenham afastados da base. N\u00e3o houve uma reivindica\u00e7\u00e3o direta do ataque.<\/p>\n","protected":false},"excerpt":{"rendered":"<ul>\n<li>O suboficial Arnaud Frion, do 7.\u00ba Batalh\u00e3o de Ca\u00e7adores Alpinos, morreu em Erbil, Iraque, num ataque com drones a uma base em Mala Qara.<\/li>\n<li>Foi o primeiro soldado franc\u00eas morto desde o in\u00edcio do conflito no M\u00e9dio Oriente; seis ficaram feridos e o repatriamento est\u00e1 a ser organizado.<\/li>\n<li>O Presidente da Rep\u00fablica, Emmanuel Macron, confirmou o falecimento e enviou solidariedade \u00e0 fam\u00edlia e aos irm\u00e3os de armas.<\/li>\n<li>O Estado-Maior das For\u00e7as Armadas destacou que os militares franceses na regi\u00e3o est\u00e3o envolvidos em a\u00e7\u00f5es de forma\u00e7\u00e3o na luta contra o terrorismo junto de parceiros iraquianos.<\/li>\n<li>O grupo armado pr\u00f3-iraniano Ashab al-Kahf afirmou que mira \u201ctodos os interesses franceses no Iraque e na regi\u00e3o\u201d, sem reivindicar diretamente o ataque.<\/li>\n<\/ul>\n","protected":false},"author":2,"featured_media":409325,"comment_status":"closed","ping_status":"closed","sticky":false,"template":"","format":"standard","meta":{"footnotes":""},"categories":[1],"tags":[5376,6574,3399,1779,1856,62],"class_list":["post-409319","post","type-post","status-publish","format-standard","has-post-thumbnail","hentry","category-noticias","tag-a-forca-aerea","tag-defesa","tag-erbil","tag-forcas-armadas","tag-franca","tag-guerra"],"yoast_head":"<!-- This site is optimized with the Yoast SEO plugin v27.2 - https:\/\/yoast.com\/product\/yoast-seo-wordpress\/ -->\n<title>Soldado franc\u00eas Arnaud Frion morre em ataque de drones no Curdist\u00e3o iraquiano - Portal Tela Portugal<\/title>\n<meta name=\"robots\" content=\"index, follow, max-snippet:-1, max-image-preview:large, max-video-preview:-1\" \/>\n<meta property=\"og:locale\" content=\"pt_PT\" \/>\n<meta property=\"og:type\" content=\"article\" \/>\n<meta property=\"og:title\" content=\"Soldado franc\u00eas Arnaud Frion morre em ataque de drones no Curdist\u00e3o iraquiano - Portal Tela Portugal\" \/>\n<meta property=\"og:description\" content=\"O suboficial Arnaud Frion, do 7.\u00ba Batalh\u00e3o de Ca\u00e7adores Alpinos, morreu em Erbil, Iraque, num ataque com drones a uma base em Mala Qara. Foi o primeiro soldado franc\u00eas morto desde o in\u00edcio do conflito no M\u00e9dio Oriente; seis ficaram feridos e o repatriamento est\u00e1 a ser organizado. O Presidente da Rep\u00fablica, Emmanuel Macron, confirmou o falecimento e enviou solidariedade \u00e0 fam\u00edlia e aos irm\u00e3os de armas. O Estado-Maior das For\u00e7as Armadas destacou que os militares franceses na regi\u00e3o est\u00e3o envolvidos em a\u00e7\u00f5es de forma\u00e7\u00e3o na luta contra o terrorismo junto de parceiros iraquianos. O grupo armado pr\u00f3-iraniano Ashab al-Kahf afirmou que mira \u201ctodos os interesses franceses no Iraque e na regi\u00e3o\u201d, sem reivindicar diretamente o ataque.\" \/>\n<meta property=\"og:url\" content=\"https:\/\/portaltela.pt\/noticias\/2026\/03\/13\/soldado-frances-arnaud-frion-morre-em-ataque-de-drones-no-curdistao-iraquiano\/\" \/>\n<meta property=\"og:site_name\" content=\"Portal Tela Portugal\" \/>\n<meta property=\"article:published_time\" content=\"2026-03-13T19:17:20+00:00\" \/>\n<meta name=\"author\" content=\"Telinha\" \/>\n<meta name=\"twitter:card\" content=\"summary_large_image\" \/>\n<meta name=\"twitter:label1\" content=\"Escrito por\" \/>\n\t<meta name=\"twitter:data1\" content=\"Telinha\" \/>\n\t<meta name=\"twitter:label2\" content=\"Tempo estimado de leitura\" \/>\n\t<meta name=\"twitter:data2\" content=\"1 minuto\" \/>\n<script type=\"application\/ld+json\" class=\"yoast-schema-graph\">{\"@context\":\"https:\/\/schema.org\",\"@graph\":[{\"@type\":\"Article\",\"@id\":\"https:\/\/portaltela.pt\/noticias\/2026\/03\/13\/soldado-frances-arnaud-frion-morre-em-ataque-de-drones-no-curdistao-iraquiano\/#article\",\"isPartOf\":{\"@id\":\"https:\/\/portaltela.pt\/noticias\/2026\/03\/13\/soldado-frances-arnaud-frion-morre-em-ataque-de-drones-no-curdistao-iraquiano\/\"},\"author\":{\"name\":\"Telinha\",\"@id\":\"https:\/\/portaltela.pt\/#\/schema\/person\/c4278d4a6028830caff9ee44b42d32ed\"},\"headline\":\"Soldado franc\u00eas Arnaud Frion morre em ataque de drones no Curdist\u00e3o iraquiano\",\"datePublished\":\"2026-03-13T19:17:20+00:00\",\"mainEntityOfPage\":{\"@id\":\"https:\/\/portaltela.pt\/noticias\/2026\/03\/13\/soldado-frances-arnaud-frion-morre-em-ataque-de-drones-no-curdistao-iraquiano\/\"},\"wordCount\":293,\"image\":{\"@id\":\"https:\/\/portaltela.pt\/noticias\/2026\/03\/13\/soldado-frances-arnaud-frion-morre-em-ataque-de-drones-no-curdistao-iraquiano\/#primaryimage\"},\"thumbnailUrl\":\"https:\/\/portaltela.pt\/s.01k8rhncp4jt1\/2026\/03\/1536x864_cmsv2_09a230ee-7289-5d0c-9d3a-5c38fc8c5182-9684206.jpg\",\"keywords\":[\"A For\u00e7a A\u00e9rea\",\"defesa\",\"Erbil\",\"For\u00e7as Armadas\",\"Fran\u00e7a\",\"guerra\"],\"articleSection\":[\"Not\u00edcias\"],\"inLanguage\":\"pt-PT\"},{\"@type\":\"WebPage\",\"@id\":\"https:\/\/portaltela.pt\/noticias\/2026\/03\/13\/soldado-frances-arnaud-frion-morre-em-ataque-de-drones-no-curdistao-iraquiano\/\",\"url\":\"https:\/\/portaltela.pt\/noticias\/2026\/03\/13\/soldado-frances-arnaud-frion-morre-em-ataque-de-drones-no-curdistao-iraquiano\/\",\"name\":\"Soldado franc\u00eas Arnaud Frion morre em ataque de drones no Curdist\u00e3o iraquiano - Portal Tela Portugal\",\"isPartOf\":{\"@id\":\"https:\/\/portaltela.pt\/#website\"},\"primaryImageOfPage\":{\"@id\":\"https:\/\/portaltela.pt\/noticias\/2026\/03\/13\/soldado-frances-arnaud-frion-morre-em-ataque-de-drones-no-curdistao-iraquiano\/#primaryimage\"},\"image\":{\"@id\":\"https:\/\/portaltela.pt\/noticias\/2026\/03\/13\/soldado-frances-arnaud-frion-morre-em-ataque-de-drones-no-curdistao-iraquiano\/#primaryimage\"},\"thumbnailUrl\":\"https:\/\/portaltela.pt\/s.01k8rhncp4jt1\/2026\/03\/1536x864_cmsv2_09a230ee-7289-5d0c-9d3a-5c38fc8c5182-9684206.jpg\",\"datePublished\":\"2026-03-13T19:17:20+00:00\",\"author\":{\"@id\":\"https:\/\/portaltela.pt\/#\/schema\/person\/c4278d4a6028830caff9ee44b42d32ed\"},\"breadcrumb\":{\"@id\":\"https:\/\/portaltela.pt\/noticias\/2026\/03\/13\/soldado-frances-arnaud-frion-morre-em-ataque-de-drones-no-curdistao-iraquiano\/#breadcrumb\"},\"inLanguage\":\"pt-PT\",\"potentialAction\":[{\"@type\":\"ReadAction\",\"target\":[\"https:\/\/portaltela.pt\/noticias\/2026\/03\/13\/soldado-frances-arnaud-frion-morre-em-ataque-de-drones-no-curdistao-iraquiano\/\"]}]},{\"@type\":\"ImageObject\",\"inLanguage\":\"pt-PT\",\"@id\":\"https:\/\/portaltela.pt\/noticias\/2026\/03\/13\/soldado-frances-arnaud-frion-morre-em-ataque-de-drones-no-curdistao-iraquiano\/#primaryimage\",\"url\":\"https:\/\/portaltela.pt\/s.01k8rhncp4jt1\/2026\/03\/1536x864_cmsv2_09a230ee-7289-5d0c-9d3a-5c38fc8c5182-9684206.jpg\",\"contentUrl\":\"https:\/\/portaltela.pt\/s.01k8rhncp4jt1\/2026\/03\/1536x864_cmsv2_09a230ee-7289-5d0c-9d3a-5c38fc8c5182-9684206.jpg\",\"width\":796,\"height\":448,\"caption\":\"Foto AP\"},{\"@type\":\"BreadcrumbList\",\"@id\":\"https:\/\/portaltela.pt\/noticias\/2026\/03\/13\/soldado-frances-arnaud-frion-morre-em-ataque-de-drones-no-curdistao-iraquiano\/#breadcrumb\",\"itemListElement\":[{\"@type\":\"ListItem\",\"position\":1,\"name\":\"In\u00edcio\",\"item\":\"https:\/\/portaltela.pt\/\"},{\"@type\":\"ListItem\",\"position\":2,\"name\":\"Soldado franc\u00eas Arnaud Frion morre em ataque de drones no Curdist\u00e3o iraquiano\"}]},{\"@type\":\"WebSite\",\"@id\":\"https:\/\/portaltela.pt\/#website\",\"url\":\"https:\/\/portaltela.pt\/\",\"name\":\"Portal Tela Portugal\",\"description\":\"\",\"potentialAction\":[{\"@type\":\"SearchAction\",\"target\":{\"@type\":\"EntryPoint\",\"urlTemplate\":\"https:\/\/portaltela.pt\/?s={search_term_string}\"},\"query-input\":{\"@type\":\"PropertyValueSpecification\",\"valueRequired\":true,\"valueName\":\"search_term_string\"}}],\"inLanguage\":\"pt-PT\"},{\"@type\":\"Person\",\"@id\":\"https:\/\/portaltela.pt\/#\/schema\/person\/c4278d4a6028830caff9ee44b42d32ed\",\"name\":\"Telinha\",\"image\":{\"@type\":\"ImageObject\",\"inLanguage\":\"pt-PT\",\"@id\":\"https:\/\/portaltela.pt\/s.01k8rhncp4jt1\/2025\/11\/talking-bot-125x125.png\",\"url\":\"https:\/\/portaltela.pt\/s.01k8rhncp4jt1\/2025\/11\/talking-bot-125x125.png\",\"contentUrl\":\"https:\/\/portaltela.pt\/s.01k8rhncp4jt1\/2025\/11\/talking-bot-125x125.png\",\"caption\":\"Telinha\"},\"sameAs\":[\"https:\/\/portaltela.pt\/\"],\"url\":\"https:\/\/portaltela.pt\/por\/367410592786\/\"}]}<\/script>\n<!-- \/ Yoast SEO plugin. -->","yoast_head_json":{"title":"Soldado franc\u00eas Arnaud Frion morre em ataque de drones no Curdist\u00e3o iraquiano - Portal Tela Portugal","robots":{"index":"index","follow":"follow","max-snippet":"max-snippet:-1","max-image-preview":"max-image-preview:large","max-video-preview":"max-video-preview:-1"},"og_locale":"pt_PT","og_type":"article","og_title":"Soldado franc\u00eas Arnaud Frion morre em ataque de drones no Curdist\u00e3o iraquiano - Portal Tela Portugal","og_description":"O suboficial Arnaud Frion, do 7.\u00ba Batalh\u00e3o de Ca\u00e7adores Alpinos, morreu em Erbil, Iraque, num ataque com drones a uma base em Mala Qara. Foi o primeiro soldado franc\u00eas morto desde o in\u00edcio do conflito no M\u00e9dio Oriente; seis ficaram feridos e o repatriamento est\u00e1 a ser organizado. O Presidente da Rep\u00fablica, Emmanuel Macron, confirmou o falecimento e enviou solidariedade \u00e0 fam\u00edlia e aos irm\u00e3os de armas. O Estado-Maior das For\u00e7as Armadas destacou que os militares franceses na regi\u00e3o est\u00e3o envolvidos em a\u00e7\u00f5es de forma\u00e7\u00e3o na luta contra o terrorismo junto de parceiros iraquianos. O grupo armado pr\u00f3-iraniano Ashab al-Kahf afirmou que mira \u201ctodos os interesses franceses no Iraque e na regi\u00e3o\u201d, sem reivindicar diretamente o ataque.","og_url":"https:\/\/portaltela.pt\/noticias\/2026\/03\/13\/soldado-frances-arnaud-frion-morre-em-ataque-de-drones-no-curdistao-iraquiano\/","og_site_name":"Portal Tela Portugal","article_published_time":"2026-03-13T19:17:20+00:00","author":"Telinha","twitter_card":"summary_large_image","twitter_misc":{"Escrito por":"Telinha","Tempo estimado de leitura":"1 minuto"},"schema":{"@context":"https:\/\/schema.org","@graph":[{"@type":"Article","@id":"https:\/\/portaltela.pt\/noticias\/2026\/03\/13\/soldado-frances-arnaud-frion-morre-em-ataque-de-drones-no-curdistao-iraquiano\/#article","isPartOf":{"@id":"https:\/\/portaltela.pt\/noticias\/2026\/03\/13\/soldado-frances-arnaud-frion-morre-em-ataque-de-drones-no-curdistao-iraquiano\/"},"author":{"name":"Telinha","@id":"https:\/\/portaltela.pt\/#\/schema\/person\/c4278d4a6028830caff9ee44b42d32ed"},"headline":"Soldado franc\u00eas Arnaud Frion morre em ataque de drones no Curdist\u00e3o iraquiano","datePublished":"2026-03-13T19:17:20+00:00","mainEntityOfPage":{"@id":"https:\/\/portaltela.pt\/noticias\/2026\/03\/13\/soldado-frances-arnaud-frion-morre-em-ataque-de-drones-no-curdistao-iraquiano\/"},"wordCount":293,"image":{"@id":"https:\/\/portaltela.pt\/noticias\/2026\/03\/13\/soldado-frances-arnaud-frion-morre-em-ataque-de-drones-no-curdistao-iraquiano\/#primaryimage"},"thumbnailUrl":"https:\/\/portaltela.pt\/s.01k8rhncp4jt1\/2026\/03\/1536x864_cmsv2_09a230ee-7289-5d0c-9d3a-5c38fc8c5182-9684206.jpg","keywords":["A For\u00e7a A\u00e9rea","defesa","Erbil","For\u00e7as Armadas","Fran\u00e7a","guerra"],"articleSection":["Not\u00edcias"],"inLanguage":"pt-PT"},{"@type":"WebPage","@id":"https:\/\/portaltela.pt\/noticias\/2026\/03\/13\/soldado-frances-arnaud-frion-morre-em-ataque-de-drones-no-curdistao-iraquiano\/","url":"https:\/\/portaltela.pt\/noticias\/2026\/03\/13\/soldado-frances-arnaud-frion-morre-em-ataque-de-drones-no-curdistao-iraquiano\/","name":"Soldado franc\u00eas Arnaud Frion morre em ataque de drones no Curdist\u00e3o iraquiano - Portal Tela Portugal","isPartOf":{"@id":"https:\/\/portaltela.pt\/#website"},"primaryImageOfPage":{"@id":"https:\/\/portaltela.pt\/noticias\/2026\/03\/13\/soldado-frances-arnaud-frion-morre-em-ataque-de-drones-no-curdistao-iraquiano\/#primaryimage"},"image":{"@id":"https:\/\/portaltela.pt\/noticias\/2026\/03\/13\/soldado-frances-arnaud-frion-morre-em-ataque-de-drones-no-curdistao-iraquiano\/#primaryimage"},"thumbnailUrl":"https:\/\/portaltela.pt\/s.01k8rhncp4jt1\/2026\/03\/1536x864_cmsv2_09a230ee-7289-5d0c-9d3a-5c38fc8c5182-9684206.jpg","datePublished":"2026-03-13T19:17:20+00:00","author":{"@id":"https:\/\/portaltela.pt\/#\/schema\/person\/c4278d4a6028830caff9ee44b42d32ed"},"breadcrumb":{"@id":"https:\/\/portaltela.pt\/noticias\/2026\/03\/13\/soldado-frances-arnaud-frion-morre-em-ataque-de-drones-no-curdistao-iraquiano\/#breadcrumb"},"inLanguage":"pt-PT","potentialAction":[{"@type":"ReadAction","target":["https:\/\/portaltela.pt\/noticias\/2026\/03\/13\/soldado-frances-arnaud-frion-morre-em-ataque-de-drones-no-curdistao-iraquiano\/"]}]},{"@type":"ImageObject","inLanguage":"pt-PT","@id":"https:\/\/portaltela.pt\/noticias\/2026\/03\/13\/soldado-frances-arnaud-frion-morre-em-ataque-de-drones-no-curdistao-iraquiano\/#primaryimage","url":"https:\/\/portaltela.pt\/s.01k8rhncp4jt1\/2026\/03\/1536x864_cmsv2_09a230ee-7289-5d0c-9d3a-5c38fc8c5182-9684206.jpg","contentUrl":"https:\/\/portaltela.pt\/s.01k8rhncp4jt1\/2026\/03\/1536x864_cmsv2_09a230ee-7289-5d0c-9d3a-5c38fc8c5182-9684206.jpg","width":796,"height":448,"caption":"Foto AP"},{"@type":"BreadcrumbList","@id":"https:\/\/portaltela.pt\/noticias\/2026\/03\/13\/soldado-frances-arnaud-frion-morre-em-ataque-de-drones-no-curdistao-iraquiano\/#breadcrumb","itemListElement":[{"@type":"ListItem","position":1,"name":"In\u00edcio","item":"https:\/\/portaltela.pt\/"},{"@type":"ListItem","position":2,"name":"Soldado franc\u00eas Arnaud Frion morre em ataque de drones no Curdist\u00e3o iraquiano"}]},{"@type":"WebSite","@id":"https:\/\/portaltela.pt\/#website","url":"https:\/\/portaltela.pt\/","name":"Portal Tela Portugal","description":"","potentialAction":[{"@type":"SearchAction","target":{"@type":"EntryPoint","urlTemplate":"https:\/\/portaltela.pt\/?s={search_term_string}"},"query-input":{"@type":"PropertyValueSpecification","valueRequired":true,"valueName":"search_term_string"}}],"inLanguage":"pt-PT"},{"@type":"Person","@id":"https:\/\/portaltela.pt\/#\/schema\/person\/c4278d4a6028830caff9ee44b42d32ed","name":"Telinha","image":{"@type":"ImageObject","inLanguage":"pt-PT","@id":"https:\/\/portaltela.pt\/s.01k8rhncp4jt1\/2025\/11\/talking-bot-125x125.png","url":"https:\/\/portaltela.pt\/s.01k8rhncp4jt1\/2025\/11\/talking-bot-125x125.png","contentUrl":"https:\/\/portaltela.pt\/s.01k8rhncp4jt1\/2025\/11\/talking-bot-125x125.png","caption":"Telinha"},"sameAs":["https:\/\/portaltela.pt\/"],"url":"https:\/\/portaltela.pt\/por\/367410592786\/"}]}},"_links":{"self":[{"href":"https:\/\/portaltela.pt\/api\/wp\/v2\/posts\/409319","targetHints":{"allow":["GET"]}}],"collection":[{"href":"https:\/\/portaltela.pt\/api\/wp\/v2\/posts"}],"about":[{"href":"https:\/\/portaltela.pt\/api\/wp\/v2\/types\/post"}],"author":[{"embeddable":true,"href":"https:\/\/portaltela.pt\/api\/wp\/v2\/users\/2"}],"replies":[{"embeddable":true,"href":"https:\/\/portaltela.pt\/api\/wp\/v2\/comments?post=409319"}],"version-history":[{"count":0,"href":"https:\/\/portaltela.pt\/api\/wp\/v2\/posts\/409319\/revisions"}],"wp:featuredmedia":[{"embeddable":true,"href":"https:\/\/portaltela.pt\/api\/wp\/v2\/media\/409325"}],"wp:attachment":[{"href":"https:\/\/portaltela.pt\/api\/wp\/v2\/media?parent=409319"}],"wp:term":[{"taxonomy":"category","embeddable":true,"href":"https:\/\/portaltela.pt\/api\/wp\/v2\/categories?post=409319"},{"taxonomy":"post_tag","embeddable":true,"href":"https:\/\/portaltela.pt\/api\/wp\/v2\/tags?post=409319"}],"curies":[{"name":"wp","href":"https:\/\/api.w.org\/{rel}","templated":true}]}}