{"id":409318,"date":"2026-03-13T15:49:00","date_gmt":"2026-03-13T18:49:00","guid":{"rendered":"https:\/\/portaltela.pt\/noticias\/2026\/03\/13\/duplas-lusas-disputam-a-final-dos-europeus-de-470\/"},"modified":"2026-03-13T15:49:00","modified_gmt":"2026-03-13T18:49:00","slug":"duplas-lusas-disputam-a-final-dos-europeus-de-470","status":"publish","type":"post","link":"https:\/\/portaltela.pt\/desporto\/futebol\/2026\/03\/13\/duplas-lusas-disputam-a-final-dos-europeus-de-470\/","title":{"rendered":"Duplas lusas disputam a final dos Europeus de 470"},"content":{"rendered":"<p>Beatriz Gago e Rodolfo Pires, bem como Diogo Costa e Carolina Jo\u00e3o, asseguraram nesta sexta-feira o apuramento para as medal series dos Europeus de 470, que decorrem em Vilamoura. As regatas decisivas ocorrem neste s\u00e1bado, com a presen\u00e7a apenas das 10 melhores duplas at\u00e9 ao momento.<\/p>\n<p>Gago e Pires terminaram o dia em 4.\u00ba e 5.\u00ba lugar nas duas regatas da frota de ouro, subindo uma posi\u00e7\u00e3o face \u00e0s jornadas anteriores. Assim, entram nas medal race na quinta posi\u00e7\u00e3o, com um total de 36 pontos.<\/p>\n<p>Costa e Jo\u00e3o foram 8.\u00ba na primeira regata e 20.\u00ba na segunda, resultando na ascens\u00e3o para a 8.\u00aa posi\u00e7\u00e3o, com 68 pontos. A prova de s\u00e1bado define as semifinais com os pontos a dobrar.<\/p>\n<h3>Medal Series e lideran\u00e7a<\/h3>\n<p>No topo da competi\u00e7\u00e3o aparecem os brit\u00e2nicos Martin Wrigley e Bettine Harris, que venceram as duas regatas do dia e somam 19 pontos, dois a menos que Giacomo Ferrari e Alessandra Dubbini. A dupla italiana mant\u00e9m-se em segundo, com 23 pontos, enquanto Jordi Xammar e Marta Cardona, de Espanha, ocupam o 3.\u00ba lugar, com 32.<\/p>\n<p>Costa e Jo\u00e3o ocupam o 4.\u00ba posto no ranking mundial, enquanto Gago e Pires aparecem em 9.\u00ba. O Europeu de 470 re\u00fane 55 duplas de 21 pa\u00edses.<\/p>\n","protected":false},"excerpt":{"rendered":"<ul>\n<li>Beatriz Gago e Rodolfo Pires garantiram presen\u00e7a nas medal series dos Europeus de 470 em Vilamoura, subindo para quinto na classifica\u00e7\u00e3o geral com 36 pontos ap\u00f3s regatas da frota de ouro.<\/li>\n<li>Diogo Costa e Carolina Jo\u00e3o foram oitavos numa regata e 20.\u00ba na outra, mantendo-se no 8.\u00ba lugar da geral com 68 pontos para as medal series.<\/li>\n<li>No s\u00e1bado apenas as dez melhores duplas disputam as medal series, com pontos a dobrar.<\/li>\n<li>Lideram os brit\u00e2nicos Martin Wrigley e Bettine Harris, com 19 pontos, seguidos por Giacomo Ferrari e Alessandra Dubbini (23) e Jordi Xammar e Marta Cardona (32).<\/li>\n<li>O Europeus de 470 acolhe 55 duplas de 21 pa\u00edses; Costa e Jo\u00e3o ocupam o 4.\u00ba lugar no ranking mundial, enquanto Gago e Pires est\u00e3o no 9.\u00ba.<\/li>\n<\/ul>\n","protected":false},"author":2,"featured_media":409323,"comment_status":"closed","ping_status":"closed","sticky":false,"template":"","format":"standard","meta":{"footnotes":""},"categories":[21,24],"tags":[5859,152,2031,2487,1014,7064],"class_list":["post-409318","post","type-post","status-publish","format-standard","has-post-thumbnail","hentry","category-desporto","category-futebol","tag-barcos","tag-desporto","tag-espanha","tag-europa","tag-portugal","tag-vilamoura"],"yoast_head":"<!-- This site is optimized with the Yoast SEO plugin v27.2 - https:\/\/yoast.com\/product\/yoast-seo-wordpress\/ -->\n<title>Duplas lusas disputam a final dos Europeus de 470 - Portal Tela Portugal<\/title>\n<meta name=\"robots\" content=\"index, follow, max-snippet:-1, max-image-preview:large, max-video-preview:-1\" \/>\n<meta property=\"og:locale\" content=\"pt_PT\" \/>\n<meta property=\"og:type\" content=\"article\" \/>\n<meta property=\"og:title\" content=\"Duplas lusas disputam a final dos Europeus de 470 - Portal Tela Portugal\" \/>\n<meta property=\"og:description\" content=\"Beatriz Gago e Rodolfo Pires garantiram presen\u00e7a nas medal series dos Europeus de 470 em Vilamoura, subindo para quinto na classifica\u00e7\u00e3o geral com 36 pontos ap\u00f3s regatas da frota de ouro. Diogo Costa e Carolina Jo\u00e3o foram oitavos numa regata e 20.\u00ba na outra, mantendo-se no 8.\u00ba lugar da geral com 68 pontos para as medal series. No s\u00e1bado apenas as dez melhores duplas disputam as medal series, com pontos a dobrar. Lideram os brit\u00e2nicos Martin Wrigley e Bettine Harris, com 19 pontos, seguidos por Giacomo Ferrari e Alessandra Dubbini (23) e Jordi Xammar e Marta Cardona (32). O Europeus de 470 acolhe 55 duplas de 21 pa\u00edses; Costa e Jo\u00e3o ocupam o 4.\u00ba lugar no ranking mundial, enquanto Gago e Pires est\u00e3o no 9.\u00ba.\" \/>\n<meta property=\"og:url\" content=\"https:\/\/portaltela.pt\/noticias\/2026\/03\/13\/duplas-lusas-disputam-a-final-dos-europeus-de-470\/\" \/>\n<meta property=\"og:site_name\" content=\"Portal Tela Portugal\" \/>\n<meta property=\"article:published_time\" content=\"2026-03-13T18:49:00+00:00\" \/>\n<meta name=\"author\" content=\"Telinha\" \/>\n<meta name=\"twitter:card\" content=\"summary_large_image\" \/>\n<meta name=\"twitter:label1\" content=\"Escrito por\" \/>\n\t<meta name=\"twitter:data1\" content=\"Telinha\" \/>\n\t<meta name=\"twitter:label2\" content=\"Tempo estimado de leitura\" \/>\n\t<meta name=\"twitter:data2\" content=\"1 minuto\" \/>\n<script type=\"application\/ld+json\" class=\"yoast-schema-graph\">{\"@context\":\"https:\/\/schema.org\",\"@graph\":[{\"@type\":\"Article\",\"@id\":\"https:\/\/portaltela.pt\/noticias\/2026\/03\/13\/duplas-lusas-disputam-a-final-dos-europeus-de-470\/#article\",\"isPartOf\":{\"@id\":\"https:\/\/portaltela.pt\/noticias\/2026\/03\/13\/duplas-lusas-disputam-a-final-dos-europeus-de-470\/\"},\"author\":{\"name\":\"Telinha\",\"@id\":\"https:\/\/portaltela.pt\/#\/schema\/person\/c4278d4a6028830caff9ee44b42d32ed\"},\"headline\":\"Duplas lusas disputam a final dos Europeus de 470\",\"datePublished\":\"2026-03-13T18:49:00+00:00\",\"mainEntityOfPage\":{\"@id\":\"https:\/\/portaltela.pt\/noticias\/2026\/03\/13\/duplas-lusas-disputam-a-final-dos-europeus-de-470\/\"},\"wordCount\":211,\"image\":{\"@id\":\"https:\/\/portaltela.pt\/noticias\/2026\/03\/13\/duplas-lusas-disputam-a-final-dos-europeus-de-470\/#primaryimage\"},\"thumbnailUrl\":\"https:\/\/portaltela.pt\/s.01k8rhncp4jt1\/2026\/03\/2074011.jpg\",\"keywords\":[\"barcos\",\"desporto\",\"Espanha\",\"Europa\",\"Portugal\",\"Vilamoura\"],\"articleSection\":[\"Desporto\",\"Futebol\"],\"inLanguage\":\"pt-PT\"},{\"@type\":\"WebPage\",\"@id\":\"https:\/\/portaltela.pt\/noticias\/2026\/03\/13\/duplas-lusas-disputam-a-final-dos-europeus-de-470\/\",\"url\":\"https:\/\/portaltela.pt\/noticias\/2026\/03\/13\/duplas-lusas-disputam-a-final-dos-europeus-de-470\/\",\"name\":\"Duplas lusas disputam a final dos Europeus de 470 - Portal Tela Portugal\",\"isPartOf\":{\"@id\":\"https:\/\/portaltela.pt\/#website\"},\"primaryImageOfPage\":{\"@id\":\"https:\/\/portaltela.pt\/noticias\/2026\/03\/13\/duplas-lusas-disputam-a-final-dos-europeus-de-470\/#primaryimage\"},\"image\":{\"@id\":\"https:\/\/portaltela.pt\/noticias\/2026\/03\/13\/duplas-lusas-disputam-a-final-dos-europeus-de-470\/#primaryimage\"},\"thumbnailUrl\":\"https:\/\/portaltela.pt\/s.01k8rhncp4jt1\/2026\/03\/2074011.jpg\",\"datePublished\":\"2026-03-13T18:49:00+00:00\",\"author\":{\"@id\":\"https:\/\/portaltela.pt\/#\/schema\/person\/c4278d4a6028830caff9ee44b42d32ed\"},\"breadcrumb\":{\"@id\":\"https:\/\/portaltela.pt\/noticias\/2026\/03\/13\/duplas-lusas-disputam-a-final-dos-europeus-de-470\/#breadcrumb\"},\"inLanguage\":\"pt-PT\",\"potentialAction\":[{\"@type\":\"ReadAction\",\"target\":[\"https:\/\/portaltela.pt\/noticias\/2026\/03\/13\/duplas-lusas-disputam-a-final-dos-europeus-de-470\/\"]}]},{\"@type\":\"ImageObject\",\"inLanguage\":\"pt-PT\",\"@id\":\"https:\/\/portaltela.pt\/noticias\/2026\/03\/13\/duplas-lusas-disputam-a-final-dos-europeus-de-470\/#primaryimage\",\"url\":\"https:\/\/portaltela.pt\/s.01k8rhncp4jt1\/2026\/03\/2074011.jpg\",\"contentUrl\":\"https:\/\/portaltela.pt\/s.01k8rhncp4jt1\/2026\/03\/2074011.jpg\",\"width\":796,\"height\":448,\"caption\":\"Rodolfo Pires e Beatriz Gago em ac\u00e7\u00e3o, em Vilamoura\"},{\"@type\":\"BreadcrumbList\",\"@id\":\"https:\/\/portaltela.pt\/noticias\/2026\/03\/13\/duplas-lusas-disputam-a-final-dos-europeus-de-470\/#breadcrumb\",\"itemListElement\":[{\"@type\":\"ListItem\",\"position\":1,\"name\":\"In\u00edcio\",\"item\":\"https:\/\/portaltela.pt\/\"},{\"@type\":\"ListItem\",\"position\":2,\"name\":\"Duplas lusas disputam a final dos Europeus de 470\"}]},{\"@type\":\"WebSite\",\"@id\":\"https:\/\/portaltela.pt\/#website\",\"url\":\"https:\/\/portaltela.pt\/\",\"name\":\"Portal Tela Portugal\",\"description\":\"\",\"potentialAction\":[{\"@type\":\"SearchAction\",\"target\":{\"@type\":\"EntryPoint\",\"urlTemplate\":\"https:\/\/portaltela.pt\/?s={search_term_string}\"},\"query-input\":{\"@type\":\"PropertyValueSpecification\",\"valueRequired\":true,\"valueName\":\"search_term_string\"}}],\"inLanguage\":\"pt-PT\"},{\"@type\":\"Person\",\"@id\":\"https:\/\/portaltela.pt\/#\/schema\/person\/c4278d4a6028830caff9ee44b42d32ed\",\"name\":\"Telinha\",\"image\":{\"@type\":\"ImageObject\",\"inLanguage\":\"pt-PT\",\"@id\":\"https:\/\/portaltela.pt\/s.01k8rhncp4jt1\/2025\/11\/talking-bot-125x125.png\",\"url\":\"https:\/\/portaltela.pt\/s.01k8rhncp4jt1\/2025\/11\/talking-bot-125x125.png\",\"contentUrl\":\"https:\/\/portaltela.pt\/s.01k8rhncp4jt1\/2025\/11\/talking-bot-125x125.png\",\"caption\":\"Telinha\"},\"sameAs\":[\"https:\/\/portaltela.pt\/\"],\"url\":\"https:\/\/portaltela.pt\/por\/367410592786\/\"}]}<\/script>\n<!-- \/ Yoast SEO plugin. -->","yoast_head_json":{"title":"Duplas lusas disputam a final dos Europeus de 470 - Portal Tela Portugal","robots":{"index":"index","follow":"follow","max-snippet":"max-snippet:-1","max-image-preview":"max-image-preview:large","max-video-preview":"max-video-preview:-1"},"og_locale":"pt_PT","og_type":"article","og_title":"Duplas lusas disputam a final dos Europeus de 470 - Portal Tela Portugal","og_description":"Beatriz Gago e Rodolfo Pires garantiram presen\u00e7a nas medal series dos Europeus de 470 em Vilamoura, subindo para quinto na classifica\u00e7\u00e3o geral com 36 pontos ap\u00f3s regatas da frota de ouro. Diogo Costa e Carolina Jo\u00e3o foram oitavos numa regata e 20.\u00ba na outra, mantendo-se no 8.\u00ba lugar da geral com 68 pontos para as medal series. No s\u00e1bado apenas as dez melhores duplas disputam as medal series, com pontos a dobrar. Lideram os brit\u00e2nicos Martin Wrigley e Bettine Harris, com 19 pontos, seguidos por Giacomo Ferrari e Alessandra Dubbini (23) e Jordi Xammar e Marta Cardona (32). O Europeus de 470 acolhe 55 duplas de 21 pa\u00edses; Costa e Jo\u00e3o ocupam o 4.\u00ba lugar no ranking mundial, enquanto Gago e Pires est\u00e3o no 9.\u00ba.","og_url":"https:\/\/portaltela.pt\/noticias\/2026\/03\/13\/duplas-lusas-disputam-a-final-dos-europeus-de-470\/","og_site_name":"Portal Tela Portugal","article_published_time":"2026-03-13T18:49:00+00:00","author":"Telinha","twitter_card":"summary_large_image","twitter_misc":{"Escrito por":"Telinha","Tempo estimado de leitura":"1 minuto"},"schema":{"@context":"https:\/\/schema.org","@graph":[{"@type":"Article","@id":"https:\/\/portaltela.pt\/noticias\/2026\/03\/13\/duplas-lusas-disputam-a-final-dos-europeus-de-470\/#article","isPartOf":{"@id":"https:\/\/portaltela.pt\/noticias\/2026\/03\/13\/duplas-lusas-disputam-a-final-dos-europeus-de-470\/"},"author":{"name":"Telinha","@id":"https:\/\/portaltela.pt\/#\/schema\/person\/c4278d4a6028830caff9ee44b42d32ed"},"headline":"Duplas lusas disputam a final dos Europeus de 470","datePublished":"2026-03-13T18:49:00+00:00","mainEntityOfPage":{"@id":"https:\/\/portaltela.pt\/noticias\/2026\/03\/13\/duplas-lusas-disputam-a-final-dos-europeus-de-470\/"},"wordCount":211,"image":{"@id":"https:\/\/portaltela.pt\/noticias\/2026\/03\/13\/duplas-lusas-disputam-a-final-dos-europeus-de-470\/#primaryimage"},"thumbnailUrl":"https:\/\/portaltela.pt\/s.01k8rhncp4jt1\/2026\/03\/2074011.jpg","keywords":["barcos","desporto","Espanha","Europa","Portugal","Vilamoura"],"articleSection":["Desporto","Futebol"],"inLanguage":"pt-PT"},{"@type":"WebPage","@id":"https:\/\/portaltela.pt\/noticias\/2026\/03\/13\/duplas-lusas-disputam-a-final-dos-europeus-de-470\/","url":"https:\/\/portaltela.pt\/noticias\/2026\/03\/13\/duplas-lusas-disputam-a-final-dos-europeus-de-470\/","name":"Duplas lusas disputam a final dos Europeus de 470 - Portal Tela Portugal","isPartOf":{"@id":"https:\/\/portaltela.pt\/#website"},"primaryImageOfPage":{"@id":"https:\/\/portaltela.pt\/noticias\/2026\/03\/13\/duplas-lusas-disputam-a-final-dos-europeus-de-470\/#primaryimage"},"image":{"@id":"https:\/\/portaltela.pt\/noticias\/2026\/03\/13\/duplas-lusas-disputam-a-final-dos-europeus-de-470\/#primaryimage"},"thumbnailUrl":"https:\/\/portaltela.pt\/s.01k8rhncp4jt1\/2026\/03\/2074011.jpg","datePublished":"2026-03-13T18:49:00+00:00","author":{"@id":"https:\/\/portaltela.pt\/#\/schema\/person\/c4278d4a6028830caff9ee44b42d32ed"},"breadcrumb":{"@id":"https:\/\/portaltela.pt\/noticias\/2026\/03\/13\/duplas-lusas-disputam-a-final-dos-europeus-de-470\/#breadcrumb"},"inLanguage":"pt-PT","potentialAction":[{"@type":"ReadAction","target":["https:\/\/portaltela.pt\/noticias\/2026\/03\/13\/duplas-lusas-disputam-a-final-dos-europeus-de-470\/"]}]},{"@type":"ImageObject","inLanguage":"pt-PT","@id":"https:\/\/portaltela.pt\/noticias\/2026\/03\/13\/duplas-lusas-disputam-a-final-dos-europeus-de-470\/#primaryimage","url":"https:\/\/portaltela.pt\/s.01k8rhncp4jt1\/2026\/03\/2074011.jpg","contentUrl":"https:\/\/portaltela.pt\/s.01k8rhncp4jt1\/2026\/03\/2074011.jpg","width":796,"height":448,"caption":"Rodolfo Pires e Beatriz Gago em ac\u00e7\u00e3o, em Vilamoura"},{"@type":"BreadcrumbList","@id":"https:\/\/portaltela.pt\/noticias\/2026\/03\/13\/duplas-lusas-disputam-a-final-dos-europeus-de-470\/#breadcrumb","itemListElement":[{"@type":"ListItem","position":1,"name":"In\u00edcio","item":"https:\/\/portaltela.pt\/"},{"@type":"ListItem","position":2,"name":"Duplas lusas disputam a final dos Europeus de 470"}]},{"@type":"WebSite","@id":"https:\/\/portaltela.pt\/#website","url":"https:\/\/portaltela.pt\/","name":"Portal Tela Portugal","description":"","potentialAction":[{"@type":"SearchAction","target":{"@type":"EntryPoint","urlTemplate":"https:\/\/portaltela.pt\/?s={search_term_string}"},"query-input":{"@type":"PropertyValueSpecification","valueRequired":true,"valueName":"search_term_string"}}],"inLanguage":"pt-PT"},{"@type":"Person","@id":"https:\/\/portaltela.pt\/#\/schema\/person\/c4278d4a6028830caff9ee44b42d32ed","name":"Telinha","image":{"@type":"ImageObject","inLanguage":"pt-PT","@id":"https:\/\/portaltela.pt\/s.01k8rhncp4jt1\/2025\/11\/talking-bot-125x125.png","url":"https:\/\/portaltela.pt\/s.01k8rhncp4jt1\/2025\/11\/talking-bot-125x125.png","contentUrl":"https:\/\/portaltela.pt\/s.01k8rhncp4jt1\/2025\/11\/talking-bot-125x125.png","caption":"Telinha"},"sameAs":["https:\/\/portaltela.pt\/"],"url":"https:\/\/portaltela.pt\/por\/367410592786\/"}]}},"_links":{"self":[{"href":"https:\/\/portaltela.pt\/api\/wp\/v2\/posts\/409318","targetHints":{"allow":["GET"]}}],"collection":[{"href":"https:\/\/portaltela.pt\/api\/wp\/v2\/posts"}],"about":[{"href":"https:\/\/portaltela.pt\/api\/wp\/v2\/types\/post"}],"author":[{"embeddable":true,"href":"https:\/\/portaltela.pt\/api\/wp\/v2\/users\/2"}],"replies":[{"embeddable":true,"href":"https:\/\/portaltela.pt\/api\/wp\/v2\/comments?post=409318"}],"version-history":[{"count":0,"href":"https:\/\/portaltela.pt\/api\/wp\/v2\/posts\/409318\/revisions"}],"wp:featuredmedia":[{"embeddable":true,"href":"https:\/\/portaltela.pt\/api\/wp\/v2\/media\/409323"}],"wp:attachment":[{"href":"https:\/\/portaltela.pt\/api\/wp\/v2\/media?parent=409318"}],"wp:term":[{"taxonomy":"category","embeddable":true,"href":"https:\/\/portaltela.pt\/api\/wp\/v2\/categories?post=409318"},{"taxonomy":"post_tag","embeddable":true,"href":"https:\/\/portaltela.pt\/api\/wp\/v2\/tags?post=409318"}],"curies":[{"name":"wp","href":"https:\/\/api.w.org\/{rel}","templated":true}]}}