{"id":409307,"date":"2026-03-13T16:04:00","date_gmt":"2026-03-13T19:04:00","guid":{"rendered":"https:\/\/portaltela.pt\/noticias\/2026\/03\/13\/estado-paga-3-mil-euros-mensais-a-centro-provisorio-familia-ana-paula-em-quarto\/"},"modified":"2026-03-13T16:04:00","modified_gmt":"2026-03-13T19:04:00","slug":"estado-paga-3-mil-euros-mensais-a-centro-provisorio-familia-ana-paula-em-quarto","status":"publish","type":"post","link":"https:\/\/portaltela.pt\/noticias\/2026\/03\/13\/estado-paga-3-mil-euros-mensais-a-centro-provisorio-familia-ana-paula-em-quarto\/","title":{"rendered":"Estado paga 3 mil euros mensais a centro provis\u00f3rio; fam\u00edlia Ana Paula em quarto"},"content":{"rendered":"<p>O Estado paga cerca de 3 mil euros por m\u00eas por uma estadia de Ana Paula dos Santos e dos quatro filhos num Centro de Alojamento de Emerg\u00eancia Social (CAES) em Carnide, h\u00e1 um ano. A factura j\u00e1 ultrapassou os 21 mil euros.<\/p>\n<p>A fam\u00edlia vive num quarto no CAES, enquanto Ana Paula trabalha no Areeiro. Os filhos estudam no Lumiar e em Loures, o que implica rotinas de desloca\u00e7\u00e3o, espera e log\u00edstica di\u00e1rias.<\/p>\n<p>Ela sai de Carnide \u00e0s 7h e regressa por volta das 18h, levando o filho mais novo ao Alto do Lumiar, a filha de 4 anos \u00e0s Galinheiras e, por vezes, a filha de 10 anos a Loures.<\/p>\n","protected":false},"excerpt":{"rendered":"<ul>\n<li>Ana Paula dos Santos vive h\u00e1 um ano num quarto com os quatro filhos, num Centro de Alojamento de Emerg\u00eancia Social (CAES) em Carnide.<\/li>\n<li>A factura j\u00e1 ultrapassou os 21 mil euros, com o Estado a pagar cerca de 3 mil euros mensais para o centro tempor\u00e1rio.<\/li>\n<li>A fam\u00edlia tem quatro filhos: Mayda, 19 anos; Jucileiny, 10 anos; Dayane, 4 anos; e Heitor, quase 1 ano.<\/li>\n<li>A m\u00e3e trabalha no Areeiro; a rotina envolve levar os filhos \u00e0 escola no Lumiar e em Loures, saindo de Carnide \u00e0s 7h e regressando \u00e0s 18h.<\/li>\n<li>Questiona-se se este modelo \u00e9 adequado, dado que a despesa poderia permitir arrendar uma casa.<\/li>\n<\/ul>\n","protected":false},"author":2,"featured_media":409314,"comment_status":"closed","ping_status":"closed","sticky":false,"template":"","format":"standard","meta":{"footnotes":""},"categories":[1],"tags":[7176,7175,5928,1167,1680,7177],"class_list":["post-409307","post","type-post","status-publish","format-standard","has-post-thumbnail","hentry","category-noticias","tag-areeiro","tag-carnide","tag-emergencia","tag-habitacao-social","tag-loures","tag-lumiar"],"yoast_head":"<!-- This site is optimized with the Yoast SEO plugin v27.2 - https:\/\/yoast.com\/product\/yoast-seo-wordpress\/ -->\n<title>Estado paga 3 mil euros mensais a centro provis\u00f3rio; fam\u00edlia Ana Paula em quarto - Portal Tela Portugal<\/title>\n<meta name=\"robots\" content=\"index, follow, max-snippet:-1, max-image-preview:large, max-video-preview:-1\" \/>\n<meta property=\"og:locale\" content=\"pt_PT\" \/>\n<meta property=\"og:type\" content=\"article\" \/>\n<meta property=\"og:title\" content=\"Estado paga 3 mil euros mensais a centro provis\u00f3rio; fam\u00edlia Ana Paula em quarto - Portal Tela Portugal\" \/>\n<meta property=\"og:description\" content=\"Ana Paula dos Santos vive h\u00e1 um ano num quarto com os quatro filhos, num Centro de Alojamento de Emerg\u00eancia Social (CAES) em Carnide. A factura j\u00e1 ultrapassou os 21 mil euros, com o Estado a pagar cerca de 3 mil euros mensais para o centro tempor\u00e1rio. A fam\u00edlia tem quatro filhos: Mayda, 19 anos; Jucileiny, 10 anos; Dayane, 4 anos; e Heitor, quase 1 ano. A m\u00e3e trabalha no Areeiro; a rotina envolve levar os filhos \u00e0 escola no Lumiar e em Loures, saindo de Carnide \u00e0s 7h e regressando \u00e0s 18h. Questiona-se se este modelo \u00e9 adequado, dado que a despesa poderia permitir arrendar uma casa.\" \/>\n<meta property=\"og:url\" content=\"https:\/\/portaltela.pt\/noticias\/2026\/03\/13\/estado-paga-3-mil-euros-mensais-a-centro-provisorio-familia-ana-paula-em-quarto\/\" \/>\n<meta property=\"og:site_name\" content=\"Portal Tela Portugal\" \/>\n<meta property=\"article:published_time\" content=\"2026-03-13T19:04:00+00:00\" \/>\n<meta name=\"author\" content=\"Telinha\" \/>\n<meta name=\"twitter:card\" content=\"summary_large_image\" \/>\n<meta name=\"twitter:label1\" content=\"Escrito por\" \/>\n\t<meta name=\"twitter:data1\" content=\"Telinha\" \/>\n\t<meta name=\"twitter:label2\" content=\"Tempo estimado de leitura\" \/>\n\t<meta name=\"twitter:data2\" content=\"1 minuto\" \/>\n<script type=\"application\/ld+json\" class=\"yoast-schema-graph\">{\"@context\":\"https:\/\/schema.org\",\"@graph\":[{\"@type\":\"Article\",\"@id\":\"https:\/\/portaltela.pt\/noticias\/2026\/03\/13\/estado-paga-3-mil-euros-mensais-a-centro-provisorio-familia-ana-paula-em-quarto\/#article\",\"isPartOf\":{\"@id\":\"https:\/\/portaltela.pt\/noticias\/2026\/03\/13\/estado-paga-3-mil-euros-mensais-a-centro-provisorio-familia-ana-paula-em-quarto\/\"},\"author\":{\"name\":\"Telinha\",\"@id\":\"https:\/\/portaltela.pt\/#\/schema\/person\/c4278d4a6028830caff9ee44b42d32ed\"},\"headline\":\"Estado paga 3 mil euros mensais a centro provis\u00f3rio; fam\u00edlia Ana Paula em quarto\",\"datePublished\":\"2026-03-13T19:04:00+00:00\",\"mainEntityOfPage\":{\"@id\":\"https:\/\/portaltela.pt\/noticias\/2026\/03\/13\/estado-paga-3-mil-euros-mensais-a-centro-provisorio-familia-ana-paula-em-quarto\/\"},\"wordCount\":129,\"image\":{\"@id\":\"https:\/\/portaltela.pt\/noticias\/2026\/03\/13\/estado-paga-3-mil-euros-mensais-a-centro-provisorio-familia-ana-paula-em-quarto\/#primaryimage\"},\"thumbnailUrl\":\"https:\/\/portaltela.pt\/s.01k8rhncp4jt1\/2026\/03\/2073941.jpg\",\"keywords\":[\"Areeiro\",\"Carnide\",\"emerg\u00eancia\",\"habita\u00e7\u00e3o social\",\"Loures\",\"Lumiar\"],\"articleSection\":[\"Not\u00edcias\"],\"inLanguage\":\"pt-PT\"},{\"@type\":\"WebPage\",\"@id\":\"https:\/\/portaltela.pt\/noticias\/2026\/03\/13\/estado-paga-3-mil-euros-mensais-a-centro-provisorio-familia-ana-paula-em-quarto\/\",\"url\":\"https:\/\/portaltela.pt\/noticias\/2026\/03\/13\/estado-paga-3-mil-euros-mensais-a-centro-provisorio-familia-ana-paula-em-quarto\/\",\"name\":\"Estado paga 3 mil euros mensais a centro provis\u00f3rio; fam\u00edlia Ana Paula em quarto - Portal Tela Portugal\",\"isPartOf\":{\"@id\":\"https:\/\/portaltela.pt\/#website\"},\"primaryImageOfPage\":{\"@id\":\"https:\/\/portaltela.pt\/noticias\/2026\/03\/13\/estado-paga-3-mil-euros-mensais-a-centro-provisorio-familia-ana-paula-em-quarto\/#primaryimage\"},\"image\":{\"@id\":\"https:\/\/portaltela.pt\/noticias\/2026\/03\/13\/estado-paga-3-mil-euros-mensais-a-centro-provisorio-familia-ana-paula-em-quarto\/#primaryimage\"},\"thumbnailUrl\":\"https:\/\/portaltela.pt\/s.01k8rhncp4jt1\/2026\/03\/2073941.jpg\",\"datePublished\":\"2026-03-13T19:04:00+00:00\",\"author\":{\"@id\":\"https:\/\/portaltela.pt\/#\/schema\/person\/c4278d4a6028830caff9ee44b42d32ed\"},\"breadcrumb\":{\"@id\":\"https:\/\/portaltela.pt\/noticias\/2026\/03\/13\/estado-paga-3-mil-euros-mensais-a-centro-provisorio-familia-ana-paula-em-quarto\/#breadcrumb\"},\"inLanguage\":\"pt-PT\",\"potentialAction\":[{\"@type\":\"ReadAction\",\"target\":[\"https:\/\/portaltela.pt\/noticias\/2026\/03\/13\/estado-paga-3-mil-euros-mensais-a-centro-provisorio-familia-ana-paula-em-quarto\/\"]}]},{\"@type\":\"ImageObject\",\"inLanguage\":\"pt-PT\",\"@id\":\"https:\/\/portaltela.pt\/noticias\/2026\/03\/13\/estado-paga-3-mil-euros-mensais-a-centro-provisorio-familia-ana-paula-em-quarto\/#primaryimage\",\"url\":\"https:\/\/portaltela.pt\/s.01k8rhncp4jt1\/2026\/03\/2073941.jpg\",\"contentUrl\":\"https:\/\/portaltela.pt\/s.01k8rhncp4jt1\/2026\/03\/2073941.jpg\",\"width\":796,\"height\":448,\"caption\":\"Ana Paula dos Santos, mulher com quatro filhos que foi despejada do bairro do Talude em Loures\"},{\"@type\":\"BreadcrumbList\",\"@id\":\"https:\/\/portaltela.pt\/noticias\/2026\/03\/13\/estado-paga-3-mil-euros-mensais-a-centro-provisorio-familia-ana-paula-em-quarto\/#breadcrumb\",\"itemListElement\":[{\"@type\":\"ListItem\",\"position\":1,\"name\":\"In\u00edcio\",\"item\":\"https:\/\/portaltela.pt\/\"},{\"@type\":\"ListItem\",\"position\":2,\"name\":\"Estado paga 3 mil euros mensais a centro provis\u00f3rio; fam\u00edlia Ana Paula em quarto\"}]},{\"@type\":\"WebSite\",\"@id\":\"https:\/\/portaltela.pt\/#website\",\"url\":\"https:\/\/portaltela.pt\/\",\"name\":\"Portal Tela Portugal\",\"description\":\"\",\"potentialAction\":[{\"@type\":\"SearchAction\",\"target\":{\"@type\":\"EntryPoint\",\"urlTemplate\":\"https:\/\/portaltela.pt\/?s={search_term_string}\"},\"query-input\":{\"@type\":\"PropertyValueSpecification\",\"valueRequired\":true,\"valueName\":\"search_term_string\"}}],\"inLanguage\":\"pt-PT\"},{\"@type\":\"Person\",\"@id\":\"https:\/\/portaltela.pt\/#\/schema\/person\/c4278d4a6028830caff9ee44b42d32ed\",\"name\":\"Telinha\",\"image\":{\"@type\":\"ImageObject\",\"inLanguage\":\"pt-PT\",\"@id\":\"https:\/\/portaltela.pt\/s.01k8rhncp4jt1\/2025\/11\/talking-bot-125x125.png\",\"url\":\"https:\/\/portaltela.pt\/s.01k8rhncp4jt1\/2025\/11\/talking-bot-125x125.png\",\"contentUrl\":\"https:\/\/portaltela.pt\/s.01k8rhncp4jt1\/2025\/11\/talking-bot-125x125.png\",\"caption\":\"Telinha\"},\"sameAs\":[\"https:\/\/portaltela.pt\/\"],\"url\":\"https:\/\/portaltela.pt\/por\/367410592786\/\"}]}<\/script>\n<!-- \/ Yoast SEO plugin. -->","yoast_head_json":{"title":"Estado paga 3 mil euros mensais a centro provis\u00f3rio; fam\u00edlia Ana Paula em quarto - Portal Tela Portugal","robots":{"index":"index","follow":"follow","max-snippet":"max-snippet:-1","max-image-preview":"max-image-preview:large","max-video-preview":"max-video-preview:-1"},"og_locale":"pt_PT","og_type":"article","og_title":"Estado paga 3 mil euros mensais a centro provis\u00f3rio; fam\u00edlia Ana Paula em quarto - Portal Tela Portugal","og_description":"Ana Paula dos Santos vive h\u00e1 um ano num quarto com os quatro filhos, num Centro de Alojamento de Emerg\u00eancia Social (CAES) em Carnide. A factura j\u00e1 ultrapassou os 21 mil euros, com o Estado a pagar cerca de 3 mil euros mensais para o centro tempor\u00e1rio. A fam\u00edlia tem quatro filhos: Mayda, 19 anos; Jucileiny, 10 anos; Dayane, 4 anos; e Heitor, quase 1 ano. A m\u00e3e trabalha no Areeiro; a rotina envolve levar os filhos \u00e0 escola no Lumiar e em Loures, saindo de Carnide \u00e0s 7h e regressando \u00e0s 18h. Questiona-se se este modelo \u00e9 adequado, dado que a despesa poderia permitir arrendar uma casa.","og_url":"https:\/\/portaltela.pt\/noticias\/2026\/03\/13\/estado-paga-3-mil-euros-mensais-a-centro-provisorio-familia-ana-paula-em-quarto\/","og_site_name":"Portal Tela Portugal","article_published_time":"2026-03-13T19:04:00+00:00","author":"Telinha","twitter_card":"summary_large_image","twitter_misc":{"Escrito por":"Telinha","Tempo estimado de leitura":"1 minuto"},"schema":{"@context":"https:\/\/schema.org","@graph":[{"@type":"Article","@id":"https:\/\/portaltela.pt\/noticias\/2026\/03\/13\/estado-paga-3-mil-euros-mensais-a-centro-provisorio-familia-ana-paula-em-quarto\/#article","isPartOf":{"@id":"https:\/\/portaltela.pt\/noticias\/2026\/03\/13\/estado-paga-3-mil-euros-mensais-a-centro-provisorio-familia-ana-paula-em-quarto\/"},"author":{"name":"Telinha","@id":"https:\/\/portaltela.pt\/#\/schema\/person\/c4278d4a6028830caff9ee44b42d32ed"},"headline":"Estado paga 3 mil euros mensais a centro provis\u00f3rio; fam\u00edlia Ana Paula em quarto","datePublished":"2026-03-13T19:04:00+00:00","mainEntityOfPage":{"@id":"https:\/\/portaltela.pt\/noticias\/2026\/03\/13\/estado-paga-3-mil-euros-mensais-a-centro-provisorio-familia-ana-paula-em-quarto\/"},"wordCount":129,"image":{"@id":"https:\/\/portaltela.pt\/noticias\/2026\/03\/13\/estado-paga-3-mil-euros-mensais-a-centro-provisorio-familia-ana-paula-em-quarto\/#primaryimage"},"thumbnailUrl":"https:\/\/portaltela.pt\/s.01k8rhncp4jt1\/2026\/03\/2073941.jpg","keywords":["Areeiro","Carnide","emerg\u00eancia","habita\u00e7\u00e3o social","Loures","Lumiar"],"articleSection":["Not\u00edcias"],"inLanguage":"pt-PT"},{"@type":"WebPage","@id":"https:\/\/portaltela.pt\/noticias\/2026\/03\/13\/estado-paga-3-mil-euros-mensais-a-centro-provisorio-familia-ana-paula-em-quarto\/","url":"https:\/\/portaltela.pt\/noticias\/2026\/03\/13\/estado-paga-3-mil-euros-mensais-a-centro-provisorio-familia-ana-paula-em-quarto\/","name":"Estado paga 3 mil euros mensais a centro provis\u00f3rio; fam\u00edlia Ana Paula em quarto - Portal Tela Portugal","isPartOf":{"@id":"https:\/\/portaltela.pt\/#website"},"primaryImageOfPage":{"@id":"https:\/\/portaltela.pt\/noticias\/2026\/03\/13\/estado-paga-3-mil-euros-mensais-a-centro-provisorio-familia-ana-paula-em-quarto\/#primaryimage"},"image":{"@id":"https:\/\/portaltela.pt\/noticias\/2026\/03\/13\/estado-paga-3-mil-euros-mensais-a-centro-provisorio-familia-ana-paula-em-quarto\/#primaryimage"},"thumbnailUrl":"https:\/\/portaltela.pt\/s.01k8rhncp4jt1\/2026\/03\/2073941.jpg","datePublished":"2026-03-13T19:04:00+00:00","author":{"@id":"https:\/\/portaltela.pt\/#\/schema\/person\/c4278d4a6028830caff9ee44b42d32ed"},"breadcrumb":{"@id":"https:\/\/portaltela.pt\/noticias\/2026\/03\/13\/estado-paga-3-mil-euros-mensais-a-centro-provisorio-familia-ana-paula-em-quarto\/#breadcrumb"},"inLanguage":"pt-PT","potentialAction":[{"@type":"ReadAction","target":["https:\/\/portaltela.pt\/noticias\/2026\/03\/13\/estado-paga-3-mil-euros-mensais-a-centro-provisorio-familia-ana-paula-em-quarto\/"]}]},{"@type":"ImageObject","inLanguage":"pt-PT","@id":"https:\/\/portaltela.pt\/noticias\/2026\/03\/13\/estado-paga-3-mil-euros-mensais-a-centro-provisorio-familia-ana-paula-em-quarto\/#primaryimage","url":"https:\/\/portaltela.pt\/s.01k8rhncp4jt1\/2026\/03\/2073941.jpg","contentUrl":"https:\/\/portaltela.pt\/s.01k8rhncp4jt1\/2026\/03\/2073941.jpg","width":796,"height":448,"caption":"Ana Paula dos Santos, mulher com quatro filhos que foi despejada do bairro do Talude em Loures"},{"@type":"BreadcrumbList","@id":"https:\/\/portaltela.pt\/noticias\/2026\/03\/13\/estado-paga-3-mil-euros-mensais-a-centro-provisorio-familia-ana-paula-em-quarto\/#breadcrumb","itemListElement":[{"@type":"ListItem","position":1,"name":"In\u00edcio","item":"https:\/\/portaltela.pt\/"},{"@type":"ListItem","position":2,"name":"Estado paga 3 mil euros mensais a centro provis\u00f3rio; fam\u00edlia Ana Paula em quarto"}]},{"@type":"WebSite","@id":"https:\/\/portaltela.pt\/#website","url":"https:\/\/portaltela.pt\/","name":"Portal Tela Portugal","description":"","potentialAction":[{"@type":"SearchAction","target":{"@type":"EntryPoint","urlTemplate":"https:\/\/portaltela.pt\/?s={search_term_string}"},"query-input":{"@type":"PropertyValueSpecification","valueRequired":true,"valueName":"search_term_string"}}],"inLanguage":"pt-PT"},{"@type":"Person","@id":"https:\/\/portaltela.pt\/#\/schema\/person\/c4278d4a6028830caff9ee44b42d32ed","name":"Telinha","image":{"@type":"ImageObject","inLanguage":"pt-PT","@id":"https:\/\/portaltela.pt\/s.01k8rhncp4jt1\/2025\/11\/talking-bot-125x125.png","url":"https:\/\/portaltela.pt\/s.01k8rhncp4jt1\/2025\/11\/talking-bot-125x125.png","contentUrl":"https:\/\/portaltela.pt\/s.01k8rhncp4jt1\/2025\/11\/talking-bot-125x125.png","caption":"Telinha"},"sameAs":["https:\/\/portaltela.pt\/"],"url":"https:\/\/portaltela.pt\/por\/367410592786\/"}]}},"_links":{"self":[{"href":"https:\/\/portaltela.pt\/api\/wp\/v2\/posts\/409307","targetHints":{"allow":["GET"]}}],"collection":[{"href":"https:\/\/portaltela.pt\/api\/wp\/v2\/posts"}],"about":[{"href":"https:\/\/portaltela.pt\/api\/wp\/v2\/types\/post"}],"author":[{"embeddable":true,"href":"https:\/\/portaltela.pt\/api\/wp\/v2\/users\/2"}],"replies":[{"embeddable":true,"href":"https:\/\/portaltela.pt\/api\/wp\/v2\/comments?post=409307"}],"version-history":[{"count":0,"href":"https:\/\/portaltela.pt\/api\/wp\/v2\/posts\/409307\/revisions"}],"wp:featuredmedia":[{"embeddable":true,"href":"https:\/\/portaltela.pt\/api\/wp\/v2\/media\/409314"}],"wp:attachment":[{"href":"https:\/\/portaltela.pt\/api\/wp\/v2\/media?parent=409307"}],"wp:term":[{"taxonomy":"category","embeddable":true,"href":"https:\/\/portaltela.pt\/api\/wp\/v2\/categories?post=409307"},{"taxonomy":"post_tag","embeddable":true,"href":"https:\/\/portaltela.pt\/api\/wp\/v2\/tags?post=409307"}],"curies":[{"name":"wp","href":"https:\/\/api.w.org\/{rel}","templated":true}]}}