{"id":409296,"date":"2026-03-13T15:54:00","date_gmt":"2026-03-13T18:54:00","guid":{"rendered":"https:\/\/portaltela.pt\/noticias\/2026\/03\/13\/preco-do-cafe-moido-sobe-33-com-escalada-dos-combustiveis\/"},"modified":"2026-03-13T15:54:00","modified_gmt":"2026-03-13T18:54:00","slug":"preco-do-cafe-moido-sobe-33-com-escalada-dos-combustiveis","status":"publish","type":"post","link":"https:\/\/portaltela.pt\/noticias\/economia\/2026\/03\/13\/preco-do-cafe-moido-sobe-33-com-escalada-dos-combustiveis\/","title":{"rendered":"Pre\u00e7o do caf\u00e9 mo\u00eddo sobe 33% com escalada dos combust\u00edveis"},"content":{"rendered":"<p>O aumento dos custos na energia est\u00e1 a influenciar o pre\u00e7o de bens de primeira necessidade. O cabaz alimentar da Deco subiu para 254,12 euros esta semana, mais 5,09% face \u00e0 anterior. Desde o in\u00edcio de 2022, o conjunto de produtos est\u00e1 66,42 euros mais caro, um acr\u00e9scimo de 35,39%.<\/p>\n<p>Em termos semanais, o cabaz registou um agravamento de 2,36 euros. A escalada tem sido vis\u00edvel em v\u00e1rias categorias, com destaque para o atum em \u00f3leo vegetal, que avan\u00e7ou 33% na \u00faltima semana.<\/p>\n<p>Entre os alimentos com maior subida, destacam-se as salsichas de Frankfurt (20%) e a massa espiral (12%). Em termos hom\u00f3logos, a curgete est\u00e1 45% acima do n\u00edvel de 12 meses, o robalo 41% e o caf\u00e9 torrado mo\u00eddo 33%.<\/p>\n<h3>Impacto na distribui\u00e7\u00e3o<\/h3>\n<p>A subida de pre\u00e7os reflete-se ao longo de toda a cadeia de abastecimento. A Associa\u00e7\u00e3o Portuguesa das Empresas de Distribui\u00e7\u00e3o (APED) alerta que o aumento dos custos da energia pode agravar ainda mais o pre\u00e7o final dos alimentos.<\/p>\n","protected":false},"excerpt":{"rendered":"<ul>\n<li>O cabaz alimentar da Deco atingiu 254,12 euros nesta semana, subida de 5,09%.<\/li>\n<li>Desde o come\u00e7o de 2022, comprar exatamente os mesmos produtos ficou 66,42 euros mais caro, aumento acumulado de 35,39%; a semana registou+2,36 euros.<\/li>\n<li>Entre os alimentos com maior subida hom\u00f3loga, curgete subiu 45%, robalo 41% e caf\u00e9 torrado mo\u00eddo 33%.<\/li>\n<li>Na compara\u00e7\u00e3o semanal, atum em \u00f3leo vegetal subiu 33%, salsichas de Frankfurt 20% e massa espiral 12%.<\/li>\n<li>A Associa\u00e7\u00e3o Portuguesa das Empresas de Distribui\u00e7\u00e3o (APED) avisa que o aumento dos custos de energia pode agravar ainda mais o pre\u00e7o final dos alimentos.<\/li>\n<\/ul>\n","protected":false},"author":2,"featured_media":409301,"comment_status":"closed","ping_status":"closed","sticky":false,"template":"","format":"standard","meta":{"footnotes":""},"categories":[2,1],"tags":[6115,4729,86,5765,28,174],"class_list":["post-409296","post","type-post","status-publish","format-standard","has-post-thumbnail","hentry","category-economia","category-noticias","tag-_economia","tag-abastecimento-de-energia","tag-alimentacao","tag-cafe","tag-economia","tag-energia"],"yoast_head":"<!-- This site is optimized with the Yoast SEO plugin v27.2 - https:\/\/yoast.com\/product\/yoast-seo-wordpress\/ -->\n<title>Pre\u00e7o do caf\u00e9 mo\u00eddo sobe 33% com escalada dos combust\u00edveis - Portal Tela Portugal<\/title>\n<meta name=\"robots\" content=\"index, follow, max-snippet:-1, max-image-preview:large, max-video-preview:-1\" \/>\n<meta property=\"og:locale\" content=\"pt_PT\" \/>\n<meta property=\"og:type\" content=\"article\" \/>\n<meta property=\"og:title\" content=\"Pre\u00e7o do caf\u00e9 mo\u00eddo sobe 33% com escalada dos combust\u00edveis - Portal Tela Portugal\" \/>\n<meta property=\"og:description\" content=\"O cabaz alimentar da Deco atingiu 254,12 euros nesta semana, subida de 5,09%. Desde o come\u00e7o de 2022, comprar exatamente os mesmos produtos ficou 66,42 euros mais caro, aumento acumulado de 35,39%; a semana registou+2,36 euros. Entre os alimentos com maior subida hom\u00f3loga, curgete subiu 45%, robalo 41% e caf\u00e9 torrado mo\u00eddo 33%. Na compara\u00e7\u00e3o semanal, atum em \u00f3leo vegetal subiu 33%, salsichas de Frankfurt 20% e massa espiral 12%. A Associa\u00e7\u00e3o Portuguesa das Empresas de Distribui\u00e7\u00e3o (APED) avisa que o aumento dos custos de energia pode agravar ainda mais o pre\u00e7o final dos alimentos.\" \/>\n<meta property=\"og:url\" content=\"https:\/\/portaltela.pt\/noticias\/2026\/03\/13\/preco-do-cafe-moido-sobe-33-com-escalada-dos-combustiveis\/\" \/>\n<meta property=\"og:site_name\" content=\"Portal Tela Portugal\" \/>\n<meta property=\"article:published_time\" content=\"2026-03-13T18:54:00+00:00\" \/>\n<meta name=\"author\" content=\"Telinha\" \/>\n<meta name=\"twitter:card\" content=\"summary_large_image\" \/>\n<meta name=\"twitter:label1\" content=\"Escrito por\" \/>\n\t<meta name=\"twitter:data1\" content=\"Telinha\" \/>\n\t<meta name=\"twitter:label2\" content=\"Tempo estimado de leitura\" \/>\n\t<meta name=\"twitter:data2\" content=\"1 minuto\" \/>\n<script type=\"application\/ld+json\" class=\"yoast-schema-graph\">{\"@context\":\"https:\/\/schema.org\",\"@graph\":[{\"@type\":\"Article\",\"@id\":\"https:\/\/portaltela.pt\/noticias\/2026\/03\/13\/preco-do-cafe-moido-sobe-33-com-escalada-dos-combustiveis\/#article\",\"isPartOf\":{\"@id\":\"https:\/\/portaltela.pt\/noticias\/2026\/03\/13\/preco-do-cafe-moido-sobe-33-com-escalada-dos-combustiveis\/\"},\"author\":{\"name\":\"Telinha\",\"@id\":\"https:\/\/portaltela.pt\/#\/schema\/person\/c4278d4a6028830caff9ee44b42d32ed\"},\"headline\":\"Pre\u00e7o do caf\u00e9 mo\u00eddo sobe 33% com escalada dos combust\u00edveis\",\"datePublished\":\"2026-03-13T18:54:00+00:00\",\"mainEntityOfPage\":{\"@id\":\"https:\/\/portaltela.pt\/noticias\/2026\/03\/13\/preco-do-cafe-moido-sobe-33-com-escalada-dos-combustiveis\/\"},\"wordCount\":175,\"image\":{\"@id\":\"https:\/\/portaltela.pt\/noticias\/2026\/03\/13\/preco-do-cafe-moido-sobe-33-com-escalada-dos-combustiveis\/#primaryimage\"},\"thumbnailUrl\":\"https:\/\/portaltela.pt\/s.01k8rhncp4jt1\/2026\/03\/image-895.jpg\",\"keywords\":[\"_economia\",\"abastecimento de energia\",\"alimenta\u00e7\u00e3o\",\"caf\u00e9\",\"economia\",\"energia\"],\"articleSection\":[\"Economia\",\"Not\u00edcias\"],\"inLanguage\":\"pt-PT\"},{\"@type\":\"WebPage\",\"@id\":\"https:\/\/portaltela.pt\/noticias\/2026\/03\/13\/preco-do-cafe-moido-sobe-33-com-escalada-dos-combustiveis\/\",\"url\":\"https:\/\/portaltela.pt\/noticias\/2026\/03\/13\/preco-do-cafe-moido-sobe-33-com-escalada-dos-combustiveis\/\",\"name\":\"Pre\u00e7o do caf\u00e9 mo\u00eddo sobe 33% com escalada dos combust\u00edveis - Portal Tela Portugal\",\"isPartOf\":{\"@id\":\"https:\/\/portaltela.pt\/#website\"},\"primaryImageOfPage\":{\"@id\":\"https:\/\/portaltela.pt\/noticias\/2026\/03\/13\/preco-do-cafe-moido-sobe-33-com-escalada-dos-combustiveis\/#primaryimage\"},\"image\":{\"@id\":\"https:\/\/portaltela.pt\/noticias\/2026\/03\/13\/preco-do-cafe-moido-sobe-33-com-escalada-dos-combustiveis\/#primaryimage\"},\"thumbnailUrl\":\"https:\/\/portaltela.pt\/s.01k8rhncp4jt1\/2026\/03\/image-895.jpg\",\"datePublished\":\"2026-03-13T18:54:00+00:00\",\"author\":{\"@id\":\"https:\/\/portaltela.pt\/#\/schema\/person\/c4278d4a6028830caff9ee44b42d32ed\"},\"breadcrumb\":{\"@id\":\"https:\/\/portaltela.pt\/noticias\/2026\/03\/13\/preco-do-cafe-moido-sobe-33-com-escalada-dos-combustiveis\/#breadcrumb\"},\"inLanguage\":\"pt-PT\",\"potentialAction\":[{\"@type\":\"ReadAction\",\"target\":[\"https:\/\/portaltela.pt\/noticias\/2026\/03\/13\/preco-do-cafe-moido-sobe-33-com-escalada-dos-combustiveis\/\"]}]},{\"@type\":\"ImageObject\",\"inLanguage\":\"pt-PT\",\"@id\":\"https:\/\/portaltela.pt\/noticias\/2026\/03\/13\/preco-do-cafe-moido-sobe-33-com-escalada-dos-combustiveis\/#primaryimage\",\"url\":\"https:\/\/portaltela.pt\/s.01k8rhncp4jt1\/2026\/03\/image-895.jpg\",\"contentUrl\":\"https:\/\/portaltela.pt\/s.01k8rhncp4jt1\/2026\/03\/image-895.jpg\",\"width\":796,\"height\":448,\"caption\":\"Desde o in\u00edcio de 2022 que comprar exatamente os mesmos produtos ficou 66,42 euros mais caro\"},{\"@type\":\"BreadcrumbList\",\"@id\":\"https:\/\/portaltela.pt\/noticias\/2026\/03\/13\/preco-do-cafe-moido-sobe-33-com-escalada-dos-combustiveis\/#breadcrumb\",\"itemListElement\":[{\"@type\":\"ListItem\",\"position\":1,\"name\":\"In\u00edcio\",\"item\":\"https:\/\/portaltela.pt\/\"},{\"@type\":\"ListItem\",\"position\":2,\"name\":\"Pre\u00e7o do caf\u00e9 mo\u00eddo sobe 33% com escalada dos combust\u00edveis\"}]},{\"@type\":\"WebSite\",\"@id\":\"https:\/\/portaltela.pt\/#website\",\"url\":\"https:\/\/portaltela.pt\/\",\"name\":\"Portal Tela Portugal\",\"description\":\"\",\"potentialAction\":[{\"@type\":\"SearchAction\",\"target\":{\"@type\":\"EntryPoint\",\"urlTemplate\":\"https:\/\/portaltela.pt\/?s={search_term_string}\"},\"query-input\":{\"@type\":\"PropertyValueSpecification\",\"valueRequired\":true,\"valueName\":\"search_term_string\"}}],\"inLanguage\":\"pt-PT\"},{\"@type\":\"Person\",\"@id\":\"https:\/\/portaltela.pt\/#\/schema\/person\/c4278d4a6028830caff9ee44b42d32ed\",\"name\":\"Telinha\",\"image\":{\"@type\":\"ImageObject\",\"inLanguage\":\"pt-PT\",\"@id\":\"https:\/\/portaltela.pt\/s.01k8rhncp4jt1\/2025\/11\/talking-bot-125x125.png\",\"url\":\"https:\/\/portaltela.pt\/s.01k8rhncp4jt1\/2025\/11\/talking-bot-125x125.png\",\"contentUrl\":\"https:\/\/portaltela.pt\/s.01k8rhncp4jt1\/2025\/11\/talking-bot-125x125.png\",\"caption\":\"Telinha\"},\"sameAs\":[\"https:\/\/portaltela.pt\/\"],\"url\":\"https:\/\/portaltela.pt\/por\/367410592786\/\"}]}<\/script>\n<!-- \/ Yoast SEO plugin. -->","yoast_head_json":{"title":"Pre\u00e7o do caf\u00e9 mo\u00eddo sobe 33% com escalada dos combust\u00edveis - Portal Tela Portugal","robots":{"index":"index","follow":"follow","max-snippet":"max-snippet:-1","max-image-preview":"max-image-preview:large","max-video-preview":"max-video-preview:-1"},"og_locale":"pt_PT","og_type":"article","og_title":"Pre\u00e7o do caf\u00e9 mo\u00eddo sobe 33% com escalada dos combust\u00edveis - Portal Tela Portugal","og_description":"O cabaz alimentar da Deco atingiu 254,12 euros nesta semana, subida de 5,09%. Desde o come\u00e7o de 2022, comprar exatamente os mesmos produtos ficou 66,42 euros mais caro, aumento acumulado de 35,39%; a semana registou+2,36 euros. Entre os alimentos com maior subida hom\u00f3loga, curgete subiu 45%, robalo 41% e caf\u00e9 torrado mo\u00eddo 33%. Na compara\u00e7\u00e3o semanal, atum em \u00f3leo vegetal subiu 33%, salsichas de Frankfurt 20% e massa espiral 12%. A Associa\u00e7\u00e3o Portuguesa das Empresas de Distribui\u00e7\u00e3o (APED) avisa que o aumento dos custos de energia pode agravar ainda mais o pre\u00e7o final dos alimentos.","og_url":"https:\/\/portaltela.pt\/noticias\/2026\/03\/13\/preco-do-cafe-moido-sobe-33-com-escalada-dos-combustiveis\/","og_site_name":"Portal Tela Portugal","article_published_time":"2026-03-13T18:54:00+00:00","author":"Telinha","twitter_card":"summary_large_image","twitter_misc":{"Escrito por":"Telinha","Tempo estimado de leitura":"1 minuto"},"schema":{"@context":"https:\/\/schema.org","@graph":[{"@type":"Article","@id":"https:\/\/portaltela.pt\/noticias\/2026\/03\/13\/preco-do-cafe-moido-sobe-33-com-escalada-dos-combustiveis\/#article","isPartOf":{"@id":"https:\/\/portaltela.pt\/noticias\/2026\/03\/13\/preco-do-cafe-moido-sobe-33-com-escalada-dos-combustiveis\/"},"author":{"name":"Telinha","@id":"https:\/\/portaltela.pt\/#\/schema\/person\/c4278d4a6028830caff9ee44b42d32ed"},"headline":"Pre\u00e7o do caf\u00e9 mo\u00eddo sobe 33% com escalada dos combust\u00edveis","datePublished":"2026-03-13T18:54:00+00:00","mainEntityOfPage":{"@id":"https:\/\/portaltela.pt\/noticias\/2026\/03\/13\/preco-do-cafe-moido-sobe-33-com-escalada-dos-combustiveis\/"},"wordCount":175,"image":{"@id":"https:\/\/portaltela.pt\/noticias\/2026\/03\/13\/preco-do-cafe-moido-sobe-33-com-escalada-dos-combustiveis\/#primaryimage"},"thumbnailUrl":"https:\/\/portaltela.pt\/s.01k8rhncp4jt1\/2026\/03\/image-895.jpg","keywords":["_economia","abastecimento de energia","alimenta\u00e7\u00e3o","caf\u00e9","economia","energia"],"articleSection":["Economia","Not\u00edcias"],"inLanguage":"pt-PT"},{"@type":"WebPage","@id":"https:\/\/portaltela.pt\/noticias\/2026\/03\/13\/preco-do-cafe-moido-sobe-33-com-escalada-dos-combustiveis\/","url":"https:\/\/portaltela.pt\/noticias\/2026\/03\/13\/preco-do-cafe-moido-sobe-33-com-escalada-dos-combustiveis\/","name":"Pre\u00e7o do caf\u00e9 mo\u00eddo sobe 33% com escalada dos combust\u00edveis - Portal Tela Portugal","isPartOf":{"@id":"https:\/\/portaltela.pt\/#website"},"primaryImageOfPage":{"@id":"https:\/\/portaltela.pt\/noticias\/2026\/03\/13\/preco-do-cafe-moido-sobe-33-com-escalada-dos-combustiveis\/#primaryimage"},"image":{"@id":"https:\/\/portaltela.pt\/noticias\/2026\/03\/13\/preco-do-cafe-moido-sobe-33-com-escalada-dos-combustiveis\/#primaryimage"},"thumbnailUrl":"https:\/\/portaltela.pt\/s.01k8rhncp4jt1\/2026\/03\/image-895.jpg","datePublished":"2026-03-13T18:54:00+00:00","author":{"@id":"https:\/\/portaltela.pt\/#\/schema\/person\/c4278d4a6028830caff9ee44b42d32ed"},"breadcrumb":{"@id":"https:\/\/portaltela.pt\/noticias\/2026\/03\/13\/preco-do-cafe-moido-sobe-33-com-escalada-dos-combustiveis\/#breadcrumb"},"inLanguage":"pt-PT","potentialAction":[{"@type":"ReadAction","target":["https:\/\/portaltela.pt\/noticias\/2026\/03\/13\/preco-do-cafe-moido-sobe-33-com-escalada-dos-combustiveis\/"]}]},{"@type":"ImageObject","inLanguage":"pt-PT","@id":"https:\/\/portaltela.pt\/noticias\/2026\/03\/13\/preco-do-cafe-moido-sobe-33-com-escalada-dos-combustiveis\/#primaryimage","url":"https:\/\/portaltela.pt\/s.01k8rhncp4jt1\/2026\/03\/image-895.jpg","contentUrl":"https:\/\/portaltela.pt\/s.01k8rhncp4jt1\/2026\/03\/image-895.jpg","width":796,"height":448,"caption":"Desde o in\u00edcio de 2022 que comprar exatamente os mesmos produtos ficou 66,42 euros mais caro"},{"@type":"BreadcrumbList","@id":"https:\/\/portaltela.pt\/noticias\/2026\/03\/13\/preco-do-cafe-moido-sobe-33-com-escalada-dos-combustiveis\/#breadcrumb","itemListElement":[{"@type":"ListItem","position":1,"name":"In\u00edcio","item":"https:\/\/portaltela.pt\/"},{"@type":"ListItem","position":2,"name":"Pre\u00e7o do caf\u00e9 mo\u00eddo sobe 33% com escalada dos combust\u00edveis"}]},{"@type":"WebSite","@id":"https:\/\/portaltela.pt\/#website","url":"https:\/\/portaltela.pt\/","name":"Portal Tela Portugal","description":"","potentialAction":[{"@type":"SearchAction","target":{"@type":"EntryPoint","urlTemplate":"https:\/\/portaltela.pt\/?s={search_term_string}"},"query-input":{"@type":"PropertyValueSpecification","valueRequired":true,"valueName":"search_term_string"}}],"inLanguage":"pt-PT"},{"@type":"Person","@id":"https:\/\/portaltela.pt\/#\/schema\/person\/c4278d4a6028830caff9ee44b42d32ed","name":"Telinha","image":{"@type":"ImageObject","inLanguage":"pt-PT","@id":"https:\/\/portaltela.pt\/s.01k8rhncp4jt1\/2025\/11\/talking-bot-125x125.png","url":"https:\/\/portaltela.pt\/s.01k8rhncp4jt1\/2025\/11\/talking-bot-125x125.png","contentUrl":"https:\/\/portaltela.pt\/s.01k8rhncp4jt1\/2025\/11\/talking-bot-125x125.png","caption":"Telinha"},"sameAs":["https:\/\/portaltela.pt\/"],"url":"https:\/\/portaltela.pt\/por\/367410592786\/"}]}},"_links":{"self":[{"href":"https:\/\/portaltela.pt\/api\/wp\/v2\/posts\/409296","targetHints":{"allow":["GET"]}}],"collection":[{"href":"https:\/\/portaltela.pt\/api\/wp\/v2\/posts"}],"about":[{"href":"https:\/\/portaltela.pt\/api\/wp\/v2\/types\/post"}],"author":[{"embeddable":true,"href":"https:\/\/portaltela.pt\/api\/wp\/v2\/users\/2"}],"replies":[{"embeddable":true,"href":"https:\/\/portaltela.pt\/api\/wp\/v2\/comments?post=409296"}],"version-history":[{"count":0,"href":"https:\/\/portaltela.pt\/api\/wp\/v2\/posts\/409296\/revisions"}],"wp:featuredmedia":[{"embeddable":true,"href":"https:\/\/portaltela.pt\/api\/wp\/v2\/media\/409301"}],"wp:attachment":[{"href":"https:\/\/portaltela.pt\/api\/wp\/v2\/media?parent=409296"}],"wp:term":[{"taxonomy":"category","embeddable":true,"href":"https:\/\/portaltela.pt\/api\/wp\/v2\/categories?post=409296"},{"taxonomy":"post_tag","embeddable":true,"href":"https:\/\/portaltela.pt\/api\/wp\/v2\/tags?post=409296"}],"curies":[{"name":"wp","href":"https:\/\/api.w.org\/{rel}","templated":true}]}}