{"id":409290,"date":"2026-03-13T16:00:00","date_gmt":"2026-03-13T19:00:00","guid":{"rendered":"https:\/\/portaltela.pt\/noticias\/2026\/03\/13\/ana-patricia-carvalho-anuncia-em-directo-que-se-vai-ausentar-da-televisao\/"},"modified":"2026-03-13T16:00:00","modified_gmt":"2026-03-13T19:00:00","slug":"ana-patricia-carvalho-anuncia-em-directo-que-se-vai-ausentar-da-televisao","status":"publish","type":"post","link":"https:\/\/portaltela.pt\/noticias\/economia\/2026\/03\/13\/ana-patricia-carvalho-anuncia-em-directo-que-se-vai-ausentar-da-televisao\/","title":{"rendered":"Ana Patr\u00edcia Carvalho anuncia em directo que se vai ausentar da televis\u00e3o"},"content":{"rendered":"<p>Ana Patr\u00edcia Carvalho anunciou em direto na SIC Not\u00edcias que vai afastar-se da televis\u00e3o nos pr\u00f3ximos meses. A jornalista revelou a decis\u00e3o durante o programa Grande Edi\u00e7\u00e3o, onde habitualmente apresenta informa\u00e7\u00e3o, no dia 12 de mar\u00e7o.<\/p>\n<p>No final da emiss\u00e3o, explicou aos espectadores o motivo da pausa, sem entrar em detalhes. A not\u00edcia foi apresentada de forma breve, referindo um motivo \u201cpor um bom motivo\u201d para o afastamento tempor\u00e1rio.<\/p>\n<p>A jornalista est\u00e1 gr\u00e1vida do primeiro filho, fruto da rela\u00e7\u00e3o com Rui Figueiredo. A confirma\u00e7\u00e3o foi dada publicamente a 22 de janeiro, atrav\u00e9s das redes sociais, onde tem partilhado updates da gravidez.<\/p>\n<h3>Gravidez leva pausa tempor\u00e1ria<\/h3>\n<p>Ana Patr\u00edcia Carvalho \u00e9 casada, segundo informa\u00e7\u00f5es associadas ao caso. A decis\u00e3o de afastamento ocorre num momento em que a apresentadora encara uma nova fase da vida, mantendo a comunica\u00e7\u00e3o com o p\u00fablico de forma discreta.<\/p>\n","protected":false},"excerpt":{"rendered":"<ul>\n<li>A apresentadora Ana Patr\u00edcia Carvalho anunciou, em direto, que vai afastar-se da televis\u00e3o nos pr\u00f3ximos meses.<\/li>\n<li>O an\u00fancio foi feito no programa Grande Edi\u00e7\u00e3o, onde habitualmente apresenta informa\u00e7\u00e3o na SIC Not\u00edcias.<\/li>\n<li>A jornalista explicou que o afastamento ocorre \u201cpor um bom motivo\u201d e agradeceu a confian\u00e7a dos telespectadores.<\/li>\n<li>Ana Patr\u00edcia Carvalho est\u00e1 gr\u00e1vida do primeiro filho, fruto da rela\u00e7\u00e3o com Rui Figueiredo, revelando a novidade a 22 de janeiro pelas redes sociais.<\/li>\n<li>Desde essa altura tem partilhado momentos da gravidez, incluindo a vis\u00edvel Barriguinha, com seguidores.<\/li>\n<\/ul>\n","protected":false},"author":2,"featured_media":409298,"comment_status":"closed","ping_status":"closed","sticky":false,"template":"","format":"standard","meta":{"footnotes":""},"categories":[2,1],"tags":[5957,3638,195,115,41],"class_list":["post-409290","post","type-post","status-publish","format-standard","has-post-thumbnail","hentry","category-economia","category-noticias","tag-apresentadores","tag-gravidas","tag-informacao","tag-maternidade","tag-noticia"],"yoast_head":"<!-- This site is optimized with the Yoast SEO plugin v27.2 - https:\/\/yoast.com\/product\/yoast-seo-wordpress\/ -->\n<title>Ana Patr\u00edcia Carvalho anuncia em directo que se vai ausentar da televis\u00e3o - Portal Tela Portugal<\/title>\n<meta name=\"robots\" content=\"index, follow, max-snippet:-1, max-image-preview:large, max-video-preview:-1\" \/>\n<meta property=\"og:locale\" content=\"pt_PT\" \/>\n<meta property=\"og:type\" content=\"article\" \/>\n<meta property=\"og:title\" content=\"Ana Patr\u00edcia Carvalho anuncia em directo que se vai ausentar da televis\u00e3o - Portal Tela Portugal\" \/>\n<meta property=\"og:description\" content=\"A apresentadora Ana Patr\u00edcia Carvalho anunciou, em direto, que vai afastar-se da televis\u00e3o nos pr\u00f3ximos meses. O an\u00fancio foi feito no programa Grande Edi\u00e7\u00e3o, onde habitualmente apresenta informa\u00e7\u00e3o na SIC Not\u00edcias. A jornalista explicou que o afastamento ocorre \u201cpor um bom motivo\u201d e agradeceu a confian\u00e7a dos telespectadores. Ana Patr\u00edcia Carvalho est\u00e1 gr\u00e1vida do primeiro filho, fruto da rela\u00e7\u00e3o com Rui Figueiredo, revelando a novidade a 22 de janeiro pelas redes sociais. Desde essa altura tem partilhado momentos da gravidez, incluindo a vis\u00edvel Barriguinha, com seguidores.\" \/>\n<meta property=\"og:url\" content=\"https:\/\/portaltela.pt\/noticias\/2026\/03\/13\/ana-patricia-carvalho-anuncia-em-directo-que-se-vai-ausentar-da-televisao\/\" \/>\n<meta property=\"og:site_name\" content=\"Portal Tela Portugal\" \/>\n<meta property=\"article:published_time\" content=\"2026-03-13T19:00:00+00:00\" \/>\n<meta name=\"author\" content=\"Telinha\" \/>\n<meta name=\"twitter:card\" content=\"summary_large_image\" \/>\n<meta name=\"twitter:label1\" content=\"Escrito por\" \/>\n\t<meta name=\"twitter:data1\" content=\"Telinha\" \/>\n\t<meta name=\"twitter:label2\" content=\"Tempo estimado de leitura\" \/>\n\t<meta name=\"twitter:data2\" content=\"1 minuto\" \/>\n<script type=\"application\/ld+json\" class=\"yoast-schema-graph\">{\"@context\":\"https:\/\/schema.org\",\"@graph\":[{\"@type\":\"Article\",\"@id\":\"https:\/\/portaltela.pt\/noticias\/2026\/03\/13\/ana-patricia-carvalho-anuncia-em-directo-que-se-vai-ausentar-da-televisao\/#article\",\"isPartOf\":{\"@id\":\"https:\/\/portaltela.pt\/noticias\/2026\/03\/13\/ana-patricia-carvalho-anuncia-em-directo-que-se-vai-ausentar-da-televisao\/\"},\"author\":{\"name\":\"Telinha\",\"@id\":\"https:\/\/portaltela.pt\/#\/schema\/person\/c4278d4a6028830caff9ee44b42d32ed\"},\"headline\":\"Ana Patr\u00edcia Carvalho anuncia em directo que se vai ausentar da televis\u00e3o\",\"datePublished\":\"2026-03-13T19:00:00+00:00\",\"mainEntityOfPage\":{\"@id\":\"https:\/\/portaltela.pt\/noticias\/2026\/03\/13\/ana-patricia-carvalho-anuncia-em-directo-que-se-vai-ausentar-da-televisao\/\"},\"wordCount\":173,\"image\":{\"@id\":\"https:\/\/portaltela.pt\/noticias\/2026\/03\/13\/ana-patricia-carvalho-anuncia-em-directo-que-se-vai-ausentar-da-televisao\/#primaryimage\"},\"thumbnailUrl\":\"https:\/\/portaltela.pt\/s.01k8rhncp4jt1\/2026\/03\/img_1500x1000uu2024-06-23-10-51-38-1687082-im-638791223359578620.jpg\",\"keywords\":[\"apresentadores\",\"gr\u00e1vidas\",\"informa\u00e7\u00e3o\",\"maternidade\",\"not\u00edcia\"],\"articleSection\":[\"Economia\",\"Not\u00edcias\"],\"inLanguage\":\"pt-PT\"},{\"@type\":\"WebPage\",\"@id\":\"https:\/\/portaltela.pt\/noticias\/2026\/03\/13\/ana-patricia-carvalho-anuncia-em-directo-que-se-vai-ausentar-da-televisao\/\",\"url\":\"https:\/\/portaltela.pt\/noticias\/2026\/03\/13\/ana-patricia-carvalho-anuncia-em-directo-que-se-vai-ausentar-da-televisao\/\",\"name\":\"Ana Patr\u00edcia Carvalho anuncia em directo que se vai ausentar da televis\u00e3o - Portal Tela Portugal\",\"isPartOf\":{\"@id\":\"https:\/\/portaltela.pt\/#website\"},\"primaryImageOfPage\":{\"@id\":\"https:\/\/portaltela.pt\/noticias\/2026\/03\/13\/ana-patricia-carvalho-anuncia-em-directo-que-se-vai-ausentar-da-televisao\/#primaryimage\"},\"image\":{\"@id\":\"https:\/\/portaltela.pt\/noticias\/2026\/03\/13\/ana-patricia-carvalho-anuncia-em-directo-que-se-vai-ausentar-da-televisao\/#primaryimage\"},\"thumbnailUrl\":\"https:\/\/portaltela.pt\/s.01k8rhncp4jt1\/2026\/03\/img_1500x1000uu2024-06-23-10-51-38-1687082-im-638791223359578620.jpg\",\"datePublished\":\"2026-03-13T19:00:00+00:00\",\"author\":{\"@id\":\"https:\/\/portaltela.pt\/#\/schema\/person\/c4278d4a6028830caff9ee44b42d32ed\"},\"breadcrumb\":{\"@id\":\"https:\/\/portaltela.pt\/noticias\/2026\/03\/13\/ana-patricia-carvalho-anuncia-em-directo-que-se-vai-ausentar-da-televisao\/#breadcrumb\"},\"inLanguage\":\"pt-PT\",\"potentialAction\":[{\"@type\":\"ReadAction\",\"target\":[\"https:\/\/portaltela.pt\/noticias\/2026\/03\/13\/ana-patricia-carvalho-anuncia-em-directo-que-se-vai-ausentar-da-televisao\/\"]}]},{\"@type\":\"ImageObject\",\"inLanguage\":\"pt-PT\",\"@id\":\"https:\/\/portaltela.pt\/noticias\/2026\/03\/13\/ana-patricia-carvalho-anuncia-em-directo-que-se-vai-ausentar-da-televisao\/#primaryimage\",\"url\":\"https:\/\/portaltela.pt\/s.01k8rhncp4jt1\/2026\/03\/img_1500x1000uu2024-06-23-10-51-38-1687082-im-638791223359578620.jpg\",\"contentUrl\":\"https:\/\/portaltela.pt\/s.01k8rhncp4jt1\/2026\/03\/img_1500x1000uu2024-06-23-10-51-38-1687082-im-638791223359578620.jpg\",\"width\":796,\"height\":448,\"caption\":\"Ana Patr\u00edcia Carvalho\"},{\"@type\":\"BreadcrumbList\",\"@id\":\"https:\/\/portaltela.pt\/noticias\/2026\/03\/13\/ana-patricia-carvalho-anuncia-em-directo-que-se-vai-ausentar-da-televisao\/#breadcrumb\",\"itemListElement\":[{\"@type\":\"ListItem\",\"position\":1,\"name\":\"In\u00edcio\",\"item\":\"https:\/\/portaltela.pt\/\"},{\"@type\":\"ListItem\",\"position\":2,\"name\":\"Ana Patr\u00edcia Carvalho anuncia em directo que se vai ausentar da televis\u00e3o\"}]},{\"@type\":\"WebSite\",\"@id\":\"https:\/\/portaltela.pt\/#website\",\"url\":\"https:\/\/portaltela.pt\/\",\"name\":\"Portal Tela Portugal\",\"description\":\"\",\"potentialAction\":[{\"@type\":\"SearchAction\",\"target\":{\"@type\":\"EntryPoint\",\"urlTemplate\":\"https:\/\/portaltela.pt\/?s={search_term_string}\"},\"query-input\":{\"@type\":\"PropertyValueSpecification\",\"valueRequired\":true,\"valueName\":\"search_term_string\"}}],\"inLanguage\":\"pt-PT\"},{\"@type\":\"Person\",\"@id\":\"https:\/\/portaltela.pt\/#\/schema\/person\/c4278d4a6028830caff9ee44b42d32ed\",\"name\":\"Telinha\",\"image\":{\"@type\":\"ImageObject\",\"inLanguage\":\"pt-PT\",\"@id\":\"https:\/\/portaltela.pt\/s.01k8rhncp4jt1\/2025\/11\/talking-bot-125x125.png\",\"url\":\"https:\/\/portaltela.pt\/s.01k8rhncp4jt1\/2025\/11\/talking-bot-125x125.png\",\"contentUrl\":\"https:\/\/portaltela.pt\/s.01k8rhncp4jt1\/2025\/11\/talking-bot-125x125.png\",\"caption\":\"Telinha\"},\"sameAs\":[\"https:\/\/portaltela.pt\/\"],\"url\":\"https:\/\/portaltela.pt\/por\/367410592786\/\"}]}<\/script>\n<!-- \/ Yoast SEO plugin. -->","yoast_head_json":{"title":"Ana Patr\u00edcia Carvalho anuncia em directo que se vai ausentar da televis\u00e3o - Portal Tela Portugal","robots":{"index":"index","follow":"follow","max-snippet":"max-snippet:-1","max-image-preview":"max-image-preview:large","max-video-preview":"max-video-preview:-1"},"og_locale":"pt_PT","og_type":"article","og_title":"Ana Patr\u00edcia Carvalho anuncia em directo que se vai ausentar da televis\u00e3o - Portal Tela Portugal","og_description":"A apresentadora Ana Patr\u00edcia Carvalho anunciou, em direto, que vai afastar-se da televis\u00e3o nos pr\u00f3ximos meses. O an\u00fancio foi feito no programa Grande Edi\u00e7\u00e3o, onde habitualmente apresenta informa\u00e7\u00e3o na SIC Not\u00edcias. A jornalista explicou que o afastamento ocorre \u201cpor um bom motivo\u201d e agradeceu a confian\u00e7a dos telespectadores. Ana Patr\u00edcia Carvalho est\u00e1 gr\u00e1vida do primeiro filho, fruto da rela\u00e7\u00e3o com Rui Figueiredo, revelando a novidade a 22 de janeiro pelas redes sociais. Desde essa altura tem partilhado momentos da gravidez, incluindo a vis\u00edvel Barriguinha, com seguidores.","og_url":"https:\/\/portaltela.pt\/noticias\/2026\/03\/13\/ana-patricia-carvalho-anuncia-em-directo-que-se-vai-ausentar-da-televisao\/","og_site_name":"Portal Tela Portugal","article_published_time":"2026-03-13T19:00:00+00:00","author":"Telinha","twitter_card":"summary_large_image","twitter_misc":{"Escrito por":"Telinha","Tempo estimado de leitura":"1 minuto"},"schema":{"@context":"https:\/\/schema.org","@graph":[{"@type":"Article","@id":"https:\/\/portaltela.pt\/noticias\/2026\/03\/13\/ana-patricia-carvalho-anuncia-em-directo-que-se-vai-ausentar-da-televisao\/#article","isPartOf":{"@id":"https:\/\/portaltela.pt\/noticias\/2026\/03\/13\/ana-patricia-carvalho-anuncia-em-directo-que-se-vai-ausentar-da-televisao\/"},"author":{"name":"Telinha","@id":"https:\/\/portaltela.pt\/#\/schema\/person\/c4278d4a6028830caff9ee44b42d32ed"},"headline":"Ana Patr\u00edcia Carvalho anuncia em directo que se vai ausentar da televis\u00e3o","datePublished":"2026-03-13T19:00:00+00:00","mainEntityOfPage":{"@id":"https:\/\/portaltela.pt\/noticias\/2026\/03\/13\/ana-patricia-carvalho-anuncia-em-directo-que-se-vai-ausentar-da-televisao\/"},"wordCount":173,"image":{"@id":"https:\/\/portaltela.pt\/noticias\/2026\/03\/13\/ana-patricia-carvalho-anuncia-em-directo-que-se-vai-ausentar-da-televisao\/#primaryimage"},"thumbnailUrl":"https:\/\/portaltela.pt\/s.01k8rhncp4jt1\/2026\/03\/img_1500x1000uu2024-06-23-10-51-38-1687082-im-638791223359578620.jpg","keywords":["apresentadores","gr\u00e1vidas","informa\u00e7\u00e3o","maternidade","not\u00edcia"],"articleSection":["Economia","Not\u00edcias"],"inLanguage":"pt-PT"},{"@type":"WebPage","@id":"https:\/\/portaltela.pt\/noticias\/2026\/03\/13\/ana-patricia-carvalho-anuncia-em-directo-que-se-vai-ausentar-da-televisao\/","url":"https:\/\/portaltela.pt\/noticias\/2026\/03\/13\/ana-patricia-carvalho-anuncia-em-directo-que-se-vai-ausentar-da-televisao\/","name":"Ana Patr\u00edcia Carvalho anuncia em directo que se vai ausentar da televis\u00e3o - Portal Tela Portugal","isPartOf":{"@id":"https:\/\/portaltela.pt\/#website"},"primaryImageOfPage":{"@id":"https:\/\/portaltela.pt\/noticias\/2026\/03\/13\/ana-patricia-carvalho-anuncia-em-directo-que-se-vai-ausentar-da-televisao\/#primaryimage"},"image":{"@id":"https:\/\/portaltela.pt\/noticias\/2026\/03\/13\/ana-patricia-carvalho-anuncia-em-directo-que-se-vai-ausentar-da-televisao\/#primaryimage"},"thumbnailUrl":"https:\/\/portaltela.pt\/s.01k8rhncp4jt1\/2026\/03\/img_1500x1000uu2024-06-23-10-51-38-1687082-im-638791223359578620.jpg","datePublished":"2026-03-13T19:00:00+00:00","author":{"@id":"https:\/\/portaltela.pt\/#\/schema\/person\/c4278d4a6028830caff9ee44b42d32ed"},"breadcrumb":{"@id":"https:\/\/portaltela.pt\/noticias\/2026\/03\/13\/ana-patricia-carvalho-anuncia-em-directo-que-se-vai-ausentar-da-televisao\/#breadcrumb"},"inLanguage":"pt-PT","potentialAction":[{"@type":"ReadAction","target":["https:\/\/portaltela.pt\/noticias\/2026\/03\/13\/ana-patricia-carvalho-anuncia-em-directo-que-se-vai-ausentar-da-televisao\/"]}]},{"@type":"ImageObject","inLanguage":"pt-PT","@id":"https:\/\/portaltela.pt\/noticias\/2026\/03\/13\/ana-patricia-carvalho-anuncia-em-directo-que-se-vai-ausentar-da-televisao\/#primaryimage","url":"https:\/\/portaltela.pt\/s.01k8rhncp4jt1\/2026\/03\/img_1500x1000uu2024-06-23-10-51-38-1687082-im-638791223359578620.jpg","contentUrl":"https:\/\/portaltela.pt\/s.01k8rhncp4jt1\/2026\/03\/img_1500x1000uu2024-06-23-10-51-38-1687082-im-638791223359578620.jpg","width":796,"height":448,"caption":"Ana Patr\u00edcia Carvalho"},{"@type":"BreadcrumbList","@id":"https:\/\/portaltela.pt\/noticias\/2026\/03\/13\/ana-patricia-carvalho-anuncia-em-directo-que-se-vai-ausentar-da-televisao\/#breadcrumb","itemListElement":[{"@type":"ListItem","position":1,"name":"In\u00edcio","item":"https:\/\/portaltela.pt\/"},{"@type":"ListItem","position":2,"name":"Ana Patr\u00edcia Carvalho anuncia em directo que se vai ausentar da televis\u00e3o"}]},{"@type":"WebSite","@id":"https:\/\/portaltela.pt\/#website","url":"https:\/\/portaltela.pt\/","name":"Portal Tela Portugal","description":"","potentialAction":[{"@type":"SearchAction","target":{"@type":"EntryPoint","urlTemplate":"https:\/\/portaltela.pt\/?s={search_term_string}"},"query-input":{"@type":"PropertyValueSpecification","valueRequired":true,"valueName":"search_term_string"}}],"inLanguage":"pt-PT"},{"@type":"Person","@id":"https:\/\/portaltela.pt\/#\/schema\/person\/c4278d4a6028830caff9ee44b42d32ed","name":"Telinha","image":{"@type":"ImageObject","inLanguage":"pt-PT","@id":"https:\/\/portaltela.pt\/s.01k8rhncp4jt1\/2025\/11\/talking-bot-125x125.png","url":"https:\/\/portaltela.pt\/s.01k8rhncp4jt1\/2025\/11\/talking-bot-125x125.png","contentUrl":"https:\/\/portaltela.pt\/s.01k8rhncp4jt1\/2025\/11\/talking-bot-125x125.png","caption":"Telinha"},"sameAs":["https:\/\/portaltela.pt\/"],"url":"https:\/\/portaltela.pt\/por\/367410592786\/"}]}},"_links":{"self":[{"href":"https:\/\/portaltela.pt\/api\/wp\/v2\/posts\/409290","targetHints":{"allow":["GET"]}}],"collection":[{"href":"https:\/\/portaltela.pt\/api\/wp\/v2\/posts"}],"about":[{"href":"https:\/\/portaltela.pt\/api\/wp\/v2\/types\/post"}],"author":[{"embeddable":true,"href":"https:\/\/portaltela.pt\/api\/wp\/v2\/users\/2"}],"replies":[{"embeddable":true,"href":"https:\/\/portaltela.pt\/api\/wp\/v2\/comments?post=409290"}],"version-history":[{"count":0,"href":"https:\/\/portaltela.pt\/api\/wp\/v2\/posts\/409290\/revisions"}],"wp:featuredmedia":[{"embeddable":true,"href":"https:\/\/portaltela.pt\/api\/wp\/v2\/media\/409298"}],"wp:attachment":[{"href":"https:\/\/portaltela.pt\/api\/wp\/v2\/media?parent=409290"}],"wp:term":[{"taxonomy":"category","embeddable":true,"href":"https:\/\/portaltela.pt\/api\/wp\/v2\/categories?post=409290"},{"taxonomy":"post_tag","embeddable":true,"href":"https:\/\/portaltela.pt\/api\/wp\/v2\/tags?post=409290"}],"curies":[{"name":"wp","href":"https:\/\/api.w.org\/{rel}","templated":true}]}}