{"id":409287,"date":"2026-03-13T15:51:22","date_gmt":"2026-03-13T18:51:22","guid":{"rendered":"https:\/\/portaltela.pt\/noticias\/2026\/03\/13\/supremo-marca-22-de-abril-julgamento-da-ex-ministra-das-pescas-angolana\/"},"modified":"2026-03-13T15:51:22","modified_gmt":"2026-03-13T18:51:22","slug":"supremo-marca-22-de-abril-julgamento-da-ex-ministra-das-pescas-angolana","status":"publish","type":"post","link":"https:\/\/portaltela.pt\/noticias\/2026\/03\/13\/supremo-marca-22-de-abril-julgamento-da-ex-ministra-das-pescas-angolana\/","title":{"rendered":"Supremo marca 22 de abril julgamento da ex-ministra das Pescas angolana"},"content":{"rendered":"<p>O Tribunal Supremo de Angola marcou para 22 de abril o in\u00edcio do julgamento da ex-ministra das Pescas, Vit\u00f3ria de Barros Neto, acusada pelo Minist\u00e9rio P\u00fablico de peculato. O processo inclui ainda Rafael Virg\u00edlio Pascoal, Yango Nsalamby e Jaime Domingos Alves Pinto. A informa\u00e7\u00e3o foi divulgada pelo pr\u00f3prio tribunal numa nota \u00e0 imprensa.<\/p>\n<p>Em 2019, a Procuradoria-Geral da Rep\u00fablica anunciou que a antiga governante respondia a um processo-crime por suspeita de apropria\u00e7\u00e3o indevida de valores monet\u00e1rios de Angola e de Nam\u00edbia. A acusa\u00e7\u00e3o envolve dinheiro resultante da comercializa\u00e7\u00e3o de pescado na zona costeira partilhada pelos dois pa\u00edses.<\/p>\n<p>A PGR indicou tamb\u00e9m que colabora com as autoridades judici\u00e1rias da Nam\u00edbia, que tramitavam um processo semelhante relacionado com os mesmos factos. Al\u00e9m disso, foram reportadas investiga\u00e7\u00f5es sobre um alegado acordo de doa\u00e7\u00e3o de quotas de pesca entre Nam\u00edbia e Angola, no valor de 150 milh\u00f5es de d\u00f3lares namibianos.<\/p>\n","protected":false},"excerpt":{"rendered":"<ul>\n<li>O Tribunal Supremo marcou para 22 de abril o in\u00edcio do julgamento de Vit\u00f3ria de Barros Neto, antiga ministra das Pescas de Angola, acusada de peculato.<\/li>\n<li>No mesmo processo v\u00e3o ser julgados Rafael Virg\u00edlio Pascoal, Yango Nsalamby e Jaime Domingos Alves Pinto.<\/li>\n<li>Em 2019, a Procuradoria-Geral da Rep\u00fablica (PGR) de Angola informou que Barros Neto respondia por suspeita de apropria\u00e7\u00e3o indevida de valores dos Estados angolano e namibiano relacionados com a venda de pescado na zona costeira conjunta.<\/li>\n<li>A PGR tamb\u00e9m indicou coopera\u00e7\u00e3o com as autoridades judici\u00e1rias da Nam\u00edbia, que tramitavam um processo sobre os mesmos factos envolvendo cidad\u00e3os e empresas daquele pa\u00eds.<\/li>\n<li>Na mesma altura, divulgou-se que as autoridades anticorrup\u00e7\u00e3o da Nam\u00edbia investigavam um acordo de doa\u00e7\u00e3o de quotas de pesca entre a Nam\u00edbia e Angola, no valor de 150 milh\u00f5es de d\u00f3lares namibianos (nove milh\u00f5es de euros \u00e0quela \u00e9poca).<\/li>\n<\/ul>\n","protected":false},"author":2,"featured_media":409295,"comment_status":"closed","ping_status":"closed","sticky":false,"template":"","format":"standard","meta":{"footnotes":""},"categories":[6815,1],"tags":[6115,4837,147,2631,259,4185],"class_list":["post-409287","post","type-post","status-publish","format-standard","has-post-thumbnail","hentry","category-justica","category-noticias","tag-_economia","tag-angola","tag-crime","tag-namibia","tag-peculato","tag-pescas"],"yoast_head":"<!-- This site is optimized with the Yoast SEO plugin v27.2 - https:\/\/yoast.com\/product\/yoast-seo-wordpress\/ -->\n<title>Supremo marca 22 de abril julgamento da ex-ministra das Pescas angolana - Portal Tela Portugal<\/title>\n<meta name=\"robots\" content=\"index, follow, max-snippet:-1, max-image-preview:large, max-video-preview:-1\" \/>\n<meta property=\"og:locale\" content=\"pt_PT\" \/>\n<meta property=\"og:type\" content=\"article\" \/>\n<meta property=\"og:title\" content=\"Supremo marca 22 de abril julgamento da ex-ministra das Pescas angolana - Portal Tela Portugal\" \/>\n<meta property=\"og:description\" content=\"O Tribunal Supremo marcou para 22 de abril o in\u00edcio do julgamento de Vit\u00f3ria de Barros Neto, antiga ministra das Pescas de Angola, acusada de peculato. No mesmo processo v\u00e3o ser julgados Rafael Virg\u00edlio Pascoal, Yango Nsalamby e Jaime Domingos Alves Pinto. Em 2019, a Procuradoria-Geral da Rep\u00fablica (PGR) de Angola informou que Barros Neto respondia por suspeita de apropria\u00e7\u00e3o indevida de valores dos Estados angolano e namibiano relacionados com a venda de pescado na zona costeira conjunta. A PGR tamb\u00e9m indicou coopera\u00e7\u00e3o com as autoridades judici\u00e1rias da Nam\u00edbia, que tramitavam um processo sobre os mesmos factos envolvendo cidad\u00e3os e empresas daquele pa\u00eds. Na mesma altura, divulgou-se que as autoridades anticorrup\u00e7\u00e3o da Nam\u00edbia investigavam um acordo de doa\u00e7\u00e3o de quotas de pesca entre a Nam\u00edbia e Angola, no valor de 150 milh\u00f5es de d\u00f3lares namibianos (nove milh\u00f5es de euros \u00e0quela \u00e9poca).\" \/>\n<meta property=\"og:url\" content=\"https:\/\/portaltela.pt\/noticias\/2026\/03\/13\/supremo-marca-22-de-abril-julgamento-da-ex-ministra-das-pescas-angolana\/\" \/>\n<meta property=\"og:site_name\" content=\"Portal Tela Portugal\" \/>\n<meta property=\"article:published_time\" content=\"2026-03-13T18:51:22+00:00\" \/>\n<meta name=\"author\" content=\"Telinha\" \/>\n<meta name=\"twitter:card\" content=\"summary_large_image\" \/>\n<meta name=\"twitter:label1\" content=\"Escrito por\" \/>\n\t<meta name=\"twitter:data1\" content=\"Telinha\" \/>\n\t<meta name=\"twitter:label2\" content=\"Tempo estimado de leitura\" \/>\n\t<meta name=\"twitter:data2\" content=\"1 minuto\" \/>\n<script type=\"application\/ld+json\" class=\"yoast-schema-graph\">{\"@context\":\"https:\/\/schema.org\",\"@graph\":[{\"@type\":\"Article\",\"@id\":\"https:\/\/portaltela.pt\/noticias\/2026\/03\/13\/supremo-marca-22-de-abril-julgamento-da-ex-ministra-das-pescas-angolana\/#article\",\"isPartOf\":{\"@id\":\"https:\/\/portaltela.pt\/noticias\/2026\/03\/13\/supremo-marca-22-de-abril-julgamento-da-ex-ministra-das-pescas-angolana\/\"},\"author\":{\"name\":\"Telinha\",\"@id\":\"https:\/\/portaltela.pt\/#\/schema\/person\/c4278d4a6028830caff9ee44b42d32ed\"},\"headline\":\"Supremo marca 22 de abril julgamento da ex-ministra das Pescas angolana\",\"datePublished\":\"2026-03-13T18:51:22+00:00\",\"mainEntityOfPage\":{\"@id\":\"https:\/\/portaltela.pt\/noticias\/2026\/03\/13\/supremo-marca-22-de-abril-julgamento-da-ex-ministra-das-pescas-angolana\/\"},\"wordCount\":175,\"image\":{\"@id\":\"https:\/\/portaltela.pt\/noticias\/2026\/03\/13\/supremo-marca-22-de-abril-julgamento-da-ex-ministra-das-pescas-angolana\/#primaryimage\"},\"thumbnailUrl\":\"https:\/\/portaltela.pt\/s.01k8rhncp4jt1\/2026\/03\/img_1500x1000uu2019-06-19-21-07-19-862263.jpg\",\"keywords\":[\"_economia\",\"Angola\",\"crime\",\"Nam\u00edbia\",\"peculato\",\"pescas\"],\"articleSection\":[\"Justi\u00e7a\",\"Not\u00edcias\"],\"inLanguage\":\"pt-PT\"},{\"@type\":\"WebPage\",\"@id\":\"https:\/\/portaltela.pt\/noticias\/2026\/03\/13\/supremo-marca-22-de-abril-julgamento-da-ex-ministra-das-pescas-angolana\/\",\"url\":\"https:\/\/portaltela.pt\/noticias\/2026\/03\/13\/supremo-marca-22-de-abril-julgamento-da-ex-ministra-das-pescas-angolana\/\",\"name\":\"Supremo marca 22 de abril julgamento da ex-ministra das Pescas angolana - Portal Tela Portugal\",\"isPartOf\":{\"@id\":\"https:\/\/portaltela.pt\/#website\"},\"primaryImageOfPage\":{\"@id\":\"https:\/\/portaltela.pt\/noticias\/2026\/03\/13\/supremo-marca-22-de-abril-julgamento-da-ex-ministra-das-pescas-angolana\/#primaryimage\"},\"image\":{\"@id\":\"https:\/\/portaltela.pt\/noticias\/2026\/03\/13\/supremo-marca-22-de-abril-julgamento-da-ex-ministra-das-pescas-angolana\/#primaryimage\"},\"thumbnailUrl\":\"https:\/\/portaltela.pt\/s.01k8rhncp4jt1\/2026\/03\/img_1500x1000uu2019-06-19-21-07-19-862263.jpg\",\"datePublished\":\"2026-03-13T18:51:22+00:00\",\"author\":{\"@id\":\"https:\/\/portaltela.pt\/#\/schema\/person\/c4278d4a6028830caff9ee44b42d32ed\"},\"breadcrumb\":{\"@id\":\"https:\/\/portaltela.pt\/noticias\/2026\/03\/13\/supremo-marca-22-de-abril-julgamento-da-ex-ministra-das-pescas-angolana\/#breadcrumb\"},\"inLanguage\":\"pt-PT\",\"potentialAction\":[{\"@type\":\"ReadAction\",\"target\":[\"https:\/\/portaltela.pt\/noticias\/2026\/03\/13\/supremo-marca-22-de-abril-julgamento-da-ex-ministra-das-pescas-angolana\/\"]}]},{\"@type\":\"ImageObject\",\"inLanguage\":\"pt-PT\",\"@id\":\"https:\/\/portaltela.pt\/noticias\/2026\/03\/13\/supremo-marca-22-de-abril-julgamento-da-ex-ministra-das-pescas-angolana\/#primaryimage\",\"url\":\"https:\/\/portaltela.pt\/s.01k8rhncp4jt1\/2026\/03\/img_1500x1000uu2019-06-19-21-07-19-862263.jpg\",\"contentUrl\":\"https:\/\/portaltela.pt\/s.01k8rhncp4jt1\/2026\/03\/img_1500x1000uu2019-06-19-21-07-19-862263.jpg\",\"width\":796,\"height\":448,\"caption\":\"Bandeira de Angola\"},{\"@type\":\"BreadcrumbList\",\"@id\":\"https:\/\/portaltela.pt\/noticias\/2026\/03\/13\/supremo-marca-22-de-abril-julgamento-da-ex-ministra-das-pescas-angolana\/#breadcrumb\",\"itemListElement\":[{\"@type\":\"ListItem\",\"position\":1,\"name\":\"In\u00edcio\",\"item\":\"https:\/\/portaltela.pt\/\"},{\"@type\":\"ListItem\",\"position\":2,\"name\":\"Supremo marca 22 de abril julgamento da ex-ministra das Pescas angolana\"}]},{\"@type\":\"WebSite\",\"@id\":\"https:\/\/portaltela.pt\/#website\",\"url\":\"https:\/\/portaltela.pt\/\",\"name\":\"Portal Tela Portugal\",\"description\":\"\",\"potentialAction\":[{\"@type\":\"SearchAction\",\"target\":{\"@type\":\"EntryPoint\",\"urlTemplate\":\"https:\/\/portaltela.pt\/?s={search_term_string}\"},\"query-input\":{\"@type\":\"PropertyValueSpecification\",\"valueRequired\":true,\"valueName\":\"search_term_string\"}}],\"inLanguage\":\"pt-PT\"},{\"@type\":\"Person\",\"@id\":\"https:\/\/portaltela.pt\/#\/schema\/person\/c4278d4a6028830caff9ee44b42d32ed\",\"name\":\"Telinha\",\"image\":{\"@type\":\"ImageObject\",\"inLanguage\":\"pt-PT\",\"@id\":\"https:\/\/portaltela.pt\/s.01k8rhncp4jt1\/2025\/11\/talking-bot-125x125.png\",\"url\":\"https:\/\/portaltela.pt\/s.01k8rhncp4jt1\/2025\/11\/talking-bot-125x125.png\",\"contentUrl\":\"https:\/\/portaltela.pt\/s.01k8rhncp4jt1\/2025\/11\/talking-bot-125x125.png\",\"caption\":\"Telinha\"},\"sameAs\":[\"https:\/\/portaltela.pt\/\"],\"url\":\"https:\/\/portaltela.pt\/por\/367410592786\/\"}]}<\/script>\n<!-- \/ Yoast SEO plugin. -->","yoast_head_json":{"title":"Supremo marca 22 de abril julgamento da ex-ministra das Pescas angolana - Portal Tela Portugal","robots":{"index":"index","follow":"follow","max-snippet":"max-snippet:-1","max-image-preview":"max-image-preview:large","max-video-preview":"max-video-preview:-1"},"og_locale":"pt_PT","og_type":"article","og_title":"Supremo marca 22 de abril julgamento da ex-ministra das Pescas angolana - Portal Tela Portugal","og_description":"O Tribunal Supremo marcou para 22 de abril o in\u00edcio do julgamento de Vit\u00f3ria de Barros Neto, antiga ministra das Pescas de Angola, acusada de peculato. No mesmo processo v\u00e3o ser julgados Rafael Virg\u00edlio Pascoal, Yango Nsalamby e Jaime Domingos Alves Pinto. Em 2019, a Procuradoria-Geral da Rep\u00fablica (PGR) de Angola informou que Barros Neto respondia por suspeita de apropria\u00e7\u00e3o indevida de valores dos Estados angolano e namibiano relacionados com a venda de pescado na zona costeira conjunta. A PGR tamb\u00e9m indicou coopera\u00e7\u00e3o com as autoridades judici\u00e1rias da Nam\u00edbia, que tramitavam um processo sobre os mesmos factos envolvendo cidad\u00e3os e empresas daquele pa\u00eds. Na mesma altura, divulgou-se que as autoridades anticorrup\u00e7\u00e3o da Nam\u00edbia investigavam um acordo de doa\u00e7\u00e3o de quotas de pesca entre a Nam\u00edbia e Angola, no valor de 150 milh\u00f5es de d\u00f3lares namibianos (nove milh\u00f5es de euros \u00e0quela \u00e9poca).","og_url":"https:\/\/portaltela.pt\/noticias\/2026\/03\/13\/supremo-marca-22-de-abril-julgamento-da-ex-ministra-das-pescas-angolana\/","og_site_name":"Portal Tela Portugal","article_published_time":"2026-03-13T18:51:22+00:00","author":"Telinha","twitter_card":"summary_large_image","twitter_misc":{"Escrito por":"Telinha","Tempo estimado de leitura":"1 minuto"},"schema":{"@context":"https:\/\/schema.org","@graph":[{"@type":"Article","@id":"https:\/\/portaltela.pt\/noticias\/2026\/03\/13\/supremo-marca-22-de-abril-julgamento-da-ex-ministra-das-pescas-angolana\/#article","isPartOf":{"@id":"https:\/\/portaltela.pt\/noticias\/2026\/03\/13\/supremo-marca-22-de-abril-julgamento-da-ex-ministra-das-pescas-angolana\/"},"author":{"name":"Telinha","@id":"https:\/\/portaltela.pt\/#\/schema\/person\/c4278d4a6028830caff9ee44b42d32ed"},"headline":"Supremo marca 22 de abril julgamento da ex-ministra das Pescas angolana","datePublished":"2026-03-13T18:51:22+00:00","mainEntityOfPage":{"@id":"https:\/\/portaltela.pt\/noticias\/2026\/03\/13\/supremo-marca-22-de-abril-julgamento-da-ex-ministra-das-pescas-angolana\/"},"wordCount":175,"image":{"@id":"https:\/\/portaltela.pt\/noticias\/2026\/03\/13\/supremo-marca-22-de-abril-julgamento-da-ex-ministra-das-pescas-angolana\/#primaryimage"},"thumbnailUrl":"https:\/\/portaltela.pt\/s.01k8rhncp4jt1\/2026\/03\/img_1500x1000uu2019-06-19-21-07-19-862263.jpg","keywords":["_economia","Angola","crime","Nam\u00edbia","peculato","pescas"],"articleSection":["Justi\u00e7a","Not\u00edcias"],"inLanguage":"pt-PT"},{"@type":"WebPage","@id":"https:\/\/portaltela.pt\/noticias\/2026\/03\/13\/supremo-marca-22-de-abril-julgamento-da-ex-ministra-das-pescas-angolana\/","url":"https:\/\/portaltela.pt\/noticias\/2026\/03\/13\/supremo-marca-22-de-abril-julgamento-da-ex-ministra-das-pescas-angolana\/","name":"Supremo marca 22 de abril julgamento da ex-ministra das Pescas angolana - Portal Tela Portugal","isPartOf":{"@id":"https:\/\/portaltela.pt\/#website"},"primaryImageOfPage":{"@id":"https:\/\/portaltela.pt\/noticias\/2026\/03\/13\/supremo-marca-22-de-abril-julgamento-da-ex-ministra-das-pescas-angolana\/#primaryimage"},"image":{"@id":"https:\/\/portaltela.pt\/noticias\/2026\/03\/13\/supremo-marca-22-de-abril-julgamento-da-ex-ministra-das-pescas-angolana\/#primaryimage"},"thumbnailUrl":"https:\/\/portaltela.pt\/s.01k8rhncp4jt1\/2026\/03\/img_1500x1000uu2019-06-19-21-07-19-862263.jpg","datePublished":"2026-03-13T18:51:22+00:00","author":{"@id":"https:\/\/portaltela.pt\/#\/schema\/person\/c4278d4a6028830caff9ee44b42d32ed"},"breadcrumb":{"@id":"https:\/\/portaltela.pt\/noticias\/2026\/03\/13\/supremo-marca-22-de-abril-julgamento-da-ex-ministra-das-pescas-angolana\/#breadcrumb"},"inLanguage":"pt-PT","potentialAction":[{"@type":"ReadAction","target":["https:\/\/portaltela.pt\/noticias\/2026\/03\/13\/supremo-marca-22-de-abril-julgamento-da-ex-ministra-das-pescas-angolana\/"]}]},{"@type":"ImageObject","inLanguage":"pt-PT","@id":"https:\/\/portaltela.pt\/noticias\/2026\/03\/13\/supremo-marca-22-de-abril-julgamento-da-ex-ministra-das-pescas-angolana\/#primaryimage","url":"https:\/\/portaltela.pt\/s.01k8rhncp4jt1\/2026\/03\/img_1500x1000uu2019-06-19-21-07-19-862263.jpg","contentUrl":"https:\/\/portaltela.pt\/s.01k8rhncp4jt1\/2026\/03\/img_1500x1000uu2019-06-19-21-07-19-862263.jpg","width":796,"height":448,"caption":"Bandeira de Angola"},{"@type":"BreadcrumbList","@id":"https:\/\/portaltela.pt\/noticias\/2026\/03\/13\/supremo-marca-22-de-abril-julgamento-da-ex-ministra-das-pescas-angolana\/#breadcrumb","itemListElement":[{"@type":"ListItem","position":1,"name":"In\u00edcio","item":"https:\/\/portaltela.pt\/"},{"@type":"ListItem","position":2,"name":"Supremo marca 22 de abril julgamento da ex-ministra das Pescas angolana"}]},{"@type":"WebSite","@id":"https:\/\/portaltela.pt\/#website","url":"https:\/\/portaltela.pt\/","name":"Portal Tela Portugal","description":"","potentialAction":[{"@type":"SearchAction","target":{"@type":"EntryPoint","urlTemplate":"https:\/\/portaltela.pt\/?s={search_term_string}"},"query-input":{"@type":"PropertyValueSpecification","valueRequired":true,"valueName":"search_term_string"}}],"inLanguage":"pt-PT"},{"@type":"Person","@id":"https:\/\/portaltela.pt\/#\/schema\/person\/c4278d4a6028830caff9ee44b42d32ed","name":"Telinha","image":{"@type":"ImageObject","inLanguage":"pt-PT","@id":"https:\/\/portaltela.pt\/s.01k8rhncp4jt1\/2025\/11\/talking-bot-125x125.png","url":"https:\/\/portaltela.pt\/s.01k8rhncp4jt1\/2025\/11\/talking-bot-125x125.png","contentUrl":"https:\/\/portaltela.pt\/s.01k8rhncp4jt1\/2025\/11\/talking-bot-125x125.png","caption":"Telinha"},"sameAs":["https:\/\/portaltela.pt\/"],"url":"https:\/\/portaltela.pt\/por\/367410592786\/"}]}},"_links":{"self":[{"href":"https:\/\/portaltela.pt\/api\/wp\/v2\/posts\/409287","targetHints":{"allow":["GET"]}}],"collection":[{"href":"https:\/\/portaltela.pt\/api\/wp\/v2\/posts"}],"about":[{"href":"https:\/\/portaltela.pt\/api\/wp\/v2\/types\/post"}],"author":[{"embeddable":true,"href":"https:\/\/portaltela.pt\/api\/wp\/v2\/users\/2"}],"replies":[{"embeddable":true,"href":"https:\/\/portaltela.pt\/api\/wp\/v2\/comments?post=409287"}],"version-history":[{"count":0,"href":"https:\/\/portaltela.pt\/api\/wp\/v2\/posts\/409287\/revisions"}],"wp:featuredmedia":[{"embeddable":true,"href":"https:\/\/portaltela.pt\/api\/wp\/v2\/media\/409295"}],"wp:attachment":[{"href":"https:\/\/portaltela.pt\/api\/wp\/v2\/media?parent=409287"}],"wp:term":[{"taxonomy":"category","embeddable":true,"href":"https:\/\/portaltela.pt\/api\/wp\/v2\/categories?post=409287"},{"taxonomy":"post_tag","embeddable":true,"href":"https:\/\/portaltela.pt\/api\/wp\/v2\/tags?post=409287"}],"curies":[{"name":"wp","href":"https:\/\/api.w.org\/{rel}","templated":true}]}}