{"id":409275,"date":"2026-03-13T15:35:02","date_gmt":"2026-03-13T18:35:02","guid":{"rendered":"https:\/\/portaltela.pt\/noticias\/2026\/03\/13\/campeonato-de-matematica-reune-500-alunos-em-portugal\/"},"modified":"2026-03-13T15:35:02","modified_gmt":"2026-03-13T18:35:02","slug":"campeonato-de-matematica-reune-500-alunos-em-portugal","status":"publish","type":"post","link":"https:\/\/portaltela.pt\/noticias\/2026\/03\/13\/campeonato-de-matematica-reune-500-alunos-em-portugal\/","title":{"rendered":"Campeonato de matem\u00e1tica re\u00fane 500 alunos em Portugal"},"content":{"rendered":"<p>O N\u00e1boj 2026 realizou-se nesta sexta-feira no Instituto Superior T\u00e9cnico, em Lisboa, reunindo 500 alunos portugueses em 100 equipas nacionais. A prova coincidiu com o Dia Internacional do Pi.<\/p>\n<p>A competi\u00e7\u00e3o internacional contou com 18 pa\u00edses e decorreu nas instala\u00e7\u00f5es do T\u00e9cnico Innovation Center e no Sal\u00e3o Nobre do Campus Alameda. O formato dividiu-se em J\u00fanior e S\u00e9nior, conforme o ciclo de estudos dos participantes.<\/p>\n<h3>Nacional (J\u00fanior)<\/h3>\n<p>Os Salesianos do Estoril foram a melhor equipa a n\u00edvel nacional na categoria J\u00fanior, com a equipa a classificar-se em 165.\u00ba lugar no ranking internacional. O conjunto Quinta das Flores ficou na segunda posi\u00e7\u00e3o entre os nacionais.<\/p>\n<h3>Nacional (S\u00e9nior)<\/h3>\n<p>No S\u00e9nior, o Col\u00e9gio de S\u00e3o Jo\u00e3o de Brito foi o melhor a n\u00edvel nacional. Internacionalmente, essa equipa alcan\u00e7ou a 210.\u00aa posi\u00e7\u00e3o entre 967 forma\u00e7\u00f5es. A Escola Secund\u00e1ria de Cam\u00f5es ficou em segundo lugar no ranking nacional, com o Col\u00e9gio Efanor a completar o p\u00f3dio.<\/p>\n","protected":false},"excerpt":{"rendered":"<ul>\n<li>O N\u00e1boj 2026 realizou-se no Instituto Superior T\u00e9cnico, reunindo quinhentos alunos de todo o pa\u00eds em cem equipas nacionais.<\/li>\n<li>A prova internacional contou com mil novecentos equipas de dezoito pa\u00edses, disputada em simult\u00e2neo em v\u00e1rias na\u00e7\u00f5es.<\/li>\n<li>A competi\u00e7\u00e3o dividiu-se em duas categorias: J\u00fanior (at\u00e9 ao 10.\u00ba ano) e S\u00e9nior (11.\u00ba e 12.\u00ba anos).<\/li>\n<li>No escal\u00e3o J\u00fanior, os Salesianos do Estoril foram os melhores a n\u00edvel nacional e ficaram em 165.\u00ba lugar no ranking internacional. A segunda posi\u00e7\u00e3o nacional foi para a Escola Quinta das Flores, seguida da Saint Peters International School.<\/li>\n<li>No escal\u00e3o S\u00e9nior, o Col\u00e9gio de S\u00e3o Jo\u00e3o de Brito foi o melhor a n\u00edvel nacional; a n\u00edvel internacional ficou em 210.\u00ba lugar, com a Escola Secund\u00e1ria de Cam\u00f5es em segundo e o Col\u00e9gio Efanor em terceiro no ranking nacional.<\/li>\n<\/ul>\n","protected":false},"author":2,"featured_media":409276,"comment_status":"closed","ping_status":"closed","sticky":false,"template":"","format":"standard","meta":{"footnotes":""},"categories":[1],"tags":[6668,227,163,981,3167,1014],"class_list":["post-409275","post","type-post","status-publish","format-standard","has-post-thumbnail","hentry","category-noticias","tag-alameda","tag-campeonato","tag-educacao","tag-lisboa","tag-matematica","tag-portugal"],"yoast_head":"<!-- This site is optimized with the Yoast SEO plugin v27.2 - https:\/\/yoast.com\/product\/yoast-seo-wordpress\/ -->\n<title>Campeonato de matem\u00e1tica re\u00fane 500 alunos em Portugal - Portal Tela Portugal<\/title>\n<meta name=\"robots\" content=\"index, follow, max-snippet:-1, max-image-preview:large, max-video-preview:-1\" \/>\n<meta property=\"og:locale\" content=\"pt_PT\" \/>\n<meta property=\"og:type\" content=\"article\" \/>\n<meta property=\"og:title\" content=\"Campeonato de matem\u00e1tica re\u00fane 500 alunos em Portugal - Portal Tela Portugal\" \/>\n<meta property=\"og:description\" content=\"O N\u00e1boj 2026 realizou-se no Instituto Superior T\u00e9cnico, reunindo quinhentos alunos de todo o pa\u00eds em cem equipas nacionais. A prova internacional contou com mil novecentos equipas de dezoito pa\u00edses, disputada em simult\u00e2neo em v\u00e1rias na\u00e7\u00f5es. A competi\u00e7\u00e3o dividiu-se em duas categorias: J\u00fanior (at\u00e9 ao 10.\u00ba ano) e S\u00e9nior (11.\u00ba e 12.\u00ba anos). No escal\u00e3o J\u00fanior, os Salesianos do Estoril foram os melhores a n\u00edvel nacional e ficaram em 165.\u00ba lugar no ranking internacional. A segunda posi\u00e7\u00e3o nacional foi para a Escola Quinta das Flores, seguida da Saint Peters International School. No escal\u00e3o S\u00e9nior, o Col\u00e9gio de S\u00e3o Jo\u00e3o de Brito foi o melhor a n\u00edvel nacional; a n\u00edvel internacional ficou em 210.\u00ba lugar, com a Escola Secund\u00e1ria de Cam\u00f5es em segundo e o Col\u00e9gio Efanor em terceiro no ranking nacional.\" \/>\n<meta property=\"og:url\" content=\"https:\/\/portaltela.pt\/noticias\/2026\/03\/13\/campeonato-de-matematica-reune-500-alunos-em-portugal\/\" \/>\n<meta property=\"og:site_name\" content=\"Portal Tela Portugal\" \/>\n<meta property=\"article:published_time\" content=\"2026-03-13T18:35:02+00:00\" \/>\n<meta name=\"author\" content=\"Telinha\" \/>\n<meta name=\"twitter:card\" content=\"summary_large_image\" \/>\n<meta name=\"twitter:label1\" content=\"Escrito por\" \/>\n\t<meta name=\"twitter:data1\" content=\"Telinha\" \/>\n\t<meta name=\"twitter:label2\" content=\"Tempo estimado de leitura\" \/>\n\t<meta name=\"twitter:data2\" content=\"1 minuto\" \/>\n<script type=\"application\/ld+json\" class=\"yoast-schema-graph\">{\"@context\":\"https:\/\/schema.org\",\"@graph\":[{\"@type\":\"Article\",\"@id\":\"https:\/\/portaltela.pt\/noticias\/2026\/03\/13\/campeonato-de-matematica-reune-500-alunos-em-portugal\/#article\",\"isPartOf\":{\"@id\":\"https:\/\/portaltela.pt\/noticias\/2026\/03\/13\/campeonato-de-matematica-reune-500-alunos-em-portugal\/\"},\"author\":{\"name\":\"Telinha\",\"@id\":\"https:\/\/portaltela.pt\/#\/schema\/person\/c4278d4a6028830caff9ee44b42d32ed\"},\"headline\":\"Campeonato de matem\u00e1tica re\u00fane 500 alunos em Portugal\",\"datePublished\":\"2026-03-13T18:35:02+00:00\",\"mainEntityOfPage\":{\"@id\":\"https:\/\/portaltela.pt\/noticias\/2026\/03\/13\/campeonato-de-matematica-reune-500-alunos-em-portugal\/\"},\"wordCount\":179,\"image\":{\"@id\":\"https:\/\/portaltela.pt\/noticias\/2026\/03\/13\/campeonato-de-matematica-reune-500-alunos-em-portugal\/#primaryimage\"},\"thumbnailUrl\":\"https:\/\/portaltela.pt\/s.01k8rhncp4jt1\/2026\/03\/img_1500x1000uu2018-03-21-18-48-00-721155.jpg\",\"keywords\":[\"Alameda\",\"campeonato\",\"educa\u00e7\u00e3o\",\"Lisboa\",\"matem\u00e1tica\",\"Portugal\"],\"articleSection\":[\"Not\u00edcias\"],\"inLanguage\":\"pt-PT\"},{\"@type\":\"WebPage\",\"@id\":\"https:\/\/portaltela.pt\/noticias\/2026\/03\/13\/campeonato-de-matematica-reune-500-alunos-em-portugal\/\",\"url\":\"https:\/\/portaltela.pt\/noticias\/2026\/03\/13\/campeonato-de-matematica-reune-500-alunos-em-portugal\/\",\"name\":\"Campeonato de matem\u00e1tica re\u00fane 500 alunos em Portugal - Portal Tela Portugal\",\"isPartOf\":{\"@id\":\"https:\/\/portaltela.pt\/#website\"},\"primaryImageOfPage\":{\"@id\":\"https:\/\/portaltela.pt\/noticias\/2026\/03\/13\/campeonato-de-matematica-reune-500-alunos-em-portugal\/#primaryimage\"},\"image\":{\"@id\":\"https:\/\/portaltela.pt\/noticias\/2026\/03\/13\/campeonato-de-matematica-reune-500-alunos-em-portugal\/#primaryimage\"},\"thumbnailUrl\":\"https:\/\/portaltela.pt\/s.01k8rhncp4jt1\/2026\/03\/img_1500x1000uu2018-03-21-18-48-00-721155.jpg\",\"datePublished\":\"2026-03-13T18:35:02+00:00\",\"author\":{\"@id\":\"https:\/\/portaltela.pt\/#\/schema\/person\/c4278d4a6028830caff9ee44b42d32ed\"},\"breadcrumb\":{\"@id\":\"https:\/\/portaltela.pt\/noticias\/2026\/03\/13\/campeonato-de-matematica-reune-500-alunos-em-portugal\/#breadcrumb\"},\"inLanguage\":\"pt-PT\",\"potentialAction\":[{\"@type\":\"ReadAction\",\"target\":[\"https:\/\/portaltela.pt\/noticias\/2026\/03\/13\/campeonato-de-matematica-reune-500-alunos-em-portugal\/\"]}]},{\"@type\":\"ImageObject\",\"inLanguage\":\"pt-PT\",\"@id\":\"https:\/\/portaltela.pt\/noticias\/2026\/03\/13\/campeonato-de-matematica-reune-500-alunos-em-portugal\/#primaryimage\",\"url\":\"https:\/\/portaltela.pt\/s.01k8rhncp4jt1\/2026\/03\/img_1500x1000uu2018-03-21-18-48-00-721155.jpg\",\"contentUrl\":\"https:\/\/portaltela.pt\/s.01k8rhncp4jt1\/2026\/03\/img_1500x1000uu2018-03-21-18-48-00-721155.jpg\",\"width\":796,\"height\":448,\"caption\":\"Instituto Superior T\u00e9cnico organizou campeonato N\u00e1boj.\"},{\"@type\":\"BreadcrumbList\",\"@id\":\"https:\/\/portaltela.pt\/noticias\/2026\/03\/13\/campeonato-de-matematica-reune-500-alunos-em-portugal\/#breadcrumb\",\"itemListElement\":[{\"@type\":\"ListItem\",\"position\":1,\"name\":\"In\u00edcio\",\"item\":\"https:\/\/portaltela.pt\/\"},{\"@type\":\"ListItem\",\"position\":2,\"name\":\"Campeonato de matem\u00e1tica re\u00fane 500 alunos em Portugal\"}]},{\"@type\":\"WebSite\",\"@id\":\"https:\/\/portaltela.pt\/#website\",\"url\":\"https:\/\/portaltela.pt\/\",\"name\":\"Portal Tela Portugal\",\"description\":\"\",\"potentialAction\":[{\"@type\":\"SearchAction\",\"target\":{\"@type\":\"EntryPoint\",\"urlTemplate\":\"https:\/\/portaltela.pt\/?s={search_term_string}\"},\"query-input\":{\"@type\":\"PropertyValueSpecification\",\"valueRequired\":true,\"valueName\":\"search_term_string\"}}],\"inLanguage\":\"pt-PT\"},{\"@type\":\"Person\",\"@id\":\"https:\/\/portaltela.pt\/#\/schema\/person\/c4278d4a6028830caff9ee44b42d32ed\",\"name\":\"Telinha\",\"image\":{\"@type\":\"ImageObject\",\"inLanguage\":\"pt-PT\",\"@id\":\"https:\/\/portaltela.pt\/s.01k8rhncp4jt1\/2025\/11\/talking-bot-125x125.png\",\"url\":\"https:\/\/portaltela.pt\/s.01k8rhncp4jt1\/2025\/11\/talking-bot-125x125.png\",\"contentUrl\":\"https:\/\/portaltela.pt\/s.01k8rhncp4jt1\/2025\/11\/talking-bot-125x125.png\",\"caption\":\"Telinha\"},\"sameAs\":[\"https:\/\/portaltela.pt\/\"],\"url\":\"https:\/\/portaltela.pt\/por\/367410592786\/\"}]}<\/script>\n<!-- \/ Yoast SEO plugin. -->","yoast_head_json":{"title":"Campeonato de matem\u00e1tica re\u00fane 500 alunos em Portugal - Portal Tela Portugal","robots":{"index":"index","follow":"follow","max-snippet":"max-snippet:-1","max-image-preview":"max-image-preview:large","max-video-preview":"max-video-preview:-1"},"og_locale":"pt_PT","og_type":"article","og_title":"Campeonato de matem\u00e1tica re\u00fane 500 alunos em Portugal - Portal Tela Portugal","og_description":"O N\u00e1boj 2026 realizou-se no Instituto Superior T\u00e9cnico, reunindo quinhentos alunos de todo o pa\u00eds em cem equipas nacionais. A prova internacional contou com mil novecentos equipas de dezoito pa\u00edses, disputada em simult\u00e2neo em v\u00e1rias na\u00e7\u00f5es. A competi\u00e7\u00e3o dividiu-se em duas categorias: J\u00fanior (at\u00e9 ao 10.\u00ba ano) e S\u00e9nior (11.\u00ba e 12.\u00ba anos). No escal\u00e3o J\u00fanior, os Salesianos do Estoril foram os melhores a n\u00edvel nacional e ficaram em 165.\u00ba lugar no ranking internacional. A segunda posi\u00e7\u00e3o nacional foi para a Escola Quinta das Flores, seguida da Saint Peters International School. No escal\u00e3o S\u00e9nior, o Col\u00e9gio de S\u00e3o Jo\u00e3o de Brito foi o melhor a n\u00edvel nacional; a n\u00edvel internacional ficou em 210.\u00ba lugar, com a Escola Secund\u00e1ria de Cam\u00f5es em segundo e o Col\u00e9gio Efanor em terceiro no ranking nacional.","og_url":"https:\/\/portaltela.pt\/noticias\/2026\/03\/13\/campeonato-de-matematica-reune-500-alunos-em-portugal\/","og_site_name":"Portal Tela Portugal","article_published_time":"2026-03-13T18:35:02+00:00","author":"Telinha","twitter_card":"summary_large_image","twitter_misc":{"Escrito por":"Telinha","Tempo estimado de leitura":"1 minuto"},"schema":{"@context":"https:\/\/schema.org","@graph":[{"@type":"Article","@id":"https:\/\/portaltela.pt\/noticias\/2026\/03\/13\/campeonato-de-matematica-reune-500-alunos-em-portugal\/#article","isPartOf":{"@id":"https:\/\/portaltela.pt\/noticias\/2026\/03\/13\/campeonato-de-matematica-reune-500-alunos-em-portugal\/"},"author":{"name":"Telinha","@id":"https:\/\/portaltela.pt\/#\/schema\/person\/c4278d4a6028830caff9ee44b42d32ed"},"headline":"Campeonato de matem\u00e1tica re\u00fane 500 alunos em Portugal","datePublished":"2026-03-13T18:35:02+00:00","mainEntityOfPage":{"@id":"https:\/\/portaltela.pt\/noticias\/2026\/03\/13\/campeonato-de-matematica-reune-500-alunos-em-portugal\/"},"wordCount":179,"image":{"@id":"https:\/\/portaltela.pt\/noticias\/2026\/03\/13\/campeonato-de-matematica-reune-500-alunos-em-portugal\/#primaryimage"},"thumbnailUrl":"https:\/\/portaltela.pt\/s.01k8rhncp4jt1\/2026\/03\/img_1500x1000uu2018-03-21-18-48-00-721155.jpg","keywords":["Alameda","campeonato","educa\u00e7\u00e3o","Lisboa","matem\u00e1tica","Portugal"],"articleSection":["Not\u00edcias"],"inLanguage":"pt-PT"},{"@type":"WebPage","@id":"https:\/\/portaltela.pt\/noticias\/2026\/03\/13\/campeonato-de-matematica-reune-500-alunos-em-portugal\/","url":"https:\/\/portaltela.pt\/noticias\/2026\/03\/13\/campeonato-de-matematica-reune-500-alunos-em-portugal\/","name":"Campeonato de matem\u00e1tica re\u00fane 500 alunos em Portugal - Portal Tela Portugal","isPartOf":{"@id":"https:\/\/portaltela.pt\/#website"},"primaryImageOfPage":{"@id":"https:\/\/portaltela.pt\/noticias\/2026\/03\/13\/campeonato-de-matematica-reune-500-alunos-em-portugal\/#primaryimage"},"image":{"@id":"https:\/\/portaltela.pt\/noticias\/2026\/03\/13\/campeonato-de-matematica-reune-500-alunos-em-portugal\/#primaryimage"},"thumbnailUrl":"https:\/\/portaltela.pt\/s.01k8rhncp4jt1\/2026\/03\/img_1500x1000uu2018-03-21-18-48-00-721155.jpg","datePublished":"2026-03-13T18:35:02+00:00","author":{"@id":"https:\/\/portaltela.pt\/#\/schema\/person\/c4278d4a6028830caff9ee44b42d32ed"},"breadcrumb":{"@id":"https:\/\/portaltela.pt\/noticias\/2026\/03\/13\/campeonato-de-matematica-reune-500-alunos-em-portugal\/#breadcrumb"},"inLanguage":"pt-PT","potentialAction":[{"@type":"ReadAction","target":["https:\/\/portaltela.pt\/noticias\/2026\/03\/13\/campeonato-de-matematica-reune-500-alunos-em-portugal\/"]}]},{"@type":"ImageObject","inLanguage":"pt-PT","@id":"https:\/\/portaltela.pt\/noticias\/2026\/03\/13\/campeonato-de-matematica-reune-500-alunos-em-portugal\/#primaryimage","url":"https:\/\/portaltela.pt\/s.01k8rhncp4jt1\/2026\/03\/img_1500x1000uu2018-03-21-18-48-00-721155.jpg","contentUrl":"https:\/\/portaltela.pt\/s.01k8rhncp4jt1\/2026\/03\/img_1500x1000uu2018-03-21-18-48-00-721155.jpg","width":796,"height":448,"caption":"Instituto Superior T\u00e9cnico organizou campeonato N\u00e1boj."},{"@type":"BreadcrumbList","@id":"https:\/\/portaltela.pt\/noticias\/2026\/03\/13\/campeonato-de-matematica-reune-500-alunos-em-portugal\/#breadcrumb","itemListElement":[{"@type":"ListItem","position":1,"name":"In\u00edcio","item":"https:\/\/portaltela.pt\/"},{"@type":"ListItem","position":2,"name":"Campeonato de matem\u00e1tica re\u00fane 500 alunos em Portugal"}]},{"@type":"WebSite","@id":"https:\/\/portaltela.pt\/#website","url":"https:\/\/portaltela.pt\/","name":"Portal Tela Portugal","description":"","potentialAction":[{"@type":"SearchAction","target":{"@type":"EntryPoint","urlTemplate":"https:\/\/portaltela.pt\/?s={search_term_string}"},"query-input":{"@type":"PropertyValueSpecification","valueRequired":true,"valueName":"search_term_string"}}],"inLanguage":"pt-PT"},{"@type":"Person","@id":"https:\/\/portaltela.pt\/#\/schema\/person\/c4278d4a6028830caff9ee44b42d32ed","name":"Telinha","image":{"@type":"ImageObject","inLanguage":"pt-PT","@id":"https:\/\/portaltela.pt\/s.01k8rhncp4jt1\/2025\/11\/talking-bot-125x125.png","url":"https:\/\/portaltela.pt\/s.01k8rhncp4jt1\/2025\/11\/talking-bot-125x125.png","contentUrl":"https:\/\/portaltela.pt\/s.01k8rhncp4jt1\/2025\/11\/talking-bot-125x125.png","caption":"Telinha"},"sameAs":["https:\/\/portaltela.pt\/"],"url":"https:\/\/portaltela.pt\/por\/367410592786\/"}]}},"_links":{"self":[{"href":"https:\/\/portaltela.pt\/api\/wp\/v2\/posts\/409275","targetHints":{"allow":["GET"]}}],"collection":[{"href":"https:\/\/portaltela.pt\/api\/wp\/v2\/posts"}],"about":[{"href":"https:\/\/portaltela.pt\/api\/wp\/v2\/types\/post"}],"author":[{"embeddable":true,"href":"https:\/\/portaltela.pt\/api\/wp\/v2\/users\/2"}],"replies":[{"embeddable":true,"href":"https:\/\/portaltela.pt\/api\/wp\/v2\/comments?post=409275"}],"version-history":[{"count":0,"href":"https:\/\/portaltela.pt\/api\/wp\/v2\/posts\/409275\/revisions"}],"wp:featuredmedia":[{"embeddable":true,"href":"https:\/\/portaltela.pt\/api\/wp\/v2\/media\/409276"}],"wp:attachment":[{"href":"https:\/\/portaltela.pt\/api\/wp\/v2\/media?parent=409275"}],"wp:term":[{"taxonomy":"category","embeddable":true,"href":"https:\/\/portaltela.pt\/api\/wp\/v2\/categories?post=409275"},{"taxonomy":"post_tag","embeddable":true,"href":"https:\/\/portaltela.pt\/api\/wp\/v2\/tags?post=409275"}],"curies":[{"name":"wp","href":"https:\/\/api.w.org\/{rel}","templated":true}]}}