{"id":409258,"date":"2026-03-13T13:49:00","date_gmt":"2026-03-13T16:49:00","guid":{"rendered":"https:\/\/portaltela.pt\/noticias\/2026\/03\/13\/ordem-alerta-para-exclusao-de-utentes-das-listas-de-medicos-de-familia\/"},"modified":"2026-03-13T13:49:00","modified_gmt":"2026-03-13T16:49:00","slug":"ordem-alerta-para-exclusao-de-utentes-das-listas-de-medicos-de-familia","status":"publish","type":"post","link":"https:\/\/portaltela.pt\/saude\/2026\/03\/13\/ordem-alerta-para-exclusao-de-utentes-das-listas-de-medicos-de-familia\/","title":{"rendered":"Ordem alerta para exclus\u00e3o de utentes das listas de m\u00e9dicos de fam\u00edlia"},"content":{"rendered":"<p>A Ordem dos M\u00e9dicos alertou para a pr\u00e1tica de \u201cexclus\u00e3o administrativa\u201d de utentes das listas de m\u00e9dicos de fam\u00edlia. O comunicado aponta para uma redu\u00e7\u00e3o de acesso dos pacientes aos m\u00e9dicos de fam\u00edlia por meio de procedimentos administrativos, cuja natureza n\u00e3o \u00e9 detalhada no excerto dispon\u00edvel.<\/p>\n<p>Segundo a nota, a medida poder\u00e1 resultar na deteriora\u00e7\u00e3o do acompanhamento de cuidados prim\u00e1rios, com impacto direto nos utentes que dependem de inscri\u00e7\u00e3o junto de m\u00e9dicos de fam\u00edlia para a continuidade do atendimento.<\/p>\n<p>O conte\u00fado completo da not\u00edcia encontra-se behind paywall; a ag\u00eancia de not\u00edcias Lusa \u00e9 a fonte do resumo divulgado. At\u00e9 ao momento, n\u00e3o foi especificada data, local ou entidades envolvidas espec\u00edficas al\u00e9m da refer\u00eancia \u00e0 Ordem dos M\u00e9dicos.<\/p>\n","protected":false},"excerpt":{"rendered":"<ul>\n<li>A Ordem dos M\u00e9dicos emitiu um alerta sobre a poss\u00edvel exclus\u00e3o administrativa de utentes das listas de m\u00e9dicos de fam\u00edlia.<\/li>\n<li>O tema envolve altera\u00e7\u00f5es na forma como os utentes ficam inscritos ou removidos das listas dos m\u00e9dicos de fam\u00edlia.<\/li>\n<li>O alerta sublinha a import\u00e2ncia de procedimentos transparentes e justos na gest\u00e3o dessas listas.<\/li>\n<li>A not\u00edcia n\u00e3o detalha crit\u00e9rios, nem n\u00fameros, devendo-se acompanhar futuras informa\u00e7\u00f5es oficiais sobre o assunto.<\/li>\n<\/ul>\n","protected":false},"author":2,"featured_media":409261,"comment_status":"closed","ping_status":"closed","sticky":false,"template":"","format":"standard","meta":{"footnotes":""},"categories":[6745],"tags":[5783,2654,5334,6854,271],"class_list":["post-409258","post","type-post","status-publish","format-standard","has-post-thumbnail","hentry","category-saude","tag-a-ordem-dos-medicos","tag-cuidados-de-saude-primarios","tag-gestao-publica","tag-medicos","tag-saude-publica"],"yoast_head":"<!-- This site is optimized with the Yoast SEO plugin v27.2 - https:\/\/yoast.com\/product\/yoast-seo-wordpress\/ -->\n<title>Ordem alerta para exclus\u00e3o de utentes das listas de m\u00e9dicos de fam\u00edlia - Portal Tela Portugal<\/title>\n<meta name=\"robots\" content=\"index, follow, max-snippet:-1, max-image-preview:large, max-video-preview:-1\" \/>\n<meta property=\"og:locale\" content=\"pt_PT\" \/>\n<meta property=\"og:type\" content=\"article\" \/>\n<meta property=\"og:title\" content=\"Ordem alerta para exclus\u00e3o de utentes das listas de m\u00e9dicos de fam\u00edlia - Portal Tela Portugal\" \/>\n<meta property=\"og:description\" content=\"A Ordem dos M\u00e9dicos emitiu um alerta sobre a poss\u00edvel exclus\u00e3o administrativa de utentes das listas de m\u00e9dicos de fam\u00edlia. O tema envolve altera\u00e7\u00f5es na forma como os utentes ficam inscritos ou removidos das listas dos m\u00e9dicos de fam\u00edlia. O alerta sublinha a import\u00e2ncia de procedimentos transparentes e justos na gest\u00e3o dessas listas. A not\u00edcia n\u00e3o detalha crit\u00e9rios, nem n\u00fameros, devendo-se acompanhar futuras informa\u00e7\u00f5es oficiais sobre o assunto.\" \/>\n<meta property=\"og:url\" content=\"https:\/\/portaltela.pt\/noticias\/2026\/03\/13\/ordem-alerta-para-exclusao-de-utentes-das-listas-de-medicos-de-familia\/\" \/>\n<meta property=\"og:site_name\" content=\"Portal Tela Portugal\" \/>\n<meta property=\"article:published_time\" content=\"2026-03-13T16:49:00+00:00\" \/>\n<meta name=\"author\" content=\"Telinha\" \/>\n<meta name=\"twitter:card\" content=\"summary_large_image\" \/>\n<meta name=\"twitter:label1\" content=\"Escrito por\" \/>\n\t<meta name=\"twitter:data1\" content=\"Telinha\" \/>\n\t<meta name=\"twitter:label2\" content=\"Tempo estimado de leitura\" \/>\n\t<meta name=\"twitter:data2\" content=\"1 minuto\" \/>\n<script type=\"application\/ld+json\" class=\"yoast-schema-graph\">{\"@context\":\"https:\/\/schema.org\",\"@graph\":[{\"@type\":\"Article\",\"@id\":\"https:\/\/portaltela.pt\/noticias\/2026\/03\/13\/ordem-alerta-para-exclusao-de-utentes-das-listas-de-medicos-de-familia\/#article\",\"isPartOf\":{\"@id\":\"https:\/\/portaltela.pt\/noticias\/2026\/03\/13\/ordem-alerta-para-exclusao-de-utentes-das-listas-de-medicos-de-familia\/\"},\"author\":{\"name\":\"Telinha\",\"@id\":\"https:\/\/portaltela.pt\/#\/schema\/person\/c4278d4a6028830caff9ee44b42d32ed\"},\"headline\":\"Ordem alerta para exclus\u00e3o de utentes das listas de m\u00e9dicos de fam\u00edlia\",\"datePublished\":\"2026-03-13T16:49:00+00:00\",\"mainEntityOfPage\":{\"@id\":\"https:\/\/portaltela.pt\/noticias\/2026\/03\/13\/ordem-alerta-para-exclusao-de-utentes-das-listas-de-medicos-de-familia\/\"},\"wordCount\":153,\"image\":{\"@id\":\"https:\/\/portaltela.pt\/noticias\/2026\/03\/13\/ordem-alerta-para-exclusao-de-utentes-das-listas-de-medicos-de-familia\/#primaryimage\"},\"thumbnailUrl\":\"https:\/\/portaltela.pt\/s.01k8rhncp4jt1\/2026\/03\/CACHE_780X1200_ANALOG_WATERMARKED_17366138_2206240_10042019091131.jpg\",\"keywords\":[\"A Ordem dos M\u00e9dicos\",\"Cuidados de Sa\u00fade Prim\u00e1rios\",\"gest\u00e3o p\u00fablica\",\"M\u00e9dicos\",\"sa\u00fade p\u00fablica\"],\"articleSection\":[\"Sa\u00fade\"],\"inLanguage\":\"pt-PT\"},{\"@type\":\"WebPage\",\"@id\":\"https:\/\/portaltela.pt\/noticias\/2026\/03\/13\/ordem-alerta-para-exclusao-de-utentes-das-listas-de-medicos-de-familia\/\",\"url\":\"https:\/\/portaltela.pt\/noticias\/2026\/03\/13\/ordem-alerta-para-exclusao-de-utentes-das-listas-de-medicos-de-familia\/\",\"name\":\"Ordem alerta para exclus\u00e3o de utentes das listas de m\u00e9dicos de fam\u00edlia - Portal Tela Portugal\",\"isPartOf\":{\"@id\":\"https:\/\/portaltela.pt\/#website\"},\"primaryImageOfPage\":{\"@id\":\"https:\/\/portaltela.pt\/noticias\/2026\/03\/13\/ordem-alerta-para-exclusao-de-utentes-das-listas-de-medicos-de-familia\/#primaryimage\"},\"image\":{\"@id\":\"https:\/\/portaltela.pt\/noticias\/2026\/03\/13\/ordem-alerta-para-exclusao-de-utentes-das-listas-de-medicos-de-familia\/#primaryimage\"},\"thumbnailUrl\":\"https:\/\/portaltela.pt\/s.01k8rhncp4jt1\/2026\/03\/CACHE_780X1200_ANALOG_WATERMARKED_17366138_2206240_10042019091131.jpg\",\"datePublished\":\"2026-03-13T16:49:00+00:00\",\"author\":{\"@id\":\"https:\/\/portaltela.pt\/#\/schema\/person\/c4278d4a6028830caff9ee44b42d32ed\"},\"breadcrumb\":{\"@id\":\"https:\/\/portaltela.pt\/noticias\/2026\/03\/13\/ordem-alerta-para-exclusao-de-utentes-das-listas-de-medicos-de-familia\/#breadcrumb\"},\"inLanguage\":\"pt-PT\",\"potentialAction\":[{\"@type\":\"ReadAction\",\"target\":[\"https:\/\/portaltela.pt\/noticias\/2026\/03\/13\/ordem-alerta-para-exclusao-de-utentes-das-listas-de-medicos-de-familia\/\"]}]},{\"@type\":\"ImageObject\",\"inLanguage\":\"pt-PT\",\"@id\":\"https:\/\/portaltela.pt\/noticias\/2026\/03\/13\/ordem-alerta-para-exclusao-de-utentes-das-listas-de-medicos-de-familia\/#primaryimage\",\"url\":\"https:\/\/portaltela.pt\/s.01k8rhncp4jt1\/2026\/03\/CACHE_780X1200_ANALOG_WATERMARKED_17366138_2206240_10042019091131.jpg\",\"contentUrl\":\"https:\/\/portaltela.pt\/s.01k8rhncp4jt1\/2026\/03\/CACHE_780X1200_ANALOG_WATERMARKED_17366138_2206240_10042019091131.jpg\",\"width\":768,\"height\":512,\"caption\":\"Ordem alerta para \u201cexclus\u00e3o administrativa\u201d de utentes das listas de m\u00e9dicos de fam\u00edlia\"},{\"@type\":\"BreadcrumbList\",\"@id\":\"https:\/\/portaltela.pt\/noticias\/2026\/03\/13\/ordem-alerta-para-exclusao-de-utentes-das-listas-de-medicos-de-familia\/#breadcrumb\",\"itemListElement\":[{\"@type\":\"ListItem\",\"position\":1,\"name\":\"In\u00edcio\",\"item\":\"https:\/\/portaltela.pt\/\"},{\"@type\":\"ListItem\",\"position\":2,\"name\":\"Ordem alerta para exclus\u00e3o de utentes das listas de m\u00e9dicos de fam\u00edlia\"}]},{\"@type\":\"WebSite\",\"@id\":\"https:\/\/portaltela.pt\/#website\",\"url\":\"https:\/\/portaltela.pt\/\",\"name\":\"Portal Tela Portugal\",\"description\":\"\",\"potentialAction\":[{\"@type\":\"SearchAction\",\"target\":{\"@type\":\"EntryPoint\",\"urlTemplate\":\"https:\/\/portaltela.pt\/?s={search_term_string}\"},\"query-input\":{\"@type\":\"PropertyValueSpecification\",\"valueRequired\":true,\"valueName\":\"search_term_string\"}}],\"inLanguage\":\"pt-PT\"},{\"@type\":\"Person\",\"@id\":\"https:\/\/portaltela.pt\/#\/schema\/person\/c4278d4a6028830caff9ee44b42d32ed\",\"name\":\"Telinha\",\"image\":{\"@type\":\"ImageObject\",\"inLanguage\":\"pt-PT\",\"@id\":\"https:\/\/portaltela.pt\/s.01k8rhncp4jt1\/2025\/11\/talking-bot-125x125.png\",\"url\":\"https:\/\/portaltela.pt\/s.01k8rhncp4jt1\/2025\/11\/talking-bot-125x125.png\",\"contentUrl\":\"https:\/\/portaltela.pt\/s.01k8rhncp4jt1\/2025\/11\/talking-bot-125x125.png\",\"caption\":\"Telinha\"},\"sameAs\":[\"https:\/\/portaltela.pt\/\"],\"url\":\"https:\/\/portaltela.pt\/por\/367410592786\/\"}]}<\/script>\n<!-- \/ Yoast SEO plugin. -->","yoast_head_json":{"title":"Ordem alerta para exclus\u00e3o de utentes das listas de m\u00e9dicos de fam\u00edlia - Portal Tela Portugal","robots":{"index":"index","follow":"follow","max-snippet":"max-snippet:-1","max-image-preview":"max-image-preview:large","max-video-preview":"max-video-preview:-1"},"og_locale":"pt_PT","og_type":"article","og_title":"Ordem alerta para exclus\u00e3o de utentes das listas de m\u00e9dicos de fam\u00edlia - Portal Tela Portugal","og_description":"A Ordem dos M\u00e9dicos emitiu um alerta sobre a poss\u00edvel exclus\u00e3o administrativa de utentes das listas de m\u00e9dicos de fam\u00edlia. O tema envolve altera\u00e7\u00f5es na forma como os utentes ficam inscritos ou removidos das listas dos m\u00e9dicos de fam\u00edlia. O alerta sublinha a import\u00e2ncia de procedimentos transparentes e justos na gest\u00e3o dessas listas. A not\u00edcia n\u00e3o detalha crit\u00e9rios, nem n\u00fameros, devendo-se acompanhar futuras informa\u00e7\u00f5es oficiais sobre o assunto.","og_url":"https:\/\/portaltela.pt\/noticias\/2026\/03\/13\/ordem-alerta-para-exclusao-de-utentes-das-listas-de-medicos-de-familia\/","og_site_name":"Portal Tela Portugal","article_published_time":"2026-03-13T16:49:00+00:00","author":"Telinha","twitter_card":"summary_large_image","twitter_misc":{"Escrito por":"Telinha","Tempo estimado de leitura":"1 minuto"},"schema":{"@context":"https:\/\/schema.org","@graph":[{"@type":"Article","@id":"https:\/\/portaltela.pt\/noticias\/2026\/03\/13\/ordem-alerta-para-exclusao-de-utentes-das-listas-de-medicos-de-familia\/#article","isPartOf":{"@id":"https:\/\/portaltela.pt\/noticias\/2026\/03\/13\/ordem-alerta-para-exclusao-de-utentes-das-listas-de-medicos-de-familia\/"},"author":{"name":"Telinha","@id":"https:\/\/portaltela.pt\/#\/schema\/person\/c4278d4a6028830caff9ee44b42d32ed"},"headline":"Ordem alerta para exclus\u00e3o de utentes das listas de m\u00e9dicos de fam\u00edlia","datePublished":"2026-03-13T16:49:00+00:00","mainEntityOfPage":{"@id":"https:\/\/portaltela.pt\/noticias\/2026\/03\/13\/ordem-alerta-para-exclusao-de-utentes-das-listas-de-medicos-de-familia\/"},"wordCount":153,"image":{"@id":"https:\/\/portaltela.pt\/noticias\/2026\/03\/13\/ordem-alerta-para-exclusao-de-utentes-das-listas-de-medicos-de-familia\/#primaryimage"},"thumbnailUrl":"https:\/\/portaltela.pt\/s.01k8rhncp4jt1\/2026\/03\/CACHE_780X1200_ANALOG_WATERMARKED_17366138_2206240_10042019091131.jpg","keywords":["A Ordem dos M\u00e9dicos","Cuidados de Sa\u00fade Prim\u00e1rios","gest\u00e3o p\u00fablica","M\u00e9dicos","sa\u00fade p\u00fablica"],"articleSection":["Sa\u00fade"],"inLanguage":"pt-PT"},{"@type":"WebPage","@id":"https:\/\/portaltela.pt\/noticias\/2026\/03\/13\/ordem-alerta-para-exclusao-de-utentes-das-listas-de-medicos-de-familia\/","url":"https:\/\/portaltela.pt\/noticias\/2026\/03\/13\/ordem-alerta-para-exclusao-de-utentes-das-listas-de-medicos-de-familia\/","name":"Ordem alerta para exclus\u00e3o de utentes das listas de m\u00e9dicos de fam\u00edlia - Portal Tela Portugal","isPartOf":{"@id":"https:\/\/portaltela.pt\/#website"},"primaryImageOfPage":{"@id":"https:\/\/portaltela.pt\/noticias\/2026\/03\/13\/ordem-alerta-para-exclusao-de-utentes-das-listas-de-medicos-de-familia\/#primaryimage"},"image":{"@id":"https:\/\/portaltela.pt\/noticias\/2026\/03\/13\/ordem-alerta-para-exclusao-de-utentes-das-listas-de-medicos-de-familia\/#primaryimage"},"thumbnailUrl":"https:\/\/portaltela.pt\/s.01k8rhncp4jt1\/2026\/03\/CACHE_780X1200_ANALOG_WATERMARKED_17366138_2206240_10042019091131.jpg","datePublished":"2026-03-13T16:49:00+00:00","author":{"@id":"https:\/\/portaltela.pt\/#\/schema\/person\/c4278d4a6028830caff9ee44b42d32ed"},"breadcrumb":{"@id":"https:\/\/portaltela.pt\/noticias\/2026\/03\/13\/ordem-alerta-para-exclusao-de-utentes-das-listas-de-medicos-de-familia\/#breadcrumb"},"inLanguage":"pt-PT","potentialAction":[{"@type":"ReadAction","target":["https:\/\/portaltela.pt\/noticias\/2026\/03\/13\/ordem-alerta-para-exclusao-de-utentes-das-listas-de-medicos-de-familia\/"]}]},{"@type":"ImageObject","inLanguage":"pt-PT","@id":"https:\/\/portaltela.pt\/noticias\/2026\/03\/13\/ordem-alerta-para-exclusao-de-utentes-das-listas-de-medicos-de-familia\/#primaryimage","url":"https:\/\/portaltela.pt\/s.01k8rhncp4jt1\/2026\/03\/CACHE_780X1200_ANALOG_WATERMARKED_17366138_2206240_10042019091131.jpg","contentUrl":"https:\/\/portaltela.pt\/s.01k8rhncp4jt1\/2026\/03\/CACHE_780X1200_ANALOG_WATERMARKED_17366138_2206240_10042019091131.jpg","width":768,"height":512,"caption":"Ordem alerta para \u201cexclus\u00e3o administrativa\u201d de utentes das listas de m\u00e9dicos de fam\u00edlia"},{"@type":"BreadcrumbList","@id":"https:\/\/portaltela.pt\/noticias\/2026\/03\/13\/ordem-alerta-para-exclusao-de-utentes-das-listas-de-medicos-de-familia\/#breadcrumb","itemListElement":[{"@type":"ListItem","position":1,"name":"In\u00edcio","item":"https:\/\/portaltela.pt\/"},{"@type":"ListItem","position":2,"name":"Ordem alerta para exclus\u00e3o de utentes das listas de m\u00e9dicos de fam\u00edlia"}]},{"@type":"WebSite","@id":"https:\/\/portaltela.pt\/#website","url":"https:\/\/portaltela.pt\/","name":"Portal Tela Portugal","description":"","potentialAction":[{"@type":"SearchAction","target":{"@type":"EntryPoint","urlTemplate":"https:\/\/portaltela.pt\/?s={search_term_string}"},"query-input":{"@type":"PropertyValueSpecification","valueRequired":true,"valueName":"search_term_string"}}],"inLanguage":"pt-PT"},{"@type":"Person","@id":"https:\/\/portaltela.pt\/#\/schema\/person\/c4278d4a6028830caff9ee44b42d32ed","name":"Telinha","image":{"@type":"ImageObject","inLanguage":"pt-PT","@id":"https:\/\/portaltela.pt\/s.01k8rhncp4jt1\/2025\/11\/talking-bot-125x125.png","url":"https:\/\/portaltela.pt\/s.01k8rhncp4jt1\/2025\/11\/talking-bot-125x125.png","contentUrl":"https:\/\/portaltela.pt\/s.01k8rhncp4jt1\/2025\/11\/talking-bot-125x125.png","caption":"Telinha"},"sameAs":["https:\/\/portaltela.pt\/"],"url":"https:\/\/portaltela.pt\/por\/367410592786\/"}]}},"_links":{"self":[{"href":"https:\/\/portaltela.pt\/api\/wp\/v2\/posts\/409258","targetHints":{"allow":["GET"]}}],"collection":[{"href":"https:\/\/portaltela.pt\/api\/wp\/v2\/posts"}],"about":[{"href":"https:\/\/portaltela.pt\/api\/wp\/v2\/types\/post"}],"author":[{"embeddable":true,"href":"https:\/\/portaltela.pt\/api\/wp\/v2\/users\/2"}],"replies":[{"embeddable":true,"href":"https:\/\/portaltela.pt\/api\/wp\/v2\/comments?post=409258"}],"version-history":[{"count":0,"href":"https:\/\/portaltela.pt\/api\/wp\/v2\/posts\/409258\/revisions"}],"wp:featuredmedia":[{"embeddable":true,"href":"https:\/\/portaltela.pt\/api\/wp\/v2\/media\/409261"}],"wp:attachment":[{"href":"https:\/\/portaltela.pt\/api\/wp\/v2\/media?parent=409258"}],"wp:term":[{"taxonomy":"category","embeddable":true,"href":"https:\/\/portaltela.pt\/api\/wp\/v2\/categories?post=409258"},{"taxonomy":"post_tag","embeddable":true,"href":"https:\/\/portaltela.pt\/api\/wp\/v2\/tags?post=409258"}],"curies":[{"name":"wp","href":"https:\/\/api.w.org\/{rel}","templated":true}]}}