{"id":409247,"date":"2026-03-13T15:24:00","date_gmt":"2026-03-13T18:24:00","guid":{"rendered":"https:\/\/portaltela.pt\/noticias\/2026\/03\/13\/este-fim-de-semana-piano-luta-e-cabrito\/"},"modified":"2026-03-13T15:24:00","modified_gmt":"2026-03-13T18:24:00","slug":"este-fim-de-semana-piano-luta-e-cabrito","status":"publish","type":"post","link":"https:\/\/portaltela.pt\/noticias\/2026\/03\/13\/este-fim-de-semana-piano-luta-e-cabrito\/","title":{"rendered":"Este fim-de-semana: piano, luta e cabrito"},"content":{"rendered":"<p>O que fazer neste fim-de-semana? Eis uma sele\u00e7\u00e3o de propostas para a m\u00fasica, o humor, a cultura e a gastronomia. Espinho recebe M\u00e1rio Laginha a solo, num regresso aos originais ap\u00f3s 20 anos, com o novo disco Retorno. Barreiro acolhe Luta Livre, com Lu\u00eds Varatojo a apresentar o projeto politicamente interventivo.<\/p>\n<p>Milhanas atua em Loul\u00e9, num concerto marcado pela transi\u00e7\u00e3o entre o primeiro \u00e1lbum De Sombra a Sombra e o pr\u00f3ximo trabalho, inspirado pelo fado e pela cantautoria. Em Lisboa, a Orquestra Sinf\u00f3nica Portuguesa sonoriza a obra-prima de cinema Luzes da Cidade, com Timothy Brock na batuta.<\/p>\n<h3>M\u00fasicas e espet\u00e1culos<\/h3>\n<p>M\u00e1rio Laginha atua no Espinho Audit\u00f3rio a 13 e 14 de mar\u00e7o, \u00e0s 21h30, com bilheteira a 10\u20ac. O pianista apresenta o novo disco Retorno, com 14 temas e uma tourn\u00e9e de regresso aos palcos a solo.<\/p>\n<h3>Teatro, cinema e palco<\/h3>\n<p>Luta Livre sobe ao ringue no BARREIRO, no dia 14 de mar\u00e7o, \u00e0s 22h, em mais uma sess\u00e3o da digress\u00e3o que junta interven\u00e7\u00e3o social e m\u00fasica. Seguem-se Lisboa, Porto e Coimbra, em datas a confirmar.<\/p>\n<p>Milhanas mostra-se no Cineteatro Louletano, em Loul\u00e9, a 14 de mar\u00e7o, \u00e0s 21h, com ingressos a 12\u20ac. A artista apresenta o estado de transi\u00e7\u00e3o entre o debut e o novo projeto.<\/p>\n<h3>Gastronomia e tradi\u00e7\u00e3o<\/h3>\n<p>O Mercado do Queijo funciona em Gouveia a 14 e 15 de mar\u00e7o, com demonstra\u00e7\u00f5es, provas e showcookings de queijo Serra da Estrela, vinhos e azeites. O espa\u00e7o re\u00fane produtores locais at\u00e9 ao final de domingo.<\/p>\n<h3>Feira tradicional<\/h3>\n<p>Em Mon\u00e7\u00e3o, a Feira da Foda decorre de 13 a 15 de mar\u00e7o, com tosquia, cantares, artesanato e prato de cordeiro assado em forno a lenha. O certame espera cerca de 50 mil visitantes e oferece diversas atividades para todas as idades.<\/p>\n","protected":false},"excerpt":{"rendered":"<ul>\n<li>M\u00e1rio Laginha atua no Audit\u00f3rio de Espinho nos dias 13 e 14 de mar\u00e7o, \u00e0s 21h30, com o novo disco Retorno; bilheteira a 10\u20ac.<\/li>\n<li>Luta Livre apresenta no Barreiro, 14 de mar\u00e7o, \u00e0s 22h, com 15\u20ac; a digress\u00e3o segue para Lisboa, Porto e Coimbra.<\/li>\n<li>Milhanas atua no Cineteatro Louletano, em Loul\u00e9, dia 14 de mar\u00e7o, \u00e0s 21h; bilheteira a 12\u20ac.<\/li>\n<li>Luzes da Cidade leva a Orquestra Sinf\u00f3nica Portuguesa ao Teatro Cam\u00f5es, em Lisboa, dia 15 de mar\u00e7o, \u00e0s 17h; bilhetes entre 20\u20ac e 30\u20ac.<\/li>\n<li>Mercado do Queijo de Gouveia realiza-se no Mercado Municipal a 14 e 15 de mar\u00e7o, com atividades, degusta\u00e7\u00f5es e demonstra\u00e7\u00f5es.<\/li>\n<\/ul>\n","protected":false},"author":2,"featured_media":409251,"comment_status":"closed","ping_status":"closed","sticky":false,"template":"","format":"standard","meta":{"footnotes":""},"categories":[6676,1],"tags":[1056,1839,2076,2302,2000,4820],"class_list":["post-409247","post","type-post","status-publish","format-standard","has-post-thumbnail","hentry","category-musica","category-noticias","tag-barreiro","tag-espinho","tag-gouveia","tag-loule","tag-moncao","tag-queijos"],"yoast_head":"<!-- This site is optimized with the Yoast SEO plugin v27.2 - https:\/\/yoast.com\/product\/yoast-seo-wordpress\/ -->\n<title>Este fim-de-semana: piano, luta e cabrito - Portal Tela Portugal<\/title>\n<meta name=\"robots\" content=\"index, follow, max-snippet:-1, max-image-preview:large, max-video-preview:-1\" \/>\n<meta property=\"og:locale\" content=\"pt_PT\" \/>\n<meta property=\"og:type\" content=\"article\" \/>\n<meta property=\"og:title\" content=\"Este fim-de-semana: piano, luta e cabrito - Portal Tela Portugal\" \/>\n<meta property=\"og:description\" content=\"M\u00e1rio Laginha atua no Audit\u00f3rio de Espinho nos dias 13 e 14 de mar\u00e7o, \u00e0s 21h30, com o novo disco Retorno; bilheteira a 10\u20ac. Luta Livre apresenta no Barreiro, 14 de mar\u00e7o, \u00e0s 22h, com 15\u20ac; a digress\u00e3o segue para Lisboa, Porto e Coimbra. Milhanas atua no Cineteatro Louletano, em Loul\u00e9, dia 14 de mar\u00e7o, \u00e0s 21h; bilheteira a 12\u20ac. Luzes da Cidade leva a Orquestra Sinf\u00f3nica Portuguesa ao Teatro Cam\u00f5es, em Lisboa, dia 15 de mar\u00e7o, \u00e0s 17h; bilhetes entre 20\u20ac e 30\u20ac. Mercado do Queijo de Gouveia realiza-se no Mercado Municipal a 14 e 15 de mar\u00e7o, com atividades, degusta\u00e7\u00f5es e demonstra\u00e7\u00f5es.\" \/>\n<meta property=\"og:url\" content=\"https:\/\/portaltela.pt\/noticias\/2026\/03\/13\/este-fim-de-semana-piano-luta-e-cabrito\/\" \/>\n<meta property=\"og:site_name\" content=\"Portal Tela Portugal\" \/>\n<meta property=\"article:published_time\" content=\"2026-03-13T18:24:00+00:00\" \/>\n<meta name=\"author\" content=\"Telinha\" \/>\n<meta name=\"twitter:card\" content=\"summary_large_image\" \/>\n<meta name=\"twitter:label1\" content=\"Escrito por\" \/>\n\t<meta name=\"twitter:data1\" content=\"Telinha\" \/>\n\t<meta name=\"twitter:label2\" content=\"Tempo estimado de leitura\" \/>\n\t<meta name=\"twitter:data2\" content=\"2 minutos\" \/>\n<script type=\"application\/ld+json\" class=\"yoast-schema-graph\">{\"@context\":\"https:\/\/schema.org\",\"@graph\":[{\"@type\":\"Article\",\"@id\":\"https:\/\/portaltela.pt\/noticias\/2026\/03\/13\/este-fim-de-semana-piano-luta-e-cabrito\/#article\",\"isPartOf\":{\"@id\":\"https:\/\/portaltela.pt\/noticias\/2026\/03\/13\/este-fim-de-semana-piano-luta-e-cabrito\/\"},\"author\":{\"name\":\"Telinha\",\"@id\":\"https:\/\/portaltela.pt\/#\/schema\/person\/c4278d4a6028830caff9ee44b42d32ed\"},\"headline\":\"Este fim-de-semana: piano, luta e cabrito\",\"datePublished\":\"2026-03-13T18:24:00+00:00\",\"mainEntityOfPage\":{\"@id\":\"https:\/\/portaltela.pt\/noticias\/2026\/03\/13\/este-fim-de-semana-piano-luta-e-cabrito\/\"},\"wordCount\":311,\"image\":{\"@id\":\"https:\/\/portaltela.pt\/noticias\/2026\/03\/13\/este-fim-de-semana-piano-luta-e-cabrito\/#primaryimage\"},\"thumbnailUrl\":\"https:\/\/portaltela.pt\/s.01k8rhncp4jt1\/2026\/03\/2073960.jpg\",\"keywords\":[\"Barreiro\",\"Espinho\",\"Gouveia\",\"Loul\u00e9\",\"Mon\u00e7\u00e3o\",\"queijos\"],\"articleSection\":[\"M\u00fasica\",\"Not\u00edcias\"],\"inLanguage\":\"pt-PT\"},{\"@type\":\"WebPage\",\"@id\":\"https:\/\/portaltela.pt\/noticias\/2026\/03\/13\/este-fim-de-semana-piano-luta-e-cabrito\/\",\"url\":\"https:\/\/portaltela.pt\/noticias\/2026\/03\/13\/este-fim-de-semana-piano-luta-e-cabrito\/\",\"name\":\"Este fim-de-semana: piano, luta e cabrito - Portal Tela Portugal\",\"isPartOf\":{\"@id\":\"https:\/\/portaltela.pt\/#website\"},\"primaryImageOfPage\":{\"@id\":\"https:\/\/portaltela.pt\/noticias\/2026\/03\/13\/este-fim-de-semana-piano-luta-e-cabrito\/#primaryimage\"},\"image\":{\"@id\":\"https:\/\/portaltela.pt\/noticias\/2026\/03\/13\/este-fim-de-semana-piano-luta-e-cabrito\/#primaryimage\"},\"thumbnailUrl\":\"https:\/\/portaltela.pt\/s.01k8rhncp4jt1\/2026\/03\/2073960.jpg\",\"datePublished\":\"2026-03-13T18:24:00+00:00\",\"author\":{\"@id\":\"https:\/\/portaltela.pt\/#\/schema\/person\/c4278d4a6028830caff9ee44b42d32ed\"},\"breadcrumb\":{\"@id\":\"https:\/\/portaltela.pt\/noticias\/2026\/03\/13\/este-fim-de-semana-piano-luta-e-cabrito\/#breadcrumb\"},\"inLanguage\":\"pt-PT\",\"potentialAction\":[{\"@type\":\"ReadAction\",\"target\":[\"https:\/\/portaltela.pt\/noticias\/2026\/03\/13\/este-fim-de-semana-piano-luta-e-cabrito\/\"]}]},{\"@type\":\"ImageObject\",\"inLanguage\":\"pt-PT\",\"@id\":\"https:\/\/portaltela.pt\/noticias\/2026\/03\/13\/este-fim-de-semana-piano-luta-e-cabrito\/#primaryimage\",\"url\":\"https:\/\/portaltela.pt\/s.01k8rhncp4jt1\/2026\/03\/2073960.jpg\",\"contentUrl\":\"https:\/\/portaltela.pt\/s.01k8rhncp4jt1\/2026\/03\/2073960.jpg\",\"width\":796,\"height\":448,\"caption\":\"Lu\u00eds Varatojo faz-se \u00e0 estrada com o novo \u00e1lbum de Luta Livre\"},{\"@type\":\"BreadcrumbList\",\"@id\":\"https:\/\/portaltela.pt\/noticias\/2026\/03\/13\/este-fim-de-semana-piano-luta-e-cabrito\/#breadcrumb\",\"itemListElement\":[{\"@type\":\"ListItem\",\"position\":1,\"name\":\"In\u00edcio\",\"item\":\"https:\/\/portaltela.pt\/\"},{\"@type\":\"ListItem\",\"position\":2,\"name\":\"Este fim-de-semana: piano, luta e cabrito\"}]},{\"@type\":\"WebSite\",\"@id\":\"https:\/\/portaltela.pt\/#website\",\"url\":\"https:\/\/portaltela.pt\/\",\"name\":\"Portal Tela Portugal\",\"description\":\"\",\"potentialAction\":[{\"@type\":\"SearchAction\",\"target\":{\"@type\":\"EntryPoint\",\"urlTemplate\":\"https:\/\/portaltela.pt\/?s={search_term_string}\"},\"query-input\":{\"@type\":\"PropertyValueSpecification\",\"valueRequired\":true,\"valueName\":\"search_term_string\"}}],\"inLanguage\":\"pt-PT\"},{\"@type\":\"Person\",\"@id\":\"https:\/\/portaltela.pt\/#\/schema\/person\/c4278d4a6028830caff9ee44b42d32ed\",\"name\":\"Telinha\",\"image\":{\"@type\":\"ImageObject\",\"inLanguage\":\"pt-PT\",\"@id\":\"https:\/\/portaltela.pt\/s.01k8rhncp4jt1\/2025\/11\/talking-bot-125x125.png\",\"url\":\"https:\/\/portaltela.pt\/s.01k8rhncp4jt1\/2025\/11\/talking-bot-125x125.png\",\"contentUrl\":\"https:\/\/portaltela.pt\/s.01k8rhncp4jt1\/2025\/11\/talking-bot-125x125.png\",\"caption\":\"Telinha\"},\"sameAs\":[\"https:\/\/portaltela.pt\/\"],\"url\":\"https:\/\/portaltela.pt\/por\/367410592786\/\"}]}<\/script>\n<!-- \/ Yoast SEO plugin. -->","yoast_head_json":{"title":"Este fim-de-semana: piano, luta e cabrito - Portal Tela Portugal","robots":{"index":"index","follow":"follow","max-snippet":"max-snippet:-1","max-image-preview":"max-image-preview:large","max-video-preview":"max-video-preview:-1"},"og_locale":"pt_PT","og_type":"article","og_title":"Este fim-de-semana: piano, luta e cabrito - Portal Tela Portugal","og_description":"M\u00e1rio Laginha atua no Audit\u00f3rio de Espinho nos dias 13 e 14 de mar\u00e7o, \u00e0s 21h30, com o novo disco Retorno; bilheteira a 10\u20ac. Luta Livre apresenta no Barreiro, 14 de mar\u00e7o, \u00e0s 22h, com 15\u20ac; a digress\u00e3o segue para Lisboa, Porto e Coimbra. Milhanas atua no Cineteatro Louletano, em Loul\u00e9, dia 14 de mar\u00e7o, \u00e0s 21h; bilheteira a 12\u20ac. Luzes da Cidade leva a Orquestra Sinf\u00f3nica Portuguesa ao Teatro Cam\u00f5es, em Lisboa, dia 15 de mar\u00e7o, \u00e0s 17h; bilhetes entre 20\u20ac e 30\u20ac. Mercado do Queijo de Gouveia realiza-se no Mercado Municipal a 14 e 15 de mar\u00e7o, com atividades, degusta\u00e7\u00f5es e demonstra\u00e7\u00f5es.","og_url":"https:\/\/portaltela.pt\/noticias\/2026\/03\/13\/este-fim-de-semana-piano-luta-e-cabrito\/","og_site_name":"Portal Tela Portugal","article_published_time":"2026-03-13T18:24:00+00:00","author":"Telinha","twitter_card":"summary_large_image","twitter_misc":{"Escrito por":"Telinha","Tempo estimado de leitura":"2 minutos"},"schema":{"@context":"https:\/\/schema.org","@graph":[{"@type":"Article","@id":"https:\/\/portaltela.pt\/noticias\/2026\/03\/13\/este-fim-de-semana-piano-luta-e-cabrito\/#article","isPartOf":{"@id":"https:\/\/portaltela.pt\/noticias\/2026\/03\/13\/este-fim-de-semana-piano-luta-e-cabrito\/"},"author":{"name":"Telinha","@id":"https:\/\/portaltela.pt\/#\/schema\/person\/c4278d4a6028830caff9ee44b42d32ed"},"headline":"Este fim-de-semana: piano, luta e cabrito","datePublished":"2026-03-13T18:24:00+00:00","mainEntityOfPage":{"@id":"https:\/\/portaltela.pt\/noticias\/2026\/03\/13\/este-fim-de-semana-piano-luta-e-cabrito\/"},"wordCount":311,"image":{"@id":"https:\/\/portaltela.pt\/noticias\/2026\/03\/13\/este-fim-de-semana-piano-luta-e-cabrito\/#primaryimage"},"thumbnailUrl":"https:\/\/portaltela.pt\/s.01k8rhncp4jt1\/2026\/03\/2073960.jpg","keywords":["Barreiro","Espinho","Gouveia","Loul\u00e9","Mon\u00e7\u00e3o","queijos"],"articleSection":["M\u00fasica","Not\u00edcias"],"inLanguage":"pt-PT"},{"@type":"WebPage","@id":"https:\/\/portaltela.pt\/noticias\/2026\/03\/13\/este-fim-de-semana-piano-luta-e-cabrito\/","url":"https:\/\/portaltela.pt\/noticias\/2026\/03\/13\/este-fim-de-semana-piano-luta-e-cabrito\/","name":"Este fim-de-semana: piano, luta e cabrito - Portal Tela Portugal","isPartOf":{"@id":"https:\/\/portaltela.pt\/#website"},"primaryImageOfPage":{"@id":"https:\/\/portaltela.pt\/noticias\/2026\/03\/13\/este-fim-de-semana-piano-luta-e-cabrito\/#primaryimage"},"image":{"@id":"https:\/\/portaltela.pt\/noticias\/2026\/03\/13\/este-fim-de-semana-piano-luta-e-cabrito\/#primaryimage"},"thumbnailUrl":"https:\/\/portaltela.pt\/s.01k8rhncp4jt1\/2026\/03\/2073960.jpg","datePublished":"2026-03-13T18:24:00+00:00","author":{"@id":"https:\/\/portaltela.pt\/#\/schema\/person\/c4278d4a6028830caff9ee44b42d32ed"},"breadcrumb":{"@id":"https:\/\/portaltela.pt\/noticias\/2026\/03\/13\/este-fim-de-semana-piano-luta-e-cabrito\/#breadcrumb"},"inLanguage":"pt-PT","potentialAction":[{"@type":"ReadAction","target":["https:\/\/portaltela.pt\/noticias\/2026\/03\/13\/este-fim-de-semana-piano-luta-e-cabrito\/"]}]},{"@type":"ImageObject","inLanguage":"pt-PT","@id":"https:\/\/portaltela.pt\/noticias\/2026\/03\/13\/este-fim-de-semana-piano-luta-e-cabrito\/#primaryimage","url":"https:\/\/portaltela.pt\/s.01k8rhncp4jt1\/2026\/03\/2073960.jpg","contentUrl":"https:\/\/portaltela.pt\/s.01k8rhncp4jt1\/2026\/03\/2073960.jpg","width":796,"height":448,"caption":"Lu\u00eds Varatojo faz-se \u00e0 estrada com o novo \u00e1lbum de Luta Livre"},{"@type":"BreadcrumbList","@id":"https:\/\/portaltela.pt\/noticias\/2026\/03\/13\/este-fim-de-semana-piano-luta-e-cabrito\/#breadcrumb","itemListElement":[{"@type":"ListItem","position":1,"name":"In\u00edcio","item":"https:\/\/portaltela.pt\/"},{"@type":"ListItem","position":2,"name":"Este fim-de-semana: piano, luta e cabrito"}]},{"@type":"WebSite","@id":"https:\/\/portaltela.pt\/#website","url":"https:\/\/portaltela.pt\/","name":"Portal Tela Portugal","description":"","potentialAction":[{"@type":"SearchAction","target":{"@type":"EntryPoint","urlTemplate":"https:\/\/portaltela.pt\/?s={search_term_string}"},"query-input":{"@type":"PropertyValueSpecification","valueRequired":true,"valueName":"search_term_string"}}],"inLanguage":"pt-PT"},{"@type":"Person","@id":"https:\/\/portaltela.pt\/#\/schema\/person\/c4278d4a6028830caff9ee44b42d32ed","name":"Telinha","image":{"@type":"ImageObject","inLanguage":"pt-PT","@id":"https:\/\/portaltela.pt\/s.01k8rhncp4jt1\/2025\/11\/talking-bot-125x125.png","url":"https:\/\/portaltela.pt\/s.01k8rhncp4jt1\/2025\/11\/talking-bot-125x125.png","contentUrl":"https:\/\/portaltela.pt\/s.01k8rhncp4jt1\/2025\/11\/talking-bot-125x125.png","caption":"Telinha"},"sameAs":["https:\/\/portaltela.pt\/"],"url":"https:\/\/portaltela.pt\/por\/367410592786\/"}]}},"_links":{"self":[{"href":"https:\/\/portaltela.pt\/api\/wp\/v2\/posts\/409247","targetHints":{"allow":["GET"]}}],"collection":[{"href":"https:\/\/portaltela.pt\/api\/wp\/v2\/posts"}],"about":[{"href":"https:\/\/portaltela.pt\/api\/wp\/v2\/types\/post"}],"author":[{"embeddable":true,"href":"https:\/\/portaltela.pt\/api\/wp\/v2\/users\/2"}],"replies":[{"embeddable":true,"href":"https:\/\/portaltela.pt\/api\/wp\/v2\/comments?post=409247"}],"version-history":[{"count":0,"href":"https:\/\/portaltela.pt\/api\/wp\/v2\/posts\/409247\/revisions"}],"wp:featuredmedia":[{"embeddable":true,"href":"https:\/\/portaltela.pt\/api\/wp\/v2\/media\/409251"}],"wp:attachment":[{"href":"https:\/\/portaltela.pt\/api\/wp\/v2\/media?parent=409247"}],"wp:term":[{"taxonomy":"category","embeddable":true,"href":"https:\/\/portaltela.pt\/api\/wp\/v2\/categories?post=409247"},{"taxonomy":"post_tag","embeddable":true,"href":"https:\/\/portaltela.pt\/api\/wp\/v2\/tags?post=409247"}],"curies":[{"name":"wp","href":"https:\/\/api.w.org\/{rel}","templated":true}]}}