{"id":409239,"date":"2026-03-13T15:27:12","date_gmt":"2026-03-13T18:27:12","guid":{"rendered":"https:\/\/portaltela.pt\/noticias\/2026\/03\/13\/diogo-carmona-classifica-participacao-nos-paralimpicos-de-inverno-como-especial\/"},"modified":"2026-03-13T15:27:12","modified_gmt":"2026-03-13T18:27:12","slug":"diogo-carmona-classifica-participacao-nos-paralimpicos-de-inverno-como-especial","status":"publish","type":"post","link":"https:\/\/portaltela.pt\/desporto\/futebol\/2026\/03\/13\/diogo-carmona-classifica-participacao-nos-paralimpicos-de-inverno-como-especial\/","title":{"rendered":"Diogo Carmona classifica participa\u00e7\u00e3o nos Paral\u00edmpicos de Inverno como especial"},"content":{"rendered":"<p>Diogo Carmona considera a participa\u00e7\u00e3o nos Jogos Paral\u00edmpicos de Inverno um momento marcante e especial, embora o 18.\u00ba lugar no banked slalom SB-LL2 tenha ficado aqu\u00e9m do esperado. O atleta portugu\u00eas est\u00e1 a assimilar a experi\u00eancia como paral\u00edmpico.<\/p>\n<p>O snowboarder, de 28 anos, perdeu parte da perna esquerda em 2019 ap\u00f3s ser atropelado por um comboio. Para ele, o que mais importa \u00e9 o percurso desenvolvido ao longo de tr\u00eas anos de trabalho.<\/p>\n<p>A competi\u00e7\u00e3o foi antecipada para sexta-feira, o que reduziu um dia de treino. Carmona pode ter sentido esse ajuste, mas afirmou ter chegado preparado para as duas descidas, que marcaram o est\u00e1gio final da forma\u00e7\u00e3o.<\/p>\n<h3>Foco no marco hist\u00f3rico<\/h3>\n<p>Para a miss\u00e3o portuguesa em Mil\u00e3o-Cortina, o chefe de contingente, Pedro Fl\u00e1vio, sublinhou que a estreia nacional \u00e9 motivo de orgulho e sinaliza potencial para o desporto adaptado de inverno, com planos de identificar mais atletas.<\/p>\n<p>Carmona concluiu a prova com tempos de 1.16,58 e 1.07,52 minutos, somando o 18.\u00ba lugar entre 20 concorrentes. O ouro ficou com Emanuel Perathoner, seguido por Fabrice von Gruenigen e Ben Tudhope.<\/p>\n<p>Mil\u00e3o-Cortina2026 re\u00fane mais de 650 atletas de 50 pa\u00edses, incluindo a R\u00fassia e a Bielorr\u00fassia, que competem pela primeira vez desde 2022 com apresenta\u00e7\u00e3o dos s\u00edmbolos nacionais, sob o regulamento vigente.<\/p>\n","protected":false},"excerpt":{"rendered":"<ul>\n<li>O snowboarder Diogo Carmona classificou a participa\u00e7\u00e3o nos Jogos Paral\u00edmpicos de Inverno Mil\u00e3o-Cortina 2026 como muito importante e especial, ficando em 18.\u00ba lugar no banked slalom SB-LL2.<\/li>\n<li>Carmona, de 28 anos, perdeu parte da perna esquerda ap\u00f3s ser atropelado por um comboio em 2019, e disse que o percurso feito foi mais significativo do que o resultado.<\/li>\n<li>Na prova, Carmona registou 1.16,58 minutos na primeira descida e 1.07,52 na segunda, com o melhor tempo a definir a classifica\u00e7\u00e3o final.<\/li>\n<li>O ouro ficou com o italiano Emanuel Perathoner, seguido pelo su\u00ed\u00e7o Fabrice von Gruenigen e pelo australiano Ben Tudhope.<\/li>\n<li>O chefe da miss\u00e3o portuguesa, Pedro Fl\u00e1vio, afirmou que a estreia nacional \u00e9 motivo de orgulho e que o desporto adaptado de inverno tem perspetivas de crescimento, com foco em identificar mais atletas.<\/li>\n<\/ul>\n","protected":false},"author":2,"featured_media":409248,"comment_status":"closed","ping_status":"closed","sticky":false,"template":"","format":"standard","meta":{"footnotes":""},"categories":[21,24],"tags":[6633,4458,2681,1014],"class_list":["post-409239","post","type-post","status-publish","format-standard","has-post-thumbnail","hentry","category-desporto","category-futebol","tag-atletas-internacionais","tag-desporto-federado-adaptado","tag-desporto-internacional","tag-portugal"],"yoast_head":"<!-- This site is optimized with the Yoast SEO plugin v27.2 - https:\/\/yoast.com\/product\/yoast-seo-wordpress\/ -->\n<title>Diogo Carmona classifica participa\u00e7\u00e3o nos Paral\u00edmpicos de Inverno como especial - Portal Tela Portugal<\/title>\n<meta name=\"robots\" content=\"index, follow, max-snippet:-1, max-image-preview:large, max-video-preview:-1\" \/>\n<meta property=\"og:locale\" content=\"pt_PT\" \/>\n<meta property=\"og:type\" content=\"article\" \/>\n<meta property=\"og:title\" content=\"Diogo Carmona classifica participa\u00e7\u00e3o nos Paral\u00edmpicos de Inverno como especial - Portal Tela Portugal\" \/>\n<meta property=\"og:description\" content=\"O snowboarder Diogo Carmona classificou a participa\u00e7\u00e3o nos Jogos Paral\u00edmpicos de Inverno Mil\u00e3o-Cortina 2026 como muito importante e especial, ficando em 18.\u00ba lugar no banked slalom SB-LL2. Carmona, de 28 anos, perdeu parte da perna esquerda ap\u00f3s ser atropelado por um comboio em 2019, e disse que o percurso feito foi mais significativo do que o resultado. Na prova, Carmona registou 1.16,58 minutos na primeira descida e 1.07,52 na segunda, com o melhor tempo a definir a classifica\u00e7\u00e3o final. O ouro ficou com o italiano Emanuel Perathoner, seguido pelo su\u00ed\u00e7o Fabrice von Gruenigen e pelo australiano Ben Tudhope. O chefe da miss\u00e3o portuguesa, Pedro Fl\u00e1vio, afirmou que a estreia nacional \u00e9 motivo de orgulho e que o desporto adaptado de inverno tem perspetivas de crescimento, com foco em identificar mais atletas.\" \/>\n<meta property=\"og:url\" content=\"https:\/\/portaltela.pt\/noticias\/2026\/03\/13\/diogo-carmona-classifica-participacao-nos-paralimpicos-de-inverno-como-especial\/\" \/>\n<meta property=\"og:site_name\" content=\"Portal Tela Portugal\" \/>\n<meta property=\"article:published_time\" content=\"2026-03-13T18:27:12+00:00\" \/>\n<meta name=\"author\" content=\"Telinha\" \/>\n<meta name=\"twitter:card\" content=\"summary_large_image\" \/>\n<meta name=\"twitter:label1\" content=\"Escrito por\" \/>\n\t<meta name=\"twitter:data1\" content=\"Telinha\" \/>\n\t<meta name=\"twitter:label2\" content=\"Tempo estimado de leitura\" \/>\n\t<meta name=\"twitter:data2\" content=\"1 minuto\" \/>\n<script type=\"application\/ld+json\" class=\"yoast-schema-graph\">{\"@context\":\"https:\/\/schema.org\",\"@graph\":[{\"@type\":\"Article\",\"@id\":\"https:\/\/portaltela.pt\/noticias\/2026\/03\/13\/diogo-carmona-classifica-participacao-nos-paralimpicos-de-inverno-como-especial\/#article\",\"isPartOf\":{\"@id\":\"https:\/\/portaltela.pt\/noticias\/2026\/03\/13\/diogo-carmona-classifica-participacao-nos-paralimpicos-de-inverno-como-especial\/\"},\"author\":{\"name\":\"Telinha\",\"@id\":\"https:\/\/portaltela.pt\/#\/schema\/person\/c4278d4a6028830caff9ee44b42d32ed\"},\"headline\":\"Diogo Carmona classifica participa\u00e7\u00e3o nos Paral\u00edmpicos de Inverno como especial\",\"datePublished\":\"2026-03-13T18:27:12+00:00\",\"mainEntityOfPage\":{\"@id\":\"https:\/\/portaltela.pt\/noticias\/2026\/03\/13\/diogo-carmona-classifica-participacao-nos-paralimpicos-de-inverno-como-especial\/\"},\"wordCount\":233,\"image\":{\"@id\":\"https:\/\/portaltela.pt\/noticias\/2026\/03\/13\/diogo-carmona-classifica-participacao-nos-paralimpicos-de-inverno-como-especial\/#primaryimage\"},\"thumbnailUrl\":\"https:\/\/portaltela.pt\/s.01k8rhncp4jt1\/2026\/03\/img_1500x1000uu2026-03-13-18-26-14-2272175.jpg\",\"keywords\":[\"atletas internacionais\",\"Desporto Federado Adaptado\",\"desporto internacional\",\"Portugal\"],\"articleSection\":[\"Desporto\",\"Futebol\"],\"inLanguage\":\"pt-PT\"},{\"@type\":\"WebPage\",\"@id\":\"https:\/\/portaltela.pt\/noticias\/2026\/03\/13\/diogo-carmona-classifica-participacao-nos-paralimpicos-de-inverno-como-especial\/\",\"url\":\"https:\/\/portaltela.pt\/noticias\/2026\/03\/13\/diogo-carmona-classifica-participacao-nos-paralimpicos-de-inverno-como-especial\/\",\"name\":\"Diogo Carmona classifica participa\u00e7\u00e3o nos Paral\u00edmpicos de Inverno como especial - Portal Tela Portugal\",\"isPartOf\":{\"@id\":\"https:\/\/portaltela.pt\/#website\"},\"primaryImageOfPage\":{\"@id\":\"https:\/\/portaltela.pt\/noticias\/2026\/03\/13\/diogo-carmona-classifica-participacao-nos-paralimpicos-de-inverno-como-especial\/#primaryimage\"},\"image\":{\"@id\":\"https:\/\/portaltela.pt\/noticias\/2026\/03\/13\/diogo-carmona-classifica-participacao-nos-paralimpicos-de-inverno-como-especial\/#primaryimage\"},\"thumbnailUrl\":\"https:\/\/portaltela.pt\/s.01k8rhncp4jt1\/2026\/03\/img_1500x1000uu2026-03-13-18-26-14-2272175.jpg\",\"datePublished\":\"2026-03-13T18:27:12+00:00\",\"author\":{\"@id\":\"https:\/\/portaltela.pt\/#\/schema\/person\/c4278d4a6028830caff9ee44b42d32ed\"},\"breadcrumb\":{\"@id\":\"https:\/\/portaltela.pt\/noticias\/2026\/03\/13\/diogo-carmona-classifica-participacao-nos-paralimpicos-de-inverno-como-especial\/#breadcrumb\"},\"inLanguage\":\"pt-PT\",\"potentialAction\":[{\"@type\":\"ReadAction\",\"target\":[\"https:\/\/portaltela.pt\/noticias\/2026\/03\/13\/diogo-carmona-classifica-participacao-nos-paralimpicos-de-inverno-como-especial\/\"]}]},{\"@type\":\"ImageObject\",\"inLanguage\":\"pt-PT\",\"@id\":\"https:\/\/portaltela.pt\/noticias\/2026\/03\/13\/diogo-carmona-classifica-participacao-nos-paralimpicos-de-inverno-como-especial\/#primaryimage\",\"url\":\"https:\/\/portaltela.pt\/s.01k8rhncp4jt1\/2026\/03\/img_1500x1000uu2026-03-13-18-26-14-2272175.jpg\",\"contentUrl\":\"https:\/\/portaltela.pt\/s.01k8rhncp4jt1\/2026\/03\/img_1500x1000uu2026-03-13-18-26-14-2272175.jpg\",\"width\":796,\"height\":448,\"caption\":\"Diogo Carmona\"},{\"@type\":\"BreadcrumbList\",\"@id\":\"https:\/\/portaltela.pt\/noticias\/2026\/03\/13\/diogo-carmona-classifica-participacao-nos-paralimpicos-de-inverno-como-especial\/#breadcrumb\",\"itemListElement\":[{\"@type\":\"ListItem\",\"position\":1,\"name\":\"In\u00edcio\",\"item\":\"https:\/\/portaltela.pt\/\"},{\"@type\":\"ListItem\",\"position\":2,\"name\":\"Diogo Carmona classifica participa\u00e7\u00e3o nos Paral\u00edmpicos de Inverno como especial\"}]},{\"@type\":\"WebSite\",\"@id\":\"https:\/\/portaltela.pt\/#website\",\"url\":\"https:\/\/portaltela.pt\/\",\"name\":\"Portal Tela Portugal\",\"description\":\"\",\"potentialAction\":[{\"@type\":\"SearchAction\",\"target\":{\"@type\":\"EntryPoint\",\"urlTemplate\":\"https:\/\/portaltela.pt\/?s={search_term_string}\"},\"query-input\":{\"@type\":\"PropertyValueSpecification\",\"valueRequired\":true,\"valueName\":\"search_term_string\"}}],\"inLanguage\":\"pt-PT\"},{\"@type\":\"Person\",\"@id\":\"https:\/\/portaltela.pt\/#\/schema\/person\/c4278d4a6028830caff9ee44b42d32ed\",\"name\":\"Telinha\",\"image\":{\"@type\":\"ImageObject\",\"inLanguage\":\"pt-PT\",\"@id\":\"https:\/\/portaltela.pt\/s.01k8rhncp4jt1\/2025\/11\/talking-bot-125x125.png\",\"url\":\"https:\/\/portaltela.pt\/s.01k8rhncp4jt1\/2025\/11\/talking-bot-125x125.png\",\"contentUrl\":\"https:\/\/portaltela.pt\/s.01k8rhncp4jt1\/2025\/11\/talking-bot-125x125.png\",\"caption\":\"Telinha\"},\"sameAs\":[\"https:\/\/portaltela.pt\/\"],\"url\":\"https:\/\/portaltela.pt\/por\/367410592786\/\"}]}<\/script>\n<!-- \/ Yoast SEO plugin. -->","yoast_head_json":{"title":"Diogo Carmona classifica participa\u00e7\u00e3o nos Paral\u00edmpicos de Inverno como especial - Portal Tela Portugal","robots":{"index":"index","follow":"follow","max-snippet":"max-snippet:-1","max-image-preview":"max-image-preview:large","max-video-preview":"max-video-preview:-1"},"og_locale":"pt_PT","og_type":"article","og_title":"Diogo Carmona classifica participa\u00e7\u00e3o nos Paral\u00edmpicos de Inverno como especial - Portal Tela Portugal","og_description":"O snowboarder Diogo Carmona classificou a participa\u00e7\u00e3o nos Jogos Paral\u00edmpicos de Inverno Mil\u00e3o-Cortina 2026 como muito importante e especial, ficando em 18.\u00ba lugar no banked slalom SB-LL2. Carmona, de 28 anos, perdeu parte da perna esquerda ap\u00f3s ser atropelado por um comboio em 2019, e disse que o percurso feito foi mais significativo do que o resultado. Na prova, Carmona registou 1.16,58 minutos na primeira descida e 1.07,52 na segunda, com o melhor tempo a definir a classifica\u00e7\u00e3o final. O ouro ficou com o italiano Emanuel Perathoner, seguido pelo su\u00ed\u00e7o Fabrice von Gruenigen e pelo australiano Ben Tudhope. O chefe da miss\u00e3o portuguesa, Pedro Fl\u00e1vio, afirmou que a estreia nacional \u00e9 motivo de orgulho e que o desporto adaptado de inverno tem perspetivas de crescimento, com foco em identificar mais atletas.","og_url":"https:\/\/portaltela.pt\/noticias\/2026\/03\/13\/diogo-carmona-classifica-participacao-nos-paralimpicos-de-inverno-como-especial\/","og_site_name":"Portal Tela Portugal","article_published_time":"2026-03-13T18:27:12+00:00","author":"Telinha","twitter_card":"summary_large_image","twitter_misc":{"Escrito por":"Telinha","Tempo estimado de leitura":"1 minuto"},"schema":{"@context":"https:\/\/schema.org","@graph":[{"@type":"Article","@id":"https:\/\/portaltela.pt\/noticias\/2026\/03\/13\/diogo-carmona-classifica-participacao-nos-paralimpicos-de-inverno-como-especial\/#article","isPartOf":{"@id":"https:\/\/portaltela.pt\/noticias\/2026\/03\/13\/diogo-carmona-classifica-participacao-nos-paralimpicos-de-inverno-como-especial\/"},"author":{"name":"Telinha","@id":"https:\/\/portaltela.pt\/#\/schema\/person\/c4278d4a6028830caff9ee44b42d32ed"},"headline":"Diogo Carmona classifica participa\u00e7\u00e3o nos Paral\u00edmpicos de Inverno como especial","datePublished":"2026-03-13T18:27:12+00:00","mainEntityOfPage":{"@id":"https:\/\/portaltela.pt\/noticias\/2026\/03\/13\/diogo-carmona-classifica-participacao-nos-paralimpicos-de-inverno-como-especial\/"},"wordCount":233,"image":{"@id":"https:\/\/portaltela.pt\/noticias\/2026\/03\/13\/diogo-carmona-classifica-participacao-nos-paralimpicos-de-inverno-como-especial\/#primaryimage"},"thumbnailUrl":"https:\/\/portaltela.pt\/s.01k8rhncp4jt1\/2026\/03\/img_1500x1000uu2026-03-13-18-26-14-2272175.jpg","keywords":["atletas internacionais","Desporto Federado Adaptado","desporto internacional","Portugal"],"articleSection":["Desporto","Futebol"],"inLanguage":"pt-PT"},{"@type":"WebPage","@id":"https:\/\/portaltela.pt\/noticias\/2026\/03\/13\/diogo-carmona-classifica-participacao-nos-paralimpicos-de-inverno-como-especial\/","url":"https:\/\/portaltela.pt\/noticias\/2026\/03\/13\/diogo-carmona-classifica-participacao-nos-paralimpicos-de-inverno-como-especial\/","name":"Diogo Carmona classifica participa\u00e7\u00e3o nos Paral\u00edmpicos de Inverno como especial - Portal Tela Portugal","isPartOf":{"@id":"https:\/\/portaltela.pt\/#website"},"primaryImageOfPage":{"@id":"https:\/\/portaltela.pt\/noticias\/2026\/03\/13\/diogo-carmona-classifica-participacao-nos-paralimpicos-de-inverno-como-especial\/#primaryimage"},"image":{"@id":"https:\/\/portaltela.pt\/noticias\/2026\/03\/13\/diogo-carmona-classifica-participacao-nos-paralimpicos-de-inverno-como-especial\/#primaryimage"},"thumbnailUrl":"https:\/\/portaltela.pt\/s.01k8rhncp4jt1\/2026\/03\/img_1500x1000uu2026-03-13-18-26-14-2272175.jpg","datePublished":"2026-03-13T18:27:12+00:00","author":{"@id":"https:\/\/portaltela.pt\/#\/schema\/person\/c4278d4a6028830caff9ee44b42d32ed"},"breadcrumb":{"@id":"https:\/\/portaltela.pt\/noticias\/2026\/03\/13\/diogo-carmona-classifica-participacao-nos-paralimpicos-de-inverno-como-especial\/#breadcrumb"},"inLanguage":"pt-PT","potentialAction":[{"@type":"ReadAction","target":["https:\/\/portaltela.pt\/noticias\/2026\/03\/13\/diogo-carmona-classifica-participacao-nos-paralimpicos-de-inverno-como-especial\/"]}]},{"@type":"ImageObject","inLanguage":"pt-PT","@id":"https:\/\/portaltela.pt\/noticias\/2026\/03\/13\/diogo-carmona-classifica-participacao-nos-paralimpicos-de-inverno-como-especial\/#primaryimage","url":"https:\/\/portaltela.pt\/s.01k8rhncp4jt1\/2026\/03\/img_1500x1000uu2026-03-13-18-26-14-2272175.jpg","contentUrl":"https:\/\/portaltela.pt\/s.01k8rhncp4jt1\/2026\/03\/img_1500x1000uu2026-03-13-18-26-14-2272175.jpg","width":796,"height":448,"caption":"Diogo Carmona"},{"@type":"BreadcrumbList","@id":"https:\/\/portaltela.pt\/noticias\/2026\/03\/13\/diogo-carmona-classifica-participacao-nos-paralimpicos-de-inverno-como-especial\/#breadcrumb","itemListElement":[{"@type":"ListItem","position":1,"name":"In\u00edcio","item":"https:\/\/portaltela.pt\/"},{"@type":"ListItem","position":2,"name":"Diogo Carmona classifica participa\u00e7\u00e3o nos Paral\u00edmpicos de Inverno como especial"}]},{"@type":"WebSite","@id":"https:\/\/portaltela.pt\/#website","url":"https:\/\/portaltela.pt\/","name":"Portal Tela Portugal","description":"","potentialAction":[{"@type":"SearchAction","target":{"@type":"EntryPoint","urlTemplate":"https:\/\/portaltela.pt\/?s={search_term_string}"},"query-input":{"@type":"PropertyValueSpecification","valueRequired":true,"valueName":"search_term_string"}}],"inLanguage":"pt-PT"},{"@type":"Person","@id":"https:\/\/portaltela.pt\/#\/schema\/person\/c4278d4a6028830caff9ee44b42d32ed","name":"Telinha","image":{"@type":"ImageObject","inLanguage":"pt-PT","@id":"https:\/\/portaltela.pt\/s.01k8rhncp4jt1\/2025\/11\/talking-bot-125x125.png","url":"https:\/\/portaltela.pt\/s.01k8rhncp4jt1\/2025\/11\/talking-bot-125x125.png","contentUrl":"https:\/\/portaltela.pt\/s.01k8rhncp4jt1\/2025\/11\/talking-bot-125x125.png","caption":"Telinha"},"sameAs":["https:\/\/portaltela.pt\/"],"url":"https:\/\/portaltela.pt\/por\/367410592786\/"}]}},"_links":{"self":[{"href":"https:\/\/portaltela.pt\/api\/wp\/v2\/posts\/409239","targetHints":{"allow":["GET"]}}],"collection":[{"href":"https:\/\/portaltela.pt\/api\/wp\/v2\/posts"}],"about":[{"href":"https:\/\/portaltela.pt\/api\/wp\/v2\/types\/post"}],"author":[{"embeddable":true,"href":"https:\/\/portaltela.pt\/api\/wp\/v2\/users\/2"}],"replies":[{"embeddable":true,"href":"https:\/\/portaltela.pt\/api\/wp\/v2\/comments?post=409239"}],"version-history":[{"count":0,"href":"https:\/\/portaltela.pt\/api\/wp\/v2\/posts\/409239\/revisions"}],"wp:featuredmedia":[{"embeddable":true,"href":"https:\/\/portaltela.pt\/api\/wp\/v2\/media\/409248"}],"wp:attachment":[{"href":"https:\/\/portaltela.pt\/api\/wp\/v2\/media?parent=409239"}],"wp:term":[{"taxonomy":"category","embeddable":true,"href":"https:\/\/portaltela.pt\/api\/wp\/v2\/categories?post=409239"},{"taxonomy":"post_tag","embeddable":true,"href":"https:\/\/portaltela.pt\/api\/wp\/v2\/tags?post=409239"}],"curies":[{"name":"wp","href":"https:\/\/api.w.org\/{rel}","templated":true}]}}