{"id":409219,"date":"2026-03-13T15:05:00","date_gmt":"2026-03-13T18:05:00","guid":{"rendered":"https:\/\/portaltela.pt\/noticias\/2026\/03\/13\/cantina-da-escola-dos-salesianos-tem-comida-para-ricos-e-para-pobres\/"},"modified":"2026-03-13T15:05:00","modified_gmt":"2026-03-13T18:05:00","slug":"cantina-da-escola-dos-salesianos-tem-comida-para-ricos-e-para-pobres","status":"publish","type":"post","link":"https:\/\/portaltela.pt\/noticias\/2026\/03\/13\/cantina-da-escola-dos-salesianos-tem-comida-para-ricos-e-para-pobres\/","title":{"rendered":"Cantina da escola dos Salesianos tem comida para ricos e para pobres"},"content":{"rendered":"<p>Na cantina da escola dos Salesianos de Manique, em Cascais, verifica-se uma diferen\u00e7a entre as refei\u00e7\u00f5es servidas aos alunos que pagam mensalidades e \u00e0s crian\u00e7as que frequentam a escola gratuitamente. A alimenta\u00e7\u00e3o dos que pagam \u00e9 descrita por alguns pais como mais variada e de maior qualidade.<\/p>\n<p>Segundo relatos recolhidos junto de familiares, a oferta para alunos subsidiados parece mais restrita, com menos op\u00e7\u00f5es di\u00e1rias, enquanto os estudantes que entram pelo regime p\u00fablico t\u00eam acesso a um menu repetitivo. A situa\u00e7\u00e3o gerou desagrado entre fam\u00edlias, que alegam sentir um tratamento desigual.<\/p>\n<p>Um respons\u00e1vel do Col\u00e9gio atribui a diferen\u00e7a \u00e0 pol\u00edtica do Governo, que impede a venda de refei\u00e7\u00f5es do privado ao regime p\u00fablico. O Estado paga cerca de 1,46 euros por refei\u00e7\u00e3o aos alunos subsidiados, valor considerado baixo para sustentar pratos equivalentes aos dos outros.<\/p>\n<p>A Lusa questionou o Minist\u00e9rio da Educa\u00e7\u00e3o, Ci\u00eancia e Inova\u00e7\u00e3o, sem obter resposta at\u00e9 ao final da manh\u00e3. Fam\u00edlias contestam ainda a qualidade de algumas refei\u00e7\u00f5es, com situa\u00e7\u00f5es reportadas de molhos excessivos e de epis\u00f3dios de apresenta\u00e7\u00e3o pouco higi\u00eanica.<\/p>\n<p>O col\u00e9gio, por seu lado, assegura reconhecer a import\u00e2ncia da alimenta\u00e7\u00e3o na promo\u00e7\u00e3o de h\u00e1bitos saud\u00e1veis e do papel social da cantina e do bar no quotidiano dos alunos. A institui\u00e7\u00e3o refere que uma boa alimenta\u00e7\u00e3o contribui para o desempenho escolar e o desenvolvimento dos estudantes.<\/p>\n","protected":false},"excerpt":{"rendered":"<ul>\n<li>No col\u00e9gio dos Salesianos de Manique, Cascais, h\u00e1 alunos que pagam mensalidades e outros que estudam gratuitamente gra\u00e7as a um contrato de associa\u00e7\u00e3o com o Minist\u00e9rio da Educa\u00e7\u00e3o.<\/li>\n<li>Pais dizem que as refei\u00e7\u00f5es para quem paga mensalidades s\u00e3o mais variadas e de melhor qualidade do que as servidas aos alunos subsidiados, levando alguns a procurar o bar para fugir \u00e0 chamada \u201ccomida dos pobres\u201d.<\/li>\n<li>A diferen\u00e7a de tratamento \u00e9 contestada pela institui\u00e7\u00e3o, que atribui a justifica\u00e7\u00e3o ao facto de o Estado n\u00e3o permitir vender refei\u00e7\u00f5es privadas ao regime p\u00fablico.<\/li>\n<li>O Estado paga 1,46 euros por cada refei\u00e7\u00e3o aos alunos subsidiados, valor considerado insuficiente para manter as mesmas op\u00e7\u00f5es alimentares.<\/li>\n<li>H\u00e1 relatos de cr\u00edticas antigas \u00e0 qualidade das refei\u00e7\u00f5es, incluindo epis\u00f3dios alegados de insetos, enquanto o col\u00e9gio afirma que a alimenta\u00e7\u00e3o \u00e9 importante, equilibrada e ligada ao aproveitamento escolar.<\/li>\n<\/ul>\n","protected":false},"author":2,"featured_media":409226,"comment_status":"closed","ping_status":"closed","sticky":false,"template":"","format":"standard","meta":{"footnotes":""},"categories":[1],"tags":[2072,1111,163,101,6126,2867],"class_list":["post-409219","post","type-post","status-publish","format-standard","has-post-thumbnail","hentry","category-noticias","tag-alimentacao-escolar","tag-cascais","tag-educacao","tag-escolas","tag-publico","tag-seguranca-alimentar"],"yoast_head":"<!-- This site is optimized with the Yoast SEO plugin v27.2 - https:\/\/yoast.com\/product\/yoast-seo-wordpress\/ -->\n<title>Cantina da escola dos Salesianos tem comida para ricos e para pobres - Portal Tela Portugal<\/title>\n<meta name=\"robots\" content=\"index, follow, max-snippet:-1, max-image-preview:large, max-video-preview:-1\" \/>\n<meta property=\"og:locale\" content=\"pt_PT\" \/>\n<meta property=\"og:type\" content=\"article\" \/>\n<meta property=\"og:title\" content=\"Cantina da escola dos Salesianos tem comida para ricos e para pobres - Portal Tela Portugal\" \/>\n<meta property=\"og:description\" content=\"No col\u00e9gio dos Salesianos de Manique, Cascais, h\u00e1 alunos que pagam mensalidades e outros que estudam gratuitamente gra\u00e7as a um contrato de associa\u00e7\u00e3o com o Minist\u00e9rio da Educa\u00e7\u00e3o. Pais dizem que as refei\u00e7\u00f5es para quem paga mensalidades s\u00e3o mais variadas e de melhor qualidade do que as servidas aos alunos subsidiados, levando alguns a procurar o bar para fugir \u00e0 chamada \u201ccomida dos pobres\u201d. A diferen\u00e7a de tratamento \u00e9 contestada pela institui\u00e7\u00e3o, que atribui a justifica\u00e7\u00e3o ao facto de o Estado n\u00e3o permitir vender refei\u00e7\u00f5es privadas ao regime p\u00fablico. O Estado paga 1,46 euros por cada refei\u00e7\u00e3o aos alunos subsidiados, valor considerado insuficiente para manter as mesmas op\u00e7\u00f5es alimentares. H\u00e1 relatos de cr\u00edticas antigas \u00e0 qualidade das refei\u00e7\u00f5es, incluindo epis\u00f3dios alegados de insetos, enquanto o col\u00e9gio afirma que a alimenta\u00e7\u00e3o \u00e9 importante, equilibrada e ligada ao aproveitamento escolar.\" \/>\n<meta property=\"og:url\" content=\"https:\/\/portaltela.pt\/noticias\/2026\/03\/13\/cantina-da-escola-dos-salesianos-tem-comida-para-ricos-e-para-pobres\/\" \/>\n<meta property=\"og:site_name\" content=\"Portal Tela Portugal\" \/>\n<meta property=\"article:published_time\" content=\"2026-03-13T18:05:00+00:00\" \/>\n<meta name=\"author\" content=\"Telinha\" \/>\n<meta name=\"twitter:card\" content=\"summary_large_image\" \/>\n<meta name=\"twitter:label1\" content=\"Escrito por\" \/>\n\t<meta name=\"twitter:data1\" content=\"Telinha\" \/>\n\t<meta name=\"twitter:label2\" content=\"Tempo estimado de leitura\" \/>\n\t<meta name=\"twitter:data2\" content=\"1 minuto\" \/>\n<script type=\"application\/ld+json\" class=\"yoast-schema-graph\">{\"@context\":\"https:\/\/schema.org\",\"@graph\":[{\"@type\":\"Article\",\"@id\":\"https:\/\/portaltela.pt\/noticias\/2026\/03\/13\/cantina-da-escola-dos-salesianos-tem-comida-para-ricos-e-para-pobres\/#article\",\"isPartOf\":{\"@id\":\"https:\/\/portaltela.pt\/noticias\/2026\/03\/13\/cantina-da-escola-dos-salesianos-tem-comida-para-ricos-e-para-pobres\/\"},\"author\":{\"name\":\"Telinha\",\"@id\":\"https:\/\/portaltela.pt\/#\/schema\/person\/c4278d4a6028830caff9ee44b42d32ed\"},\"headline\":\"Cantina da escola dos Salesianos tem comida para ricos e para pobres\",\"datePublished\":\"2026-03-13T18:05:00+00:00\",\"mainEntityOfPage\":{\"@id\":\"https:\/\/portaltela.pt\/noticias\/2026\/03\/13\/cantina-da-escola-dos-salesianos-tem-comida-para-ricos-e-para-pobres\/\"},\"wordCount\":264,\"image\":{\"@id\":\"https:\/\/portaltela.pt\/noticias\/2026\/03\/13\/cantina-da-escola-dos-salesianos-tem-comida-para-ricos-e-para-pobres\/#primaryimage\"},\"thumbnailUrl\":\"https:\/\/portaltela.pt\/s.01k8rhncp4jt1\/2026\/03\/img_1500x1000uu2026-03-13-18-05-32-2272169.jpg\",\"keywords\":[\"alimenta\u00e7\u00e3o escolar\",\"Cascais\",\"educa\u00e7\u00e3o\",\"escolas\",\"p\u00fablico\",\"Seguran\u00e7a Alimentar\"],\"articleSection\":[\"Not\u00edcias\"],\"inLanguage\":\"pt-PT\"},{\"@type\":\"WebPage\",\"@id\":\"https:\/\/portaltela.pt\/noticias\/2026\/03\/13\/cantina-da-escola-dos-salesianos-tem-comida-para-ricos-e-para-pobres\/\",\"url\":\"https:\/\/portaltela.pt\/noticias\/2026\/03\/13\/cantina-da-escola-dos-salesianos-tem-comida-para-ricos-e-para-pobres\/\",\"name\":\"Cantina da escola dos Salesianos tem comida para ricos e para pobres - Portal Tela Portugal\",\"isPartOf\":{\"@id\":\"https:\/\/portaltela.pt\/#website\"},\"primaryImageOfPage\":{\"@id\":\"https:\/\/portaltela.pt\/noticias\/2026\/03\/13\/cantina-da-escola-dos-salesianos-tem-comida-para-ricos-e-para-pobres\/#primaryimage\"},\"image\":{\"@id\":\"https:\/\/portaltela.pt\/noticias\/2026\/03\/13\/cantina-da-escola-dos-salesianos-tem-comida-para-ricos-e-para-pobres\/#primaryimage\"},\"thumbnailUrl\":\"https:\/\/portaltela.pt\/s.01k8rhncp4jt1\/2026\/03\/img_1500x1000uu2026-03-13-18-05-32-2272169.jpg\",\"datePublished\":\"2026-03-13T18:05:00+00:00\",\"author\":{\"@id\":\"https:\/\/portaltela.pt\/#\/schema\/person\/c4278d4a6028830caff9ee44b42d32ed\"},\"breadcrumb\":{\"@id\":\"https:\/\/portaltela.pt\/noticias\/2026\/03\/13\/cantina-da-escola-dos-salesianos-tem-comida-para-ricos-e-para-pobres\/#breadcrumb\"},\"inLanguage\":\"pt-PT\",\"potentialAction\":[{\"@type\":\"ReadAction\",\"target\":[\"https:\/\/portaltela.pt\/noticias\/2026\/03\/13\/cantina-da-escola-dos-salesianos-tem-comida-para-ricos-e-para-pobres\/\"]}]},{\"@type\":\"ImageObject\",\"inLanguage\":\"pt-PT\",\"@id\":\"https:\/\/portaltela.pt\/noticias\/2026\/03\/13\/cantina-da-escola-dos-salesianos-tem-comida-para-ricos-e-para-pobres\/#primaryimage\",\"url\":\"https:\/\/portaltela.pt\/s.01k8rhncp4jt1\/2026\/03\/img_1500x1000uu2026-03-13-18-05-32-2272169.jpg\",\"contentUrl\":\"https:\/\/portaltela.pt\/s.01k8rhncp4jt1\/2026\/03\/img_1500x1000uu2026-03-13-18-05-32-2272169.jpg\",\"width\":796,\"height\":448,\"caption\":\"Salesianos de Manique\"},{\"@type\":\"BreadcrumbList\",\"@id\":\"https:\/\/portaltela.pt\/noticias\/2026\/03\/13\/cantina-da-escola-dos-salesianos-tem-comida-para-ricos-e-para-pobres\/#breadcrumb\",\"itemListElement\":[{\"@type\":\"ListItem\",\"position\":1,\"name\":\"In\u00edcio\",\"item\":\"https:\/\/portaltela.pt\/\"},{\"@type\":\"ListItem\",\"position\":2,\"name\":\"Cantina da escola dos Salesianos tem comida para ricos e para pobres\"}]},{\"@type\":\"WebSite\",\"@id\":\"https:\/\/portaltela.pt\/#website\",\"url\":\"https:\/\/portaltela.pt\/\",\"name\":\"Portal Tela Portugal\",\"description\":\"\",\"potentialAction\":[{\"@type\":\"SearchAction\",\"target\":{\"@type\":\"EntryPoint\",\"urlTemplate\":\"https:\/\/portaltela.pt\/?s={search_term_string}\"},\"query-input\":{\"@type\":\"PropertyValueSpecification\",\"valueRequired\":true,\"valueName\":\"search_term_string\"}}],\"inLanguage\":\"pt-PT\"},{\"@type\":\"Person\",\"@id\":\"https:\/\/portaltela.pt\/#\/schema\/person\/c4278d4a6028830caff9ee44b42d32ed\",\"name\":\"Telinha\",\"image\":{\"@type\":\"ImageObject\",\"inLanguage\":\"pt-PT\",\"@id\":\"https:\/\/portaltela.pt\/s.01k8rhncp4jt1\/2025\/11\/talking-bot-125x125.png\",\"url\":\"https:\/\/portaltela.pt\/s.01k8rhncp4jt1\/2025\/11\/talking-bot-125x125.png\",\"contentUrl\":\"https:\/\/portaltela.pt\/s.01k8rhncp4jt1\/2025\/11\/talking-bot-125x125.png\",\"caption\":\"Telinha\"},\"sameAs\":[\"https:\/\/portaltela.pt\/\"],\"url\":\"https:\/\/portaltela.pt\/por\/367410592786\/\"}]}<\/script>\n<!-- \/ Yoast SEO plugin. -->","yoast_head_json":{"title":"Cantina da escola dos Salesianos tem comida para ricos e para pobres - Portal Tela Portugal","robots":{"index":"index","follow":"follow","max-snippet":"max-snippet:-1","max-image-preview":"max-image-preview:large","max-video-preview":"max-video-preview:-1"},"og_locale":"pt_PT","og_type":"article","og_title":"Cantina da escola dos Salesianos tem comida para ricos e para pobres - Portal Tela Portugal","og_description":"No col\u00e9gio dos Salesianos de Manique, Cascais, h\u00e1 alunos que pagam mensalidades e outros que estudam gratuitamente gra\u00e7as a um contrato de associa\u00e7\u00e3o com o Minist\u00e9rio da Educa\u00e7\u00e3o. Pais dizem que as refei\u00e7\u00f5es para quem paga mensalidades s\u00e3o mais variadas e de melhor qualidade do que as servidas aos alunos subsidiados, levando alguns a procurar o bar para fugir \u00e0 chamada \u201ccomida dos pobres\u201d. A diferen\u00e7a de tratamento \u00e9 contestada pela institui\u00e7\u00e3o, que atribui a justifica\u00e7\u00e3o ao facto de o Estado n\u00e3o permitir vender refei\u00e7\u00f5es privadas ao regime p\u00fablico. O Estado paga 1,46 euros por cada refei\u00e7\u00e3o aos alunos subsidiados, valor considerado insuficiente para manter as mesmas op\u00e7\u00f5es alimentares. H\u00e1 relatos de cr\u00edticas antigas \u00e0 qualidade das refei\u00e7\u00f5es, incluindo epis\u00f3dios alegados de insetos, enquanto o col\u00e9gio afirma que a alimenta\u00e7\u00e3o \u00e9 importante, equilibrada e ligada ao aproveitamento escolar.","og_url":"https:\/\/portaltela.pt\/noticias\/2026\/03\/13\/cantina-da-escola-dos-salesianos-tem-comida-para-ricos-e-para-pobres\/","og_site_name":"Portal Tela Portugal","article_published_time":"2026-03-13T18:05:00+00:00","author":"Telinha","twitter_card":"summary_large_image","twitter_misc":{"Escrito por":"Telinha","Tempo estimado de leitura":"1 minuto"},"schema":{"@context":"https:\/\/schema.org","@graph":[{"@type":"Article","@id":"https:\/\/portaltela.pt\/noticias\/2026\/03\/13\/cantina-da-escola-dos-salesianos-tem-comida-para-ricos-e-para-pobres\/#article","isPartOf":{"@id":"https:\/\/portaltela.pt\/noticias\/2026\/03\/13\/cantina-da-escola-dos-salesianos-tem-comida-para-ricos-e-para-pobres\/"},"author":{"name":"Telinha","@id":"https:\/\/portaltela.pt\/#\/schema\/person\/c4278d4a6028830caff9ee44b42d32ed"},"headline":"Cantina da escola dos Salesianos tem comida para ricos e para pobres","datePublished":"2026-03-13T18:05:00+00:00","mainEntityOfPage":{"@id":"https:\/\/portaltela.pt\/noticias\/2026\/03\/13\/cantina-da-escola-dos-salesianos-tem-comida-para-ricos-e-para-pobres\/"},"wordCount":264,"image":{"@id":"https:\/\/portaltela.pt\/noticias\/2026\/03\/13\/cantina-da-escola-dos-salesianos-tem-comida-para-ricos-e-para-pobres\/#primaryimage"},"thumbnailUrl":"https:\/\/portaltela.pt\/s.01k8rhncp4jt1\/2026\/03\/img_1500x1000uu2026-03-13-18-05-32-2272169.jpg","keywords":["alimenta\u00e7\u00e3o escolar","Cascais","educa\u00e7\u00e3o","escolas","p\u00fablico","Seguran\u00e7a Alimentar"],"articleSection":["Not\u00edcias"],"inLanguage":"pt-PT"},{"@type":"WebPage","@id":"https:\/\/portaltela.pt\/noticias\/2026\/03\/13\/cantina-da-escola-dos-salesianos-tem-comida-para-ricos-e-para-pobres\/","url":"https:\/\/portaltela.pt\/noticias\/2026\/03\/13\/cantina-da-escola-dos-salesianos-tem-comida-para-ricos-e-para-pobres\/","name":"Cantina da escola dos Salesianos tem comida para ricos e para pobres - Portal Tela Portugal","isPartOf":{"@id":"https:\/\/portaltela.pt\/#website"},"primaryImageOfPage":{"@id":"https:\/\/portaltela.pt\/noticias\/2026\/03\/13\/cantina-da-escola-dos-salesianos-tem-comida-para-ricos-e-para-pobres\/#primaryimage"},"image":{"@id":"https:\/\/portaltela.pt\/noticias\/2026\/03\/13\/cantina-da-escola-dos-salesianos-tem-comida-para-ricos-e-para-pobres\/#primaryimage"},"thumbnailUrl":"https:\/\/portaltela.pt\/s.01k8rhncp4jt1\/2026\/03\/img_1500x1000uu2026-03-13-18-05-32-2272169.jpg","datePublished":"2026-03-13T18:05:00+00:00","author":{"@id":"https:\/\/portaltela.pt\/#\/schema\/person\/c4278d4a6028830caff9ee44b42d32ed"},"breadcrumb":{"@id":"https:\/\/portaltela.pt\/noticias\/2026\/03\/13\/cantina-da-escola-dos-salesianos-tem-comida-para-ricos-e-para-pobres\/#breadcrumb"},"inLanguage":"pt-PT","potentialAction":[{"@type":"ReadAction","target":["https:\/\/portaltela.pt\/noticias\/2026\/03\/13\/cantina-da-escola-dos-salesianos-tem-comida-para-ricos-e-para-pobres\/"]}]},{"@type":"ImageObject","inLanguage":"pt-PT","@id":"https:\/\/portaltela.pt\/noticias\/2026\/03\/13\/cantina-da-escola-dos-salesianos-tem-comida-para-ricos-e-para-pobres\/#primaryimage","url":"https:\/\/portaltela.pt\/s.01k8rhncp4jt1\/2026\/03\/img_1500x1000uu2026-03-13-18-05-32-2272169.jpg","contentUrl":"https:\/\/portaltela.pt\/s.01k8rhncp4jt1\/2026\/03\/img_1500x1000uu2026-03-13-18-05-32-2272169.jpg","width":796,"height":448,"caption":"Salesianos de Manique"},{"@type":"BreadcrumbList","@id":"https:\/\/portaltela.pt\/noticias\/2026\/03\/13\/cantina-da-escola-dos-salesianos-tem-comida-para-ricos-e-para-pobres\/#breadcrumb","itemListElement":[{"@type":"ListItem","position":1,"name":"In\u00edcio","item":"https:\/\/portaltela.pt\/"},{"@type":"ListItem","position":2,"name":"Cantina da escola dos Salesianos tem comida para ricos e para pobres"}]},{"@type":"WebSite","@id":"https:\/\/portaltela.pt\/#website","url":"https:\/\/portaltela.pt\/","name":"Portal Tela Portugal","description":"","potentialAction":[{"@type":"SearchAction","target":{"@type":"EntryPoint","urlTemplate":"https:\/\/portaltela.pt\/?s={search_term_string}"},"query-input":{"@type":"PropertyValueSpecification","valueRequired":true,"valueName":"search_term_string"}}],"inLanguage":"pt-PT"},{"@type":"Person","@id":"https:\/\/portaltela.pt\/#\/schema\/person\/c4278d4a6028830caff9ee44b42d32ed","name":"Telinha","image":{"@type":"ImageObject","inLanguage":"pt-PT","@id":"https:\/\/portaltela.pt\/s.01k8rhncp4jt1\/2025\/11\/talking-bot-125x125.png","url":"https:\/\/portaltela.pt\/s.01k8rhncp4jt1\/2025\/11\/talking-bot-125x125.png","contentUrl":"https:\/\/portaltela.pt\/s.01k8rhncp4jt1\/2025\/11\/talking-bot-125x125.png","caption":"Telinha"},"sameAs":["https:\/\/portaltela.pt\/"],"url":"https:\/\/portaltela.pt\/por\/367410592786\/"}]}},"_links":{"self":[{"href":"https:\/\/portaltela.pt\/api\/wp\/v2\/posts\/409219","targetHints":{"allow":["GET"]}}],"collection":[{"href":"https:\/\/portaltela.pt\/api\/wp\/v2\/posts"}],"about":[{"href":"https:\/\/portaltela.pt\/api\/wp\/v2\/types\/post"}],"author":[{"embeddable":true,"href":"https:\/\/portaltela.pt\/api\/wp\/v2\/users\/2"}],"replies":[{"embeddable":true,"href":"https:\/\/portaltela.pt\/api\/wp\/v2\/comments?post=409219"}],"version-history":[{"count":0,"href":"https:\/\/portaltela.pt\/api\/wp\/v2\/posts\/409219\/revisions"}],"wp:featuredmedia":[{"embeddable":true,"href":"https:\/\/portaltela.pt\/api\/wp\/v2\/media\/409226"}],"wp:attachment":[{"href":"https:\/\/portaltela.pt\/api\/wp\/v2\/media?parent=409219"}],"wp:term":[{"taxonomy":"category","embeddable":true,"href":"https:\/\/portaltela.pt\/api\/wp\/v2\/categories?post=409219"},{"taxonomy":"post_tag","embeddable":true,"href":"https:\/\/portaltela.pt\/api\/wp\/v2\/tags?post=409219"}],"curies":[{"name":"wp","href":"https:\/\/api.w.org\/{rel}","templated":true}]}}