{"id":409217,"date":"2026-03-13T15:08:00","date_gmt":"2026-03-13T18:08:00","guid":{"rendered":"https:\/\/portaltela.pt\/noticias\/2026\/03\/13\/vereadores-do-chega-que-mudaram-de-posicao-em-lisboa-gaia-e-fundao\/"},"modified":"2026-03-13T15:08:00","modified_gmt":"2026-03-13T18:08:00","slug":"vereadores-do-chega-que-mudaram-de-posicao-em-lisboa-gaia-e-fundao","status":"publish","type":"post","link":"https:\/\/portaltela.pt\/noticias\/politica\/2026\/03\/13\/vereadores-do-chega-que-mudaram-de-posicao-em-lisboa-gaia-e-fundao\/","title":{"rendered":"Vereadores do Chega que mudaram de posi\u00e7\u00e3o em Lisboa, Gaia e Fund\u00e3o"},"content":{"rendered":"<p>Desde as aut\u00e1rquicas, alguns vereadores eleitos pelo Chega que se desvincularam do partido passaram a independentes e assumiram pelouros em executivos liderados pelo PSD. Lisboa, Gaia e Fund\u00e3o s\u00e3o exemplos, com impacto na governan\u00e7a de v\u00e1rias c\u00e2maras.<\/p>\n<p>Em Lisboa, Ana Sim\u00f5es Silva, ex-vereadora do Chega que se tornou independente, recebeu os pelouros da Sa\u00fade e do Desperd\u00edcio Alimentar. A decis\u00e3o foi tomada por Carlos Moedas, que lidera a C\u00e2mara, para assegurar uma maioria est\u00e1vel na verea\u00e7\u00e3o.<\/p>\n<p>Na Maia, no Porto, Vila Nova de Gaia, Lu\u00eds Filipe Menezes reposicionou Ant\u00f3nio Barbosa, vereador ex-Chega, atribuindo-lhe os pelouros de Feiras e Mercados, e Ambiente e Bem-Estar Animal, al\u00e9m de ficar com adjunto do presidente em tr\u00eas \u00e1reas, fortalecendo a maioria da coliga\u00e7\u00e3o com PSD.<\/p>\n<p>No Fund\u00e3o, Hugo Silva, tamb\u00e9m ex-Chega, mant\u00e9m-se como independente e recebe pelouros na autarquia liderada pelo PSD, mantendo a din\u00e2mica de governan\u00e7a em curso.<\/p>\n<p>Aproveitando o cen\u00e1rio, nota-se ainda que Coimbra nomeou Maria Lencastre Portugal, vereadora que deixou o Chega, para a gest\u00e3o da escola profissional ITAP. A decis\u00e3o provocou cr\u00edticas da oposi\u00e7\u00e3o, que v\u00ea transac\u00e7\u00e3o na composi\u00e7\u00e3o da maioria liderada pela socialista Ana Abrunhosa.<\/p>\n<p>Em Cascais, o PSD assinou acordo de governa\u00e7\u00e3o com dois vereadores do Chega, mantendo pelouros na Secretaria de Transpar\u00eancia e Desporto. O acordo de fevereiro intensificou o papel do Chega nas estruturas municipais, com cr\u00edticas do CDS-PP.<\/p>\n<p>Sintra, por sua vez, integrou o Chega no executivo municipal. Marco Almeida, presidente da C\u00e2mara, nomeou dois vereadores do Chega para parte do elenco, gerando turbul\u00eancia interna na Iniciativa Liberal, que contestou a decis\u00e3o.<\/p>\n<p>No caso de Tomar, o presidente Tiago Carr\u00e3o convidou Samuel Fontes, eleito pelo Chega, para liderar Economia Local, Mercados e Feiras, bem como a gest\u00e3o de cemit\u00e9rios e da biblioteca, segundo a r\u00e1dio local Hertz.<\/p>\n<p>Estes exemplos ilustram uma tend\u00eancia de realinhamento pol\u00edtico em v\u00e1rias autarquias, com o Chega a manter presen\u00e7a atrav\u00e9s de independentes ou de alian\u00e7as com o PSD, influenciando a composi\u00e7\u00e3o de executivos e maiorias.<\/p>\n<p>Notas: a verifica\u00e7\u00e3o de cada caso varia por munic\u00edpio e envolve altera\u00e7\u00f5es em pelouros, independ\u00eancia de membros e negocia\u00e7\u00f5es entre partidos. As din\u00e2micas descritas refletem medidas tomadas entre 2025 e 2026, acompanhadas por coberturas de imprensa local e nacional.<\/p>\n","protected":false},"excerpt":{"rendered":"<ul>\n<li>Tr\u00eas vereadores eleitos pelo Chega desvincularam-se do partido e passaram a independentes, assumindo pelouros em executivos liderados pelo PSD em Lisboa, Gaia e Fund\u00e3o.<\/li>\n<li>Em Lisboa, Ana Sim\u00f5es Silva recebeu os pelouros da Sa\u00fade e do Desperd\u00edcio Alimentar, fortalecendo a maioria da C\u00e2mara liderada por Carlos Moedas.<\/li>\n<li>Em Vila Nova de Gaia, Ant\u00f3nio Barbosa ficou com Feiras e Mercados e Ambiente e Bem-Estar Animal, passando a adjunto do presidente, o que contribui para a maioria na verea\u00e7\u00e3o.<\/li>\n<li>No Fund\u00e3o, Hugo Silva manteve-se independente e manteve pelouros na autarquia liderada pelo PSD.<\/li>\n<li>Em Coimbra, Maria Lencastre Portugal, ex-vereadora do Chega, foi nomeada gestora da escola profissional ITAP pela C\u00e2mara de Ana Abrunhosa, gerando cr\u00edticas da oposi\u00e7\u00e3o.<\/li>\n<\/ul>\n","protected":false},"author":2,"featured_media":409220,"comment_status":"closed","ping_status":"closed","sticky":false,"template":"","format":"standard","meta":{"footnotes":""},"categories":[1,5],"tags":[1111,2142,2772,1761,981,3695],"class_list":["post-409217","post","type-post","status-publish","format-standard","has-post-thumbnail","hentry","category-noticias","category-politica","tag-cascais","tag-chega","tag-fundao","tag-gaia","tag-lisboa","tag-psd"],"yoast_head":"<!-- This site is optimized with the Yoast SEO plugin v27.2 - https:\/\/yoast.com\/product\/yoast-seo-wordpress\/ -->\n<title>Vereadores do Chega que mudaram de posi\u00e7\u00e3o em Lisboa, Gaia e Fund\u00e3o - Portal Tela Portugal<\/title>\n<meta name=\"robots\" content=\"index, follow, max-snippet:-1, max-image-preview:large, max-video-preview:-1\" \/>\n<meta property=\"og:locale\" content=\"pt_PT\" \/>\n<meta property=\"og:type\" content=\"article\" \/>\n<meta property=\"og:title\" content=\"Vereadores do Chega que mudaram de posi\u00e7\u00e3o em Lisboa, Gaia e Fund\u00e3o - Portal Tela Portugal\" \/>\n<meta property=\"og:description\" content=\"Tr\u00eas vereadores eleitos pelo Chega desvincularam-se do partido e passaram a independentes, assumindo pelouros em executivos liderados pelo PSD em Lisboa, Gaia e Fund\u00e3o. Em Lisboa, Ana Sim\u00f5es Silva recebeu os pelouros da Sa\u00fade e do Desperd\u00edcio Alimentar, fortalecendo a maioria da C\u00e2mara liderada por Carlos Moedas. Em Vila Nova de Gaia, Ant\u00f3nio Barbosa ficou com Feiras e Mercados e Ambiente e Bem-Estar Animal, passando a adjunto do presidente, o que contribui para a maioria na verea\u00e7\u00e3o. No Fund\u00e3o, Hugo Silva manteve-se independente e manteve pelouros na autarquia liderada pelo PSD. Em Coimbra, Maria Lencastre Portugal, ex-vereadora do Chega, foi nomeada gestora da escola profissional ITAP pela C\u00e2mara de Ana Abrunhosa, gerando cr\u00edticas da oposi\u00e7\u00e3o.\" \/>\n<meta property=\"og:url\" content=\"https:\/\/portaltela.pt\/noticias\/2026\/03\/13\/vereadores-do-chega-que-mudaram-de-posicao-em-lisboa-gaia-e-fundao\/\" \/>\n<meta property=\"og:site_name\" content=\"Portal Tela Portugal\" \/>\n<meta property=\"article:published_time\" content=\"2026-03-13T18:08:00+00:00\" \/>\n<meta name=\"author\" content=\"Telinha\" \/>\n<meta name=\"twitter:card\" content=\"summary_large_image\" \/>\n<meta name=\"twitter:label1\" content=\"Escrito por\" \/>\n\t<meta name=\"twitter:data1\" content=\"Telinha\" \/>\n\t<meta name=\"twitter:label2\" content=\"Tempo estimado de leitura\" \/>\n\t<meta name=\"twitter:data2\" content=\"2 minutos\" \/>\n<script type=\"application\/ld+json\" class=\"yoast-schema-graph\">{\"@context\":\"https:\/\/schema.org\",\"@graph\":[{\"@type\":\"Article\",\"@id\":\"https:\/\/portaltela.pt\/noticias\/2026\/03\/13\/vereadores-do-chega-que-mudaram-de-posicao-em-lisboa-gaia-e-fundao\/#article\",\"isPartOf\":{\"@id\":\"https:\/\/portaltela.pt\/noticias\/2026\/03\/13\/vereadores-do-chega-que-mudaram-de-posicao-em-lisboa-gaia-e-fundao\/\"},\"author\":{\"name\":\"Telinha\",\"@id\":\"https:\/\/portaltela.pt\/#\/schema\/person\/c4278d4a6028830caff9ee44b42d32ed\"},\"headline\":\"Vereadores do Chega que mudaram de posi\u00e7\u00e3o em Lisboa, Gaia e Fund\u00e3o\",\"datePublished\":\"2026-03-13T18:08:00+00:00\",\"mainEntityOfPage\":{\"@id\":\"https:\/\/portaltela.pt\/noticias\/2026\/03\/13\/vereadores-do-chega-que-mudaram-de-posicao-em-lisboa-gaia-e-fundao\/\"},\"wordCount\":429,\"image\":{\"@id\":\"https:\/\/portaltela.pt\/noticias\/2026\/03\/13\/vereadores-do-chega-que-mudaram-de-posicao-em-lisboa-gaia-e-fundao\/#primaryimage\"},\"thumbnailUrl\":\"https:\/\/portaltela.pt\/s.01k8rhncp4jt1\/2026\/03\/2073957.jpg\",\"keywords\":[\"Cascais\",\"CHEGA\",\"Fund\u00e3o\",\"Gaia\",\"Lisboa\",\"PSD\"],\"articleSection\":[\"Not\u00edcias\",\"Pol\u00edtica\"],\"inLanguage\":\"pt-PT\"},{\"@type\":\"WebPage\",\"@id\":\"https:\/\/portaltela.pt\/noticias\/2026\/03\/13\/vereadores-do-chega-que-mudaram-de-posicao-em-lisboa-gaia-e-fundao\/\",\"url\":\"https:\/\/portaltela.pt\/noticias\/2026\/03\/13\/vereadores-do-chega-que-mudaram-de-posicao-em-lisboa-gaia-e-fundao\/\",\"name\":\"Vereadores do Chega que mudaram de posi\u00e7\u00e3o em Lisboa, Gaia e Fund\u00e3o - Portal Tela Portugal\",\"isPartOf\":{\"@id\":\"https:\/\/portaltela.pt\/#website\"},\"primaryImageOfPage\":{\"@id\":\"https:\/\/portaltela.pt\/noticias\/2026\/03\/13\/vereadores-do-chega-que-mudaram-de-posicao-em-lisboa-gaia-e-fundao\/#primaryimage\"},\"image\":{\"@id\":\"https:\/\/portaltela.pt\/noticias\/2026\/03\/13\/vereadores-do-chega-que-mudaram-de-posicao-em-lisboa-gaia-e-fundao\/#primaryimage\"},\"thumbnailUrl\":\"https:\/\/portaltela.pt\/s.01k8rhncp4jt1\/2026\/03\/2073957.jpg\",\"datePublished\":\"2026-03-13T18:08:00+00:00\",\"author\":{\"@id\":\"https:\/\/portaltela.pt\/#\/schema\/person\/c4278d4a6028830caff9ee44b42d32ed\"},\"breadcrumb\":{\"@id\":\"https:\/\/portaltela.pt\/noticias\/2026\/03\/13\/vereadores-do-chega-que-mudaram-de-posicao-em-lisboa-gaia-e-fundao\/#breadcrumb\"},\"inLanguage\":\"pt-PT\",\"potentialAction\":[{\"@type\":\"ReadAction\",\"target\":[\"https:\/\/portaltela.pt\/noticias\/2026\/03\/13\/vereadores-do-chega-que-mudaram-de-posicao-em-lisboa-gaia-e-fundao\/\"]}]},{\"@type\":\"ImageObject\",\"inLanguage\":\"pt-PT\",\"@id\":\"https:\/\/portaltela.pt\/noticias\/2026\/03\/13\/vereadores-do-chega-que-mudaram-de-posicao-em-lisboa-gaia-e-fundao\/#primaryimage\",\"url\":\"https:\/\/portaltela.pt\/s.01k8rhncp4jt1\/2026\/03\/2073957.jpg\",\"contentUrl\":\"https:\/\/portaltela.pt\/s.01k8rhncp4jt1\/2026\/03\/2073957.jpg\",\"width\":796,\"height\":448,\"caption\":\"H\u00e1 vereadores do Chega com pelouros nas c\u00e2maras de Sintra, Cascais e Tomar\"},{\"@type\":\"BreadcrumbList\",\"@id\":\"https:\/\/portaltela.pt\/noticias\/2026\/03\/13\/vereadores-do-chega-que-mudaram-de-posicao-em-lisboa-gaia-e-fundao\/#breadcrumb\",\"itemListElement\":[{\"@type\":\"ListItem\",\"position\":1,\"name\":\"In\u00edcio\",\"item\":\"https:\/\/portaltela.pt\/\"},{\"@type\":\"ListItem\",\"position\":2,\"name\":\"Vereadores do Chega que mudaram de posi\u00e7\u00e3o em Lisboa, Gaia e Fund\u00e3o\"}]},{\"@type\":\"WebSite\",\"@id\":\"https:\/\/portaltela.pt\/#website\",\"url\":\"https:\/\/portaltela.pt\/\",\"name\":\"Portal Tela Portugal\",\"description\":\"\",\"potentialAction\":[{\"@type\":\"SearchAction\",\"target\":{\"@type\":\"EntryPoint\",\"urlTemplate\":\"https:\/\/portaltela.pt\/?s={search_term_string}\"},\"query-input\":{\"@type\":\"PropertyValueSpecification\",\"valueRequired\":true,\"valueName\":\"search_term_string\"}}],\"inLanguage\":\"pt-PT\"},{\"@type\":\"Person\",\"@id\":\"https:\/\/portaltela.pt\/#\/schema\/person\/c4278d4a6028830caff9ee44b42d32ed\",\"name\":\"Telinha\",\"image\":{\"@type\":\"ImageObject\",\"inLanguage\":\"pt-PT\",\"@id\":\"https:\/\/portaltela.pt\/s.01k8rhncp4jt1\/2025\/11\/talking-bot-125x125.png\",\"url\":\"https:\/\/portaltela.pt\/s.01k8rhncp4jt1\/2025\/11\/talking-bot-125x125.png\",\"contentUrl\":\"https:\/\/portaltela.pt\/s.01k8rhncp4jt1\/2025\/11\/talking-bot-125x125.png\",\"caption\":\"Telinha\"},\"sameAs\":[\"https:\/\/portaltela.pt\/\"],\"url\":\"https:\/\/portaltela.pt\/por\/367410592786\/\"}]}<\/script>\n<!-- \/ Yoast SEO plugin. -->","yoast_head_json":{"title":"Vereadores do Chega que mudaram de posi\u00e7\u00e3o em Lisboa, Gaia e Fund\u00e3o - Portal Tela Portugal","robots":{"index":"index","follow":"follow","max-snippet":"max-snippet:-1","max-image-preview":"max-image-preview:large","max-video-preview":"max-video-preview:-1"},"og_locale":"pt_PT","og_type":"article","og_title":"Vereadores do Chega que mudaram de posi\u00e7\u00e3o em Lisboa, Gaia e Fund\u00e3o - Portal Tela Portugal","og_description":"Tr\u00eas vereadores eleitos pelo Chega desvincularam-se do partido e passaram a independentes, assumindo pelouros em executivos liderados pelo PSD em Lisboa, Gaia e Fund\u00e3o. Em Lisboa, Ana Sim\u00f5es Silva recebeu os pelouros da Sa\u00fade e do Desperd\u00edcio Alimentar, fortalecendo a maioria da C\u00e2mara liderada por Carlos Moedas. Em Vila Nova de Gaia, Ant\u00f3nio Barbosa ficou com Feiras e Mercados e Ambiente e Bem-Estar Animal, passando a adjunto do presidente, o que contribui para a maioria na verea\u00e7\u00e3o. No Fund\u00e3o, Hugo Silva manteve-se independente e manteve pelouros na autarquia liderada pelo PSD. Em Coimbra, Maria Lencastre Portugal, ex-vereadora do Chega, foi nomeada gestora da escola profissional ITAP pela C\u00e2mara de Ana Abrunhosa, gerando cr\u00edticas da oposi\u00e7\u00e3o.","og_url":"https:\/\/portaltela.pt\/noticias\/2026\/03\/13\/vereadores-do-chega-que-mudaram-de-posicao-em-lisboa-gaia-e-fundao\/","og_site_name":"Portal Tela Portugal","article_published_time":"2026-03-13T18:08:00+00:00","author":"Telinha","twitter_card":"summary_large_image","twitter_misc":{"Escrito por":"Telinha","Tempo estimado de leitura":"2 minutos"},"schema":{"@context":"https:\/\/schema.org","@graph":[{"@type":"Article","@id":"https:\/\/portaltela.pt\/noticias\/2026\/03\/13\/vereadores-do-chega-que-mudaram-de-posicao-em-lisboa-gaia-e-fundao\/#article","isPartOf":{"@id":"https:\/\/portaltela.pt\/noticias\/2026\/03\/13\/vereadores-do-chega-que-mudaram-de-posicao-em-lisboa-gaia-e-fundao\/"},"author":{"name":"Telinha","@id":"https:\/\/portaltela.pt\/#\/schema\/person\/c4278d4a6028830caff9ee44b42d32ed"},"headline":"Vereadores do Chega que mudaram de posi\u00e7\u00e3o em Lisboa, Gaia e Fund\u00e3o","datePublished":"2026-03-13T18:08:00+00:00","mainEntityOfPage":{"@id":"https:\/\/portaltela.pt\/noticias\/2026\/03\/13\/vereadores-do-chega-que-mudaram-de-posicao-em-lisboa-gaia-e-fundao\/"},"wordCount":429,"image":{"@id":"https:\/\/portaltela.pt\/noticias\/2026\/03\/13\/vereadores-do-chega-que-mudaram-de-posicao-em-lisboa-gaia-e-fundao\/#primaryimage"},"thumbnailUrl":"https:\/\/portaltela.pt\/s.01k8rhncp4jt1\/2026\/03\/2073957.jpg","keywords":["Cascais","CHEGA","Fund\u00e3o","Gaia","Lisboa","PSD"],"articleSection":["Not\u00edcias","Pol\u00edtica"],"inLanguage":"pt-PT"},{"@type":"WebPage","@id":"https:\/\/portaltela.pt\/noticias\/2026\/03\/13\/vereadores-do-chega-que-mudaram-de-posicao-em-lisboa-gaia-e-fundao\/","url":"https:\/\/portaltela.pt\/noticias\/2026\/03\/13\/vereadores-do-chega-que-mudaram-de-posicao-em-lisboa-gaia-e-fundao\/","name":"Vereadores do Chega que mudaram de posi\u00e7\u00e3o em Lisboa, Gaia e Fund\u00e3o - Portal Tela Portugal","isPartOf":{"@id":"https:\/\/portaltela.pt\/#website"},"primaryImageOfPage":{"@id":"https:\/\/portaltela.pt\/noticias\/2026\/03\/13\/vereadores-do-chega-que-mudaram-de-posicao-em-lisboa-gaia-e-fundao\/#primaryimage"},"image":{"@id":"https:\/\/portaltela.pt\/noticias\/2026\/03\/13\/vereadores-do-chega-que-mudaram-de-posicao-em-lisboa-gaia-e-fundao\/#primaryimage"},"thumbnailUrl":"https:\/\/portaltela.pt\/s.01k8rhncp4jt1\/2026\/03\/2073957.jpg","datePublished":"2026-03-13T18:08:00+00:00","author":{"@id":"https:\/\/portaltela.pt\/#\/schema\/person\/c4278d4a6028830caff9ee44b42d32ed"},"breadcrumb":{"@id":"https:\/\/portaltela.pt\/noticias\/2026\/03\/13\/vereadores-do-chega-que-mudaram-de-posicao-em-lisboa-gaia-e-fundao\/#breadcrumb"},"inLanguage":"pt-PT","potentialAction":[{"@type":"ReadAction","target":["https:\/\/portaltela.pt\/noticias\/2026\/03\/13\/vereadores-do-chega-que-mudaram-de-posicao-em-lisboa-gaia-e-fundao\/"]}]},{"@type":"ImageObject","inLanguage":"pt-PT","@id":"https:\/\/portaltela.pt\/noticias\/2026\/03\/13\/vereadores-do-chega-que-mudaram-de-posicao-em-lisboa-gaia-e-fundao\/#primaryimage","url":"https:\/\/portaltela.pt\/s.01k8rhncp4jt1\/2026\/03\/2073957.jpg","contentUrl":"https:\/\/portaltela.pt\/s.01k8rhncp4jt1\/2026\/03\/2073957.jpg","width":796,"height":448,"caption":"H\u00e1 vereadores do Chega com pelouros nas c\u00e2maras de Sintra, Cascais e Tomar"},{"@type":"BreadcrumbList","@id":"https:\/\/portaltela.pt\/noticias\/2026\/03\/13\/vereadores-do-chega-que-mudaram-de-posicao-em-lisboa-gaia-e-fundao\/#breadcrumb","itemListElement":[{"@type":"ListItem","position":1,"name":"In\u00edcio","item":"https:\/\/portaltela.pt\/"},{"@type":"ListItem","position":2,"name":"Vereadores do Chega que mudaram de posi\u00e7\u00e3o em Lisboa, Gaia e Fund\u00e3o"}]},{"@type":"WebSite","@id":"https:\/\/portaltela.pt\/#website","url":"https:\/\/portaltela.pt\/","name":"Portal Tela Portugal","description":"","potentialAction":[{"@type":"SearchAction","target":{"@type":"EntryPoint","urlTemplate":"https:\/\/portaltela.pt\/?s={search_term_string}"},"query-input":{"@type":"PropertyValueSpecification","valueRequired":true,"valueName":"search_term_string"}}],"inLanguage":"pt-PT"},{"@type":"Person","@id":"https:\/\/portaltela.pt\/#\/schema\/person\/c4278d4a6028830caff9ee44b42d32ed","name":"Telinha","image":{"@type":"ImageObject","inLanguage":"pt-PT","@id":"https:\/\/portaltela.pt\/s.01k8rhncp4jt1\/2025\/11\/talking-bot-125x125.png","url":"https:\/\/portaltela.pt\/s.01k8rhncp4jt1\/2025\/11\/talking-bot-125x125.png","contentUrl":"https:\/\/portaltela.pt\/s.01k8rhncp4jt1\/2025\/11\/talking-bot-125x125.png","caption":"Telinha"},"sameAs":["https:\/\/portaltela.pt\/"],"url":"https:\/\/portaltela.pt\/por\/367410592786\/"}]}},"_links":{"self":[{"href":"https:\/\/portaltela.pt\/api\/wp\/v2\/posts\/409217","targetHints":{"allow":["GET"]}}],"collection":[{"href":"https:\/\/portaltela.pt\/api\/wp\/v2\/posts"}],"about":[{"href":"https:\/\/portaltela.pt\/api\/wp\/v2\/types\/post"}],"author":[{"embeddable":true,"href":"https:\/\/portaltela.pt\/api\/wp\/v2\/users\/2"}],"replies":[{"embeddable":true,"href":"https:\/\/portaltela.pt\/api\/wp\/v2\/comments?post=409217"}],"version-history":[{"count":0,"href":"https:\/\/portaltela.pt\/api\/wp\/v2\/posts\/409217\/revisions"}],"wp:featuredmedia":[{"embeddable":true,"href":"https:\/\/portaltela.pt\/api\/wp\/v2\/media\/409220"}],"wp:attachment":[{"href":"https:\/\/portaltela.pt\/api\/wp\/v2\/media?parent=409217"}],"wp:term":[{"taxonomy":"category","embeddable":true,"href":"https:\/\/portaltela.pt\/api\/wp\/v2\/categories?post=409217"},{"taxonomy":"post_tag","embeddable":true,"href":"https:\/\/portaltela.pt\/api\/wp\/v2\/tags?post=409217"}],"curies":[{"name":"wp","href":"https:\/\/api.w.org\/{rel}","templated":true}]}}