{"id":409207,"date":"2026-03-13T14:49:54","date_gmt":"2026-03-13T17:49:54","guid":{"rendered":"https:\/\/portaltela.pt\/noticias\/2026\/03\/13\/pedro-sousa-revela-acordo-total-na-renovacao-de-rui-borges-com-o-sporting\/"},"modified":"2026-03-13T14:49:54","modified_gmt":"2026-03-13T17:49:54","slug":"pedro-sousa-revela-acordo-total-na-renovacao-de-rui-borges-com-o-sporting","status":"publish","type":"post","link":"https:\/\/portaltela.pt\/desporto\/futebol\/2026\/03\/13\/pedro-sousa-revela-acordo-total-na-renovacao-de-rui-borges-com-o-sporting\/","title":{"rendered":"Pedro Sousa revela acordo total na renova\u00e7\u00e3o de Rui Borges com o Sporting"},"content":{"rendered":"<p>Pelo que ficou p\u00fablico, h\u00e1 acordo total sobre a renova\u00e7\u00e3o de Rui Borges com o Sporting. A informa\u00e7\u00e3o \u00e9 avan\u00e7ada pelo diretor executivo da Correio da Manh\u00e3 R\u00e1dio, que afirma ter conhecimento de negocia\u00e7\u00f5es j\u00e1 discutidas com o empres\u00e1rio Jorge Mendes. O tema envolve o treinador e o clube de Alvalade.<\/p>\n<p>Segundo a fonte, o acordo foi discutido com Mendes e permanece em linha com o que vinha sendo analisado pela estrutura do clube. Ainda n\u00e3o h\u00e1 confirma\u00e7\u00e3o oficial, mas a expectativa \u00e9 de conclus\u00e3o em breve, dentro do per\u00edodo de vig\u00eancia em curso.<\/p>\n<p>O foco est\u00e1 na continuidade de Rui Borges no comando t\u00e9cnico, com o Sporting a observar o desfecho de negocia\u00e7\u00f5es financeiras, contratuais e de planeamento desportivo para as pr\u00f3ximas temporadas. A divulga\u00e7\u00e3o p\u00fablica depender\u00e1 de uma comunica\u00e7\u00e3o institucional do clube.<\/p>\n<p>A not\u00edcia surge num momento de avalia\u00e7\u00e3o interna sobre o projeto esportivo, sem desmontagens de outros membros da equipa t\u00e9cnica. Autoridades pr\u00f3ximas ao processo indicam que o di\u00e1logo entre as partes tem mantido um tom construtivo e de alinhamento estrat\u00e9gico.<\/p>\n","protected":false},"excerpt":{"rendered":"<ul>\n<li>Pedro Sousa, diretor executivo da Correio da Manh\u00e3 R\u00e1dio, afirma que h\u00e1 acordo total sobre a renova\u00e7\u00e3o de Rui Borges com o Sporting.<\/li>\n<li>Sousa diz que o assunto j\u00e1 foi discutido com o empres\u00e1rio Jorge Mendes.<\/li>\n<li>O futuro do treinador permanece em an\u00e1lise no Alvalade, com negocia\u00e7\u00f5es em curso.<\/li>\n<li>A not\u00edcia apresenta novas revela\u00e7\u00f5es do jornalista sobre a situa\u00e7\u00e3o contratual entre Rui Borges e o Sporting.<\/li>\n<\/ul>\n","protected":false},"author":2,"featured_media":409208,"comment_status":"closed","ping_status":"closed","sticky":false,"template":"","format":"standard","meta":{"footnotes":""},"categories":[21,24],"tags":[1588,32,2041,2635,1652,2477],"class_list":["post-409207","post","type-post","status-publish","format-standard","has-post-thumbnail","hentry","category-desporto","category-futebol","tag-alvalade","tag-futebol","tag-jorge-mendes","tag-rui-borges","tag-sporting","tag-treinadores"],"yoast_head":"<!-- This site is optimized with the Yoast SEO plugin v27.2 - https:\/\/yoast.com\/product\/yoast-seo-wordpress\/ -->\n<title>Pedro Sousa revela acordo total na renova\u00e7\u00e3o de Rui Borges com o Sporting - Portal Tela Portugal<\/title>\n<meta name=\"robots\" content=\"index, follow, max-snippet:-1, max-image-preview:large, max-video-preview:-1\" \/>\n<meta property=\"og:locale\" content=\"pt_PT\" \/>\n<meta property=\"og:type\" content=\"article\" \/>\n<meta property=\"og:title\" content=\"Pedro Sousa revela acordo total na renova\u00e7\u00e3o de Rui Borges com o Sporting - Portal Tela Portugal\" \/>\n<meta property=\"og:description\" content=\"Pedro Sousa, diretor executivo da Correio da Manh\u00e3 R\u00e1dio, afirma que h\u00e1 acordo total sobre a renova\u00e7\u00e3o de Rui Borges com o Sporting. Sousa diz que o assunto j\u00e1 foi discutido com o empres\u00e1rio Jorge Mendes. O futuro do treinador permanece em an\u00e1lise no Alvalade, com negocia\u00e7\u00f5es em curso. A not\u00edcia apresenta novas revela\u00e7\u00f5es do jornalista sobre a situa\u00e7\u00e3o contratual entre Rui Borges e o Sporting.\" \/>\n<meta property=\"og:url\" content=\"https:\/\/portaltela.pt\/noticias\/2026\/03\/13\/pedro-sousa-revela-acordo-total-na-renovacao-de-rui-borges-com-o-sporting\/\" \/>\n<meta property=\"og:site_name\" content=\"Portal Tela Portugal\" \/>\n<meta property=\"article:published_time\" content=\"2026-03-13T17:49:54+00:00\" \/>\n<meta name=\"author\" content=\"Telinha\" \/>\n<meta name=\"twitter:card\" content=\"summary_large_image\" \/>\n<meta name=\"twitter:label1\" content=\"Escrito por\" \/>\n\t<meta name=\"twitter:data1\" content=\"Telinha\" \/>\n\t<meta name=\"twitter:label2\" content=\"Tempo estimado de leitura\" \/>\n\t<meta name=\"twitter:data2\" content=\"1 minuto\" \/>\n<script type=\"application\/ld+json\" class=\"yoast-schema-graph\">{\"@context\":\"https:\/\/schema.org\",\"@graph\":[{\"@type\":\"Article\",\"@id\":\"https:\/\/portaltela.pt\/noticias\/2026\/03\/13\/pedro-sousa-revela-acordo-total-na-renovacao-de-rui-borges-com-o-sporting\/#article\",\"isPartOf\":{\"@id\":\"https:\/\/portaltela.pt\/noticias\/2026\/03\/13\/pedro-sousa-revela-acordo-total-na-renovacao-de-rui-borges-com-o-sporting\/\"},\"author\":{\"name\":\"Telinha\",\"@id\":\"https:\/\/portaltela.pt\/#\/schema\/person\/c4278d4a6028830caff9ee44b42d32ed\"},\"headline\":\"Pedro Sousa revela acordo total na renova\u00e7\u00e3o de Rui Borges com o Sporting\",\"datePublished\":\"2026-03-13T17:49:54+00:00\",\"mainEntityOfPage\":{\"@id\":\"https:\/\/portaltela.pt\/noticias\/2026\/03\/13\/pedro-sousa-revela-acordo-total-na-renovacao-de-rui-borges-com-o-sporting\/\"},\"wordCount\":210,\"image\":{\"@id\":\"https:\/\/portaltela.pt\/noticias\/2026\/03\/13\/pedro-sousa-revela-acordo-total-na-renovacao-de-rui-borges-com-o-sporting\/#primaryimage\"},\"thumbnailUrl\":\"https:\/\/portaltela.pt\/s.01k8rhncp4jt1\/2026\/03\/img_1280x722uu2026-03-13-17-48-30-2272168.jpg\",\"keywords\":[\"Alvalade\",\"futebol\",\"Jorge Mendes\",\"Rui Borges\",\"Sporting\",\"treinadores\"],\"articleSection\":[\"Desporto\",\"Futebol\"],\"inLanguage\":\"pt-PT\"},{\"@type\":\"WebPage\",\"@id\":\"https:\/\/portaltela.pt\/noticias\/2026\/03\/13\/pedro-sousa-revela-acordo-total-na-renovacao-de-rui-borges-com-o-sporting\/\",\"url\":\"https:\/\/portaltela.pt\/noticias\/2026\/03\/13\/pedro-sousa-revela-acordo-total-na-renovacao-de-rui-borges-com-o-sporting\/\",\"name\":\"Pedro Sousa revela acordo total na renova\u00e7\u00e3o de Rui Borges com o Sporting - Portal Tela Portugal\",\"isPartOf\":{\"@id\":\"https:\/\/portaltela.pt\/#website\"},\"primaryImageOfPage\":{\"@id\":\"https:\/\/portaltela.pt\/noticias\/2026\/03\/13\/pedro-sousa-revela-acordo-total-na-renovacao-de-rui-borges-com-o-sporting\/#primaryimage\"},\"image\":{\"@id\":\"https:\/\/portaltela.pt\/noticias\/2026\/03\/13\/pedro-sousa-revela-acordo-total-na-renovacao-de-rui-borges-com-o-sporting\/#primaryimage\"},\"thumbnailUrl\":\"https:\/\/portaltela.pt\/s.01k8rhncp4jt1\/2026\/03\/img_1280x722uu2026-03-13-17-48-30-2272168.jpg\",\"datePublished\":\"2026-03-13T17:49:54+00:00\",\"author\":{\"@id\":\"https:\/\/portaltela.pt\/#\/schema\/person\/c4278d4a6028830caff9ee44b42d32ed\"},\"breadcrumb\":{\"@id\":\"https:\/\/portaltela.pt\/noticias\/2026\/03\/13\/pedro-sousa-revela-acordo-total-na-renovacao-de-rui-borges-com-o-sporting\/#breadcrumb\"},\"inLanguage\":\"pt-PT\",\"potentialAction\":[{\"@type\":\"ReadAction\",\"target\":[\"https:\/\/portaltela.pt\/noticias\/2026\/03\/13\/pedro-sousa-revela-acordo-total-na-renovacao-de-rui-borges-com-o-sporting\/\"]}]},{\"@type\":\"ImageObject\",\"inLanguage\":\"pt-PT\",\"@id\":\"https:\/\/portaltela.pt\/noticias\/2026\/03\/13\/pedro-sousa-revela-acordo-total-na-renovacao-de-rui-borges-com-o-sporting\/#primaryimage\",\"url\":\"https:\/\/portaltela.pt\/s.01k8rhncp4jt1\/2026\/03\/img_1280x722uu2026-03-13-17-48-30-2272168.jpg\",\"contentUrl\":\"https:\/\/portaltela.pt\/s.01k8rhncp4jt1\/2026\/03\/img_1280x722uu2026-03-13-17-48-30-2272168.jpg\",\"width\":796,\"height\":448,\"caption\":\"Photo\"},{\"@type\":\"BreadcrumbList\",\"@id\":\"https:\/\/portaltela.pt\/noticias\/2026\/03\/13\/pedro-sousa-revela-acordo-total-na-renovacao-de-rui-borges-com-o-sporting\/#breadcrumb\",\"itemListElement\":[{\"@type\":\"ListItem\",\"position\":1,\"name\":\"In\u00edcio\",\"item\":\"https:\/\/portaltela.pt\/\"},{\"@type\":\"ListItem\",\"position\":2,\"name\":\"Pedro Sousa revela acordo total na renova\u00e7\u00e3o de Rui Borges com o Sporting\"}]},{\"@type\":\"WebSite\",\"@id\":\"https:\/\/portaltela.pt\/#website\",\"url\":\"https:\/\/portaltela.pt\/\",\"name\":\"Portal Tela Portugal\",\"description\":\"\",\"potentialAction\":[{\"@type\":\"SearchAction\",\"target\":{\"@type\":\"EntryPoint\",\"urlTemplate\":\"https:\/\/portaltela.pt\/?s={search_term_string}\"},\"query-input\":{\"@type\":\"PropertyValueSpecification\",\"valueRequired\":true,\"valueName\":\"search_term_string\"}}],\"inLanguage\":\"pt-PT\"},{\"@type\":\"Person\",\"@id\":\"https:\/\/portaltela.pt\/#\/schema\/person\/c4278d4a6028830caff9ee44b42d32ed\",\"name\":\"Telinha\",\"image\":{\"@type\":\"ImageObject\",\"inLanguage\":\"pt-PT\",\"@id\":\"https:\/\/portaltela.pt\/s.01k8rhncp4jt1\/2025\/11\/talking-bot-125x125.png\",\"url\":\"https:\/\/portaltela.pt\/s.01k8rhncp4jt1\/2025\/11\/talking-bot-125x125.png\",\"contentUrl\":\"https:\/\/portaltela.pt\/s.01k8rhncp4jt1\/2025\/11\/talking-bot-125x125.png\",\"caption\":\"Telinha\"},\"sameAs\":[\"https:\/\/portaltela.pt\/\"],\"url\":\"https:\/\/portaltela.pt\/por\/367410592786\/\"}]}<\/script>\n<!-- \/ Yoast SEO plugin. -->","yoast_head_json":{"title":"Pedro Sousa revela acordo total na renova\u00e7\u00e3o de Rui Borges com o Sporting - Portal Tela Portugal","robots":{"index":"index","follow":"follow","max-snippet":"max-snippet:-1","max-image-preview":"max-image-preview:large","max-video-preview":"max-video-preview:-1"},"og_locale":"pt_PT","og_type":"article","og_title":"Pedro Sousa revela acordo total na renova\u00e7\u00e3o de Rui Borges com o Sporting - Portal Tela Portugal","og_description":"Pedro Sousa, diretor executivo da Correio da Manh\u00e3 R\u00e1dio, afirma que h\u00e1 acordo total sobre a renova\u00e7\u00e3o de Rui Borges com o Sporting. Sousa diz que o assunto j\u00e1 foi discutido com o empres\u00e1rio Jorge Mendes. O futuro do treinador permanece em an\u00e1lise no Alvalade, com negocia\u00e7\u00f5es em curso. A not\u00edcia apresenta novas revela\u00e7\u00f5es do jornalista sobre a situa\u00e7\u00e3o contratual entre Rui Borges e o Sporting.","og_url":"https:\/\/portaltela.pt\/noticias\/2026\/03\/13\/pedro-sousa-revela-acordo-total-na-renovacao-de-rui-borges-com-o-sporting\/","og_site_name":"Portal Tela Portugal","article_published_time":"2026-03-13T17:49:54+00:00","author":"Telinha","twitter_card":"summary_large_image","twitter_misc":{"Escrito por":"Telinha","Tempo estimado de leitura":"1 minuto"},"schema":{"@context":"https:\/\/schema.org","@graph":[{"@type":"Article","@id":"https:\/\/portaltela.pt\/noticias\/2026\/03\/13\/pedro-sousa-revela-acordo-total-na-renovacao-de-rui-borges-com-o-sporting\/#article","isPartOf":{"@id":"https:\/\/portaltela.pt\/noticias\/2026\/03\/13\/pedro-sousa-revela-acordo-total-na-renovacao-de-rui-borges-com-o-sporting\/"},"author":{"name":"Telinha","@id":"https:\/\/portaltela.pt\/#\/schema\/person\/c4278d4a6028830caff9ee44b42d32ed"},"headline":"Pedro Sousa revela acordo total na renova\u00e7\u00e3o de Rui Borges com o Sporting","datePublished":"2026-03-13T17:49:54+00:00","mainEntityOfPage":{"@id":"https:\/\/portaltela.pt\/noticias\/2026\/03\/13\/pedro-sousa-revela-acordo-total-na-renovacao-de-rui-borges-com-o-sporting\/"},"wordCount":210,"image":{"@id":"https:\/\/portaltela.pt\/noticias\/2026\/03\/13\/pedro-sousa-revela-acordo-total-na-renovacao-de-rui-borges-com-o-sporting\/#primaryimage"},"thumbnailUrl":"https:\/\/portaltela.pt\/s.01k8rhncp4jt1\/2026\/03\/img_1280x722uu2026-03-13-17-48-30-2272168.jpg","keywords":["Alvalade","futebol","Jorge Mendes","Rui Borges","Sporting","treinadores"],"articleSection":["Desporto","Futebol"],"inLanguage":"pt-PT"},{"@type":"WebPage","@id":"https:\/\/portaltela.pt\/noticias\/2026\/03\/13\/pedro-sousa-revela-acordo-total-na-renovacao-de-rui-borges-com-o-sporting\/","url":"https:\/\/portaltela.pt\/noticias\/2026\/03\/13\/pedro-sousa-revela-acordo-total-na-renovacao-de-rui-borges-com-o-sporting\/","name":"Pedro Sousa revela acordo total na renova\u00e7\u00e3o de Rui Borges com o Sporting - Portal Tela Portugal","isPartOf":{"@id":"https:\/\/portaltela.pt\/#website"},"primaryImageOfPage":{"@id":"https:\/\/portaltela.pt\/noticias\/2026\/03\/13\/pedro-sousa-revela-acordo-total-na-renovacao-de-rui-borges-com-o-sporting\/#primaryimage"},"image":{"@id":"https:\/\/portaltela.pt\/noticias\/2026\/03\/13\/pedro-sousa-revela-acordo-total-na-renovacao-de-rui-borges-com-o-sporting\/#primaryimage"},"thumbnailUrl":"https:\/\/portaltela.pt\/s.01k8rhncp4jt1\/2026\/03\/img_1280x722uu2026-03-13-17-48-30-2272168.jpg","datePublished":"2026-03-13T17:49:54+00:00","author":{"@id":"https:\/\/portaltela.pt\/#\/schema\/person\/c4278d4a6028830caff9ee44b42d32ed"},"breadcrumb":{"@id":"https:\/\/portaltela.pt\/noticias\/2026\/03\/13\/pedro-sousa-revela-acordo-total-na-renovacao-de-rui-borges-com-o-sporting\/#breadcrumb"},"inLanguage":"pt-PT","potentialAction":[{"@type":"ReadAction","target":["https:\/\/portaltela.pt\/noticias\/2026\/03\/13\/pedro-sousa-revela-acordo-total-na-renovacao-de-rui-borges-com-o-sporting\/"]}]},{"@type":"ImageObject","inLanguage":"pt-PT","@id":"https:\/\/portaltela.pt\/noticias\/2026\/03\/13\/pedro-sousa-revela-acordo-total-na-renovacao-de-rui-borges-com-o-sporting\/#primaryimage","url":"https:\/\/portaltela.pt\/s.01k8rhncp4jt1\/2026\/03\/img_1280x722uu2026-03-13-17-48-30-2272168.jpg","contentUrl":"https:\/\/portaltela.pt\/s.01k8rhncp4jt1\/2026\/03\/img_1280x722uu2026-03-13-17-48-30-2272168.jpg","width":796,"height":448,"caption":"Photo"},{"@type":"BreadcrumbList","@id":"https:\/\/portaltela.pt\/noticias\/2026\/03\/13\/pedro-sousa-revela-acordo-total-na-renovacao-de-rui-borges-com-o-sporting\/#breadcrumb","itemListElement":[{"@type":"ListItem","position":1,"name":"In\u00edcio","item":"https:\/\/portaltela.pt\/"},{"@type":"ListItem","position":2,"name":"Pedro Sousa revela acordo total na renova\u00e7\u00e3o de Rui Borges com o Sporting"}]},{"@type":"WebSite","@id":"https:\/\/portaltela.pt\/#website","url":"https:\/\/portaltela.pt\/","name":"Portal Tela Portugal","description":"","potentialAction":[{"@type":"SearchAction","target":{"@type":"EntryPoint","urlTemplate":"https:\/\/portaltela.pt\/?s={search_term_string}"},"query-input":{"@type":"PropertyValueSpecification","valueRequired":true,"valueName":"search_term_string"}}],"inLanguage":"pt-PT"},{"@type":"Person","@id":"https:\/\/portaltela.pt\/#\/schema\/person\/c4278d4a6028830caff9ee44b42d32ed","name":"Telinha","image":{"@type":"ImageObject","inLanguage":"pt-PT","@id":"https:\/\/portaltela.pt\/s.01k8rhncp4jt1\/2025\/11\/talking-bot-125x125.png","url":"https:\/\/portaltela.pt\/s.01k8rhncp4jt1\/2025\/11\/talking-bot-125x125.png","contentUrl":"https:\/\/portaltela.pt\/s.01k8rhncp4jt1\/2025\/11\/talking-bot-125x125.png","caption":"Telinha"},"sameAs":["https:\/\/portaltela.pt\/"],"url":"https:\/\/portaltela.pt\/por\/367410592786\/"}]}},"_links":{"self":[{"href":"https:\/\/portaltela.pt\/api\/wp\/v2\/posts\/409207","targetHints":{"allow":["GET"]}}],"collection":[{"href":"https:\/\/portaltela.pt\/api\/wp\/v2\/posts"}],"about":[{"href":"https:\/\/portaltela.pt\/api\/wp\/v2\/types\/post"}],"author":[{"embeddable":true,"href":"https:\/\/portaltela.pt\/api\/wp\/v2\/users\/2"}],"replies":[{"embeddable":true,"href":"https:\/\/portaltela.pt\/api\/wp\/v2\/comments?post=409207"}],"version-history":[{"count":0,"href":"https:\/\/portaltela.pt\/api\/wp\/v2\/posts\/409207\/revisions"}],"wp:featuredmedia":[{"embeddable":true,"href":"https:\/\/portaltela.pt\/api\/wp\/v2\/media\/409208"}],"wp:attachment":[{"href":"https:\/\/portaltela.pt\/api\/wp\/v2\/media?parent=409207"}],"wp:term":[{"taxonomy":"category","embeddable":true,"href":"https:\/\/portaltela.pt\/api\/wp\/v2\/categories?post=409207"},{"taxonomy":"post_tag","embeddable":true,"href":"https:\/\/portaltela.pt\/api\/wp\/v2\/tags?post=409207"}],"curies":[{"name":"wp","href":"https:\/\/api.w.org\/{rel}","templated":true}]}}