{"id":409205,"date":"2026-03-13T14:55:44","date_gmt":"2026-03-13T17:55:44","guid":{"rendered":"https:\/\/portaltela.pt\/noticias\/2026\/03\/13\/pecuaria-pede-resposta-preventiva-robusta-contra-doenca-que-atinge-bovinos\/"},"modified":"2026-03-13T14:55:44","modified_gmt":"2026-03-13T17:55:44","slug":"pecuaria-pede-resposta-preventiva-robusta-contra-doenca-que-atinge-bovinos","status":"publish","type":"post","link":"https:\/\/portaltela.pt\/saude\/2026\/03\/13\/pecuaria-pede-resposta-preventiva-robusta-contra-doenca-que-atinge-bovinos\/","title":{"rendered":"Pecu\u00e1ria pede resposta preventiva robusta contra doen\u00e7a que atinge bovinos"},"content":{"rendered":"<p>A Federa\u00e7\u00e3o Nacional das Cooperativas de Produtores Pecu\u00e1rios (Fenapecu\u00e1ria) pediu uma resposta preventiva robusta contra a Dermatose Nodular Contagiosa (DNC), ap\u00f3s focos detectados em Espanha.<\/p>\n<p>A DNC \u00e9 uma doen\u00e7a que afeta bovinos, causada por um v\u00edrus da fam\u00edlia Poxviridae. O foco recente foi reportado no norte de Espanha, com refer\u00eancia a Fran\u00e7a no sul, em janeiro.<\/p>\n<p>A DGAV refor\u00e7ou que \u00e1gua acumulada e humidade favorecem a prolifera\u00e7\u00e3o de insetos vetores, mas n\u00e3o obrigam um risco sanit\u00e1rio imediato por si s\u00f3s.<\/p>\n<p>Portugal n\u00e3o registra casos de DNC, e mant\u00e9m refor\u00e7o da vigil\u00e2ncia cl\u00ednica. N\u00e3o h\u00e1 restri\u00e7\u00f5es adicionais \u00e0 movimenta\u00e7\u00e3o de animais.<\/p>\n<p>A Fenapecu\u00e1ria aponta para a necessidade de controlo, monitoriza\u00e7\u00e3o de efetivos e biosseguran\u00e7a rigorosa, com planos de conting\u00eancia para situa\u00e7\u00f5es de concentra\u00e7\u00e3o ou movimenta\u00e7\u00e3o de animais.<\/p>\n<p>A associa\u00e7\u00e3o est\u00e1 dispon\u00edvel para colaborar com o Minist\u00e9rio da Agricultura na ado\u00e7\u00e3o de medidas que reduzam o risco de entrada da doen\u00e7a em Portugal.<\/p>\n<h3>Medidas vigentes e vacina\u00e7\u00e3o<\/h3>\n<p>A vacina\u00e7\u00e3o preventiva n\u00e3o \u00e9 poss\u00edvel a n\u00edvel nacional. Vacina\u00e7\u00e3o de emerg\u00eancia \u00e9 permitida apenas em zonas de restri\u00e7\u00e3o ao redor do foco e em \u00e1reas confinantes.<\/p>\n<h3>Transmiss\u00e3o e sintomas<\/h3>\n<p>A DNC pode transmitir-se por insetos, contacto direto entre animais doentes e s\u00e3os, bem como via \u00e1gua e alimento contaminados.<\/p>\n<p>Em bovinos, a doen\u00e7a costuma apresentar febre, saliva\u00e7\u00e3o excessiva e corrimento oculo-nasal, seguidos de queda de produ\u00e7\u00e3o e perda de peso. Les\u00f5es podem ocorrer na pele como n\u00f3dulos.<\/p>\n<h3>Desfecho cl\u00ednico e mortalidade<\/h3>\n<p>A taxa de mortalidade associada \u00e0 DNC ronda os 10%. O desfecho depende da rapidez de detec\u00e7\u00e3o e das medidas de controlo implementadas.<\/p>\n","protected":false},"excerpt":{"rendered":"<ul>\n<li>A Fenapecu\u00e1ria pediu uma \u201cresposta preventiva robusta\u201d contra a Dermatose Nodular Contagiosa (DNC) ap\u00f3s detetarem-se focos em Espanha, alertando para o risco de entrada em Portugal e defendendo medidas refor\u00e7adas de vigil\u00e2ncia, biosseguran\u00e7a, controlo de efetivos e planos de conting\u00eancia.<\/li>\n<li>A DGAV salientou que \u00e1gua acumulada e humidade podem favorecer a prolifera\u00e7\u00e3o de insetos vetores, mas esses fatores por si s\u00f3s n\u00e3o significam risco sanit\u00e1rio imediato.<\/li>\n<li>Em Portugal, n\u00e3o h\u00e1 casos de DNC e mant\u00e9m-se o refor\u00e7o da vigil\u00e2ncia cl\u00ednica; n\u00e3o existem novas restri\u00e7\u00f5es \u00e0 movimenta\u00e7\u00e3o de animais.<\/li>\n<li>A vacina\u00e7\u00e3o preventiva n\u00e3o \u00e9 poss\u00edvel; apenas vacina\u00e7\u00e3o de emerg\u00eancia \u00e9 permitida em zonas de restri\u00e7\u00e3o ao redor do foco confirmado e em \u00e1reas adjacentes.<\/li>\n<li>A DMC pode afetar bovinos e alguns ruminantes selvagens, transmite-se por insetos, contacto direto e \u00e1gua\/alimentos contaminados, com sintomas como febre, saliva\u00e7\u00e3o e nodula\u00e7\u00f5es na pele; a mortalidade ronda os 10%.<\/li>\n<\/ul>\n","protected":false},"author":2,"featured_media":409206,"comment_status":"closed","ping_status":"closed","sticky":false,"template":"","format":"standard","meta":{"footnotes":""},"categories":[1,6745],"tags":[3091,3771,6483,2031,3499,1014],"class_list":["post-409205","post","type-post","status-publish","format-standard","has-post-thumbnail","hentry","category-noticias","category-saude","tag-animais","tag-biosseguranca","tag-doencas-infecciosas-e-parasitarias","tag-espanha","tag-pecuaria","tag-portugal"],"yoast_head":"<!-- This site is optimized with the Yoast SEO plugin v27.2 - https:\/\/yoast.com\/product\/yoast-seo-wordpress\/ -->\n<title>Pecu\u00e1ria pede resposta preventiva robusta contra doen\u00e7a que atinge bovinos - Portal Tela Portugal<\/title>\n<meta name=\"robots\" content=\"index, follow, max-snippet:-1, max-image-preview:large, max-video-preview:-1\" \/>\n<meta property=\"og:locale\" content=\"pt_PT\" \/>\n<meta property=\"og:type\" content=\"article\" \/>\n<meta property=\"og:title\" content=\"Pecu\u00e1ria pede resposta preventiva robusta contra doen\u00e7a que atinge bovinos - Portal Tela Portugal\" \/>\n<meta property=\"og:description\" content=\"A Fenapecu\u00e1ria pediu uma \u201cresposta preventiva robusta\u201d contra a Dermatose Nodular Contagiosa (DNC) ap\u00f3s detetarem-se focos em Espanha, alertando para o risco de entrada em Portugal e defendendo medidas refor\u00e7adas de vigil\u00e2ncia, biosseguran\u00e7a, controlo de efetivos e planos de conting\u00eancia. A DGAV salientou que \u00e1gua acumulada e humidade podem favorecer a prolifera\u00e7\u00e3o de insetos vetores, mas esses fatores por si s\u00f3s n\u00e3o significam risco sanit\u00e1rio imediato. Em Portugal, n\u00e3o h\u00e1 casos de DNC e mant\u00e9m-se o refor\u00e7o da vigil\u00e2ncia cl\u00ednica; n\u00e3o existem novas restri\u00e7\u00f5es \u00e0 movimenta\u00e7\u00e3o de animais. A vacina\u00e7\u00e3o preventiva n\u00e3o \u00e9 poss\u00edvel; apenas vacina\u00e7\u00e3o de emerg\u00eancia \u00e9 permitida em zonas de restri\u00e7\u00e3o ao redor do foco confirmado e em \u00e1reas adjacentes. A DMC pode afetar bovinos e alguns ruminantes selvagens, transmite-se por insetos, contacto direto e \u00e1gua\/alimentos contaminados, com sintomas como febre, saliva\u00e7\u00e3o e nodula\u00e7\u00f5es na pele; a mortalidade ronda os 10%.\" \/>\n<meta property=\"og:url\" content=\"https:\/\/portaltela.pt\/noticias\/2026\/03\/13\/pecuaria-pede-resposta-preventiva-robusta-contra-doenca-que-atinge-bovinos\/\" \/>\n<meta property=\"og:site_name\" content=\"Portal Tela Portugal\" \/>\n<meta property=\"article:published_time\" content=\"2026-03-13T17:55:44+00:00\" \/>\n<meta name=\"author\" content=\"Telinha\" \/>\n<meta name=\"twitter:card\" content=\"summary_large_image\" \/>\n<meta name=\"twitter:label1\" content=\"Escrito por\" \/>\n\t<meta name=\"twitter:data1\" content=\"Telinha\" \/>\n\t<meta name=\"twitter:label2\" content=\"Tempo estimado de leitura\" \/>\n\t<meta name=\"twitter:data2\" content=\"2 minutos\" \/>\n<script type=\"application\/ld+json\" class=\"yoast-schema-graph\">{\"@context\":\"https:\/\/schema.org\",\"@graph\":[{\"@type\":\"Article\",\"@id\":\"https:\/\/portaltela.pt\/noticias\/2026\/03\/13\/pecuaria-pede-resposta-preventiva-robusta-contra-doenca-que-atinge-bovinos\/#article\",\"isPartOf\":{\"@id\":\"https:\/\/portaltela.pt\/noticias\/2026\/03\/13\/pecuaria-pede-resposta-preventiva-robusta-contra-doenca-que-atinge-bovinos\/\"},\"author\":{\"name\":\"Telinha\",\"@id\":\"https:\/\/portaltela.pt\/#\/schema\/person\/c4278d4a6028830caff9ee44b42d32ed\"},\"headline\":\"Pecu\u00e1ria pede resposta preventiva robusta contra doen\u00e7a que atinge bovinos\",\"datePublished\":\"2026-03-13T17:55:44+00:00\",\"mainEntityOfPage\":{\"@id\":\"https:\/\/portaltela.pt\/noticias\/2026\/03\/13\/pecuaria-pede-resposta-preventiva-robusta-contra-doenca-que-atinge-bovinos\/\"},\"wordCount\":318,\"image\":{\"@id\":\"https:\/\/portaltela.pt\/noticias\/2026\/03\/13\/pecuaria-pede-resposta-preventiva-robusta-contra-doenca-que-atinge-bovinos\/#primaryimage\"},\"thumbnailUrl\":\"https:\/\/portaltela.pt\/s.01k8rhncp4jt1\/2026\/03\/img_1500x1000uu2026-02-26-08-58-00-2269081.jpg\",\"keywords\":[\"animais\",\"biosseguran\u00e7a\",\"Doen\u00e7as infecciosas e parasit\u00e1rias\",\"Espanha\",\"pecu\u00e1ria\",\"Portugal\"],\"articleSection\":[\"Not\u00edcias\",\"Sa\u00fade\"],\"inLanguage\":\"pt-PT\"},{\"@type\":\"WebPage\",\"@id\":\"https:\/\/portaltela.pt\/noticias\/2026\/03\/13\/pecuaria-pede-resposta-preventiva-robusta-contra-doenca-que-atinge-bovinos\/\",\"url\":\"https:\/\/portaltela.pt\/noticias\/2026\/03\/13\/pecuaria-pede-resposta-preventiva-robusta-contra-doenca-que-atinge-bovinos\/\",\"name\":\"Pecu\u00e1ria pede resposta preventiva robusta contra doen\u00e7a que atinge bovinos - Portal Tela Portugal\",\"isPartOf\":{\"@id\":\"https:\/\/portaltela.pt\/#website\"},\"primaryImageOfPage\":{\"@id\":\"https:\/\/portaltela.pt\/noticias\/2026\/03\/13\/pecuaria-pede-resposta-preventiva-robusta-contra-doenca-que-atinge-bovinos\/#primaryimage\"},\"image\":{\"@id\":\"https:\/\/portaltela.pt\/noticias\/2026\/03\/13\/pecuaria-pede-resposta-preventiva-robusta-contra-doenca-que-atinge-bovinos\/#primaryimage\"},\"thumbnailUrl\":\"https:\/\/portaltela.pt\/s.01k8rhncp4jt1\/2026\/03\/img_1500x1000uu2026-02-26-08-58-00-2269081.jpg\",\"datePublished\":\"2026-03-13T17:55:44+00:00\",\"author\":{\"@id\":\"https:\/\/portaltela.pt\/#\/schema\/person\/c4278d4a6028830caff9ee44b42d32ed\"},\"breadcrumb\":{\"@id\":\"https:\/\/portaltela.pt\/noticias\/2026\/03\/13\/pecuaria-pede-resposta-preventiva-robusta-contra-doenca-que-atinge-bovinos\/#breadcrumb\"},\"inLanguage\":\"pt-PT\",\"potentialAction\":[{\"@type\":\"ReadAction\",\"target\":[\"https:\/\/portaltela.pt\/noticias\/2026\/03\/13\/pecuaria-pede-resposta-preventiva-robusta-contra-doenca-que-atinge-bovinos\/\"]}]},{\"@type\":\"ImageObject\",\"inLanguage\":\"pt-PT\",\"@id\":\"https:\/\/portaltela.pt\/noticias\/2026\/03\/13\/pecuaria-pede-resposta-preventiva-robusta-contra-doenca-que-atinge-bovinos\/#primaryimage\",\"url\":\"https:\/\/portaltela.pt\/s.01k8rhncp4jt1\/2026\/03\/img_1500x1000uu2026-02-26-08-58-00-2269081.jpg\",\"contentUrl\":\"https:\/\/portaltela.pt\/s.01k8rhncp4jt1\/2026\/03\/img_1500x1000uu2026-02-26-08-58-00-2269081.jpg\",\"width\":1500,\"height\":1000,\"caption\":\"Pecu\u00e1ria quer \\\"resposta preventiva robusta\\\" contra doen\u00e7a que afeta bovinos\"},{\"@type\":\"BreadcrumbList\",\"@id\":\"https:\/\/portaltela.pt\/noticias\/2026\/03\/13\/pecuaria-pede-resposta-preventiva-robusta-contra-doenca-que-atinge-bovinos\/#breadcrumb\",\"itemListElement\":[{\"@type\":\"ListItem\",\"position\":1,\"name\":\"In\u00edcio\",\"item\":\"https:\/\/portaltela.pt\/\"},{\"@type\":\"ListItem\",\"position\":2,\"name\":\"Pecu\u00e1ria pede resposta preventiva robusta contra doen\u00e7a que atinge bovinos\"}]},{\"@type\":\"WebSite\",\"@id\":\"https:\/\/portaltela.pt\/#website\",\"url\":\"https:\/\/portaltela.pt\/\",\"name\":\"Portal Tela Portugal\",\"description\":\"\",\"potentialAction\":[{\"@type\":\"SearchAction\",\"target\":{\"@type\":\"EntryPoint\",\"urlTemplate\":\"https:\/\/portaltela.pt\/?s={search_term_string}\"},\"query-input\":{\"@type\":\"PropertyValueSpecification\",\"valueRequired\":true,\"valueName\":\"search_term_string\"}}],\"inLanguage\":\"pt-PT\"},{\"@type\":\"Person\",\"@id\":\"https:\/\/portaltela.pt\/#\/schema\/person\/c4278d4a6028830caff9ee44b42d32ed\",\"name\":\"Telinha\",\"image\":{\"@type\":\"ImageObject\",\"inLanguage\":\"pt-PT\",\"@id\":\"https:\/\/portaltela.pt\/s.01k8rhncp4jt1\/2025\/11\/talking-bot-125x125.png\",\"url\":\"https:\/\/portaltela.pt\/s.01k8rhncp4jt1\/2025\/11\/talking-bot-125x125.png\",\"contentUrl\":\"https:\/\/portaltela.pt\/s.01k8rhncp4jt1\/2025\/11\/talking-bot-125x125.png\",\"caption\":\"Telinha\"},\"sameAs\":[\"https:\/\/portaltela.pt\/\"],\"url\":\"https:\/\/portaltela.pt\/por\/367410592786\/\"}]}<\/script>\n<!-- \/ Yoast SEO plugin. -->","yoast_head_json":{"title":"Pecu\u00e1ria pede resposta preventiva robusta contra doen\u00e7a que atinge bovinos - Portal Tela Portugal","robots":{"index":"index","follow":"follow","max-snippet":"max-snippet:-1","max-image-preview":"max-image-preview:large","max-video-preview":"max-video-preview:-1"},"og_locale":"pt_PT","og_type":"article","og_title":"Pecu\u00e1ria pede resposta preventiva robusta contra doen\u00e7a que atinge bovinos - Portal Tela Portugal","og_description":"A Fenapecu\u00e1ria pediu uma \u201cresposta preventiva robusta\u201d contra a Dermatose Nodular Contagiosa (DNC) ap\u00f3s detetarem-se focos em Espanha, alertando para o risco de entrada em Portugal e defendendo medidas refor\u00e7adas de vigil\u00e2ncia, biosseguran\u00e7a, controlo de efetivos e planos de conting\u00eancia. A DGAV salientou que \u00e1gua acumulada e humidade podem favorecer a prolifera\u00e7\u00e3o de insetos vetores, mas esses fatores por si s\u00f3s n\u00e3o significam risco sanit\u00e1rio imediato. Em Portugal, n\u00e3o h\u00e1 casos de DNC e mant\u00e9m-se o refor\u00e7o da vigil\u00e2ncia cl\u00ednica; n\u00e3o existem novas restri\u00e7\u00f5es \u00e0 movimenta\u00e7\u00e3o de animais. A vacina\u00e7\u00e3o preventiva n\u00e3o \u00e9 poss\u00edvel; apenas vacina\u00e7\u00e3o de emerg\u00eancia \u00e9 permitida em zonas de restri\u00e7\u00e3o ao redor do foco confirmado e em \u00e1reas adjacentes. A DMC pode afetar bovinos e alguns ruminantes selvagens, transmite-se por insetos, contacto direto e \u00e1gua\/alimentos contaminados, com sintomas como febre, saliva\u00e7\u00e3o e nodula\u00e7\u00f5es na pele; a mortalidade ronda os 10%.","og_url":"https:\/\/portaltela.pt\/noticias\/2026\/03\/13\/pecuaria-pede-resposta-preventiva-robusta-contra-doenca-que-atinge-bovinos\/","og_site_name":"Portal Tela Portugal","article_published_time":"2026-03-13T17:55:44+00:00","author":"Telinha","twitter_card":"summary_large_image","twitter_misc":{"Escrito por":"Telinha","Tempo estimado de leitura":"2 minutos"},"schema":{"@context":"https:\/\/schema.org","@graph":[{"@type":"Article","@id":"https:\/\/portaltela.pt\/noticias\/2026\/03\/13\/pecuaria-pede-resposta-preventiva-robusta-contra-doenca-que-atinge-bovinos\/#article","isPartOf":{"@id":"https:\/\/portaltela.pt\/noticias\/2026\/03\/13\/pecuaria-pede-resposta-preventiva-robusta-contra-doenca-que-atinge-bovinos\/"},"author":{"name":"Telinha","@id":"https:\/\/portaltela.pt\/#\/schema\/person\/c4278d4a6028830caff9ee44b42d32ed"},"headline":"Pecu\u00e1ria pede resposta preventiva robusta contra doen\u00e7a que atinge bovinos","datePublished":"2026-03-13T17:55:44+00:00","mainEntityOfPage":{"@id":"https:\/\/portaltela.pt\/noticias\/2026\/03\/13\/pecuaria-pede-resposta-preventiva-robusta-contra-doenca-que-atinge-bovinos\/"},"wordCount":318,"image":{"@id":"https:\/\/portaltela.pt\/noticias\/2026\/03\/13\/pecuaria-pede-resposta-preventiva-robusta-contra-doenca-que-atinge-bovinos\/#primaryimage"},"thumbnailUrl":"https:\/\/portaltela.pt\/s.01k8rhncp4jt1\/2026\/03\/img_1500x1000uu2026-02-26-08-58-00-2269081.jpg","keywords":["animais","biosseguran\u00e7a","Doen\u00e7as infecciosas e parasit\u00e1rias","Espanha","pecu\u00e1ria","Portugal"],"articleSection":["Not\u00edcias","Sa\u00fade"],"inLanguage":"pt-PT"},{"@type":"WebPage","@id":"https:\/\/portaltela.pt\/noticias\/2026\/03\/13\/pecuaria-pede-resposta-preventiva-robusta-contra-doenca-que-atinge-bovinos\/","url":"https:\/\/portaltela.pt\/noticias\/2026\/03\/13\/pecuaria-pede-resposta-preventiva-robusta-contra-doenca-que-atinge-bovinos\/","name":"Pecu\u00e1ria pede resposta preventiva robusta contra doen\u00e7a que atinge bovinos - Portal Tela Portugal","isPartOf":{"@id":"https:\/\/portaltela.pt\/#website"},"primaryImageOfPage":{"@id":"https:\/\/portaltela.pt\/noticias\/2026\/03\/13\/pecuaria-pede-resposta-preventiva-robusta-contra-doenca-que-atinge-bovinos\/#primaryimage"},"image":{"@id":"https:\/\/portaltela.pt\/noticias\/2026\/03\/13\/pecuaria-pede-resposta-preventiva-robusta-contra-doenca-que-atinge-bovinos\/#primaryimage"},"thumbnailUrl":"https:\/\/portaltela.pt\/s.01k8rhncp4jt1\/2026\/03\/img_1500x1000uu2026-02-26-08-58-00-2269081.jpg","datePublished":"2026-03-13T17:55:44+00:00","author":{"@id":"https:\/\/portaltela.pt\/#\/schema\/person\/c4278d4a6028830caff9ee44b42d32ed"},"breadcrumb":{"@id":"https:\/\/portaltela.pt\/noticias\/2026\/03\/13\/pecuaria-pede-resposta-preventiva-robusta-contra-doenca-que-atinge-bovinos\/#breadcrumb"},"inLanguage":"pt-PT","potentialAction":[{"@type":"ReadAction","target":["https:\/\/portaltela.pt\/noticias\/2026\/03\/13\/pecuaria-pede-resposta-preventiva-robusta-contra-doenca-que-atinge-bovinos\/"]}]},{"@type":"ImageObject","inLanguage":"pt-PT","@id":"https:\/\/portaltela.pt\/noticias\/2026\/03\/13\/pecuaria-pede-resposta-preventiva-robusta-contra-doenca-que-atinge-bovinos\/#primaryimage","url":"https:\/\/portaltela.pt\/s.01k8rhncp4jt1\/2026\/03\/img_1500x1000uu2026-02-26-08-58-00-2269081.jpg","contentUrl":"https:\/\/portaltela.pt\/s.01k8rhncp4jt1\/2026\/03\/img_1500x1000uu2026-02-26-08-58-00-2269081.jpg","width":1500,"height":1000,"caption":"Pecu\u00e1ria quer \"resposta preventiva robusta\" contra doen\u00e7a que afeta bovinos"},{"@type":"BreadcrumbList","@id":"https:\/\/portaltela.pt\/noticias\/2026\/03\/13\/pecuaria-pede-resposta-preventiva-robusta-contra-doenca-que-atinge-bovinos\/#breadcrumb","itemListElement":[{"@type":"ListItem","position":1,"name":"In\u00edcio","item":"https:\/\/portaltela.pt\/"},{"@type":"ListItem","position":2,"name":"Pecu\u00e1ria pede resposta preventiva robusta contra doen\u00e7a que atinge bovinos"}]},{"@type":"WebSite","@id":"https:\/\/portaltela.pt\/#website","url":"https:\/\/portaltela.pt\/","name":"Portal Tela Portugal","description":"","potentialAction":[{"@type":"SearchAction","target":{"@type":"EntryPoint","urlTemplate":"https:\/\/portaltela.pt\/?s={search_term_string}"},"query-input":{"@type":"PropertyValueSpecification","valueRequired":true,"valueName":"search_term_string"}}],"inLanguage":"pt-PT"},{"@type":"Person","@id":"https:\/\/portaltela.pt\/#\/schema\/person\/c4278d4a6028830caff9ee44b42d32ed","name":"Telinha","image":{"@type":"ImageObject","inLanguage":"pt-PT","@id":"https:\/\/portaltela.pt\/s.01k8rhncp4jt1\/2025\/11\/talking-bot-125x125.png","url":"https:\/\/portaltela.pt\/s.01k8rhncp4jt1\/2025\/11\/talking-bot-125x125.png","contentUrl":"https:\/\/portaltela.pt\/s.01k8rhncp4jt1\/2025\/11\/talking-bot-125x125.png","caption":"Telinha"},"sameAs":["https:\/\/portaltela.pt\/"],"url":"https:\/\/portaltela.pt\/por\/367410592786\/"}]}},"_links":{"self":[{"href":"https:\/\/portaltela.pt\/api\/wp\/v2\/posts\/409205","targetHints":{"allow":["GET"]}}],"collection":[{"href":"https:\/\/portaltela.pt\/api\/wp\/v2\/posts"}],"about":[{"href":"https:\/\/portaltela.pt\/api\/wp\/v2\/types\/post"}],"author":[{"embeddable":true,"href":"https:\/\/portaltela.pt\/api\/wp\/v2\/users\/2"}],"replies":[{"embeddable":true,"href":"https:\/\/portaltela.pt\/api\/wp\/v2\/comments?post=409205"}],"version-history":[{"count":0,"href":"https:\/\/portaltela.pt\/api\/wp\/v2\/posts\/409205\/revisions"}],"wp:featuredmedia":[{"embeddable":true,"href":"https:\/\/portaltela.pt\/api\/wp\/v2\/media\/409206"}],"wp:attachment":[{"href":"https:\/\/portaltela.pt\/api\/wp\/v2\/media?parent=409205"}],"wp:term":[{"taxonomy":"category","embeddable":true,"href":"https:\/\/portaltela.pt\/api\/wp\/v2\/categories?post=409205"},{"taxonomy":"post_tag","embeddable":true,"href":"https:\/\/portaltela.pt\/api\/wp\/v2\/tags?post=409205"}],"curies":[{"name":"wp","href":"https:\/\/api.w.org\/{rel}","templated":true}]}}