{"id":409165,"date":"2026-03-13T14:26:26","date_gmt":"2026-03-13T17:26:26","guid":{"rendered":"https:\/\/portaltela.pt\/noticias\/2026\/03\/13\/estadio-da-roma-vai-custar-mil-milhoes-de-euros-e-avanca-em-2027\/"},"modified":"2026-03-13T14:26:26","modified_gmt":"2026-03-13T17:26:26","slug":"estadio-da-roma-vai-custar-mil-milhoes-de-euros-e-avanca-em-2027","status":"publish","type":"post","link":"https:\/\/portaltela.pt\/desporto\/futebol\/2026\/03\/13\/estadio-da-roma-vai-custar-mil-milhoes-de-euros-e-avanca-em-2027\/","title":{"rendered":"Est\u00e1dio da Roma vai custar mil milh\u00f5es de euros e avan\u00e7a em 2027"},"content":{"rendered":"<p>A C\u00e2mara de Roma aprovou o projeto de viabilidade t\u00e9cnica e econ\u00f3mica para o novo est\u00e1dio da AS Roma, estimado em 1 mil milh\u00f5es de euros, com constru\u00e7\u00e3o prevista para 2027 na zona de Pietralata. O objetivo \u00e9 modernizar a infraestrutura da cidade.<\/p>\n<p>A aprova\u00e7\u00e3o encerra a fase administrativa e abre caminho para a avalia\u00e7\u00e3o de impacto ambiental. Segundo o presidente da c\u00e2mara, Roberto Gualtieri, o lan\u00e7amento da primeira pedra deve ocorrer no in\u00edcio de 2027, no \u00e2mbito da candidatura italiana ao Euro 2032, coorganizado com a Turquia.<\/p>\n<p>Do investimento global, sem fundos p\u00fablicos, 700 milh\u00f5es destinam-se \u00e0 constru\u00e7\u00e3o do est\u00e1dio e 300 milh\u00f5es \u00e0 regenera\u00e7\u00e3o urbana e cria\u00e7\u00e3o de espa\u00e7os verdes na zona nordeste. O clube reservou ainda 100 milh\u00f5es para benef\u00edcios diretos \u00e0 cidade.<\/p>\n<p>O est\u00e1dio ter\u00e1 capacidade para 60 mil espetadores e permitir\u00e1 \u00e0 Roma abandonar o Est\u00e1dio Ol\u00edmpico, atualmente partilhado com a Lazio. A infraestrutura dever\u00e1 fortalecer a participa\u00e7\u00e3o italiana no European\u00e3o de 2032, conforme planos do clube e autoridades locais.<\/p>\n","protected":false},"excerpt":{"rendered":"<ul>\n<li>A C\u00e2mara de Roma aprovou o projeto de viabilidade t\u00e9cnica e econ\u00f3mica do novo est\u00e1dio da AS Roma, no valor de mil milh\u00f5es de euros, com constru\u00e7\u00e3o prevista para arrancar em 2027 na zona de Pietralata.<\/li>\n<li>Do montante total, 700 milh\u00f5es destinam-se \u00e0 constru\u00e7\u00e3o e 300 milh\u00f5es \u00e0 regenera\u00e7\u00e3o urbana e cria\u00e7\u00e3o de espa\u00e7os verdes na zona nordeste da cidade.<\/li>\n<li>O clube reservou 100 milh\u00f5es de euros para benef\u00edcios diretos \u00e0 cidade, sem fundos p\u00fablicos.<\/li>\n<li>O novo recinto ter\u00e1 capacidade para sessenta mil espetadores e permitir\u00e1 \u00e0 AS Roma abandonar o Est\u00e1dio Ol\u00edmpico, atualmente partilhado com a Lazio.<\/li>\n<li>A autarquia v\u00ea o projeto como fundamental para a candidatura de It\u00e1lia ao Europeu de 2032, que pretende coorganizar com a Turquia; ap\u00f3s a aprova\u00e7\u00e3o, segue para avalia\u00e7\u00e3o de impacto ambiental, com a primeira pedra prevista para in\u00edcio de 2027.<\/li>\n<\/ul>\n","protected":false},"author":2,"featured_media":409168,"comment_status":"closed","ping_status":"closed","sticky":false,"template":"","format":"standard","meta":{"footnotes":""},"categories":[21,24],"tags":[6115,2487,32,258,1563,4815],"class_list":["post-409165","post","type-post","status-publish","format-standard","has-post-thumbnail","hentry","category-desporto","category-futebol","tag-_economia","tag-europa","tag-futebol","tag-infraestruturas","tag-regeneracao-urbana","tag-roma"],"yoast_head":"<!-- This site is optimized with the Yoast SEO plugin v27.2 - https:\/\/yoast.com\/product\/yoast-seo-wordpress\/ -->\n<title>Est\u00e1dio da Roma vai custar mil milh\u00f5es de euros e avan\u00e7a em 2027 - Portal Tela Portugal<\/title>\n<meta name=\"robots\" content=\"index, follow, max-snippet:-1, max-image-preview:large, max-video-preview:-1\" \/>\n<meta property=\"og:locale\" content=\"pt_PT\" \/>\n<meta property=\"og:type\" content=\"article\" \/>\n<meta property=\"og:title\" content=\"Est\u00e1dio da Roma vai custar mil milh\u00f5es de euros e avan\u00e7a em 2027 - Portal Tela Portugal\" \/>\n<meta property=\"og:description\" content=\"A C\u00e2mara de Roma aprovou o projeto de viabilidade t\u00e9cnica e econ\u00f3mica do novo est\u00e1dio da AS Roma, no valor de mil milh\u00f5es de euros, com constru\u00e7\u00e3o prevista para arrancar em 2027 na zona de Pietralata. Do montante total, 700 milh\u00f5es destinam-se \u00e0 constru\u00e7\u00e3o e 300 milh\u00f5es \u00e0 regenera\u00e7\u00e3o urbana e cria\u00e7\u00e3o de espa\u00e7os verdes na zona nordeste da cidade. O clube reservou 100 milh\u00f5es de euros para benef\u00edcios diretos \u00e0 cidade, sem fundos p\u00fablicos. O novo recinto ter\u00e1 capacidade para sessenta mil espetadores e permitir\u00e1 \u00e0 AS Roma abandonar o Est\u00e1dio Ol\u00edmpico, atualmente partilhado com a Lazio. A autarquia v\u00ea o projeto como fundamental para a candidatura de It\u00e1lia ao Europeu de 2032, que pretende coorganizar com a Turquia; ap\u00f3s a aprova\u00e7\u00e3o, segue para avalia\u00e7\u00e3o de impacto ambiental, com a primeira pedra prevista para in\u00edcio de 2027.\" \/>\n<meta property=\"og:url\" content=\"https:\/\/portaltela.pt\/noticias\/2026\/03\/13\/estadio-da-roma-vai-custar-mil-milhoes-de-euros-e-avanca-em-2027\/\" \/>\n<meta property=\"og:site_name\" content=\"Portal Tela Portugal\" \/>\n<meta property=\"article:published_time\" content=\"2026-03-13T17:26:26+00:00\" \/>\n<meta name=\"author\" content=\"Telinha\" \/>\n<meta name=\"twitter:card\" content=\"summary_large_image\" \/>\n<meta name=\"twitter:label1\" content=\"Escrito por\" \/>\n\t<meta name=\"twitter:data1\" content=\"Telinha\" \/>\n\t<meta name=\"twitter:label2\" content=\"Tempo estimado de leitura\" \/>\n\t<meta name=\"twitter:data2\" content=\"1 minuto\" \/>\n<script type=\"application\/ld+json\" class=\"yoast-schema-graph\">{\"@context\":\"https:\/\/schema.org\",\"@graph\":[{\"@type\":\"Article\",\"@id\":\"https:\/\/portaltela.pt\/noticias\/2026\/03\/13\/estadio-da-roma-vai-custar-mil-milhoes-de-euros-e-avanca-em-2027\/#article\",\"isPartOf\":{\"@id\":\"https:\/\/portaltela.pt\/noticias\/2026\/03\/13\/estadio-da-roma-vai-custar-mil-milhoes-de-euros-e-avanca-em-2027\/\"},\"author\":{\"name\":\"Telinha\",\"@id\":\"https:\/\/portaltela.pt\/#\/schema\/person\/c4278d4a6028830caff9ee44b42d32ed\"},\"headline\":\"Est\u00e1dio da Roma vai custar mil milh\u00f5es de euros e avan\u00e7a em 2027\",\"datePublished\":\"2026-03-13T17:26:26+00:00\",\"mainEntityOfPage\":{\"@id\":\"https:\/\/portaltela.pt\/noticias\/2026\/03\/13\/estadio-da-roma-vai-custar-mil-milhoes-de-euros-e-avanca-em-2027\/\"},\"wordCount\":192,\"image\":{\"@id\":\"https:\/\/portaltela.pt\/noticias\/2026\/03\/13\/estadio-da-roma-vai-custar-mil-milhoes-de-euros-e-avanca-em-2027\/#primaryimage\"},\"thumbnailUrl\":\"https:\/\/portaltela.pt\/s.01k8rhncp4jt1\/2026\/03\/img_1500x1000uu2021-04-30-15-30-44-1034669.jpg\",\"keywords\":[\"_economia\",\"Europa\",\"futebol\",\"infraestruturas\",\"Regenera\u00e7\u00e3o Urbana\",\"Roma\"],\"articleSection\":[\"Desporto\",\"Futebol\"],\"inLanguage\":\"pt-PT\"},{\"@type\":\"WebPage\",\"@id\":\"https:\/\/portaltela.pt\/noticias\/2026\/03\/13\/estadio-da-roma-vai-custar-mil-milhoes-de-euros-e-avanca-em-2027\/\",\"url\":\"https:\/\/portaltela.pt\/noticias\/2026\/03\/13\/estadio-da-roma-vai-custar-mil-milhoes-de-euros-e-avanca-em-2027\/\",\"name\":\"Est\u00e1dio da Roma vai custar mil milh\u00f5es de euros e avan\u00e7a em 2027 - Portal Tela Portugal\",\"isPartOf\":{\"@id\":\"https:\/\/portaltela.pt\/#website\"},\"primaryImageOfPage\":{\"@id\":\"https:\/\/portaltela.pt\/noticias\/2026\/03\/13\/estadio-da-roma-vai-custar-mil-milhoes-de-euros-e-avanca-em-2027\/#primaryimage\"},\"image\":{\"@id\":\"https:\/\/portaltela.pt\/noticias\/2026\/03\/13\/estadio-da-roma-vai-custar-mil-milhoes-de-euros-e-avanca-em-2027\/#primaryimage\"},\"thumbnailUrl\":\"https:\/\/portaltela.pt\/s.01k8rhncp4jt1\/2026\/03\/img_1500x1000uu2021-04-30-15-30-44-1034669.jpg\",\"datePublished\":\"2026-03-13T17:26:26+00:00\",\"author\":{\"@id\":\"https:\/\/portaltela.pt\/#\/schema\/person\/c4278d4a6028830caff9ee44b42d32ed\"},\"breadcrumb\":{\"@id\":\"https:\/\/portaltela.pt\/noticias\/2026\/03\/13\/estadio-da-roma-vai-custar-mil-milhoes-de-euros-e-avanca-em-2027\/#breadcrumb\"},\"inLanguage\":\"pt-PT\",\"potentialAction\":[{\"@type\":\"ReadAction\",\"target\":[\"https:\/\/portaltela.pt\/noticias\/2026\/03\/13\/estadio-da-roma-vai-custar-mil-milhoes-de-euros-e-avanca-em-2027\/\"]}]},{\"@type\":\"ImageObject\",\"inLanguage\":\"pt-PT\",\"@id\":\"https:\/\/portaltela.pt\/noticias\/2026\/03\/13\/estadio-da-roma-vai-custar-mil-milhoes-de-euros-e-avanca-em-2027\/#primaryimage\",\"url\":\"https:\/\/portaltela.pt\/s.01k8rhncp4jt1\/2026\/03\/img_1500x1000uu2021-04-30-15-30-44-1034669.jpg\",\"contentUrl\":\"https:\/\/portaltela.pt\/s.01k8rhncp4jt1\/2026\/03\/img_1500x1000uu2021-04-30-15-30-44-1034669.jpg\",\"width\":1500,\"height\":1000,\"caption\":\"Est\u00e1dio da Roma\"},{\"@type\":\"BreadcrumbList\",\"@id\":\"https:\/\/portaltela.pt\/noticias\/2026\/03\/13\/estadio-da-roma-vai-custar-mil-milhoes-de-euros-e-avanca-em-2027\/#breadcrumb\",\"itemListElement\":[{\"@type\":\"ListItem\",\"position\":1,\"name\":\"In\u00edcio\",\"item\":\"https:\/\/portaltela.pt\/\"},{\"@type\":\"ListItem\",\"position\":2,\"name\":\"Est\u00e1dio da Roma vai custar mil milh\u00f5es de euros e avan\u00e7a em 2027\"}]},{\"@type\":\"WebSite\",\"@id\":\"https:\/\/portaltela.pt\/#website\",\"url\":\"https:\/\/portaltela.pt\/\",\"name\":\"Portal Tela Portugal\",\"description\":\"\",\"potentialAction\":[{\"@type\":\"SearchAction\",\"target\":{\"@type\":\"EntryPoint\",\"urlTemplate\":\"https:\/\/portaltela.pt\/?s={search_term_string}\"},\"query-input\":{\"@type\":\"PropertyValueSpecification\",\"valueRequired\":true,\"valueName\":\"search_term_string\"}}],\"inLanguage\":\"pt-PT\"},{\"@type\":\"Person\",\"@id\":\"https:\/\/portaltela.pt\/#\/schema\/person\/c4278d4a6028830caff9ee44b42d32ed\",\"name\":\"Telinha\",\"image\":{\"@type\":\"ImageObject\",\"inLanguage\":\"pt-PT\",\"@id\":\"https:\/\/portaltela.pt\/s.01k8rhncp4jt1\/2025\/11\/talking-bot-125x125.png\",\"url\":\"https:\/\/portaltela.pt\/s.01k8rhncp4jt1\/2025\/11\/talking-bot-125x125.png\",\"contentUrl\":\"https:\/\/portaltela.pt\/s.01k8rhncp4jt1\/2025\/11\/talking-bot-125x125.png\",\"caption\":\"Telinha\"},\"sameAs\":[\"https:\/\/portaltela.pt\/\"],\"url\":\"https:\/\/portaltela.pt\/por\/367410592786\/\"}]}<\/script>\n<!-- \/ Yoast SEO plugin. -->","yoast_head_json":{"title":"Est\u00e1dio da Roma vai custar mil milh\u00f5es de euros e avan\u00e7a em 2027 - Portal Tela Portugal","robots":{"index":"index","follow":"follow","max-snippet":"max-snippet:-1","max-image-preview":"max-image-preview:large","max-video-preview":"max-video-preview:-1"},"og_locale":"pt_PT","og_type":"article","og_title":"Est\u00e1dio da Roma vai custar mil milh\u00f5es de euros e avan\u00e7a em 2027 - Portal Tela Portugal","og_description":"A C\u00e2mara de Roma aprovou o projeto de viabilidade t\u00e9cnica e econ\u00f3mica do novo est\u00e1dio da AS Roma, no valor de mil milh\u00f5es de euros, com constru\u00e7\u00e3o prevista para arrancar em 2027 na zona de Pietralata. Do montante total, 700 milh\u00f5es destinam-se \u00e0 constru\u00e7\u00e3o e 300 milh\u00f5es \u00e0 regenera\u00e7\u00e3o urbana e cria\u00e7\u00e3o de espa\u00e7os verdes na zona nordeste da cidade. O clube reservou 100 milh\u00f5es de euros para benef\u00edcios diretos \u00e0 cidade, sem fundos p\u00fablicos. O novo recinto ter\u00e1 capacidade para sessenta mil espetadores e permitir\u00e1 \u00e0 AS Roma abandonar o Est\u00e1dio Ol\u00edmpico, atualmente partilhado com a Lazio. A autarquia v\u00ea o projeto como fundamental para a candidatura de It\u00e1lia ao Europeu de 2032, que pretende coorganizar com a Turquia; ap\u00f3s a aprova\u00e7\u00e3o, segue para avalia\u00e7\u00e3o de impacto ambiental, com a primeira pedra prevista para in\u00edcio de 2027.","og_url":"https:\/\/portaltela.pt\/noticias\/2026\/03\/13\/estadio-da-roma-vai-custar-mil-milhoes-de-euros-e-avanca-em-2027\/","og_site_name":"Portal Tela Portugal","article_published_time":"2026-03-13T17:26:26+00:00","author":"Telinha","twitter_card":"summary_large_image","twitter_misc":{"Escrito por":"Telinha","Tempo estimado de leitura":"1 minuto"},"schema":{"@context":"https:\/\/schema.org","@graph":[{"@type":"Article","@id":"https:\/\/portaltela.pt\/noticias\/2026\/03\/13\/estadio-da-roma-vai-custar-mil-milhoes-de-euros-e-avanca-em-2027\/#article","isPartOf":{"@id":"https:\/\/portaltela.pt\/noticias\/2026\/03\/13\/estadio-da-roma-vai-custar-mil-milhoes-de-euros-e-avanca-em-2027\/"},"author":{"name":"Telinha","@id":"https:\/\/portaltela.pt\/#\/schema\/person\/c4278d4a6028830caff9ee44b42d32ed"},"headline":"Est\u00e1dio da Roma vai custar mil milh\u00f5es de euros e avan\u00e7a em 2027","datePublished":"2026-03-13T17:26:26+00:00","mainEntityOfPage":{"@id":"https:\/\/portaltela.pt\/noticias\/2026\/03\/13\/estadio-da-roma-vai-custar-mil-milhoes-de-euros-e-avanca-em-2027\/"},"wordCount":192,"image":{"@id":"https:\/\/portaltela.pt\/noticias\/2026\/03\/13\/estadio-da-roma-vai-custar-mil-milhoes-de-euros-e-avanca-em-2027\/#primaryimage"},"thumbnailUrl":"https:\/\/portaltela.pt\/s.01k8rhncp4jt1\/2026\/03\/img_1500x1000uu2021-04-30-15-30-44-1034669.jpg","keywords":["_economia","Europa","futebol","infraestruturas","Regenera\u00e7\u00e3o Urbana","Roma"],"articleSection":["Desporto","Futebol"],"inLanguage":"pt-PT"},{"@type":"WebPage","@id":"https:\/\/portaltela.pt\/noticias\/2026\/03\/13\/estadio-da-roma-vai-custar-mil-milhoes-de-euros-e-avanca-em-2027\/","url":"https:\/\/portaltela.pt\/noticias\/2026\/03\/13\/estadio-da-roma-vai-custar-mil-milhoes-de-euros-e-avanca-em-2027\/","name":"Est\u00e1dio da Roma vai custar mil milh\u00f5es de euros e avan\u00e7a em 2027 - Portal Tela Portugal","isPartOf":{"@id":"https:\/\/portaltela.pt\/#website"},"primaryImageOfPage":{"@id":"https:\/\/portaltela.pt\/noticias\/2026\/03\/13\/estadio-da-roma-vai-custar-mil-milhoes-de-euros-e-avanca-em-2027\/#primaryimage"},"image":{"@id":"https:\/\/portaltela.pt\/noticias\/2026\/03\/13\/estadio-da-roma-vai-custar-mil-milhoes-de-euros-e-avanca-em-2027\/#primaryimage"},"thumbnailUrl":"https:\/\/portaltela.pt\/s.01k8rhncp4jt1\/2026\/03\/img_1500x1000uu2021-04-30-15-30-44-1034669.jpg","datePublished":"2026-03-13T17:26:26+00:00","author":{"@id":"https:\/\/portaltela.pt\/#\/schema\/person\/c4278d4a6028830caff9ee44b42d32ed"},"breadcrumb":{"@id":"https:\/\/portaltela.pt\/noticias\/2026\/03\/13\/estadio-da-roma-vai-custar-mil-milhoes-de-euros-e-avanca-em-2027\/#breadcrumb"},"inLanguage":"pt-PT","potentialAction":[{"@type":"ReadAction","target":["https:\/\/portaltela.pt\/noticias\/2026\/03\/13\/estadio-da-roma-vai-custar-mil-milhoes-de-euros-e-avanca-em-2027\/"]}]},{"@type":"ImageObject","inLanguage":"pt-PT","@id":"https:\/\/portaltela.pt\/noticias\/2026\/03\/13\/estadio-da-roma-vai-custar-mil-milhoes-de-euros-e-avanca-em-2027\/#primaryimage","url":"https:\/\/portaltela.pt\/s.01k8rhncp4jt1\/2026\/03\/img_1500x1000uu2021-04-30-15-30-44-1034669.jpg","contentUrl":"https:\/\/portaltela.pt\/s.01k8rhncp4jt1\/2026\/03\/img_1500x1000uu2021-04-30-15-30-44-1034669.jpg","width":1500,"height":1000,"caption":"Est\u00e1dio da Roma"},{"@type":"BreadcrumbList","@id":"https:\/\/portaltela.pt\/noticias\/2026\/03\/13\/estadio-da-roma-vai-custar-mil-milhoes-de-euros-e-avanca-em-2027\/#breadcrumb","itemListElement":[{"@type":"ListItem","position":1,"name":"In\u00edcio","item":"https:\/\/portaltela.pt\/"},{"@type":"ListItem","position":2,"name":"Est\u00e1dio da Roma vai custar mil milh\u00f5es de euros e avan\u00e7a em 2027"}]},{"@type":"WebSite","@id":"https:\/\/portaltela.pt\/#website","url":"https:\/\/portaltela.pt\/","name":"Portal Tela Portugal","description":"","potentialAction":[{"@type":"SearchAction","target":{"@type":"EntryPoint","urlTemplate":"https:\/\/portaltela.pt\/?s={search_term_string}"},"query-input":{"@type":"PropertyValueSpecification","valueRequired":true,"valueName":"search_term_string"}}],"inLanguage":"pt-PT"},{"@type":"Person","@id":"https:\/\/portaltela.pt\/#\/schema\/person\/c4278d4a6028830caff9ee44b42d32ed","name":"Telinha","image":{"@type":"ImageObject","inLanguage":"pt-PT","@id":"https:\/\/portaltela.pt\/s.01k8rhncp4jt1\/2025\/11\/talking-bot-125x125.png","url":"https:\/\/portaltela.pt\/s.01k8rhncp4jt1\/2025\/11\/talking-bot-125x125.png","contentUrl":"https:\/\/portaltela.pt\/s.01k8rhncp4jt1\/2025\/11\/talking-bot-125x125.png","caption":"Telinha"},"sameAs":["https:\/\/portaltela.pt\/"],"url":"https:\/\/portaltela.pt\/por\/367410592786\/"}]}},"_links":{"self":[{"href":"https:\/\/portaltela.pt\/api\/wp\/v2\/posts\/409165","targetHints":{"allow":["GET"]}}],"collection":[{"href":"https:\/\/portaltela.pt\/api\/wp\/v2\/posts"}],"about":[{"href":"https:\/\/portaltela.pt\/api\/wp\/v2\/types\/post"}],"author":[{"embeddable":true,"href":"https:\/\/portaltela.pt\/api\/wp\/v2\/users\/2"}],"replies":[{"embeddable":true,"href":"https:\/\/portaltela.pt\/api\/wp\/v2\/comments?post=409165"}],"version-history":[{"count":0,"href":"https:\/\/portaltela.pt\/api\/wp\/v2\/posts\/409165\/revisions"}],"wp:featuredmedia":[{"embeddable":true,"href":"https:\/\/portaltela.pt\/api\/wp\/v2\/media\/409168"}],"wp:attachment":[{"href":"https:\/\/portaltela.pt\/api\/wp\/v2\/media?parent=409165"}],"wp:term":[{"taxonomy":"category","embeddable":true,"href":"https:\/\/portaltela.pt\/api\/wp\/v2\/categories?post=409165"},{"taxonomy":"post_tag","embeddable":true,"href":"https:\/\/portaltela.pt\/api\/wp\/v2\/tags?post=409165"}],"curies":[{"name":"wp","href":"https:\/\/api.w.org\/{rel}","templated":true}]}}