{"id":409160,"date":"2026-03-13T14:26:26","date_gmt":"2026-03-13T17:26:26","guid":{"rendered":"https:\/\/portaltela.pt\/noticias\/2026\/03\/13\/debast-aproveita-pausa-para-ver-o-irmao-mais-novo-atuar-na-algarve-cup\/"},"modified":"2026-03-13T14:26:26","modified_gmt":"2026-03-13T17:26:26","slug":"debast-aproveita-pausa-para-ver-o-irmao-mais-novo-atuar-na-algarve-cup","status":"publish","type":"post","link":"https:\/\/portaltela.pt\/desporto\/futebol\/2026\/03\/13\/debast-aproveita-pausa-para-ver-o-irmao-mais-novo-atuar-na-algarve-cup\/","title":{"rendered":"Debast aproveita pausa para ver o irm\u00e3o mais novo atuar na Algarve Cup"},"content":{"rendered":"<p>O futebolista Zeno Debast aproveitou dois dias de folga concedidos por Rui Borges ap\u00f3s o regresso do plantel de Bodo para viajar ao Algarve. O objetivo foi acompanhar o irm\u00e3o mais novo em a\u00e7\u00e3o.<\/p>\n<p>Debast esteve presente esta sexta-feira na Algarve Cup, para ver Milan Debast, que participa pela equipa de sub-13 do Anderlecht. O central do Sporting foi visto nas imagens divulgadas pela organiza\u00e7\u00e3o do torneio infantil.<\/p>\n<p>\u00c9 a segunda vez nesta \u00e9poca que Debast assiste ao irm\u00e3o nas bancadas da Algarve Cup, em partidas da equipa de sub-13 do Anderlecht. O internacional belga de 22 anos j\u00e1 tinha feito algo semelhante na temporada transacta.<\/p>\n<p>Aguarda-se o regresso do plantel verde e branco a Alcochete, com treino marcado para s\u00e1bado \u00e0s 10h00, na Academia do Sporting. Mil\u00e3o volta aos jogos entre os compromissos da equipa principal, sem conex\u00e3o direta com a selec\u00e7\u00e3o nacional.<\/p>\n","protected":false},"excerpt":{"rendered":"<ul>\n<li>Debast usufruiu de dois dias de folga concedidos por Rui Borges ap\u00f3s o regresso do plantel do Sporting.<\/li>\n<li>O central esteve no Algarve, nesta sexta-feira, para ver o irm\u00e3o mais novo, Milan Debast, que joga pela equipa de sub-13 do Anderlecht na Algarve Cup.<\/li>\n<li>As imagens foram partilhadas pela organiza\u00e7\u00e3o do torneio infantil, e j\u00e1 tinha acontecido na temporada anterior.<\/li>\n<li>O regresso ao trabalho do Sporting est\u00e1 marcado para este s\u00e1bado, com treino matinal \u00e0s 10h00 na Academia de Alcochete.<\/li>\n<\/ul>\n","protected":false},"author":2,"featured_media":409163,"comment_status":"closed","ping_status":"closed","sticky":false,"template":"","format":"standard","meta":{"footnotes":""},"categories":[21,24],"tags":[928,2726,1599,32,3338,1014],"class_list":["post-409160","post","type-post","status-publish","format-standard","has-post-thumbnail","hentry","category-desporto","category-futebol","tag-algarve","tag-anderlecht","tag-belgica","tag-futebol","tag-futebol-internacional","tag-portugal"],"yoast_head":"<!-- This site is optimized with the Yoast SEO plugin v27.2 - https:\/\/yoast.com\/product\/yoast-seo-wordpress\/ -->\n<title>Debast aproveita pausa para ver o irm\u00e3o mais novo atuar na Algarve Cup - Portal Tela Portugal<\/title>\n<meta name=\"robots\" content=\"index, follow, max-snippet:-1, max-image-preview:large, max-video-preview:-1\" \/>\n<meta property=\"og:locale\" content=\"pt_PT\" \/>\n<meta property=\"og:type\" content=\"article\" \/>\n<meta property=\"og:title\" content=\"Debast aproveita pausa para ver o irm\u00e3o mais novo atuar na Algarve Cup - Portal Tela Portugal\" \/>\n<meta property=\"og:description\" content=\"Debast usufruiu de dois dias de folga concedidos por Rui Borges ap\u00f3s o regresso do plantel do Sporting. O central esteve no Algarve, nesta sexta-feira, para ver o irm\u00e3o mais novo, Milan Debast, que joga pela equipa de sub-13 do Anderlecht na Algarve Cup. As imagens foram partilhadas pela organiza\u00e7\u00e3o do torneio infantil, e j\u00e1 tinha acontecido na temporada anterior. O regresso ao trabalho do Sporting est\u00e1 marcado para este s\u00e1bado, com treino matinal \u00e0s 10h00 na Academia de Alcochete.\" \/>\n<meta property=\"og:url\" content=\"https:\/\/portaltela.pt\/noticias\/2026\/03\/13\/debast-aproveita-pausa-para-ver-o-irmao-mais-novo-atuar-na-algarve-cup\/\" \/>\n<meta property=\"og:site_name\" content=\"Portal Tela Portugal\" \/>\n<meta property=\"article:published_time\" content=\"2026-03-13T17:26:26+00:00\" \/>\n<meta name=\"author\" content=\"Telinha\" \/>\n<meta name=\"twitter:card\" content=\"summary_large_image\" \/>\n<meta name=\"twitter:label1\" content=\"Escrito por\" \/>\n\t<meta name=\"twitter:data1\" content=\"Telinha\" \/>\n\t<meta name=\"twitter:label2\" content=\"Tempo estimado de leitura\" \/>\n\t<meta name=\"twitter:data2\" content=\"1 minuto\" \/>\n<script type=\"application\/ld+json\" class=\"yoast-schema-graph\">{\"@context\":\"https:\/\/schema.org\",\"@graph\":[{\"@type\":\"Article\",\"@id\":\"https:\/\/portaltela.pt\/noticias\/2026\/03\/13\/debast-aproveita-pausa-para-ver-o-irmao-mais-novo-atuar-na-algarve-cup\/#article\",\"isPartOf\":{\"@id\":\"https:\/\/portaltela.pt\/noticias\/2026\/03\/13\/debast-aproveita-pausa-para-ver-o-irmao-mais-novo-atuar-na-algarve-cup\/\"},\"author\":{\"name\":\"Telinha\",\"@id\":\"https:\/\/portaltela.pt\/#\/schema\/person\/c4278d4a6028830caff9ee44b42d32ed\"},\"headline\":\"Debast aproveita pausa para ver o irm\u00e3o mais novo atuar na Algarve Cup\",\"datePublished\":\"2026-03-13T17:26:26+00:00\",\"mainEntityOfPage\":{\"@id\":\"https:\/\/portaltela.pt\/noticias\/2026\/03\/13\/debast-aproveita-pausa-para-ver-o-irmao-mais-novo-atuar-na-algarve-cup\/\"},\"wordCount\":165,\"image\":{\"@id\":\"https:\/\/portaltela.pt\/noticias\/2026\/03\/13\/debast-aproveita-pausa-para-ver-o-irmao-mais-novo-atuar-na-algarve-cup\/#primaryimage\"},\"thumbnailUrl\":\"https:\/\/portaltela.pt\/s.01k8rhncp4jt1\/2026\/03\/img_920x518uu2026-03-13-17-03-25-2426709.jpg\",\"keywords\":[\"Algarve\",\"Anderlecht\",\"B\u00e9lgica\",\"futebol\",\"futebol internacional\",\"Portugal\"],\"articleSection\":[\"Desporto\",\"Futebol\"],\"inLanguage\":\"pt-PT\"},{\"@type\":\"WebPage\",\"@id\":\"https:\/\/portaltela.pt\/noticias\/2026\/03\/13\/debast-aproveita-pausa-para-ver-o-irmao-mais-novo-atuar-na-algarve-cup\/\",\"url\":\"https:\/\/portaltela.pt\/noticias\/2026\/03\/13\/debast-aproveita-pausa-para-ver-o-irmao-mais-novo-atuar-na-algarve-cup\/\",\"name\":\"Debast aproveita pausa para ver o irm\u00e3o mais novo atuar na Algarve Cup - Portal Tela Portugal\",\"isPartOf\":{\"@id\":\"https:\/\/portaltela.pt\/#website\"},\"primaryImageOfPage\":{\"@id\":\"https:\/\/portaltela.pt\/noticias\/2026\/03\/13\/debast-aproveita-pausa-para-ver-o-irmao-mais-novo-atuar-na-algarve-cup\/#primaryimage\"},\"image\":{\"@id\":\"https:\/\/portaltela.pt\/noticias\/2026\/03\/13\/debast-aproveita-pausa-para-ver-o-irmao-mais-novo-atuar-na-algarve-cup\/#primaryimage\"},\"thumbnailUrl\":\"https:\/\/portaltela.pt\/s.01k8rhncp4jt1\/2026\/03\/img_920x518uu2026-03-13-17-03-25-2426709.jpg\",\"datePublished\":\"2026-03-13T17:26:26+00:00\",\"author\":{\"@id\":\"https:\/\/portaltela.pt\/#\/schema\/person\/c4278d4a6028830caff9ee44b42d32ed\"},\"breadcrumb\":{\"@id\":\"https:\/\/portaltela.pt\/noticias\/2026\/03\/13\/debast-aproveita-pausa-para-ver-o-irmao-mais-novo-atuar-na-algarve-cup\/#breadcrumb\"},\"inLanguage\":\"pt-PT\",\"potentialAction\":[{\"@type\":\"ReadAction\",\"target\":[\"https:\/\/portaltela.pt\/noticias\/2026\/03\/13\/debast-aproveita-pausa-para-ver-o-irmao-mais-novo-atuar-na-algarve-cup\/\"]}]},{\"@type\":\"ImageObject\",\"inLanguage\":\"pt-PT\",\"@id\":\"https:\/\/portaltela.pt\/noticias\/2026\/03\/13\/debast-aproveita-pausa-para-ver-o-irmao-mais-novo-atuar-na-algarve-cup\/#primaryimage\",\"url\":\"https:\/\/portaltela.pt\/s.01k8rhncp4jt1\/2026\/03\/img_920x518uu2026-03-13-17-03-25-2426709.jpg\",\"contentUrl\":\"https:\/\/portaltela.pt\/s.01k8rhncp4jt1\/2026\/03\/img_920x518uu2026-03-13-17-03-25-2426709.jpg\",\"width\":796,\"height\":448,\"caption\":\"Debast atento ao jogo do irm\u00e3o\"},{\"@type\":\"BreadcrumbList\",\"@id\":\"https:\/\/portaltela.pt\/noticias\/2026\/03\/13\/debast-aproveita-pausa-para-ver-o-irmao-mais-novo-atuar-na-algarve-cup\/#breadcrumb\",\"itemListElement\":[{\"@type\":\"ListItem\",\"position\":1,\"name\":\"In\u00edcio\",\"item\":\"https:\/\/portaltela.pt\/\"},{\"@type\":\"ListItem\",\"position\":2,\"name\":\"Debast aproveita pausa para ver o irm\u00e3o mais novo atuar na Algarve Cup\"}]},{\"@type\":\"WebSite\",\"@id\":\"https:\/\/portaltela.pt\/#website\",\"url\":\"https:\/\/portaltela.pt\/\",\"name\":\"Portal Tela Portugal\",\"description\":\"\",\"potentialAction\":[{\"@type\":\"SearchAction\",\"target\":{\"@type\":\"EntryPoint\",\"urlTemplate\":\"https:\/\/portaltela.pt\/?s={search_term_string}\"},\"query-input\":{\"@type\":\"PropertyValueSpecification\",\"valueRequired\":true,\"valueName\":\"search_term_string\"}}],\"inLanguage\":\"pt-PT\"},{\"@type\":\"Person\",\"@id\":\"https:\/\/portaltela.pt\/#\/schema\/person\/c4278d4a6028830caff9ee44b42d32ed\",\"name\":\"Telinha\",\"image\":{\"@type\":\"ImageObject\",\"inLanguage\":\"pt-PT\",\"@id\":\"https:\/\/portaltela.pt\/s.01k8rhncp4jt1\/2025\/11\/talking-bot-125x125.png\",\"url\":\"https:\/\/portaltela.pt\/s.01k8rhncp4jt1\/2025\/11\/talking-bot-125x125.png\",\"contentUrl\":\"https:\/\/portaltela.pt\/s.01k8rhncp4jt1\/2025\/11\/talking-bot-125x125.png\",\"caption\":\"Telinha\"},\"sameAs\":[\"https:\/\/portaltela.pt\/\"],\"url\":\"https:\/\/portaltela.pt\/por\/367410592786\/\"}]}<\/script>\n<!-- \/ Yoast SEO plugin. -->","yoast_head_json":{"title":"Debast aproveita pausa para ver o irm\u00e3o mais novo atuar na Algarve Cup - Portal Tela Portugal","robots":{"index":"index","follow":"follow","max-snippet":"max-snippet:-1","max-image-preview":"max-image-preview:large","max-video-preview":"max-video-preview:-1"},"og_locale":"pt_PT","og_type":"article","og_title":"Debast aproveita pausa para ver o irm\u00e3o mais novo atuar na Algarve Cup - Portal Tela Portugal","og_description":"Debast usufruiu de dois dias de folga concedidos por Rui Borges ap\u00f3s o regresso do plantel do Sporting. O central esteve no Algarve, nesta sexta-feira, para ver o irm\u00e3o mais novo, Milan Debast, que joga pela equipa de sub-13 do Anderlecht na Algarve Cup. As imagens foram partilhadas pela organiza\u00e7\u00e3o do torneio infantil, e j\u00e1 tinha acontecido na temporada anterior. O regresso ao trabalho do Sporting est\u00e1 marcado para este s\u00e1bado, com treino matinal \u00e0s 10h00 na Academia de Alcochete.","og_url":"https:\/\/portaltela.pt\/noticias\/2026\/03\/13\/debast-aproveita-pausa-para-ver-o-irmao-mais-novo-atuar-na-algarve-cup\/","og_site_name":"Portal Tela Portugal","article_published_time":"2026-03-13T17:26:26+00:00","author":"Telinha","twitter_card":"summary_large_image","twitter_misc":{"Escrito por":"Telinha","Tempo estimado de leitura":"1 minuto"},"schema":{"@context":"https:\/\/schema.org","@graph":[{"@type":"Article","@id":"https:\/\/portaltela.pt\/noticias\/2026\/03\/13\/debast-aproveita-pausa-para-ver-o-irmao-mais-novo-atuar-na-algarve-cup\/#article","isPartOf":{"@id":"https:\/\/portaltela.pt\/noticias\/2026\/03\/13\/debast-aproveita-pausa-para-ver-o-irmao-mais-novo-atuar-na-algarve-cup\/"},"author":{"name":"Telinha","@id":"https:\/\/portaltela.pt\/#\/schema\/person\/c4278d4a6028830caff9ee44b42d32ed"},"headline":"Debast aproveita pausa para ver o irm\u00e3o mais novo atuar na Algarve Cup","datePublished":"2026-03-13T17:26:26+00:00","mainEntityOfPage":{"@id":"https:\/\/portaltela.pt\/noticias\/2026\/03\/13\/debast-aproveita-pausa-para-ver-o-irmao-mais-novo-atuar-na-algarve-cup\/"},"wordCount":165,"image":{"@id":"https:\/\/portaltela.pt\/noticias\/2026\/03\/13\/debast-aproveita-pausa-para-ver-o-irmao-mais-novo-atuar-na-algarve-cup\/#primaryimage"},"thumbnailUrl":"https:\/\/portaltela.pt\/s.01k8rhncp4jt1\/2026\/03\/img_920x518uu2026-03-13-17-03-25-2426709.jpg","keywords":["Algarve","Anderlecht","B\u00e9lgica","futebol","futebol internacional","Portugal"],"articleSection":["Desporto","Futebol"],"inLanguage":"pt-PT"},{"@type":"WebPage","@id":"https:\/\/portaltela.pt\/noticias\/2026\/03\/13\/debast-aproveita-pausa-para-ver-o-irmao-mais-novo-atuar-na-algarve-cup\/","url":"https:\/\/portaltela.pt\/noticias\/2026\/03\/13\/debast-aproveita-pausa-para-ver-o-irmao-mais-novo-atuar-na-algarve-cup\/","name":"Debast aproveita pausa para ver o irm\u00e3o mais novo atuar na Algarve Cup - Portal Tela Portugal","isPartOf":{"@id":"https:\/\/portaltela.pt\/#website"},"primaryImageOfPage":{"@id":"https:\/\/portaltela.pt\/noticias\/2026\/03\/13\/debast-aproveita-pausa-para-ver-o-irmao-mais-novo-atuar-na-algarve-cup\/#primaryimage"},"image":{"@id":"https:\/\/portaltela.pt\/noticias\/2026\/03\/13\/debast-aproveita-pausa-para-ver-o-irmao-mais-novo-atuar-na-algarve-cup\/#primaryimage"},"thumbnailUrl":"https:\/\/portaltela.pt\/s.01k8rhncp4jt1\/2026\/03\/img_920x518uu2026-03-13-17-03-25-2426709.jpg","datePublished":"2026-03-13T17:26:26+00:00","author":{"@id":"https:\/\/portaltela.pt\/#\/schema\/person\/c4278d4a6028830caff9ee44b42d32ed"},"breadcrumb":{"@id":"https:\/\/portaltela.pt\/noticias\/2026\/03\/13\/debast-aproveita-pausa-para-ver-o-irmao-mais-novo-atuar-na-algarve-cup\/#breadcrumb"},"inLanguage":"pt-PT","potentialAction":[{"@type":"ReadAction","target":["https:\/\/portaltela.pt\/noticias\/2026\/03\/13\/debast-aproveita-pausa-para-ver-o-irmao-mais-novo-atuar-na-algarve-cup\/"]}]},{"@type":"ImageObject","inLanguage":"pt-PT","@id":"https:\/\/portaltela.pt\/noticias\/2026\/03\/13\/debast-aproveita-pausa-para-ver-o-irmao-mais-novo-atuar-na-algarve-cup\/#primaryimage","url":"https:\/\/portaltela.pt\/s.01k8rhncp4jt1\/2026\/03\/img_920x518uu2026-03-13-17-03-25-2426709.jpg","contentUrl":"https:\/\/portaltela.pt\/s.01k8rhncp4jt1\/2026\/03\/img_920x518uu2026-03-13-17-03-25-2426709.jpg","width":796,"height":448,"caption":"Debast atento ao jogo do irm\u00e3o"},{"@type":"BreadcrumbList","@id":"https:\/\/portaltela.pt\/noticias\/2026\/03\/13\/debast-aproveita-pausa-para-ver-o-irmao-mais-novo-atuar-na-algarve-cup\/#breadcrumb","itemListElement":[{"@type":"ListItem","position":1,"name":"In\u00edcio","item":"https:\/\/portaltela.pt\/"},{"@type":"ListItem","position":2,"name":"Debast aproveita pausa para ver o irm\u00e3o mais novo atuar na Algarve Cup"}]},{"@type":"WebSite","@id":"https:\/\/portaltela.pt\/#website","url":"https:\/\/portaltela.pt\/","name":"Portal Tela Portugal","description":"","potentialAction":[{"@type":"SearchAction","target":{"@type":"EntryPoint","urlTemplate":"https:\/\/portaltela.pt\/?s={search_term_string}"},"query-input":{"@type":"PropertyValueSpecification","valueRequired":true,"valueName":"search_term_string"}}],"inLanguage":"pt-PT"},{"@type":"Person","@id":"https:\/\/portaltela.pt\/#\/schema\/person\/c4278d4a6028830caff9ee44b42d32ed","name":"Telinha","image":{"@type":"ImageObject","inLanguage":"pt-PT","@id":"https:\/\/portaltela.pt\/s.01k8rhncp4jt1\/2025\/11\/talking-bot-125x125.png","url":"https:\/\/portaltela.pt\/s.01k8rhncp4jt1\/2025\/11\/talking-bot-125x125.png","contentUrl":"https:\/\/portaltela.pt\/s.01k8rhncp4jt1\/2025\/11\/talking-bot-125x125.png","caption":"Telinha"},"sameAs":["https:\/\/portaltela.pt\/"],"url":"https:\/\/portaltela.pt\/por\/367410592786\/"}]}},"_links":{"self":[{"href":"https:\/\/portaltela.pt\/api\/wp\/v2\/posts\/409160","targetHints":{"allow":["GET"]}}],"collection":[{"href":"https:\/\/portaltela.pt\/api\/wp\/v2\/posts"}],"about":[{"href":"https:\/\/portaltela.pt\/api\/wp\/v2\/types\/post"}],"author":[{"embeddable":true,"href":"https:\/\/portaltela.pt\/api\/wp\/v2\/users\/2"}],"replies":[{"embeddable":true,"href":"https:\/\/portaltela.pt\/api\/wp\/v2\/comments?post=409160"}],"version-history":[{"count":0,"href":"https:\/\/portaltela.pt\/api\/wp\/v2\/posts\/409160\/revisions"}],"wp:featuredmedia":[{"embeddable":true,"href":"https:\/\/portaltela.pt\/api\/wp\/v2\/media\/409163"}],"wp:attachment":[{"href":"https:\/\/portaltela.pt\/api\/wp\/v2\/media?parent=409160"}],"wp:term":[{"taxonomy":"category","embeddable":true,"href":"https:\/\/portaltela.pt\/api\/wp\/v2\/categories?post=409160"},{"taxonomy":"post_tag","embeddable":true,"href":"https:\/\/portaltela.pt\/api\/wp\/v2\/tags?post=409160"}],"curies":[{"name":"wp","href":"https:\/\/api.w.org\/{rel}","templated":true}]}}