{"id":409153,"date":"2026-03-13T14:27:31","date_gmt":"2026-03-13T17:27:31","guid":{"rendered":"https:\/\/portaltela.pt\/noticias\/2026\/03\/13\/cdp-quer-desporto-incluido-no-portugal-transformacao-recuperacao-e-resiliencia\/"},"modified":"2026-03-13T14:27:31","modified_gmt":"2026-03-13T17:27:31","slug":"cdp-quer-desporto-incluido-no-portugal-transformacao-recuperacao-e-resiliencia","status":"publish","type":"post","link":"https:\/\/portaltela.pt\/desporto\/futebol\/2026\/03\/13\/cdp-quer-desporto-incluido-no-portugal-transformacao-recuperacao-e-resiliencia\/","title":{"rendered":"CDP quer Desporto inclu\u00eddo no Portugal Transforma\u00e7\u00e3o, Recupera\u00e7\u00e3o e Resili\u00eancia"},"content":{"rendered":"<p>O CDP pediu que o Desporto seja inclu\u00eddo no Portugal Transforma\u00e7\u00e3o, Recupera\u00e7\u00e3o e Resili\u00eancia (PTRR), lamentando a aus\u00eancia de men\u00e7\u00e3o ao setor nas linhas-or\u00e7amento. O apelo surgiu ap\u00f3s as tempestades que afetam v\u00e1rias regi\u00f5es nos meses de janeiro e fevereiro. A confirma\u00e7\u00e3o veio ap\u00f3s o organismo se reunir com o secret\u00e1rio de Estado do Desporto, Pedro Dias, para apresentar propostas no \u00e2mbito do processo de ausculta\u00e7\u00e3o promovido pelo Governo.<\/p>\n<p>A CDP destaca que o Desporto foi fortemente afetado pelas recentes intemp\u00e9ries, com danos a infraestruturas municipais e associativas. A entidade sublinha a import\u00e2ncia de medidas que garantam a continuidade da pr\u00e1tica desportiva e o desenvolvimento das modalidades, em especial para clubes e comunidades locais.<\/p>\n<p>A organiza\u00e7\u00e3o ressalva que, sem prioridade no PTRR, corre o risco de repetir falhas do passado, quando o Desporto n\u00e3o teve peso suficiente na constru\u00e7\u00e3o do futuro do pa\u00eds. O objetivo \u00e9 criar condi\u00e7\u00f5es est\u00e1veis para a pr\u00e1tica desportiva durante a recupera\u00e7\u00e3o.<\/p>\n<h3>Propostas da CDP para incluir o Desporto no PTRR<\/h3>\n<p>1. Cria\u00e7\u00e3o de um programa extraordin\u00e1rio de recupera\u00e7\u00e3o e reabilita\u00e7\u00e3o de infraestruturas desportivas danificadas pelas tempestades, com prazo de 12 a 24 meses para restabelecer utiliza\u00e7\u00e3o.<\/p>\n<p>2. Refor\u00e7o da capacidade de interven\u00e7\u00e3o das federa\u00e7\u00f5es desportivas, reconhecendo o papel estrat\u00e9gico na organiza\u00e7\u00e3o de modalidades, associa\u00e7\u00f5es e clubes.<\/p>\n<p>3. Revis\u00e3o da distribui\u00e7\u00e3o de receitas de apostas desportivas online, para refor\u00e7ar o financiamento das federa\u00e7\u00f5es em cerca de 15 milh\u00f5es de euros por ano.<\/p>\n<p>4. Enquadramento fiscal espec\u00edfico para o Desporto, com benef\u00edcios fiscais a entidades desportivas, estatuto do dirigente associativo, regime de IVA e dedu\u00e7\u00f5es de IRS relacionadas com a pr\u00e1tica desportiva.<\/p>\n<p>5. Programa nacional de moderniza\u00e7\u00e3o e constru\u00e7\u00e3o de infraestruturas desportivas, para requalificar instala\u00e7\u00f5es escolares, municipais e associativas.<\/p>\n<p>6. Programa de transi\u00e7\u00e3o digital do sistema desportivo federado, visando a moderniza\u00e7\u00e3o da gest\u00e3o, organiza\u00e7\u00e3o e desenvolvimento das modalidades.<\/p>\n<p>Para o presidente da CDP, Daniel Monteiro, o PTRR deve incluir o Desporto para fortalecer a recupera\u00e7\u00e3o do pa\u00eds, modernizar infraestruturas e impulsionar a participa\u00e7\u00e3o dos jovens em todo o territ\u00f3rio.<\/p>\n","protected":false},"excerpt":{"rendered":"<ul>\n<li>A Confedera\u00e7\u00e3o do Desporto de Portugal (CDP) lamenta a aus\u00eancia do Desporto no programa Portugal Transforma\u00e7\u00e3o, Recupera\u00e7\u00e3o e Resili\u00eancia (PTRR) e reuniu-se com o secret\u00e1rio de Estado do Desporto, Pedro Dias, para apresentar propostas.<\/li>\n<li>Propostas da CDP para o PTRR: criar um programa extraordin\u00e1rio de recupera\u00e7\u00e3o e reabilita\u00e7\u00e3o de infraestruturas desportivas, refor\u00e7ar a interven\u00e7\u00e3o das federa\u00e7\u00f5es, rever a distribui\u00e7\u00e3o das receitas das apostas online, ajustar o enquadramento fiscal do Desporto, lan\u00e7ar um programa nacional de moderniza\u00e7\u00e3o de infraestruturas, e iniciar um programa de transi\u00e7\u00e3o digital do sistema desportivo federado.<\/li>\n<li>A CDP aponta que muitas instala\u00e7\u00f5es desportivas sofreram danos nas tempestades, prejudicando a pr\u00e1tica desportiva e a atividade de clubes, com horizonte de recupera\u00e7\u00e3o estimado entre doze e vinte e quatro meses.<\/li>\n<li>Daniel Monteiro, presidente da CDP, diz que o Desporto tem de ficar inclu\u00eddo no PTRR para fortalecer infraestruturas, capacidades de interven\u00e7\u00e3o e transforma\u00e7\u00e3o digital no setor, assegurando mais jovens na pr\u00e1tica desportiva por todo o pa\u00eds.<\/li>\n<\/ul>\n","protected":false},"author":2,"featured_media":409156,"comment_status":"closed","ping_status":"closed","sticky":false,"template":"","format":"standard","meta":{"footnotes":""},"categories":[21,24],"tags":[152,6344,2417,258,2832,1014],"class_list":["post-409153","post","type-post","status-publish","format-standard","has-post-thumbnail","hentry","category-desporto","category-futebol","tag-desporto","tag-federacoes-desportivas","tag-financiamento","tag-infraestruturas","tag-politica","tag-portugal"],"yoast_head":"<!-- This site is optimized with the Yoast SEO plugin v27.2 - https:\/\/yoast.com\/product\/yoast-seo-wordpress\/ -->\n<title>CDP quer Desporto inclu\u00eddo no Portugal Transforma\u00e7\u00e3o, Recupera\u00e7\u00e3o e Resili\u00eancia - Portal Tela Portugal<\/title>\n<meta name=\"robots\" content=\"index, follow, max-snippet:-1, max-image-preview:large, max-video-preview:-1\" \/>\n<meta property=\"og:locale\" content=\"pt_PT\" \/>\n<meta property=\"og:type\" content=\"article\" \/>\n<meta property=\"og:title\" content=\"CDP quer Desporto inclu\u00eddo no Portugal Transforma\u00e7\u00e3o, Recupera\u00e7\u00e3o e Resili\u00eancia - Portal Tela Portugal\" \/>\n<meta property=\"og:description\" content=\"A Confedera\u00e7\u00e3o do Desporto de Portugal (CDP) lamenta a aus\u00eancia do Desporto no programa Portugal Transforma\u00e7\u00e3o, Recupera\u00e7\u00e3o e Resili\u00eancia (PTRR) e reuniu-se com o secret\u00e1rio de Estado do Desporto, Pedro Dias, para apresentar propostas. Propostas da CDP para o PTRR: criar um programa extraordin\u00e1rio de recupera\u00e7\u00e3o e reabilita\u00e7\u00e3o de infraestruturas desportivas, refor\u00e7ar a interven\u00e7\u00e3o das federa\u00e7\u00f5es, rever a distribui\u00e7\u00e3o das receitas das apostas online, ajustar o enquadramento fiscal do Desporto, lan\u00e7ar um programa nacional de moderniza\u00e7\u00e3o de infraestruturas, e iniciar um programa de transi\u00e7\u00e3o digital do sistema desportivo federado. A CDP aponta que muitas instala\u00e7\u00f5es desportivas sofreram danos nas tempestades, prejudicando a pr\u00e1tica desportiva e a atividade de clubes, com horizonte de recupera\u00e7\u00e3o estimado entre doze e vinte e quatro meses. Daniel Monteiro, presidente da CDP, diz que o Desporto tem de ficar inclu\u00eddo no PTRR para fortalecer infraestruturas, capacidades de interven\u00e7\u00e3o e transforma\u00e7\u00e3o digital no setor, assegurando mais jovens na pr\u00e1tica desportiva por todo o pa\u00eds.\" \/>\n<meta property=\"og:url\" content=\"https:\/\/portaltela.pt\/noticias\/2026\/03\/13\/cdp-quer-desporto-incluido-no-portugal-transformacao-recuperacao-e-resiliencia\/\" \/>\n<meta property=\"og:site_name\" content=\"Portal Tela Portugal\" \/>\n<meta property=\"article:published_time\" content=\"2026-03-13T17:27:31+00:00\" \/>\n<meta name=\"author\" content=\"Telinha\" \/>\n<meta name=\"twitter:card\" content=\"summary_large_image\" \/>\n<meta name=\"twitter:label1\" content=\"Escrito por\" \/>\n\t<meta name=\"twitter:data1\" content=\"Telinha\" \/>\n\t<meta name=\"twitter:label2\" content=\"Tempo estimado de leitura\" \/>\n\t<meta name=\"twitter:data2\" content=\"2 minutos\" \/>\n<script type=\"application\/ld+json\" class=\"yoast-schema-graph\">{\"@context\":\"https:\/\/schema.org\",\"@graph\":[{\"@type\":\"Article\",\"@id\":\"https:\/\/portaltela.pt\/noticias\/2026\/03\/13\/cdp-quer-desporto-incluido-no-portugal-transformacao-recuperacao-e-resiliencia\/#article\",\"isPartOf\":{\"@id\":\"https:\/\/portaltela.pt\/noticias\/2026\/03\/13\/cdp-quer-desporto-incluido-no-portugal-transformacao-recuperacao-e-resiliencia\/\"},\"author\":{\"name\":\"Telinha\",\"@id\":\"https:\/\/portaltela.pt\/#\/schema\/person\/c4278d4a6028830caff9ee44b42d32ed\"},\"headline\":\"CDP quer Desporto inclu\u00eddo no Portugal Transforma\u00e7\u00e3o, Recupera\u00e7\u00e3o e Resili\u00eancia\",\"datePublished\":\"2026-03-13T17:27:31+00:00\",\"mainEntityOfPage\":{\"@id\":\"https:\/\/portaltela.pt\/noticias\/2026\/03\/13\/cdp-quer-desporto-incluido-no-portugal-transformacao-recuperacao-e-resiliencia\/\"},\"wordCount\":392,\"image\":{\"@id\":\"https:\/\/portaltela.pt\/noticias\/2026\/03\/13\/cdp-quer-desporto-incluido-no-portugal-transformacao-recuperacao-e-resiliencia\/#primaryimage\"},\"thumbnailUrl\":\"https:\/\/portaltela.pt\/s.01k8rhncp4jt1\/2026\/03\/img_920x518uu2026-03-13-17-26-14-2426715.jpg\",\"keywords\":[\"desporto\",\"federa\u00e7\u00f5es desportivas\",\"financiamento\",\"infraestruturas\",\"pol\u00edtica\",\"Portugal\"],\"articleSection\":[\"Desporto\",\"Futebol\"],\"inLanguage\":\"pt-PT\"},{\"@type\":\"WebPage\",\"@id\":\"https:\/\/portaltela.pt\/noticias\/2026\/03\/13\/cdp-quer-desporto-incluido-no-portugal-transformacao-recuperacao-e-resiliencia\/\",\"url\":\"https:\/\/portaltela.pt\/noticias\/2026\/03\/13\/cdp-quer-desporto-incluido-no-portugal-transformacao-recuperacao-e-resiliencia\/\",\"name\":\"CDP quer Desporto inclu\u00eddo no Portugal Transforma\u00e7\u00e3o, Recupera\u00e7\u00e3o e Resili\u00eancia - Portal Tela Portugal\",\"isPartOf\":{\"@id\":\"https:\/\/portaltela.pt\/#website\"},\"primaryImageOfPage\":{\"@id\":\"https:\/\/portaltela.pt\/noticias\/2026\/03\/13\/cdp-quer-desporto-incluido-no-portugal-transformacao-recuperacao-e-resiliencia\/#primaryimage\"},\"image\":{\"@id\":\"https:\/\/portaltela.pt\/noticias\/2026\/03\/13\/cdp-quer-desporto-incluido-no-portugal-transformacao-recuperacao-e-resiliencia\/#primaryimage\"},\"thumbnailUrl\":\"https:\/\/portaltela.pt\/s.01k8rhncp4jt1\/2026\/03\/img_920x518uu2026-03-13-17-26-14-2426715.jpg\",\"datePublished\":\"2026-03-13T17:27:31+00:00\",\"author\":{\"@id\":\"https:\/\/portaltela.pt\/#\/schema\/person\/c4278d4a6028830caff9ee44b42d32ed\"},\"breadcrumb\":{\"@id\":\"https:\/\/portaltela.pt\/noticias\/2026\/03\/13\/cdp-quer-desporto-incluido-no-portugal-transformacao-recuperacao-e-resiliencia\/#breadcrumb\"},\"inLanguage\":\"pt-PT\",\"potentialAction\":[{\"@type\":\"ReadAction\",\"target\":[\"https:\/\/portaltela.pt\/noticias\/2026\/03\/13\/cdp-quer-desporto-incluido-no-portugal-transformacao-recuperacao-e-resiliencia\/\"]}]},{\"@type\":\"ImageObject\",\"inLanguage\":\"pt-PT\",\"@id\":\"https:\/\/portaltela.pt\/noticias\/2026\/03\/13\/cdp-quer-desporto-incluido-no-portugal-transformacao-recuperacao-e-resiliencia\/#primaryimage\",\"url\":\"https:\/\/portaltela.pt\/s.01k8rhncp4jt1\/2026\/03\/img_920x518uu2026-03-13-17-26-14-2426715.jpg\",\"contentUrl\":\"https:\/\/portaltela.pt\/s.01k8rhncp4jt1\/2026\/03\/img_920x518uu2026-03-13-17-26-14-2426715.jpg\",\"width\":796,\"height\":448,\"caption\":\"Federa\u00e7\u00f5es lamentam aus\u00eancia do Desporto no PTRR\"},{\"@type\":\"BreadcrumbList\",\"@id\":\"https:\/\/portaltela.pt\/noticias\/2026\/03\/13\/cdp-quer-desporto-incluido-no-portugal-transformacao-recuperacao-e-resiliencia\/#breadcrumb\",\"itemListElement\":[{\"@type\":\"ListItem\",\"position\":1,\"name\":\"In\u00edcio\",\"item\":\"https:\/\/portaltela.pt\/\"},{\"@type\":\"ListItem\",\"position\":2,\"name\":\"CDP quer Desporto inclu\u00eddo no Portugal Transforma\u00e7\u00e3o, Recupera\u00e7\u00e3o e Resili\u00eancia\"}]},{\"@type\":\"WebSite\",\"@id\":\"https:\/\/portaltela.pt\/#website\",\"url\":\"https:\/\/portaltela.pt\/\",\"name\":\"Portal Tela Portugal\",\"description\":\"\",\"potentialAction\":[{\"@type\":\"SearchAction\",\"target\":{\"@type\":\"EntryPoint\",\"urlTemplate\":\"https:\/\/portaltela.pt\/?s={search_term_string}\"},\"query-input\":{\"@type\":\"PropertyValueSpecification\",\"valueRequired\":true,\"valueName\":\"search_term_string\"}}],\"inLanguage\":\"pt-PT\"},{\"@type\":\"Person\",\"@id\":\"https:\/\/portaltela.pt\/#\/schema\/person\/c4278d4a6028830caff9ee44b42d32ed\",\"name\":\"Telinha\",\"image\":{\"@type\":\"ImageObject\",\"inLanguage\":\"pt-PT\",\"@id\":\"https:\/\/portaltela.pt\/s.01k8rhncp4jt1\/2025\/11\/talking-bot-125x125.png\",\"url\":\"https:\/\/portaltela.pt\/s.01k8rhncp4jt1\/2025\/11\/talking-bot-125x125.png\",\"contentUrl\":\"https:\/\/portaltela.pt\/s.01k8rhncp4jt1\/2025\/11\/talking-bot-125x125.png\",\"caption\":\"Telinha\"},\"sameAs\":[\"https:\/\/portaltela.pt\/\"],\"url\":\"https:\/\/portaltela.pt\/por\/367410592786\/\"}]}<\/script>\n<!-- \/ Yoast SEO plugin. -->","yoast_head_json":{"title":"CDP quer Desporto inclu\u00eddo no Portugal Transforma\u00e7\u00e3o, Recupera\u00e7\u00e3o e Resili\u00eancia - Portal Tela Portugal","robots":{"index":"index","follow":"follow","max-snippet":"max-snippet:-1","max-image-preview":"max-image-preview:large","max-video-preview":"max-video-preview:-1"},"og_locale":"pt_PT","og_type":"article","og_title":"CDP quer Desporto inclu\u00eddo no Portugal Transforma\u00e7\u00e3o, Recupera\u00e7\u00e3o e Resili\u00eancia - Portal Tela Portugal","og_description":"A Confedera\u00e7\u00e3o do Desporto de Portugal (CDP) lamenta a aus\u00eancia do Desporto no programa Portugal Transforma\u00e7\u00e3o, Recupera\u00e7\u00e3o e Resili\u00eancia (PTRR) e reuniu-se com o secret\u00e1rio de Estado do Desporto, Pedro Dias, para apresentar propostas. Propostas da CDP para o PTRR: criar um programa extraordin\u00e1rio de recupera\u00e7\u00e3o e reabilita\u00e7\u00e3o de infraestruturas desportivas, refor\u00e7ar a interven\u00e7\u00e3o das federa\u00e7\u00f5es, rever a distribui\u00e7\u00e3o das receitas das apostas online, ajustar o enquadramento fiscal do Desporto, lan\u00e7ar um programa nacional de moderniza\u00e7\u00e3o de infraestruturas, e iniciar um programa de transi\u00e7\u00e3o digital do sistema desportivo federado. A CDP aponta que muitas instala\u00e7\u00f5es desportivas sofreram danos nas tempestades, prejudicando a pr\u00e1tica desportiva e a atividade de clubes, com horizonte de recupera\u00e7\u00e3o estimado entre doze e vinte e quatro meses. Daniel Monteiro, presidente da CDP, diz que o Desporto tem de ficar inclu\u00eddo no PTRR para fortalecer infraestruturas, capacidades de interven\u00e7\u00e3o e transforma\u00e7\u00e3o digital no setor, assegurando mais jovens na pr\u00e1tica desportiva por todo o pa\u00eds.","og_url":"https:\/\/portaltela.pt\/noticias\/2026\/03\/13\/cdp-quer-desporto-incluido-no-portugal-transformacao-recuperacao-e-resiliencia\/","og_site_name":"Portal Tela Portugal","article_published_time":"2026-03-13T17:27:31+00:00","author":"Telinha","twitter_card":"summary_large_image","twitter_misc":{"Escrito por":"Telinha","Tempo estimado de leitura":"2 minutos"},"schema":{"@context":"https:\/\/schema.org","@graph":[{"@type":"Article","@id":"https:\/\/portaltela.pt\/noticias\/2026\/03\/13\/cdp-quer-desporto-incluido-no-portugal-transformacao-recuperacao-e-resiliencia\/#article","isPartOf":{"@id":"https:\/\/portaltela.pt\/noticias\/2026\/03\/13\/cdp-quer-desporto-incluido-no-portugal-transformacao-recuperacao-e-resiliencia\/"},"author":{"name":"Telinha","@id":"https:\/\/portaltela.pt\/#\/schema\/person\/c4278d4a6028830caff9ee44b42d32ed"},"headline":"CDP quer Desporto inclu\u00eddo no Portugal Transforma\u00e7\u00e3o, Recupera\u00e7\u00e3o e Resili\u00eancia","datePublished":"2026-03-13T17:27:31+00:00","mainEntityOfPage":{"@id":"https:\/\/portaltela.pt\/noticias\/2026\/03\/13\/cdp-quer-desporto-incluido-no-portugal-transformacao-recuperacao-e-resiliencia\/"},"wordCount":392,"image":{"@id":"https:\/\/portaltela.pt\/noticias\/2026\/03\/13\/cdp-quer-desporto-incluido-no-portugal-transformacao-recuperacao-e-resiliencia\/#primaryimage"},"thumbnailUrl":"https:\/\/portaltela.pt\/s.01k8rhncp4jt1\/2026\/03\/img_920x518uu2026-03-13-17-26-14-2426715.jpg","keywords":["desporto","federa\u00e7\u00f5es desportivas","financiamento","infraestruturas","pol\u00edtica","Portugal"],"articleSection":["Desporto","Futebol"],"inLanguage":"pt-PT"},{"@type":"WebPage","@id":"https:\/\/portaltela.pt\/noticias\/2026\/03\/13\/cdp-quer-desporto-incluido-no-portugal-transformacao-recuperacao-e-resiliencia\/","url":"https:\/\/portaltela.pt\/noticias\/2026\/03\/13\/cdp-quer-desporto-incluido-no-portugal-transformacao-recuperacao-e-resiliencia\/","name":"CDP quer Desporto inclu\u00eddo no Portugal Transforma\u00e7\u00e3o, Recupera\u00e7\u00e3o e Resili\u00eancia - Portal Tela Portugal","isPartOf":{"@id":"https:\/\/portaltela.pt\/#website"},"primaryImageOfPage":{"@id":"https:\/\/portaltela.pt\/noticias\/2026\/03\/13\/cdp-quer-desporto-incluido-no-portugal-transformacao-recuperacao-e-resiliencia\/#primaryimage"},"image":{"@id":"https:\/\/portaltela.pt\/noticias\/2026\/03\/13\/cdp-quer-desporto-incluido-no-portugal-transformacao-recuperacao-e-resiliencia\/#primaryimage"},"thumbnailUrl":"https:\/\/portaltela.pt\/s.01k8rhncp4jt1\/2026\/03\/img_920x518uu2026-03-13-17-26-14-2426715.jpg","datePublished":"2026-03-13T17:27:31+00:00","author":{"@id":"https:\/\/portaltela.pt\/#\/schema\/person\/c4278d4a6028830caff9ee44b42d32ed"},"breadcrumb":{"@id":"https:\/\/portaltela.pt\/noticias\/2026\/03\/13\/cdp-quer-desporto-incluido-no-portugal-transformacao-recuperacao-e-resiliencia\/#breadcrumb"},"inLanguage":"pt-PT","potentialAction":[{"@type":"ReadAction","target":["https:\/\/portaltela.pt\/noticias\/2026\/03\/13\/cdp-quer-desporto-incluido-no-portugal-transformacao-recuperacao-e-resiliencia\/"]}]},{"@type":"ImageObject","inLanguage":"pt-PT","@id":"https:\/\/portaltela.pt\/noticias\/2026\/03\/13\/cdp-quer-desporto-incluido-no-portugal-transformacao-recuperacao-e-resiliencia\/#primaryimage","url":"https:\/\/portaltela.pt\/s.01k8rhncp4jt1\/2026\/03\/img_920x518uu2026-03-13-17-26-14-2426715.jpg","contentUrl":"https:\/\/portaltela.pt\/s.01k8rhncp4jt1\/2026\/03\/img_920x518uu2026-03-13-17-26-14-2426715.jpg","width":796,"height":448,"caption":"Federa\u00e7\u00f5es lamentam aus\u00eancia do Desporto no PTRR"},{"@type":"BreadcrumbList","@id":"https:\/\/portaltela.pt\/noticias\/2026\/03\/13\/cdp-quer-desporto-incluido-no-portugal-transformacao-recuperacao-e-resiliencia\/#breadcrumb","itemListElement":[{"@type":"ListItem","position":1,"name":"In\u00edcio","item":"https:\/\/portaltela.pt\/"},{"@type":"ListItem","position":2,"name":"CDP quer Desporto inclu\u00eddo no Portugal Transforma\u00e7\u00e3o, Recupera\u00e7\u00e3o e Resili\u00eancia"}]},{"@type":"WebSite","@id":"https:\/\/portaltela.pt\/#website","url":"https:\/\/portaltela.pt\/","name":"Portal Tela Portugal","description":"","potentialAction":[{"@type":"SearchAction","target":{"@type":"EntryPoint","urlTemplate":"https:\/\/portaltela.pt\/?s={search_term_string}"},"query-input":{"@type":"PropertyValueSpecification","valueRequired":true,"valueName":"search_term_string"}}],"inLanguage":"pt-PT"},{"@type":"Person","@id":"https:\/\/portaltela.pt\/#\/schema\/person\/c4278d4a6028830caff9ee44b42d32ed","name":"Telinha","image":{"@type":"ImageObject","inLanguage":"pt-PT","@id":"https:\/\/portaltela.pt\/s.01k8rhncp4jt1\/2025\/11\/talking-bot-125x125.png","url":"https:\/\/portaltela.pt\/s.01k8rhncp4jt1\/2025\/11\/talking-bot-125x125.png","contentUrl":"https:\/\/portaltela.pt\/s.01k8rhncp4jt1\/2025\/11\/talking-bot-125x125.png","caption":"Telinha"},"sameAs":["https:\/\/portaltela.pt\/"],"url":"https:\/\/portaltela.pt\/por\/367410592786\/"}]}},"_links":{"self":[{"href":"https:\/\/portaltela.pt\/api\/wp\/v2\/posts\/409153","targetHints":{"allow":["GET"]}}],"collection":[{"href":"https:\/\/portaltela.pt\/api\/wp\/v2\/posts"}],"about":[{"href":"https:\/\/portaltela.pt\/api\/wp\/v2\/types\/post"}],"author":[{"embeddable":true,"href":"https:\/\/portaltela.pt\/api\/wp\/v2\/users\/2"}],"replies":[{"embeddable":true,"href":"https:\/\/portaltela.pt\/api\/wp\/v2\/comments?post=409153"}],"version-history":[{"count":0,"href":"https:\/\/portaltela.pt\/api\/wp\/v2\/posts\/409153\/revisions"}],"wp:featuredmedia":[{"embeddable":true,"href":"https:\/\/portaltela.pt\/api\/wp\/v2\/media\/409156"}],"wp:attachment":[{"href":"https:\/\/portaltela.pt\/api\/wp\/v2\/media?parent=409153"}],"wp:term":[{"taxonomy":"category","embeddable":true,"href":"https:\/\/portaltela.pt\/api\/wp\/v2\/categories?post=409153"},{"taxonomy":"post_tag","embeddable":true,"href":"https:\/\/portaltela.pt\/api\/wp\/v2\/tags?post=409153"}],"curies":[{"name":"wp","href":"https:\/\/api.w.org\/{rel}","templated":true}]}}