{"id":409143,"date":"2026-03-13T13:31:00","date_gmt":"2026-03-13T16:31:00","guid":{"rendered":"https:\/\/portaltela.pt\/noticias\/2026\/03\/13\/foge-de-operacao-stop-na-ponte-25-de-abril-e-atropela-policia\/"},"modified":"2026-03-13T13:31:00","modified_gmt":"2026-03-13T16:31:00","slug":"foge-de-operacao-stop-na-ponte-25-de-abril-e-atropela-policia","status":"publish","type":"post","link":"https:\/\/portaltela.pt\/policia\/2026\/03\/13\/foge-de-operacao-stop-na-ponte-25-de-abril-e-atropela-policia\/","title":{"rendered":"Foge de opera\u00e7\u00e3o stop na Ponte 25 de Abril e atropela pol\u00edcia"},"content":{"rendered":"<p>Um condutor que fugiu de uma opera\u00e7\u00e3o de paragem na Ponte 25 de Abril, no sentido Almada-Lisboa, perto das oito da manh\u00e3, atropelou um agente da PSP durante a persegui\u00e7\u00e3o.<\/p>\n<p>A PSP realizava uma opera\u00e7\u00e3o de tr\u00e2nsito junto \u00e0s portagens da A2, em Almada, quando o ve\u00edculo acelerou em dire\u00e7\u00e3o a Lisboa, aumentando o risco para os restantes condutores.<\/p>\n<p>Durante a fuga, um terceiro ve\u00edculo desviou-se bruscamente para evitar a colis\u00e3o e acabou por embater no agente da PSP que seguia numa moto, ficando o agente com ferimentos ligeiros.<\/p>\n<h3>Interven\u00e7\u00e3o policial e deten\u00e7\u00e3o<\/h3>\n<p>Os ocupantes da viatura em fuga, de 26 e 46 anos, foram intercetados no tabuleiro da Ponte 25 de Abril e detidos por desobedi\u00eancia e condu\u00e7\u00e3o perigosa.<\/p>\n<p>Constitu\u00eddos arguidos, o caso foi comunicado ao Minist\u00e9rio P\u00fablico; o condutor n\u00e3o possu\u00eda carta de condu\u00e7\u00e3o e o ve\u00edculo circulava sem seguro.<\/p>\n","protected":false},"excerpt":{"rendered":"<ul>\n<li>Cerca das oito da manh\u00e3, um condutor foge de uma opera\u00e7\u00e3o de paragem obrigat\u00f3ria na Ponte 25 de Abril, em dire\u00e7\u00e3o a Lisboa, ap\u00f3s a portagem da A2 em Almada.<\/li>\n<li>O ve\u00edculo acelerou, colidiu com o tr\u00e2nsito e atropelou um agente da Pol\u00edcia de Seguran\u00e7a P\u00fablica (PSP), com ferimentos ligeiros.<\/li>\n<li>Dois ocupantes da viatura em fuga, de 26 e 46 anos, foram detidos ainda no tabuleiro da Ponte.<\/li>\n<li>Um dos ocupantes n\u00e3o tinha carta de condu\u00e7\u00e3o e o carro circulava sem seguro.<\/li>\n<li>Durante a persegui\u00e7\u00e3o, um motorista de uma terceira viatura desviou-se para evitar a colis\u00e3o e acabou por embater num agente da PSP numa mota; os arguidos foram constitu\u00eddos e o caso foi remetido ao Minist\u00e9rio P\u00fablico.<\/li>\n<\/ul>\n","protected":false},"author":2,"featured_media":409149,"comment_status":"closed","ping_status":"closed","sticky":false,"template":"","format":"standard","meta":{"footnotes":""},"categories":[6781],"tags":[5999,5487,238,583,211,1381],"class_list":["post-409143","post","type-post","status-publish","format-standard","has-post-thumbnail","hentry","category-policia","tag-25-de-abril","tag-acidente","tag-conducao-perigosa","tag-conducao-sem-carta","tag-desobediencia","tag-psp"],"yoast_head":"<!-- This site is optimized with the Yoast SEO plugin v27.2 - https:\/\/yoast.com\/product\/yoast-seo-wordpress\/ -->\n<title>Foge de opera\u00e7\u00e3o stop na Ponte 25 de Abril e atropela pol\u00edcia - Portal Tela Portugal<\/title>\n<meta name=\"robots\" content=\"index, follow, max-snippet:-1, max-image-preview:large, max-video-preview:-1\" \/>\n<meta property=\"og:locale\" content=\"pt_PT\" \/>\n<meta property=\"og:type\" content=\"article\" \/>\n<meta property=\"og:title\" content=\"Foge de opera\u00e7\u00e3o stop na Ponte 25 de Abril e atropela pol\u00edcia - Portal Tela Portugal\" \/>\n<meta property=\"og:description\" content=\"Cerca das oito da manh\u00e3, um condutor foge de uma opera\u00e7\u00e3o de paragem obrigat\u00f3ria na Ponte 25 de Abril, em dire\u00e7\u00e3o a Lisboa, ap\u00f3s a portagem da A2 em Almada. O ve\u00edculo acelerou, colidiu com o tr\u00e2nsito e atropelou um agente da Pol\u00edcia de Seguran\u00e7a P\u00fablica (PSP), com ferimentos ligeiros. Dois ocupantes da viatura em fuga, de 26 e 46 anos, foram detidos ainda no tabuleiro da Ponte. Um dos ocupantes n\u00e3o tinha carta de condu\u00e7\u00e3o e o carro circulava sem seguro. Durante a persegui\u00e7\u00e3o, um motorista de uma terceira viatura desviou-se para evitar a colis\u00e3o e acabou por embater num agente da PSP numa mota; os arguidos foram constitu\u00eddos e o caso foi remetido ao Minist\u00e9rio P\u00fablico.\" \/>\n<meta property=\"og:url\" content=\"https:\/\/portaltela.pt\/noticias\/2026\/03\/13\/foge-de-operacao-stop-na-ponte-25-de-abril-e-atropela-policia\/\" \/>\n<meta property=\"og:site_name\" content=\"Portal Tela Portugal\" \/>\n<meta property=\"article:published_time\" content=\"2026-03-13T16:31:00+00:00\" \/>\n<meta name=\"author\" content=\"Telinha\" \/>\n<meta name=\"twitter:card\" content=\"summary_large_image\" \/>\n<meta name=\"twitter:label1\" content=\"Escrito por\" \/>\n\t<meta name=\"twitter:data1\" content=\"Telinha\" \/>\n\t<meta name=\"twitter:label2\" content=\"Tempo estimado de leitura\" \/>\n\t<meta name=\"twitter:data2\" content=\"1 minuto\" \/>\n<script type=\"application\/ld+json\" class=\"yoast-schema-graph\">{\"@context\":\"https:\/\/schema.org\",\"@graph\":[{\"@type\":\"Article\",\"@id\":\"https:\/\/portaltela.pt\/noticias\/2026\/03\/13\/foge-de-operacao-stop-na-ponte-25-de-abril-e-atropela-policia\/#article\",\"isPartOf\":{\"@id\":\"https:\/\/portaltela.pt\/noticias\/2026\/03\/13\/foge-de-operacao-stop-na-ponte-25-de-abril-e-atropela-policia\/\"},\"author\":{\"name\":\"Telinha\",\"@id\":\"https:\/\/portaltela.pt\/#\/schema\/person\/c4278d4a6028830caff9ee44b42d32ed\"},\"headline\":\"Foge de opera\u00e7\u00e3o stop na Ponte 25 de Abril e atropela pol\u00edcia\",\"datePublished\":\"2026-03-13T16:31:00+00:00\",\"mainEntityOfPage\":{\"@id\":\"https:\/\/portaltela.pt\/noticias\/2026\/03\/13\/foge-de-operacao-stop-na-ponte-25-de-abril-e-atropela-policia\/\"},\"wordCount\":170,\"image\":{\"@id\":\"https:\/\/portaltela.pt\/noticias\/2026\/03\/13\/foge-de-operacao-stop-na-ponte-25-de-abril-e-atropela-policia\/#primaryimage\"},\"thumbnailUrl\":\"https:\/\/portaltela.pt\/s.01k8rhncp4jt1\/2026\/03\/image-889.jpg\",\"keywords\":[\"25 de Abril\",\"acidente\",\"condu\u00e7\u00e3o perigosa\",\"condu\u00e7\u00e3o sem carta\",\"desobedi\u00eancia\",\"PSP\"],\"articleSection\":[\"Pol\u00edcia\"],\"inLanguage\":\"pt-PT\"},{\"@type\":\"WebPage\",\"@id\":\"https:\/\/portaltela.pt\/noticias\/2026\/03\/13\/foge-de-operacao-stop-na-ponte-25-de-abril-e-atropela-policia\/\",\"url\":\"https:\/\/portaltela.pt\/noticias\/2026\/03\/13\/foge-de-operacao-stop-na-ponte-25-de-abril-e-atropela-policia\/\",\"name\":\"Foge de opera\u00e7\u00e3o stop na Ponte 25 de Abril e atropela pol\u00edcia - Portal Tela Portugal\",\"isPartOf\":{\"@id\":\"https:\/\/portaltela.pt\/#website\"},\"primaryImageOfPage\":{\"@id\":\"https:\/\/portaltela.pt\/noticias\/2026\/03\/13\/foge-de-operacao-stop-na-ponte-25-de-abril-e-atropela-policia\/#primaryimage\"},\"image\":{\"@id\":\"https:\/\/portaltela.pt\/noticias\/2026\/03\/13\/foge-de-operacao-stop-na-ponte-25-de-abril-e-atropela-policia\/#primaryimage\"},\"thumbnailUrl\":\"https:\/\/portaltela.pt\/s.01k8rhncp4jt1\/2026\/03\/image-889.jpg\",\"datePublished\":\"2026-03-13T16:31:00+00:00\",\"author\":{\"@id\":\"https:\/\/portaltela.pt\/#\/schema\/person\/c4278d4a6028830caff9ee44b42d32ed\"},\"breadcrumb\":{\"@id\":\"https:\/\/portaltela.pt\/noticias\/2026\/03\/13\/foge-de-operacao-stop-na-ponte-25-de-abril-e-atropela-policia\/#breadcrumb\"},\"inLanguage\":\"pt-PT\",\"potentialAction\":[{\"@type\":\"ReadAction\",\"target\":[\"https:\/\/portaltela.pt\/noticias\/2026\/03\/13\/foge-de-operacao-stop-na-ponte-25-de-abril-e-atropela-policia\/\"]}]},{\"@type\":\"ImageObject\",\"inLanguage\":\"pt-PT\",\"@id\":\"https:\/\/portaltela.pt\/noticias\/2026\/03\/13\/foge-de-operacao-stop-na-ponte-25-de-abril-e-atropela-policia\/#primaryimage\",\"url\":\"https:\/\/portaltela.pt\/s.01k8rhncp4jt1\/2026\/03\/image-889.jpg\",\"contentUrl\":\"https:\/\/portaltela.pt\/s.01k8rhncp4jt1\/2026\/03\/image-889.jpg\",\"width\":796,\"height\":448,\"caption\":\"Fuga e atropelamento aconteceram perto das oito horas\"},{\"@type\":\"BreadcrumbList\",\"@id\":\"https:\/\/portaltela.pt\/noticias\/2026\/03\/13\/foge-de-operacao-stop-na-ponte-25-de-abril-e-atropela-policia\/#breadcrumb\",\"itemListElement\":[{\"@type\":\"ListItem\",\"position\":1,\"name\":\"In\u00edcio\",\"item\":\"https:\/\/portaltela.pt\/\"},{\"@type\":\"ListItem\",\"position\":2,\"name\":\"Foge de opera\u00e7\u00e3o stop na Ponte 25 de Abril e atropela pol\u00edcia\"}]},{\"@type\":\"WebSite\",\"@id\":\"https:\/\/portaltela.pt\/#website\",\"url\":\"https:\/\/portaltela.pt\/\",\"name\":\"Portal Tela Portugal\",\"description\":\"\",\"potentialAction\":[{\"@type\":\"SearchAction\",\"target\":{\"@type\":\"EntryPoint\",\"urlTemplate\":\"https:\/\/portaltela.pt\/?s={search_term_string}\"},\"query-input\":{\"@type\":\"PropertyValueSpecification\",\"valueRequired\":true,\"valueName\":\"search_term_string\"}}],\"inLanguage\":\"pt-PT\"},{\"@type\":\"Person\",\"@id\":\"https:\/\/portaltela.pt\/#\/schema\/person\/c4278d4a6028830caff9ee44b42d32ed\",\"name\":\"Telinha\",\"image\":{\"@type\":\"ImageObject\",\"inLanguage\":\"pt-PT\",\"@id\":\"https:\/\/portaltela.pt\/s.01k8rhncp4jt1\/2025\/11\/talking-bot-125x125.png\",\"url\":\"https:\/\/portaltela.pt\/s.01k8rhncp4jt1\/2025\/11\/talking-bot-125x125.png\",\"contentUrl\":\"https:\/\/portaltela.pt\/s.01k8rhncp4jt1\/2025\/11\/talking-bot-125x125.png\",\"caption\":\"Telinha\"},\"sameAs\":[\"https:\/\/portaltela.pt\/\"],\"url\":\"https:\/\/portaltela.pt\/por\/367410592786\/\"}]}<\/script>\n<!-- \/ Yoast SEO plugin. -->","yoast_head_json":{"title":"Foge de opera\u00e7\u00e3o stop na Ponte 25 de Abril e atropela pol\u00edcia - Portal Tela Portugal","robots":{"index":"index","follow":"follow","max-snippet":"max-snippet:-1","max-image-preview":"max-image-preview:large","max-video-preview":"max-video-preview:-1"},"og_locale":"pt_PT","og_type":"article","og_title":"Foge de opera\u00e7\u00e3o stop na Ponte 25 de Abril e atropela pol\u00edcia - Portal Tela Portugal","og_description":"Cerca das oito da manh\u00e3, um condutor foge de uma opera\u00e7\u00e3o de paragem obrigat\u00f3ria na Ponte 25 de Abril, em dire\u00e7\u00e3o a Lisboa, ap\u00f3s a portagem da A2 em Almada. O ve\u00edculo acelerou, colidiu com o tr\u00e2nsito e atropelou um agente da Pol\u00edcia de Seguran\u00e7a P\u00fablica (PSP), com ferimentos ligeiros. Dois ocupantes da viatura em fuga, de 26 e 46 anos, foram detidos ainda no tabuleiro da Ponte. Um dos ocupantes n\u00e3o tinha carta de condu\u00e7\u00e3o e o carro circulava sem seguro. Durante a persegui\u00e7\u00e3o, um motorista de uma terceira viatura desviou-se para evitar a colis\u00e3o e acabou por embater num agente da PSP numa mota; os arguidos foram constitu\u00eddos e o caso foi remetido ao Minist\u00e9rio P\u00fablico.","og_url":"https:\/\/portaltela.pt\/noticias\/2026\/03\/13\/foge-de-operacao-stop-na-ponte-25-de-abril-e-atropela-policia\/","og_site_name":"Portal Tela Portugal","article_published_time":"2026-03-13T16:31:00+00:00","author":"Telinha","twitter_card":"summary_large_image","twitter_misc":{"Escrito por":"Telinha","Tempo estimado de leitura":"1 minuto"},"schema":{"@context":"https:\/\/schema.org","@graph":[{"@type":"Article","@id":"https:\/\/portaltela.pt\/noticias\/2026\/03\/13\/foge-de-operacao-stop-na-ponte-25-de-abril-e-atropela-policia\/#article","isPartOf":{"@id":"https:\/\/portaltela.pt\/noticias\/2026\/03\/13\/foge-de-operacao-stop-na-ponte-25-de-abril-e-atropela-policia\/"},"author":{"name":"Telinha","@id":"https:\/\/portaltela.pt\/#\/schema\/person\/c4278d4a6028830caff9ee44b42d32ed"},"headline":"Foge de opera\u00e7\u00e3o stop na Ponte 25 de Abril e atropela pol\u00edcia","datePublished":"2026-03-13T16:31:00+00:00","mainEntityOfPage":{"@id":"https:\/\/portaltela.pt\/noticias\/2026\/03\/13\/foge-de-operacao-stop-na-ponte-25-de-abril-e-atropela-policia\/"},"wordCount":170,"image":{"@id":"https:\/\/portaltela.pt\/noticias\/2026\/03\/13\/foge-de-operacao-stop-na-ponte-25-de-abril-e-atropela-policia\/#primaryimage"},"thumbnailUrl":"https:\/\/portaltela.pt\/s.01k8rhncp4jt1\/2026\/03\/image-889.jpg","keywords":["25 de Abril","acidente","condu\u00e7\u00e3o perigosa","condu\u00e7\u00e3o sem carta","desobedi\u00eancia","PSP"],"articleSection":["Pol\u00edcia"],"inLanguage":"pt-PT"},{"@type":"WebPage","@id":"https:\/\/portaltela.pt\/noticias\/2026\/03\/13\/foge-de-operacao-stop-na-ponte-25-de-abril-e-atropela-policia\/","url":"https:\/\/portaltela.pt\/noticias\/2026\/03\/13\/foge-de-operacao-stop-na-ponte-25-de-abril-e-atropela-policia\/","name":"Foge de opera\u00e7\u00e3o stop na Ponte 25 de Abril e atropela pol\u00edcia - Portal Tela Portugal","isPartOf":{"@id":"https:\/\/portaltela.pt\/#website"},"primaryImageOfPage":{"@id":"https:\/\/portaltela.pt\/noticias\/2026\/03\/13\/foge-de-operacao-stop-na-ponte-25-de-abril-e-atropela-policia\/#primaryimage"},"image":{"@id":"https:\/\/portaltela.pt\/noticias\/2026\/03\/13\/foge-de-operacao-stop-na-ponte-25-de-abril-e-atropela-policia\/#primaryimage"},"thumbnailUrl":"https:\/\/portaltela.pt\/s.01k8rhncp4jt1\/2026\/03\/image-889.jpg","datePublished":"2026-03-13T16:31:00+00:00","author":{"@id":"https:\/\/portaltela.pt\/#\/schema\/person\/c4278d4a6028830caff9ee44b42d32ed"},"breadcrumb":{"@id":"https:\/\/portaltela.pt\/noticias\/2026\/03\/13\/foge-de-operacao-stop-na-ponte-25-de-abril-e-atropela-policia\/#breadcrumb"},"inLanguage":"pt-PT","potentialAction":[{"@type":"ReadAction","target":["https:\/\/portaltela.pt\/noticias\/2026\/03\/13\/foge-de-operacao-stop-na-ponte-25-de-abril-e-atropela-policia\/"]}]},{"@type":"ImageObject","inLanguage":"pt-PT","@id":"https:\/\/portaltela.pt\/noticias\/2026\/03\/13\/foge-de-operacao-stop-na-ponte-25-de-abril-e-atropela-policia\/#primaryimage","url":"https:\/\/portaltela.pt\/s.01k8rhncp4jt1\/2026\/03\/image-889.jpg","contentUrl":"https:\/\/portaltela.pt\/s.01k8rhncp4jt1\/2026\/03\/image-889.jpg","width":796,"height":448,"caption":"Fuga e atropelamento aconteceram perto das oito horas"},{"@type":"BreadcrumbList","@id":"https:\/\/portaltela.pt\/noticias\/2026\/03\/13\/foge-de-operacao-stop-na-ponte-25-de-abril-e-atropela-policia\/#breadcrumb","itemListElement":[{"@type":"ListItem","position":1,"name":"In\u00edcio","item":"https:\/\/portaltela.pt\/"},{"@type":"ListItem","position":2,"name":"Foge de opera\u00e7\u00e3o stop na Ponte 25 de Abril e atropela pol\u00edcia"}]},{"@type":"WebSite","@id":"https:\/\/portaltela.pt\/#website","url":"https:\/\/portaltela.pt\/","name":"Portal Tela Portugal","description":"","potentialAction":[{"@type":"SearchAction","target":{"@type":"EntryPoint","urlTemplate":"https:\/\/portaltela.pt\/?s={search_term_string}"},"query-input":{"@type":"PropertyValueSpecification","valueRequired":true,"valueName":"search_term_string"}}],"inLanguage":"pt-PT"},{"@type":"Person","@id":"https:\/\/portaltela.pt\/#\/schema\/person\/c4278d4a6028830caff9ee44b42d32ed","name":"Telinha","image":{"@type":"ImageObject","inLanguage":"pt-PT","@id":"https:\/\/portaltela.pt\/s.01k8rhncp4jt1\/2025\/11\/talking-bot-125x125.png","url":"https:\/\/portaltela.pt\/s.01k8rhncp4jt1\/2025\/11\/talking-bot-125x125.png","contentUrl":"https:\/\/portaltela.pt\/s.01k8rhncp4jt1\/2025\/11\/talking-bot-125x125.png","caption":"Telinha"},"sameAs":["https:\/\/portaltela.pt\/"],"url":"https:\/\/portaltela.pt\/por\/367410592786\/"}]}},"_links":{"self":[{"href":"https:\/\/portaltela.pt\/api\/wp\/v2\/posts\/409143","targetHints":{"allow":["GET"]}}],"collection":[{"href":"https:\/\/portaltela.pt\/api\/wp\/v2\/posts"}],"about":[{"href":"https:\/\/portaltela.pt\/api\/wp\/v2\/types\/post"}],"author":[{"embeddable":true,"href":"https:\/\/portaltela.pt\/api\/wp\/v2\/users\/2"}],"replies":[{"embeddable":true,"href":"https:\/\/portaltela.pt\/api\/wp\/v2\/comments?post=409143"}],"version-history":[{"count":0,"href":"https:\/\/portaltela.pt\/api\/wp\/v2\/posts\/409143\/revisions"}],"wp:featuredmedia":[{"embeddable":true,"href":"https:\/\/portaltela.pt\/api\/wp\/v2\/media\/409149"}],"wp:attachment":[{"href":"https:\/\/portaltela.pt\/api\/wp\/v2\/media?parent=409143"}],"wp:term":[{"taxonomy":"category","embeddable":true,"href":"https:\/\/portaltela.pt\/api\/wp\/v2\/categories?post=409143"},{"taxonomy":"post_tag","embeddable":true,"href":"https:\/\/portaltela.pt\/api\/wp\/v2\/tags?post=409143"}],"curies":[{"name":"wp","href":"https:\/\/api.w.org\/{rel}","templated":true}]}}