{"id":409139,"date":"2026-03-13T14:05:00","date_gmt":"2026-03-13T17:05:00","guid":{"rendered":"https:\/\/portaltela.pt\/noticias\/2026\/03\/13\/videos-de-drones-das-favelas-do-rio-chegam-a-portugal-com-paisagens-tascas-e-obras\/"},"modified":"2026-03-13T14:05:00","modified_gmt":"2026-03-13T17:05:00","slug":"videos-de-drones-das-favelas-do-rio-chegam-a-portugal-com-paisagens-tascas-e-obras","status":"publish","type":"post","link":"https:\/\/portaltela.pt\/noticias\/2026\/03\/13\/videos-de-drones-das-favelas-do-rio-chegam-a-portugal-com-paisagens-tascas-e-obras\/","title":{"rendered":"V\u00eddeos de drones das favelas do Rio chegam a Portugal com paisagens, tascas e obras"},"content":{"rendered":"<p>A moda de v\u00eddeos de drone come\u00e7ou no Rio de Janeiro, onde turistas sobem ao telhado da Rocinha, a maior favela da cidade, para posar para as imagens que se afastam mostrando a paisagem ao redor. O projeto ganhou popularidade com uma batida contagiante, gerando debates sobre romantiza\u00e7\u00e3o da pobreza e crime em comunidades dominadas por traficantes.<\/p>\n<p>Chegado a Portugal, o modelo adaptou-se \u00e0s realidades locais, com moradores a reagirem de forma variada \u00e0s paisagens onde vivem. As imagens v\u00e3o de cen\u00e1rios rurais em Amares, Braga, a obras de tr\u00e2nsito em Vila Nova de Gaia, passando pela Tasca da Corujeira, no Porto, refletindo a multiplicidade de contextos urbanos e rurais.<\/p>\n<h3>Chegada a Portugal<\/h3>\n<p>Em Vila Nova de Gaia, as obras serviram de cen\u00e1rio para o v\u00eddeo, que entrela\u00e7a a est\u00e9tica de favelas com obras civis. Em Amares, no distrito de Braga, a paisagem rural tamb\u00e9m figura, fornecendo contraste com as cenas urbanas. No Porto, a Tasca da Corujeira \u00e9 mencionada como ponto de refer\u00eancia para as filmagens.<\/p>\n<p>Outras \u00e1reas portuguesas aparecem na narrativa, incluindo Leiria e Ribeira do Porto, onde as imagens captam aspetos locais distintos. Ainda, o Monte de S. Pedro, em Amares, e Bragan\u00e7a integram o conjunto de locais que passaram a ser utilizados como plano de fundo.<\/p>\n","protected":false},"excerpt":{"rendered":"<ul>\n<li>O fen\u00f3meno de v\u00eddeos com drones nas favelas do Rio ganhou expans\u00e3o internacional, come\u00e7ando pela Rocinha, que se tornou viral nas redes sociais.<\/li>\n<li>Em Portugal, o formato foi adaptado a realidades locais, com filmagens em v\u00e1rias regi\u00f5es do pa\u00eds, incluindo Vila Nova de Gaia, Ponte de Lima, Tasca da Corujeira (Porto), Leiria, Ribeira do Porto, Amares e Bragan\u00e7a.<\/li>\n<li>As imagens exploram paisagens urbanas e rurais nacionais, intercalando cen\u00e1rios locais com refer\u00eancias ao ambiente das favelas do Rio de Janeiro.<\/li>\n<li>O conte\u00fado gerou debates na cidade do Rio sobre romantiza\u00e7\u00e3o da pobreza e atividade criminosa, ao passo que a presen\u00e7a internacional destaca o turismo e a curiosidade global pelo fen\u00f3meno.<\/li>\n<li>N\u00e3o foram usados detalhes de identidades ou informa\u00e7\u00f5es sens\u00edveis sobre pessoas; o foco est\u00e1 nas imagens, nos cen\u00e1rios e nas rea\u00e7\u00f5es geradas.<\/li>\n<\/ul>\n","protected":false},"author":2,"featured_media":409147,"comment_status":"closed","ping_status":"closed","sticky":false,"template":"","format":"standard","meta":{"footnotes":""},"categories":[1],"tags":[1977,1207,1761,5691,4399,982],"class_list":["post-409139","post","type-post","status-publish","format-standard","has-post-thumbnail","hentry","category-noticias","tag-amares","tag-braga","tag-gaia","tag-obras","tag-paisagens","tag-porto"],"yoast_head":"<!-- This site is optimized with the Yoast SEO plugin v27.2 - https:\/\/yoast.com\/product\/yoast-seo-wordpress\/ -->\n<title>V\u00eddeos de drones das favelas do Rio chegam a Portugal com paisagens, tascas e obras - Portal Tela Portugal<\/title>\n<meta name=\"robots\" content=\"index, follow, max-snippet:-1, max-image-preview:large, max-video-preview:-1\" \/>\n<meta property=\"og:locale\" content=\"pt_PT\" \/>\n<meta property=\"og:type\" content=\"article\" \/>\n<meta property=\"og:title\" content=\"V\u00eddeos de drones das favelas do Rio chegam a Portugal com paisagens, tascas e obras - Portal Tela Portugal\" \/>\n<meta property=\"og:description\" content=\"O fen\u00f3meno de v\u00eddeos com drones nas favelas do Rio ganhou expans\u00e3o internacional, come\u00e7ando pela Rocinha, que se tornou viral nas redes sociais. Em Portugal, o formato foi adaptado a realidades locais, com filmagens em v\u00e1rias regi\u00f5es do pa\u00eds, incluindo Vila Nova de Gaia, Ponte de Lima, Tasca da Corujeira (Porto), Leiria, Ribeira do Porto, Amares e Bragan\u00e7a. As imagens exploram paisagens urbanas e rurais nacionais, intercalando cen\u00e1rios locais com refer\u00eancias ao ambiente das favelas do Rio de Janeiro. O conte\u00fado gerou debates na cidade do Rio sobre romantiza\u00e7\u00e3o da pobreza e atividade criminosa, ao passo que a presen\u00e7a internacional destaca o turismo e a curiosidade global pelo fen\u00f3meno. N\u00e3o foram usados detalhes de identidades ou informa\u00e7\u00f5es sens\u00edveis sobre pessoas; o foco est\u00e1 nas imagens, nos cen\u00e1rios e nas rea\u00e7\u00f5es geradas.\" \/>\n<meta property=\"og:url\" content=\"https:\/\/portaltela.pt\/noticias\/2026\/03\/13\/videos-de-drones-das-favelas-do-rio-chegam-a-portugal-com-paisagens-tascas-e-obras\/\" \/>\n<meta property=\"og:site_name\" content=\"Portal Tela Portugal\" \/>\n<meta property=\"article:published_time\" content=\"2026-03-13T17:05:00+00:00\" \/>\n<meta name=\"author\" content=\"Telinha\" \/>\n<meta name=\"twitter:card\" content=\"summary_large_image\" \/>\n<meta name=\"twitter:label1\" content=\"Escrito por\" \/>\n\t<meta name=\"twitter:data1\" content=\"Telinha\" \/>\n\t<meta name=\"twitter:label2\" content=\"Tempo estimado de leitura\" \/>\n\t<meta name=\"twitter:data2\" content=\"1 minuto\" \/>\n<script type=\"application\/ld+json\" class=\"yoast-schema-graph\">{\"@context\":\"https:\/\/schema.org\",\"@graph\":[{\"@type\":\"Article\",\"@id\":\"https:\/\/portaltela.pt\/noticias\/2026\/03\/13\/videos-de-drones-das-favelas-do-rio-chegam-a-portugal-com-paisagens-tascas-e-obras\/#article\",\"isPartOf\":{\"@id\":\"https:\/\/portaltela.pt\/noticias\/2026\/03\/13\/videos-de-drones-das-favelas-do-rio-chegam-a-portugal-com-paisagens-tascas-e-obras\/\"},\"author\":{\"name\":\"Telinha\",\"@id\":\"https:\/\/portaltela.pt\/#\/schema\/person\/c4278d4a6028830caff9ee44b42d32ed\"},\"headline\":\"V\u00eddeos de drones das favelas do Rio chegam a Portugal com paisagens, tascas e obras\",\"datePublished\":\"2026-03-13T17:05:00+00:00\",\"mainEntityOfPage\":{\"@id\":\"https:\/\/portaltela.pt\/noticias\/2026\/03\/13\/videos-de-drones-das-favelas-do-rio-chegam-a-portugal-com-paisagens-tascas-e-obras\/\"},\"wordCount\":238,\"image\":{\"@id\":\"https:\/\/portaltela.pt\/noticias\/2026\/03\/13\/videos-de-drones-das-favelas-do-rio-chegam-a-portugal-com-paisagens-tascas-e-obras\/#primaryimage\"},\"thumbnailUrl\":\"https:\/\/portaltela.pt\/s.01k8rhncp4jt1\/2026\/03\/image-888.jpg\",\"keywords\":[\"Amares\",\"Braga\",\"Gaia\",\"obras\",\"Paisagens\",\"Porto\"],\"articleSection\":[\"Not\u00edcias\"],\"inLanguage\":\"pt-PT\"},{\"@type\":\"WebPage\",\"@id\":\"https:\/\/portaltela.pt\/noticias\/2026\/03\/13\/videos-de-drones-das-favelas-do-rio-chegam-a-portugal-com-paisagens-tascas-e-obras\/\",\"url\":\"https:\/\/portaltela.pt\/noticias\/2026\/03\/13\/videos-de-drones-das-favelas-do-rio-chegam-a-portugal-com-paisagens-tascas-e-obras\/\",\"name\":\"V\u00eddeos de drones das favelas do Rio chegam a Portugal com paisagens, tascas e obras - Portal Tela Portugal\",\"isPartOf\":{\"@id\":\"https:\/\/portaltela.pt\/#website\"},\"primaryImageOfPage\":{\"@id\":\"https:\/\/portaltela.pt\/noticias\/2026\/03\/13\/videos-de-drones-das-favelas-do-rio-chegam-a-portugal-com-paisagens-tascas-e-obras\/#primaryimage\"},\"image\":{\"@id\":\"https:\/\/portaltela.pt\/noticias\/2026\/03\/13\/videos-de-drones-das-favelas-do-rio-chegam-a-portugal-com-paisagens-tascas-e-obras\/#primaryimage\"},\"thumbnailUrl\":\"https:\/\/portaltela.pt\/s.01k8rhncp4jt1\/2026\/03\/image-888.jpg\",\"datePublished\":\"2026-03-13T17:05:00+00:00\",\"author\":{\"@id\":\"https:\/\/portaltela.pt\/#\/schema\/person\/c4278d4a6028830caff9ee44b42d32ed\"},\"breadcrumb\":{\"@id\":\"https:\/\/portaltela.pt\/noticias\/2026\/03\/13\/videos-de-drones-das-favelas-do-rio-chegam-a-portugal-com-paisagens-tascas-e-obras\/#breadcrumb\"},\"inLanguage\":\"pt-PT\",\"potentialAction\":[{\"@type\":\"ReadAction\",\"target\":[\"https:\/\/portaltela.pt\/noticias\/2026\/03\/13\/videos-de-drones-das-favelas-do-rio-chegam-a-portugal-com-paisagens-tascas-e-obras\/\"]}]},{\"@type\":\"ImageObject\",\"inLanguage\":\"pt-PT\",\"@id\":\"https:\/\/portaltela.pt\/noticias\/2026\/03\/13\/videos-de-drones-das-favelas-do-rio-chegam-a-portugal-com-paisagens-tascas-e-obras\/#primaryimage\",\"url\":\"https:\/\/portaltela.pt\/s.01k8rhncp4jt1\/2026\/03\/image-888.jpg\",\"contentUrl\":\"https:\/\/portaltela.pt\/s.01k8rhncp4jt1\/2026\/03\/image-888.jpg\",\"width\":796,\"height\":448,\"caption\":\"Obras em Vila Nova de Gaia serviram de plano de fundo para v\u00eddeo inspirado na realidade das favelas do Rio de Janeiro\"},{\"@type\":\"BreadcrumbList\",\"@id\":\"https:\/\/portaltela.pt\/noticias\/2026\/03\/13\/videos-de-drones-das-favelas-do-rio-chegam-a-portugal-com-paisagens-tascas-e-obras\/#breadcrumb\",\"itemListElement\":[{\"@type\":\"ListItem\",\"position\":1,\"name\":\"In\u00edcio\",\"item\":\"https:\/\/portaltela.pt\/\"},{\"@type\":\"ListItem\",\"position\":2,\"name\":\"V\u00eddeos de drones das favelas do Rio chegam a Portugal com paisagens, tascas e obras\"}]},{\"@type\":\"WebSite\",\"@id\":\"https:\/\/portaltela.pt\/#website\",\"url\":\"https:\/\/portaltela.pt\/\",\"name\":\"Portal Tela Portugal\",\"description\":\"\",\"potentialAction\":[{\"@type\":\"SearchAction\",\"target\":{\"@type\":\"EntryPoint\",\"urlTemplate\":\"https:\/\/portaltela.pt\/?s={search_term_string}\"},\"query-input\":{\"@type\":\"PropertyValueSpecification\",\"valueRequired\":true,\"valueName\":\"search_term_string\"}}],\"inLanguage\":\"pt-PT\"},{\"@type\":\"Person\",\"@id\":\"https:\/\/portaltela.pt\/#\/schema\/person\/c4278d4a6028830caff9ee44b42d32ed\",\"name\":\"Telinha\",\"image\":{\"@type\":\"ImageObject\",\"inLanguage\":\"pt-PT\",\"@id\":\"https:\/\/portaltela.pt\/s.01k8rhncp4jt1\/2025\/11\/talking-bot-125x125.png\",\"url\":\"https:\/\/portaltela.pt\/s.01k8rhncp4jt1\/2025\/11\/talking-bot-125x125.png\",\"contentUrl\":\"https:\/\/portaltela.pt\/s.01k8rhncp4jt1\/2025\/11\/talking-bot-125x125.png\",\"caption\":\"Telinha\"},\"sameAs\":[\"https:\/\/portaltela.pt\/\"],\"url\":\"https:\/\/portaltela.pt\/por\/367410592786\/\"}]}<\/script>\n<!-- \/ Yoast SEO plugin. -->","yoast_head_json":{"title":"V\u00eddeos de drones das favelas do Rio chegam a Portugal com paisagens, tascas e obras - Portal Tela Portugal","robots":{"index":"index","follow":"follow","max-snippet":"max-snippet:-1","max-image-preview":"max-image-preview:large","max-video-preview":"max-video-preview:-1"},"og_locale":"pt_PT","og_type":"article","og_title":"V\u00eddeos de drones das favelas do Rio chegam a Portugal com paisagens, tascas e obras - Portal Tela Portugal","og_description":"O fen\u00f3meno de v\u00eddeos com drones nas favelas do Rio ganhou expans\u00e3o internacional, come\u00e7ando pela Rocinha, que se tornou viral nas redes sociais. Em Portugal, o formato foi adaptado a realidades locais, com filmagens em v\u00e1rias regi\u00f5es do pa\u00eds, incluindo Vila Nova de Gaia, Ponte de Lima, Tasca da Corujeira (Porto), Leiria, Ribeira do Porto, Amares e Bragan\u00e7a. As imagens exploram paisagens urbanas e rurais nacionais, intercalando cen\u00e1rios locais com refer\u00eancias ao ambiente das favelas do Rio de Janeiro. O conte\u00fado gerou debates na cidade do Rio sobre romantiza\u00e7\u00e3o da pobreza e atividade criminosa, ao passo que a presen\u00e7a internacional destaca o turismo e a curiosidade global pelo fen\u00f3meno. N\u00e3o foram usados detalhes de identidades ou informa\u00e7\u00f5es sens\u00edveis sobre pessoas; o foco est\u00e1 nas imagens, nos cen\u00e1rios e nas rea\u00e7\u00f5es geradas.","og_url":"https:\/\/portaltela.pt\/noticias\/2026\/03\/13\/videos-de-drones-das-favelas-do-rio-chegam-a-portugal-com-paisagens-tascas-e-obras\/","og_site_name":"Portal Tela Portugal","article_published_time":"2026-03-13T17:05:00+00:00","author":"Telinha","twitter_card":"summary_large_image","twitter_misc":{"Escrito por":"Telinha","Tempo estimado de leitura":"1 minuto"},"schema":{"@context":"https:\/\/schema.org","@graph":[{"@type":"Article","@id":"https:\/\/portaltela.pt\/noticias\/2026\/03\/13\/videos-de-drones-das-favelas-do-rio-chegam-a-portugal-com-paisagens-tascas-e-obras\/#article","isPartOf":{"@id":"https:\/\/portaltela.pt\/noticias\/2026\/03\/13\/videos-de-drones-das-favelas-do-rio-chegam-a-portugal-com-paisagens-tascas-e-obras\/"},"author":{"name":"Telinha","@id":"https:\/\/portaltela.pt\/#\/schema\/person\/c4278d4a6028830caff9ee44b42d32ed"},"headline":"V\u00eddeos de drones das favelas do Rio chegam a Portugal com paisagens, tascas e obras","datePublished":"2026-03-13T17:05:00+00:00","mainEntityOfPage":{"@id":"https:\/\/portaltela.pt\/noticias\/2026\/03\/13\/videos-de-drones-das-favelas-do-rio-chegam-a-portugal-com-paisagens-tascas-e-obras\/"},"wordCount":238,"image":{"@id":"https:\/\/portaltela.pt\/noticias\/2026\/03\/13\/videos-de-drones-das-favelas-do-rio-chegam-a-portugal-com-paisagens-tascas-e-obras\/#primaryimage"},"thumbnailUrl":"https:\/\/portaltela.pt\/s.01k8rhncp4jt1\/2026\/03\/image-888.jpg","keywords":["Amares","Braga","Gaia","obras","Paisagens","Porto"],"articleSection":["Not\u00edcias"],"inLanguage":"pt-PT"},{"@type":"WebPage","@id":"https:\/\/portaltela.pt\/noticias\/2026\/03\/13\/videos-de-drones-das-favelas-do-rio-chegam-a-portugal-com-paisagens-tascas-e-obras\/","url":"https:\/\/portaltela.pt\/noticias\/2026\/03\/13\/videos-de-drones-das-favelas-do-rio-chegam-a-portugal-com-paisagens-tascas-e-obras\/","name":"V\u00eddeos de drones das favelas do Rio chegam a Portugal com paisagens, tascas e obras - Portal Tela Portugal","isPartOf":{"@id":"https:\/\/portaltela.pt\/#website"},"primaryImageOfPage":{"@id":"https:\/\/portaltela.pt\/noticias\/2026\/03\/13\/videos-de-drones-das-favelas-do-rio-chegam-a-portugal-com-paisagens-tascas-e-obras\/#primaryimage"},"image":{"@id":"https:\/\/portaltela.pt\/noticias\/2026\/03\/13\/videos-de-drones-das-favelas-do-rio-chegam-a-portugal-com-paisagens-tascas-e-obras\/#primaryimage"},"thumbnailUrl":"https:\/\/portaltela.pt\/s.01k8rhncp4jt1\/2026\/03\/image-888.jpg","datePublished":"2026-03-13T17:05:00+00:00","author":{"@id":"https:\/\/portaltela.pt\/#\/schema\/person\/c4278d4a6028830caff9ee44b42d32ed"},"breadcrumb":{"@id":"https:\/\/portaltela.pt\/noticias\/2026\/03\/13\/videos-de-drones-das-favelas-do-rio-chegam-a-portugal-com-paisagens-tascas-e-obras\/#breadcrumb"},"inLanguage":"pt-PT","potentialAction":[{"@type":"ReadAction","target":["https:\/\/portaltela.pt\/noticias\/2026\/03\/13\/videos-de-drones-das-favelas-do-rio-chegam-a-portugal-com-paisagens-tascas-e-obras\/"]}]},{"@type":"ImageObject","inLanguage":"pt-PT","@id":"https:\/\/portaltela.pt\/noticias\/2026\/03\/13\/videos-de-drones-das-favelas-do-rio-chegam-a-portugal-com-paisagens-tascas-e-obras\/#primaryimage","url":"https:\/\/portaltela.pt\/s.01k8rhncp4jt1\/2026\/03\/image-888.jpg","contentUrl":"https:\/\/portaltela.pt\/s.01k8rhncp4jt1\/2026\/03\/image-888.jpg","width":796,"height":448,"caption":"Obras em Vila Nova de Gaia serviram de plano de fundo para v\u00eddeo inspirado na realidade das favelas do Rio de Janeiro"},{"@type":"BreadcrumbList","@id":"https:\/\/portaltela.pt\/noticias\/2026\/03\/13\/videos-de-drones-das-favelas-do-rio-chegam-a-portugal-com-paisagens-tascas-e-obras\/#breadcrumb","itemListElement":[{"@type":"ListItem","position":1,"name":"In\u00edcio","item":"https:\/\/portaltela.pt\/"},{"@type":"ListItem","position":2,"name":"V\u00eddeos de drones das favelas do Rio chegam a Portugal com paisagens, tascas e obras"}]},{"@type":"WebSite","@id":"https:\/\/portaltela.pt\/#website","url":"https:\/\/portaltela.pt\/","name":"Portal Tela Portugal","description":"","potentialAction":[{"@type":"SearchAction","target":{"@type":"EntryPoint","urlTemplate":"https:\/\/portaltela.pt\/?s={search_term_string}"},"query-input":{"@type":"PropertyValueSpecification","valueRequired":true,"valueName":"search_term_string"}}],"inLanguage":"pt-PT"},{"@type":"Person","@id":"https:\/\/portaltela.pt\/#\/schema\/person\/c4278d4a6028830caff9ee44b42d32ed","name":"Telinha","image":{"@type":"ImageObject","inLanguage":"pt-PT","@id":"https:\/\/portaltela.pt\/s.01k8rhncp4jt1\/2025\/11\/talking-bot-125x125.png","url":"https:\/\/portaltela.pt\/s.01k8rhncp4jt1\/2025\/11\/talking-bot-125x125.png","contentUrl":"https:\/\/portaltela.pt\/s.01k8rhncp4jt1\/2025\/11\/talking-bot-125x125.png","caption":"Telinha"},"sameAs":["https:\/\/portaltela.pt\/"],"url":"https:\/\/portaltela.pt\/por\/367410592786\/"}]}},"_links":{"self":[{"href":"https:\/\/portaltela.pt\/api\/wp\/v2\/posts\/409139","targetHints":{"allow":["GET"]}}],"collection":[{"href":"https:\/\/portaltela.pt\/api\/wp\/v2\/posts"}],"about":[{"href":"https:\/\/portaltela.pt\/api\/wp\/v2\/types\/post"}],"author":[{"embeddable":true,"href":"https:\/\/portaltela.pt\/api\/wp\/v2\/users\/2"}],"replies":[{"embeddable":true,"href":"https:\/\/portaltela.pt\/api\/wp\/v2\/comments?post=409139"}],"version-history":[{"count":0,"href":"https:\/\/portaltela.pt\/api\/wp\/v2\/posts\/409139\/revisions"}],"wp:featuredmedia":[{"embeddable":true,"href":"https:\/\/portaltela.pt\/api\/wp\/v2\/media\/409147"}],"wp:attachment":[{"href":"https:\/\/portaltela.pt\/api\/wp\/v2\/media?parent=409139"}],"wp:term":[{"taxonomy":"category","embeddable":true,"href":"https:\/\/portaltela.pt\/api\/wp\/v2\/categories?post=409139"},{"taxonomy":"post_tag","embeddable":true,"href":"https:\/\/portaltela.pt\/api\/wp\/v2\/tags?post=409139"}],"curies":[{"name":"wp","href":"https:\/\/api.w.org\/{rel}","templated":true}]}}