{"id":409138,"date":"2026-03-13T14:09:53","date_gmt":"2026-03-13T17:09:53","guid":{"rendered":"https:\/\/portaltela.pt\/noticias\/2026\/03\/13\/ministro-da-agricultura-defende-bom-senso-sobre-aguardente-do-douro\/"},"modified":"2026-03-13T14:09:53","modified_gmt":"2026-03-13T17:09:53","slug":"ministro-da-agricultura-defende-bom-senso-sobre-aguardente-do-douro","status":"publish","type":"post","link":"https:\/\/portaltela.pt\/noticias\/economia\/2026\/03\/13\/ministro-da-agricultura-defende-bom-senso-sobre-aguardente-do-douro\/","title":{"rendered":"Ministro da Agricultura defende bom senso sobre aguardente do Douro"},"content":{"rendered":"<p>O ministro da Agricultura, Jos\u00e9 Manuel Fernandes, afirmou que espera que o bom senso prevale\u00e7a na discuss\u00e3o sobre o uso exclusivo de aguardente do Douro para a produ\u00e7\u00e3o de vinho do Porto, ap\u00f3s a divulga\u00e7\u00e3o de um estudo que aponta a inviabilidade da medida. O Parlamento aprovou a 30 de janeiro um diploma do JPP que defende esse uso exclusivo na Regi\u00e3o Demarcada do Douro (RDD).<\/p>\n<p>O diploma, defendido pelo deputado \u00fanico do Juntos pelo Povo, recebeu votos contr\u00e1rios de PSD, CDS-PP e IL e favor\u00e1veis de outras bancadas. No mesmo dia, foi publicado o estudo encomendado pelo minist\u00e9rio, que conclui que a op\u00e7\u00e3o de destinar apenas aguardente do Douro \u00e9 tecnicamente invi\u00e1vel, economicamente insustent\u00e1vel e estrategicamente arriscada.<\/p>\n<h3>Viabilidade t\u00e9cnica e econ\u00f3mica<\/h3>\n<p>Questionado em Vila Real sobre a viabilidade, o ministro refor\u00e7ou que o estudo j\u00e1 mostrou a inviabilidade da solu\u00e7\u00e3o a 100%. Alega que haveria escassez de produ\u00e7\u00e3o no Douro e o risco de destruir o conjunto de vinhos DOC Douro, algo que, segundo ele, ningu\u00e9m pretende. O apelo \u00e9 por passos em consenso para n\u00e3o comprometer conquistas recentes.<\/p>\n<p>O estudo aponta ainda que a Regi\u00e3o Demarcada do Douro n\u00e3o possui capacidade industrial suficiente para satisfazer as quantidades exigidas, existindo necessidade de novas unidades de destila\u00e7\u00e3o para atender ao potencial pretendido. O ministro sublinhou a import\u00e2ncia de avan\u00e7ar com o plano estrat\u00e9gico do IVDP, aprovado por unanimidade, para melhorar o rendimento dos produtores.<\/p>\n<h3>Investimento, territ\u00f3rio e futuro da regi\u00e3o<\/h3>\n<p>O titular da pasta lembrou que o Douro, Patrim\u00f3nio Mundial, tem produ\u00e7\u00e3o cara devido \u00e0 geografia \u00edngreme e \u00e0 relev\u00e2ncia do enoturismo. Entre os temas em discuss\u00e3o est\u00e1 a cria\u00e7\u00e3o de uma taxa tur\u00edstica local, ideia j\u00e1 defendida pela Comunidade Intermunicipal do Douro, para apoiar o setor.<\/p>\n<p>Durante as Jornadas Internacionais de Suinicultura, na UTAD, o ministro destacou a relev\u00e2ncia da suinicultura para a competitividade e coes\u00e3o territorial, al\u00e9m do papel do fumeiro na transforma\u00e7\u00e3o de pequenas empresas. Reconheceu ainda que o setor enfrenta crises como a guerra na Ucr\u00e2nia, tempestades e subida de custos de energia, com menor apoio da PAC.<\/p>\n<p>O governante reiterou a necessidade de manter o equil\u00edbrio entre interesses estrat\u00e9gicos e preserva\u00e7\u00e3o de vinhos DOC Douro, apontando que qualquer mudan\u00e7a dever\u00e1 respeitar as caracter\u00edsticas e a sustentabilidade econ\u00f3mica da regi\u00e3o.<\/p>\n","protected":false},"excerpt":{"rendered":"<ul>\n<li>O Parlamento aprovou, a 30 de janeiro, um diploma do JPP para usar exclusivamente aguardente v\u00ednica da Regi\u00e3o Demarcada do Douro na produ\u00e7\u00e3o de vinho do Porto e moscatel do Douro.<\/li>\n<li>Um estudo pedido pelo ministro em 2024 concluiu que o uso exclusivo de aguardente do Douro \u00e9 tecnicamente invi\u00e1vel, economicamente insustent\u00e1vel e estrategicamente arriscado.<\/li>\n<li>O ministro Jos\u00e9 Manuel Fernandes afirmou que, se a aguardente fosse 100%, n\u00e3o haveria produ\u00e7\u00e3o suficiente e haveria destrui\u00e7\u00e3o dos vinhos DOC Douro; pediu consenso para n\u00e3o comprometer conquistas.<\/li>\n<li>O diploma exige que a destila\u00e7\u00e3o ocorra no Douro; questionou quantas destila\u00e7\u00f5es existem e se h\u00e1 interesses particulares que sobreponham ao interesse geral.<\/li>\n<li>O estudo indica que a Regi\u00e3o Demarcada do Douro n\u00e3o tem capacidade industrial para as quantidades necess\u00e1rias, sendo necess\u00e1ria a constru\u00e7\u00e3o de novas unidades; real\u00e7ou a import\u00e2ncia do plano estrat\u00e9gico do IVDP e de uma eventual taxa tur\u00edstica local.<\/li>\n<\/ul>\n","protected":false},"author":2,"featured_media":409142,"comment_status":"closed","ping_status":"closed","sticky":false,"template":"","format":"standard","meta":{"footnotes":""},"categories":[2,1],"tags":[6115,1194,3727,2540,5586,779],"class_list":["post-409138","post","type-post","status-publish","format-standard","has-post-thumbnail","hentry","category-economia","category-noticias","tag-_economia","tag-douro","tag-enoturismo","tag-territorio","tag-vinho","tag-vinhos"],"yoast_head":"<!-- This site is optimized with the Yoast SEO plugin v27.2 - https:\/\/yoast.com\/product\/yoast-seo-wordpress\/ -->\n<title>Ministro da Agricultura defende bom senso sobre aguardente do Douro - Portal Tela Portugal<\/title>\n<meta name=\"robots\" content=\"index, follow, max-snippet:-1, max-image-preview:large, max-video-preview:-1\" \/>\n<meta property=\"og:locale\" content=\"pt_PT\" \/>\n<meta property=\"og:type\" content=\"article\" \/>\n<meta property=\"og:title\" content=\"Ministro da Agricultura defende bom senso sobre aguardente do Douro - Portal Tela Portugal\" \/>\n<meta property=\"og:description\" content=\"O Parlamento aprovou, a 30 de janeiro, um diploma do JPP para usar exclusivamente aguardente v\u00ednica da Regi\u00e3o Demarcada do Douro na produ\u00e7\u00e3o de vinho do Porto e moscatel do Douro. Um estudo pedido pelo ministro em 2024 concluiu que o uso exclusivo de aguardente do Douro \u00e9 tecnicamente invi\u00e1vel, economicamente insustent\u00e1vel e estrategicamente arriscado. O ministro Jos\u00e9 Manuel Fernandes afirmou que, se a aguardente fosse 100%, n\u00e3o haveria produ\u00e7\u00e3o suficiente e haveria destrui\u00e7\u00e3o dos vinhos DOC Douro; pediu consenso para n\u00e3o comprometer conquistas. O diploma exige que a destila\u00e7\u00e3o ocorra no Douro; questionou quantas destila\u00e7\u00f5es existem e se h\u00e1 interesses particulares que sobreponham ao interesse geral. O estudo indica que a Regi\u00e3o Demarcada do Douro n\u00e3o tem capacidade industrial para as quantidades necess\u00e1rias, sendo necess\u00e1ria a constru\u00e7\u00e3o de novas unidades; real\u00e7ou a import\u00e2ncia do plano estrat\u00e9gico do IVDP e de uma eventual taxa tur\u00edstica local.\" \/>\n<meta property=\"og:url\" content=\"https:\/\/portaltela.pt\/noticias\/2026\/03\/13\/ministro-da-agricultura-defende-bom-senso-sobre-aguardente-do-douro\/\" \/>\n<meta property=\"og:site_name\" content=\"Portal Tela Portugal\" \/>\n<meta property=\"article:published_time\" content=\"2026-03-13T17:09:53+00:00\" \/>\n<meta name=\"author\" content=\"Telinha\" \/>\n<meta name=\"twitter:card\" content=\"summary_large_image\" \/>\n<meta name=\"twitter:label1\" content=\"Escrito por\" \/>\n\t<meta name=\"twitter:data1\" content=\"Telinha\" \/>\n\t<meta name=\"twitter:label2\" content=\"Tempo estimado de leitura\" \/>\n\t<meta name=\"twitter:data2\" content=\"2 minutos\" \/>\n<script type=\"application\/ld+json\" class=\"yoast-schema-graph\">{\"@context\":\"https:\/\/schema.org\",\"@graph\":[{\"@type\":\"Article\",\"@id\":\"https:\/\/portaltela.pt\/noticias\/2026\/03\/13\/ministro-da-agricultura-defende-bom-senso-sobre-aguardente-do-douro\/#article\",\"isPartOf\":{\"@id\":\"https:\/\/portaltela.pt\/noticias\/2026\/03\/13\/ministro-da-agricultura-defende-bom-senso-sobre-aguardente-do-douro\/\"},\"author\":{\"name\":\"Telinha\",\"@id\":\"https:\/\/portaltela.pt\/#\/schema\/person\/c4278d4a6028830caff9ee44b42d32ed\"},\"headline\":\"Ministro da Agricultura defende bom senso sobre aguardente do Douro\",\"datePublished\":\"2026-03-13T17:09:53+00:00\",\"mainEntityOfPage\":{\"@id\":\"https:\/\/portaltela.pt\/noticias\/2026\/03\/13\/ministro-da-agricultura-defende-bom-senso-sobre-aguardente-do-douro\/\"},\"wordCount\":423,\"image\":{\"@id\":\"https:\/\/portaltela.pt\/noticias\/2026\/03\/13\/ministro-da-agricultura-defende-bom-senso-sobre-aguardente-do-douro\/#primaryimage\"},\"thumbnailUrl\":\"https:\/\/portaltela.pt\/s.01k8rhncp4jt1\/2026\/03\/img_1500x1000uu2012-10-03-10-01-00-77812.jpg\",\"keywords\":[\"_economia\",\"Douro\",\"enoturismo\",\"Territ\u00f3rio\",\"vinho\",\"vinhos\"],\"articleSection\":[\"Economia\",\"Not\u00edcias\"],\"inLanguage\":\"pt-PT\"},{\"@type\":\"WebPage\",\"@id\":\"https:\/\/portaltela.pt\/noticias\/2026\/03\/13\/ministro-da-agricultura-defende-bom-senso-sobre-aguardente-do-douro\/\",\"url\":\"https:\/\/portaltela.pt\/noticias\/2026\/03\/13\/ministro-da-agricultura-defende-bom-senso-sobre-aguardente-do-douro\/\",\"name\":\"Ministro da Agricultura defende bom senso sobre aguardente do Douro - Portal Tela Portugal\",\"isPartOf\":{\"@id\":\"https:\/\/portaltela.pt\/#website\"},\"primaryImageOfPage\":{\"@id\":\"https:\/\/portaltela.pt\/noticias\/2026\/03\/13\/ministro-da-agricultura-defende-bom-senso-sobre-aguardente-do-douro\/#primaryimage\"},\"image\":{\"@id\":\"https:\/\/portaltela.pt\/noticias\/2026\/03\/13\/ministro-da-agricultura-defende-bom-senso-sobre-aguardente-do-douro\/#primaryimage\"},\"thumbnailUrl\":\"https:\/\/portaltela.pt\/s.01k8rhncp4jt1\/2026\/03\/img_1500x1000uu2012-10-03-10-01-00-77812.jpg\",\"datePublished\":\"2026-03-13T17:09:53+00:00\",\"author\":{\"@id\":\"https:\/\/portaltela.pt\/#\/schema\/person\/c4278d4a6028830caff9ee44b42d32ed\"},\"breadcrumb\":{\"@id\":\"https:\/\/portaltela.pt\/noticias\/2026\/03\/13\/ministro-da-agricultura-defende-bom-senso-sobre-aguardente-do-douro\/#breadcrumb\"},\"inLanguage\":\"pt-PT\",\"potentialAction\":[{\"@type\":\"ReadAction\",\"target\":[\"https:\/\/portaltela.pt\/noticias\/2026\/03\/13\/ministro-da-agricultura-defende-bom-senso-sobre-aguardente-do-douro\/\"]}]},{\"@type\":\"ImageObject\",\"inLanguage\":\"pt-PT\",\"@id\":\"https:\/\/portaltela.pt\/noticias\/2026\/03\/13\/ministro-da-agricultura-defende-bom-senso-sobre-aguardente-do-douro\/#primaryimage\",\"url\":\"https:\/\/portaltela.pt\/s.01k8rhncp4jt1\/2026\/03\/img_1500x1000uu2012-10-03-10-01-00-77812.jpg\",\"contentUrl\":\"https:\/\/portaltela.pt\/s.01k8rhncp4jt1\/2026\/03\/img_1500x1000uu2012-10-03-10-01-00-77812.jpg\",\"width\":796,\"height\":448,\"caption\":\"Aguardente, Douro\"},{\"@type\":\"BreadcrumbList\",\"@id\":\"https:\/\/portaltela.pt\/noticias\/2026\/03\/13\/ministro-da-agricultura-defende-bom-senso-sobre-aguardente-do-douro\/#breadcrumb\",\"itemListElement\":[{\"@type\":\"ListItem\",\"position\":1,\"name\":\"In\u00edcio\",\"item\":\"https:\/\/portaltela.pt\/\"},{\"@type\":\"ListItem\",\"position\":2,\"name\":\"Ministro da Agricultura defende bom senso sobre aguardente do Douro\"}]},{\"@type\":\"WebSite\",\"@id\":\"https:\/\/portaltela.pt\/#website\",\"url\":\"https:\/\/portaltela.pt\/\",\"name\":\"Portal Tela Portugal\",\"description\":\"\",\"potentialAction\":[{\"@type\":\"SearchAction\",\"target\":{\"@type\":\"EntryPoint\",\"urlTemplate\":\"https:\/\/portaltela.pt\/?s={search_term_string}\"},\"query-input\":{\"@type\":\"PropertyValueSpecification\",\"valueRequired\":true,\"valueName\":\"search_term_string\"}}],\"inLanguage\":\"pt-PT\"},{\"@type\":\"Person\",\"@id\":\"https:\/\/portaltela.pt\/#\/schema\/person\/c4278d4a6028830caff9ee44b42d32ed\",\"name\":\"Telinha\",\"image\":{\"@type\":\"ImageObject\",\"inLanguage\":\"pt-PT\",\"@id\":\"https:\/\/portaltela.pt\/s.01k8rhncp4jt1\/2025\/11\/talking-bot-125x125.png\",\"url\":\"https:\/\/portaltela.pt\/s.01k8rhncp4jt1\/2025\/11\/talking-bot-125x125.png\",\"contentUrl\":\"https:\/\/portaltela.pt\/s.01k8rhncp4jt1\/2025\/11\/talking-bot-125x125.png\",\"caption\":\"Telinha\"},\"sameAs\":[\"https:\/\/portaltela.pt\/\"],\"url\":\"https:\/\/portaltela.pt\/por\/367410592786\/\"}]}<\/script>\n<!-- \/ Yoast SEO plugin. -->","yoast_head_json":{"title":"Ministro da Agricultura defende bom senso sobre aguardente do Douro - Portal Tela Portugal","robots":{"index":"index","follow":"follow","max-snippet":"max-snippet:-1","max-image-preview":"max-image-preview:large","max-video-preview":"max-video-preview:-1"},"og_locale":"pt_PT","og_type":"article","og_title":"Ministro da Agricultura defende bom senso sobre aguardente do Douro - Portal Tela Portugal","og_description":"O Parlamento aprovou, a 30 de janeiro, um diploma do JPP para usar exclusivamente aguardente v\u00ednica da Regi\u00e3o Demarcada do Douro na produ\u00e7\u00e3o de vinho do Porto e moscatel do Douro. Um estudo pedido pelo ministro em 2024 concluiu que o uso exclusivo de aguardente do Douro \u00e9 tecnicamente invi\u00e1vel, economicamente insustent\u00e1vel e estrategicamente arriscado. O ministro Jos\u00e9 Manuel Fernandes afirmou que, se a aguardente fosse 100%, n\u00e3o haveria produ\u00e7\u00e3o suficiente e haveria destrui\u00e7\u00e3o dos vinhos DOC Douro; pediu consenso para n\u00e3o comprometer conquistas. O diploma exige que a destila\u00e7\u00e3o ocorra no Douro; questionou quantas destila\u00e7\u00f5es existem e se h\u00e1 interesses particulares que sobreponham ao interesse geral. O estudo indica que a Regi\u00e3o Demarcada do Douro n\u00e3o tem capacidade industrial para as quantidades necess\u00e1rias, sendo necess\u00e1ria a constru\u00e7\u00e3o de novas unidades; real\u00e7ou a import\u00e2ncia do plano estrat\u00e9gico do IVDP e de uma eventual taxa tur\u00edstica local.","og_url":"https:\/\/portaltela.pt\/noticias\/2026\/03\/13\/ministro-da-agricultura-defende-bom-senso-sobre-aguardente-do-douro\/","og_site_name":"Portal Tela Portugal","article_published_time":"2026-03-13T17:09:53+00:00","author":"Telinha","twitter_card":"summary_large_image","twitter_misc":{"Escrito por":"Telinha","Tempo estimado de leitura":"2 minutos"},"schema":{"@context":"https:\/\/schema.org","@graph":[{"@type":"Article","@id":"https:\/\/portaltela.pt\/noticias\/2026\/03\/13\/ministro-da-agricultura-defende-bom-senso-sobre-aguardente-do-douro\/#article","isPartOf":{"@id":"https:\/\/portaltela.pt\/noticias\/2026\/03\/13\/ministro-da-agricultura-defende-bom-senso-sobre-aguardente-do-douro\/"},"author":{"name":"Telinha","@id":"https:\/\/portaltela.pt\/#\/schema\/person\/c4278d4a6028830caff9ee44b42d32ed"},"headline":"Ministro da Agricultura defende bom senso sobre aguardente do Douro","datePublished":"2026-03-13T17:09:53+00:00","mainEntityOfPage":{"@id":"https:\/\/portaltela.pt\/noticias\/2026\/03\/13\/ministro-da-agricultura-defende-bom-senso-sobre-aguardente-do-douro\/"},"wordCount":423,"image":{"@id":"https:\/\/portaltela.pt\/noticias\/2026\/03\/13\/ministro-da-agricultura-defende-bom-senso-sobre-aguardente-do-douro\/#primaryimage"},"thumbnailUrl":"https:\/\/portaltela.pt\/s.01k8rhncp4jt1\/2026\/03\/img_1500x1000uu2012-10-03-10-01-00-77812.jpg","keywords":["_economia","Douro","enoturismo","Territ\u00f3rio","vinho","vinhos"],"articleSection":["Economia","Not\u00edcias"],"inLanguage":"pt-PT"},{"@type":"WebPage","@id":"https:\/\/portaltela.pt\/noticias\/2026\/03\/13\/ministro-da-agricultura-defende-bom-senso-sobre-aguardente-do-douro\/","url":"https:\/\/portaltela.pt\/noticias\/2026\/03\/13\/ministro-da-agricultura-defende-bom-senso-sobre-aguardente-do-douro\/","name":"Ministro da Agricultura defende bom senso sobre aguardente do Douro - Portal Tela Portugal","isPartOf":{"@id":"https:\/\/portaltela.pt\/#website"},"primaryImageOfPage":{"@id":"https:\/\/portaltela.pt\/noticias\/2026\/03\/13\/ministro-da-agricultura-defende-bom-senso-sobre-aguardente-do-douro\/#primaryimage"},"image":{"@id":"https:\/\/portaltela.pt\/noticias\/2026\/03\/13\/ministro-da-agricultura-defende-bom-senso-sobre-aguardente-do-douro\/#primaryimage"},"thumbnailUrl":"https:\/\/portaltela.pt\/s.01k8rhncp4jt1\/2026\/03\/img_1500x1000uu2012-10-03-10-01-00-77812.jpg","datePublished":"2026-03-13T17:09:53+00:00","author":{"@id":"https:\/\/portaltela.pt\/#\/schema\/person\/c4278d4a6028830caff9ee44b42d32ed"},"breadcrumb":{"@id":"https:\/\/portaltela.pt\/noticias\/2026\/03\/13\/ministro-da-agricultura-defende-bom-senso-sobre-aguardente-do-douro\/#breadcrumb"},"inLanguage":"pt-PT","potentialAction":[{"@type":"ReadAction","target":["https:\/\/portaltela.pt\/noticias\/2026\/03\/13\/ministro-da-agricultura-defende-bom-senso-sobre-aguardente-do-douro\/"]}]},{"@type":"ImageObject","inLanguage":"pt-PT","@id":"https:\/\/portaltela.pt\/noticias\/2026\/03\/13\/ministro-da-agricultura-defende-bom-senso-sobre-aguardente-do-douro\/#primaryimage","url":"https:\/\/portaltela.pt\/s.01k8rhncp4jt1\/2026\/03\/img_1500x1000uu2012-10-03-10-01-00-77812.jpg","contentUrl":"https:\/\/portaltela.pt\/s.01k8rhncp4jt1\/2026\/03\/img_1500x1000uu2012-10-03-10-01-00-77812.jpg","width":796,"height":448,"caption":"Aguardente, Douro"},{"@type":"BreadcrumbList","@id":"https:\/\/portaltela.pt\/noticias\/2026\/03\/13\/ministro-da-agricultura-defende-bom-senso-sobre-aguardente-do-douro\/#breadcrumb","itemListElement":[{"@type":"ListItem","position":1,"name":"In\u00edcio","item":"https:\/\/portaltela.pt\/"},{"@type":"ListItem","position":2,"name":"Ministro da Agricultura defende bom senso sobre aguardente do Douro"}]},{"@type":"WebSite","@id":"https:\/\/portaltela.pt\/#website","url":"https:\/\/portaltela.pt\/","name":"Portal Tela Portugal","description":"","potentialAction":[{"@type":"SearchAction","target":{"@type":"EntryPoint","urlTemplate":"https:\/\/portaltela.pt\/?s={search_term_string}"},"query-input":{"@type":"PropertyValueSpecification","valueRequired":true,"valueName":"search_term_string"}}],"inLanguage":"pt-PT"},{"@type":"Person","@id":"https:\/\/portaltela.pt\/#\/schema\/person\/c4278d4a6028830caff9ee44b42d32ed","name":"Telinha","image":{"@type":"ImageObject","inLanguage":"pt-PT","@id":"https:\/\/portaltela.pt\/s.01k8rhncp4jt1\/2025\/11\/talking-bot-125x125.png","url":"https:\/\/portaltela.pt\/s.01k8rhncp4jt1\/2025\/11\/talking-bot-125x125.png","contentUrl":"https:\/\/portaltela.pt\/s.01k8rhncp4jt1\/2025\/11\/talking-bot-125x125.png","caption":"Telinha"},"sameAs":["https:\/\/portaltela.pt\/"],"url":"https:\/\/portaltela.pt\/por\/367410592786\/"}]}},"_links":{"self":[{"href":"https:\/\/portaltela.pt\/api\/wp\/v2\/posts\/409138","targetHints":{"allow":["GET"]}}],"collection":[{"href":"https:\/\/portaltela.pt\/api\/wp\/v2\/posts"}],"about":[{"href":"https:\/\/portaltela.pt\/api\/wp\/v2\/types\/post"}],"author":[{"embeddable":true,"href":"https:\/\/portaltela.pt\/api\/wp\/v2\/users\/2"}],"replies":[{"embeddable":true,"href":"https:\/\/portaltela.pt\/api\/wp\/v2\/comments?post=409138"}],"version-history":[{"count":0,"href":"https:\/\/portaltela.pt\/api\/wp\/v2\/posts\/409138\/revisions"}],"wp:featuredmedia":[{"embeddable":true,"href":"https:\/\/portaltela.pt\/api\/wp\/v2\/media\/409142"}],"wp:attachment":[{"href":"https:\/\/portaltela.pt\/api\/wp\/v2\/media?parent=409138"}],"wp:term":[{"taxonomy":"category","embeddable":true,"href":"https:\/\/portaltela.pt\/api\/wp\/v2\/categories?post=409138"},{"taxonomy":"post_tag","embeddable":true,"href":"https:\/\/portaltela.pt\/api\/wp\/v2\/tags?post=409138"}],"curies":[{"name":"wp","href":"https:\/\/api.w.org\/{rel}","templated":true}]}}