{"id":409133,"date":"2026-03-13T13:52:39","date_gmt":"2026-03-13T16:52:39","guid":{"rendered":"https:\/\/portaltela.pt\/noticias\/2026\/03\/13\/ordem-alerta-para-exclusao-de-utentes-nas-listas-de-medicos-de-familia\/"},"modified":"2026-03-13T13:52:39","modified_gmt":"2026-03-13T16:52:39","slug":"ordem-alerta-para-exclusao-de-utentes-nas-listas-de-medicos-de-familia","status":"publish","type":"post","link":"https:\/\/portaltela.pt\/saude\/2026\/03\/13\/ordem-alerta-para-exclusao-de-utentes-nas-listas-de-medicos-de-familia\/","title":{"rendered":"Ordem alerta para exclus\u00e3o de utentes nas listas de m\u00e9dicos de fam\u00edlia"},"content":{"rendered":"<p>A Ordem dos M\u00e9dicos alertou para o risco de exclus\u00e3o administrativa de utentes das listas de m\u00e9dico de fam\u00edlia, na sequ\u00eancia de um despacho do Governo que admite lapsos processuais. A comunica\u00e7\u00e3o ocorreu nesta sexta-feira, num contexto de atualiza\u00e7\u00e3o regulat\u00f3ria.<\/p>\n<p>Segundo Paula Broeiro, presidente do Col\u00e9gio de Medicina Geral e Familiar da Ordem, o despacho autoriza retirar utentes das listas caso n\u00e3o tenham contacto com o Servi\u00e7o Nacional de Sa\u00fade (SNS) h\u00e1 mais de cinco anos. A posi\u00e7\u00e3o \u00e9 de cautela face a consequ\u00eancias para a vigil\u00e2ncia da sa\u00fade.<\/p>\n<p>A m\u00e9dica enfatiza que a medida n\u00e3o considera situa\u00e7\u00f5es em que os utentes estejam saud\u00e1veis ou enfrentem raz\u00f5es sociais que expliquem a aus\u00eancia de registos no SNS, o que pode n\u00e3o significar aus\u00eancia de necessidades de sa\u00fade. O tema suscita d\u00favidas sobre o impacto real na popula\u00e7\u00e3o e na gest\u00e3o das listas de m\u00e9dicos de fam\u00edlia.<\/p>\n<h3>Contexto do despacho<\/h3>\n<p>O Governo classificou o despacho como uma forma de melhorar a gest\u00e3o administrativa do SNS, ao lidar com lapsos processuais identificados. A Ordem dos M\u00e9dicos manifesta preocupa\u00e7\u00e3o com potenciais consequ\u00eancias para utentes com necessidades m\u00e9dicas n\u00e3o registadas ou com dificuldades de contacto institucional.<\/p>\n<p>Ainda n\u00e3o foram avan\u00e7ados dados oficiais sobre quantos utentes podem ser abrangidos pela medida. A OM refor\u00e7a a import\u00e2ncia de salvaguardar casos em que a inexist\u00eancia de registos n\u00e3o reflete a falta de necessidades de sa\u00fade.<\/p>\n","protected":false},"excerpt":{"rendered":"<ul>\n<li>A Ordem dos M\u00e9dicos alertou para o risco de exclus\u00e3o administrativa de utentes das listas de m\u00e9dico de fam\u00edlia, ap\u00f3s um novo despacho do Governo.<\/li>\n<li>O despacho considera lapsos processuais e permite retirar utentes das listas caso n\u00e3o tenham contacto com o Servi\u00e7o Nacional de Sa\u00fade h\u00e1 mais de cinco anos.<\/li>\n<li>Paula Broeiro, presidente do Col\u00e9gio de Medicina Geral e Familiar da Ordem, foi citada num comunicado a sustentar a informa\u00e7\u00e3o.<\/li>\n<li>A m\u00e9dica sublinha que a medida pode ignorar situa\u00e7\u00f5es em que os utentes s\u00e3o saud\u00e1veis ou t\u00eam raz\u00f5es sociais para n\u00e3o haver registos no SNS.<\/li>\n<li>Assim, a eventual exclus\u00e3o pode n\u00e3o corresponder a necessidades de sa\u00fade reais.<\/li>\n<\/ul>\n","protected":false},"author":2,"featured_media":409134,"comment_status":"closed","ping_status":"closed","sticky":false,"template":"","format":"standard","meta":{"footnotes":""},"categories":[6745],"tags":[168,6854,698,229,172,271],"class_list":["post-409133","post","type-post","status-publish","format-standard","has-post-thumbnail","hentry","category-saude","tag-administracao-publica","tag-medicos","tag-ordem-dos-medicos","tag-politica-publica","tag-saude","tag-saude-publica"],"yoast_head":"<!-- This site is optimized with the Yoast SEO plugin v27.2 - https:\/\/yoast.com\/product\/yoast-seo-wordpress\/ -->\n<title>Ordem alerta para exclus\u00e3o de utentes nas listas de m\u00e9dicos de fam\u00edlia - Portal Tela Portugal<\/title>\n<meta name=\"robots\" content=\"index, follow, max-snippet:-1, max-image-preview:large, max-video-preview:-1\" \/>\n<meta property=\"og:locale\" content=\"pt_PT\" \/>\n<meta property=\"og:type\" content=\"article\" \/>\n<meta property=\"og:title\" content=\"Ordem alerta para exclus\u00e3o de utentes nas listas de m\u00e9dicos de fam\u00edlia - Portal Tela Portugal\" \/>\n<meta property=\"og:description\" content=\"A Ordem dos M\u00e9dicos alertou para o risco de exclus\u00e3o administrativa de utentes das listas de m\u00e9dico de fam\u00edlia, ap\u00f3s um novo despacho do Governo. O despacho considera lapsos processuais e permite retirar utentes das listas caso n\u00e3o tenham contacto com o Servi\u00e7o Nacional de Sa\u00fade h\u00e1 mais de cinco anos. Paula Broeiro, presidente do Col\u00e9gio de Medicina Geral e Familiar da Ordem, foi citada num comunicado a sustentar a informa\u00e7\u00e3o. A m\u00e9dica sublinha que a medida pode ignorar situa\u00e7\u00f5es em que os utentes s\u00e3o saud\u00e1veis ou t\u00eam raz\u00f5es sociais para n\u00e3o haver registos no SNS. Assim, a eventual exclus\u00e3o pode n\u00e3o corresponder a necessidades de sa\u00fade reais.\" \/>\n<meta property=\"og:url\" content=\"https:\/\/portaltela.pt\/noticias\/2026\/03\/13\/ordem-alerta-para-exclusao-de-utentes-nas-listas-de-medicos-de-familia\/\" \/>\n<meta property=\"og:site_name\" content=\"Portal Tela Portugal\" \/>\n<meta property=\"article:published_time\" content=\"2026-03-13T16:52:39+00:00\" \/>\n<meta name=\"author\" content=\"Telinha\" \/>\n<meta name=\"twitter:card\" content=\"summary_large_image\" \/>\n<meta name=\"twitter:label1\" content=\"Escrito por\" \/>\n\t<meta name=\"twitter:data1\" content=\"Telinha\" \/>\n\t<meta name=\"twitter:label2\" content=\"Tempo estimado de leitura\" \/>\n\t<meta name=\"twitter:data2\" content=\"1 minuto\" \/>\n<script type=\"application\/ld+json\" class=\"yoast-schema-graph\">{\"@context\":\"https:\/\/schema.org\",\"@graph\":[{\"@type\":\"Article\",\"@id\":\"https:\/\/portaltela.pt\/noticias\/2026\/03\/13\/ordem-alerta-para-exclusao-de-utentes-nas-listas-de-medicos-de-familia\/#article\",\"isPartOf\":{\"@id\":\"https:\/\/portaltela.pt\/noticias\/2026\/03\/13\/ordem-alerta-para-exclusao-de-utentes-nas-listas-de-medicos-de-familia\/\"},\"author\":{\"name\":\"Telinha\",\"@id\":\"https:\/\/portaltela.pt\/#\/schema\/person\/c4278d4a6028830caff9ee44b42d32ed\"},\"headline\":\"Ordem alerta para exclus\u00e3o de utentes nas listas de m\u00e9dicos de fam\u00edlia\",\"datePublished\":\"2026-03-13T16:52:39+00:00\",\"mainEntityOfPage\":{\"@id\":\"https:\/\/portaltela.pt\/noticias\/2026\/03\/13\/ordem-alerta-para-exclusao-de-utentes-nas-listas-de-medicos-de-familia\/\"},\"wordCount\":284,\"image\":{\"@id\":\"https:\/\/portaltela.pt\/noticias\/2026\/03\/13\/ordem-alerta-para-exclusao-de-utentes-nas-listas-de-medicos-de-familia\/#primaryimage\"},\"thumbnailUrl\":\"https:\/\/portaltela.pt\/s.01k8rhncp4jt1\/2026\/03\/img_1500x1000uu2015-11-24-14-17-00-497689.jpg\",\"keywords\":[\"administra\u00e7\u00e3o p\u00fablica\",\"M\u00e9dicos\",\"Ordem dos M\u00e9dicos\",\"pol\u00edtica p\u00fablica\",\"sa\u00fade\",\"sa\u00fade p\u00fablica\"],\"articleSection\":[\"Sa\u00fade\"],\"inLanguage\":\"pt-PT\"},{\"@type\":\"WebPage\",\"@id\":\"https:\/\/portaltela.pt\/noticias\/2026\/03\/13\/ordem-alerta-para-exclusao-de-utentes-nas-listas-de-medicos-de-familia\/\",\"url\":\"https:\/\/portaltela.pt\/noticias\/2026\/03\/13\/ordem-alerta-para-exclusao-de-utentes-nas-listas-de-medicos-de-familia\/\",\"name\":\"Ordem alerta para exclus\u00e3o de utentes nas listas de m\u00e9dicos de fam\u00edlia - Portal Tela Portugal\",\"isPartOf\":{\"@id\":\"https:\/\/portaltela.pt\/#website\"},\"primaryImageOfPage\":{\"@id\":\"https:\/\/portaltela.pt\/noticias\/2026\/03\/13\/ordem-alerta-para-exclusao-de-utentes-nas-listas-de-medicos-de-familia\/#primaryimage\"},\"image\":{\"@id\":\"https:\/\/portaltela.pt\/noticias\/2026\/03\/13\/ordem-alerta-para-exclusao-de-utentes-nas-listas-de-medicos-de-familia\/#primaryimage\"},\"thumbnailUrl\":\"https:\/\/portaltela.pt\/s.01k8rhncp4jt1\/2026\/03\/img_1500x1000uu2015-11-24-14-17-00-497689.jpg\",\"datePublished\":\"2026-03-13T16:52:39+00:00\",\"author\":{\"@id\":\"https:\/\/portaltela.pt\/#\/schema\/person\/c4278d4a6028830caff9ee44b42d32ed\"},\"breadcrumb\":{\"@id\":\"https:\/\/portaltela.pt\/noticias\/2026\/03\/13\/ordem-alerta-para-exclusao-de-utentes-nas-listas-de-medicos-de-familia\/#breadcrumb\"},\"inLanguage\":\"pt-PT\",\"potentialAction\":[{\"@type\":\"ReadAction\",\"target\":[\"https:\/\/portaltela.pt\/noticias\/2026\/03\/13\/ordem-alerta-para-exclusao-de-utentes-nas-listas-de-medicos-de-familia\/\"]}]},{\"@type\":\"ImageObject\",\"inLanguage\":\"pt-PT\",\"@id\":\"https:\/\/portaltela.pt\/noticias\/2026\/03\/13\/ordem-alerta-para-exclusao-de-utentes-nas-listas-de-medicos-de-familia\/#primaryimage\",\"url\":\"https:\/\/portaltela.pt\/s.01k8rhncp4jt1\/2026\/03\/img_1500x1000uu2015-11-24-14-17-00-497689.jpg\",\"contentUrl\":\"https:\/\/portaltela.pt\/s.01k8rhncp4jt1\/2026\/03\/img_1500x1000uu2015-11-24-14-17-00-497689.jpg\",\"width\":796,\"height\":448,\"caption\":\"M\u00e9dicos\"},{\"@type\":\"BreadcrumbList\",\"@id\":\"https:\/\/portaltela.pt\/noticias\/2026\/03\/13\/ordem-alerta-para-exclusao-de-utentes-nas-listas-de-medicos-de-familia\/#breadcrumb\",\"itemListElement\":[{\"@type\":\"ListItem\",\"position\":1,\"name\":\"In\u00edcio\",\"item\":\"https:\/\/portaltela.pt\/\"},{\"@type\":\"ListItem\",\"position\":2,\"name\":\"Ordem alerta para exclus\u00e3o de utentes nas listas de m\u00e9dicos de fam\u00edlia\"}]},{\"@type\":\"WebSite\",\"@id\":\"https:\/\/portaltela.pt\/#website\",\"url\":\"https:\/\/portaltela.pt\/\",\"name\":\"Portal Tela Portugal\",\"description\":\"\",\"potentialAction\":[{\"@type\":\"SearchAction\",\"target\":{\"@type\":\"EntryPoint\",\"urlTemplate\":\"https:\/\/portaltela.pt\/?s={search_term_string}\"},\"query-input\":{\"@type\":\"PropertyValueSpecification\",\"valueRequired\":true,\"valueName\":\"search_term_string\"}}],\"inLanguage\":\"pt-PT\"},{\"@type\":\"Person\",\"@id\":\"https:\/\/portaltela.pt\/#\/schema\/person\/c4278d4a6028830caff9ee44b42d32ed\",\"name\":\"Telinha\",\"image\":{\"@type\":\"ImageObject\",\"inLanguage\":\"pt-PT\",\"@id\":\"https:\/\/portaltela.pt\/s.01k8rhncp4jt1\/2025\/11\/talking-bot-125x125.png\",\"url\":\"https:\/\/portaltela.pt\/s.01k8rhncp4jt1\/2025\/11\/talking-bot-125x125.png\",\"contentUrl\":\"https:\/\/portaltela.pt\/s.01k8rhncp4jt1\/2025\/11\/talking-bot-125x125.png\",\"caption\":\"Telinha\"},\"sameAs\":[\"https:\/\/portaltela.pt\/\"],\"url\":\"https:\/\/portaltela.pt\/por\/367410592786\/\"}]}<\/script>\n<!-- \/ Yoast SEO plugin. -->","yoast_head_json":{"title":"Ordem alerta para exclus\u00e3o de utentes nas listas de m\u00e9dicos de fam\u00edlia - Portal Tela Portugal","robots":{"index":"index","follow":"follow","max-snippet":"max-snippet:-1","max-image-preview":"max-image-preview:large","max-video-preview":"max-video-preview:-1"},"og_locale":"pt_PT","og_type":"article","og_title":"Ordem alerta para exclus\u00e3o de utentes nas listas de m\u00e9dicos de fam\u00edlia - Portal Tela Portugal","og_description":"A Ordem dos M\u00e9dicos alertou para o risco de exclus\u00e3o administrativa de utentes das listas de m\u00e9dico de fam\u00edlia, ap\u00f3s um novo despacho do Governo. O despacho considera lapsos processuais e permite retirar utentes das listas caso n\u00e3o tenham contacto com o Servi\u00e7o Nacional de Sa\u00fade h\u00e1 mais de cinco anos. Paula Broeiro, presidente do Col\u00e9gio de Medicina Geral e Familiar da Ordem, foi citada num comunicado a sustentar a informa\u00e7\u00e3o. A m\u00e9dica sublinha que a medida pode ignorar situa\u00e7\u00f5es em que os utentes s\u00e3o saud\u00e1veis ou t\u00eam raz\u00f5es sociais para n\u00e3o haver registos no SNS. Assim, a eventual exclus\u00e3o pode n\u00e3o corresponder a necessidades de sa\u00fade reais.","og_url":"https:\/\/portaltela.pt\/noticias\/2026\/03\/13\/ordem-alerta-para-exclusao-de-utentes-nas-listas-de-medicos-de-familia\/","og_site_name":"Portal Tela Portugal","article_published_time":"2026-03-13T16:52:39+00:00","author":"Telinha","twitter_card":"summary_large_image","twitter_misc":{"Escrito por":"Telinha","Tempo estimado de leitura":"1 minuto"},"schema":{"@context":"https:\/\/schema.org","@graph":[{"@type":"Article","@id":"https:\/\/portaltela.pt\/noticias\/2026\/03\/13\/ordem-alerta-para-exclusao-de-utentes-nas-listas-de-medicos-de-familia\/#article","isPartOf":{"@id":"https:\/\/portaltela.pt\/noticias\/2026\/03\/13\/ordem-alerta-para-exclusao-de-utentes-nas-listas-de-medicos-de-familia\/"},"author":{"name":"Telinha","@id":"https:\/\/portaltela.pt\/#\/schema\/person\/c4278d4a6028830caff9ee44b42d32ed"},"headline":"Ordem alerta para exclus\u00e3o de utentes nas listas de m\u00e9dicos de fam\u00edlia","datePublished":"2026-03-13T16:52:39+00:00","mainEntityOfPage":{"@id":"https:\/\/portaltela.pt\/noticias\/2026\/03\/13\/ordem-alerta-para-exclusao-de-utentes-nas-listas-de-medicos-de-familia\/"},"wordCount":284,"image":{"@id":"https:\/\/portaltela.pt\/noticias\/2026\/03\/13\/ordem-alerta-para-exclusao-de-utentes-nas-listas-de-medicos-de-familia\/#primaryimage"},"thumbnailUrl":"https:\/\/portaltela.pt\/s.01k8rhncp4jt1\/2026\/03\/img_1500x1000uu2015-11-24-14-17-00-497689.jpg","keywords":["administra\u00e7\u00e3o p\u00fablica","M\u00e9dicos","Ordem dos M\u00e9dicos","pol\u00edtica p\u00fablica","sa\u00fade","sa\u00fade p\u00fablica"],"articleSection":["Sa\u00fade"],"inLanguage":"pt-PT"},{"@type":"WebPage","@id":"https:\/\/portaltela.pt\/noticias\/2026\/03\/13\/ordem-alerta-para-exclusao-de-utentes-nas-listas-de-medicos-de-familia\/","url":"https:\/\/portaltela.pt\/noticias\/2026\/03\/13\/ordem-alerta-para-exclusao-de-utentes-nas-listas-de-medicos-de-familia\/","name":"Ordem alerta para exclus\u00e3o de utentes nas listas de m\u00e9dicos de fam\u00edlia - Portal Tela Portugal","isPartOf":{"@id":"https:\/\/portaltela.pt\/#website"},"primaryImageOfPage":{"@id":"https:\/\/portaltela.pt\/noticias\/2026\/03\/13\/ordem-alerta-para-exclusao-de-utentes-nas-listas-de-medicos-de-familia\/#primaryimage"},"image":{"@id":"https:\/\/portaltela.pt\/noticias\/2026\/03\/13\/ordem-alerta-para-exclusao-de-utentes-nas-listas-de-medicos-de-familia\/#primaryimage"},"thumbnailUrl":"https:\/\/portaltela.pt\/s.01k8rhncp4jt1\/2026\/03\/img_1500x1000uu2015-11-24-14-17-00-497689.jpg","datePublished":"2026-03-13T16:52:39+00:00","author":{"@id":"https:\/\/portaltela.pt\/#\/schema\/person\/c4278d4a6028830caff9ee44b42d32ed"},"breadcrumb":{"@id":"https:\/\/portaltela.pt\/noticias\/2026\/03\/13\/ordem-alerta-para-exclusao-de-utentes-nas-listas-de-medicos-de-familia\/#breadcrumb"},"inLanguage":"pt-PT","potentialAction":[{"@type":"ReadAction","target":["https:\/\/portaltela.pt\/noticias\/2026\/03\/13\/ordem-alerta-para-exclusao-de-utentes-nas-listas-de-medicos-de-familia\/"]}]},{"@type":"ImageObject","inLanguage":"pt-PT","@id":"https:\/\/portaltela.pt\/noticias\/2026\/03\/13\/ordem-alerta-para-exclusao-de-utentes-nas-listas-de-medicos-de-familia\/#primaryimage","url":"https:\/\/portaltela.pt\/s.01k8rhncp4jt1\/2026\/03\/img_1500x1000uu2015-11-24-14-17-00-497689.jpg","contentUrl":"https:\/\/portaltela.pt\/s.01k8rhncp4jt1\/2026\/03\/img_1500x1000uu2015-11-24-14-17-00-497689.jpg","width":796,"height":448,"caption":"M\u00e9dicos"},{"@type":"BreadcrumbList","@id":"https:\/\/portaltela.pt\/noticias\/2026\/03\/13\/ordem-alerta-para-exclusao-de-utentes-nas-listas-de-medicos-de-familia\/#breadcrumb","itemListElement":[{"@type":"ListItem","position":1,"name":"In\u00edcio","item":"https:\/\/portaltela.pt\/"},{"@type":"ListItem","position":2,"name":"Ordem alerta para exclus\u00e3o de utentes nas listas de m\u00e9dicos de fam\u00edlia"}]},{"@type":"WebSite","@id":"https:\/\/portaltela.pt\/#website","url":"https:\/\/portaltela.pt\/","name":"Portal Tela Portugal","description":"","potentialAction":[{"@type":"SearchAction","target":{"@type":"EntryPoint","urlTemplate":"https:\/\/portaltela.pt\/?s={search_term_string}"},"query-input":{"@type":"PropertyValueSpecification","valueRequired":true,"valueName":"search_term_string"}}],"inLanguage":"pt-PT"},{"@type":"Person","@id":"https:\/\/portaltela.pt\/#\/schema\/person\/c4278d4a6028830caff9ee44b42d32ed","name":"Telinha","image":{"@type":"ImageObject","inLanguage":"pt-PT","@id":"https:\/\/portaltela.pt\/s.01k8rhncp4jt1\/2025\/11\/talking-bot-125x125.png","url":"https:\/\/portaltela.pt\/s.01k8rhncp4jt1\/2025\/11\/talking-bot-125x125.png","contentUrl":"https:\/\/portaltela.pt\/s.01k8rhncp4jt1\/2025\/11\/talking-bot-125x125.png","caption":"Telinha"},"sameAs":["https:\/\/portaltela.pt\/"],"url":"https:\/\/portaltela.pt\/por\/367410592786\/"}]}},"_links":{"self":[{"href":"https:\/\/portaltela.pt\/api\/wp\/v2\/posts\/409133","targetHints":{"allow":["GET"]}}],"collection":[{"href":"https:\/\/portaltela.pt\/api\/wp\/v2\/posts"}],"about":[{"href":"https:\/\/portaltela.pt\/api\/wp\/v2\/types\/post"}],"author":[{"embeddable":true,"href":"https:\/\/portaltela.pt\/api\/wp\/v2\/users\/2"}],"replies":[{"embeddable":true,"href":"https:\/\/portaltela.pt\/api\/wp\/v2\/comments?post=409133"}],"version-history":[{"count":0,"href":"https:\/\/portaltela.pt\/api\/wp\/v2\/posts\/409133\/revisions"}],"wp:featuredmedia":[{"embeddable":true,"href":"https:\/\/portaltela.pt\/api\/wp\/v2\/media\/409134"}],"wp:attachment":[{"href":"https:\/\/portaltela.pt\/api\/wp\/v2\/media?parent=409133"}],"wp:term":[{"taxonomy":"category","embeddable":true,"href":"https:\/\/portaltela.pt\/api\/wp\/v2\/categories?post=409133"},{"taxonomy":"post_tag","embeddable":true,"href":"https:\/\/portaltela.pt\/api\/wp\/v2\/tags?post=409133"}],"curies":[{"name":"wp","href":"https:\/\/api.w.org\/{rel}","templated":true}]}}