{"id":409114,"date":"2026-03-13T13:47:00","date_gmt":"2026-03-13T16:47:00","guid":{"rendered":"https:\/\/portaltela.pt\/noticias\/2026\/03\/13\/supremo-tribunal-da-india-rejeita-licenca-menstrual-de-dois-a-tres-dias\/"},"modified":"2026-03-13T13:47:00","modified_gmt":"2026-03-13T16:47:00","slug":"supremo-tribunal-da-india-rejeita-licenca-menstrual-de-dois-a-tres-dias","status":"publish","type":"post","link":"https:\/\/portaltela.pt\/noticias\/2026\/03\/13\/supremo-tribunal-da-india-rejeita-licenca-menstrual-de-dois-a-tres-dias\/","title":{"rendered":"Supremo Tribunal da \u00cdndia rejeita licen\u00e7a menstrual de dois a tr\u00eas dias"},"content":{"rendered":"<p>O Supremo Tribunal da \u00cdndia rejeitou uma a\u00e7\u00e3o que defendia a cria\u00e7\u00e3o de uma licen\u00e7a menstrual para mulheres trabalhadoras e estudantes. A medida propunha uma licen\u00e7a de dois a tr\u00eas dias por m\u00eas em caso de dores menstruais. A decis\u00e3o foi tomada pelos ju\u00edzes do tribunal, incluindo o presidente Surya Kant.<\/p>\n<p>Os ju\u00edzes consideraram que a licen\u00e7a poderia levar \u00e0 discrimina\u00e7\u00e3o de mulheres no mercado de trabalho, dificultando futuras contrata\u00e7\u00f5es. Argumentaram ainda que a concess\u00e3o dessa licen\u00e7a poderia fazer com que as mulheres n\u00e3o se sentissem em igualdade com os colegas homens, afetando o seu desenvolvimento.<\/p>\n<p>O proponente da ideia, o advogado Shailendra Mani Tripathi, manifestou \u00e0 IANS a sugest\u00e3o de dois a tr\u00eas dias mensais. Coment\u00e1rios da especialista Sukriti Chauhan \u00e0 BBC lembraram que h\u00e1 leis indianas que protegem a dignidade no local de trabalho e a igualdade de g\u00e9nero, e que negar a licen\u00e7a poderia violar esses princ\u00edpios.<\/p>\n<p>Contextualmente, alguns estados j\u00e1 adotam licen\u00e7as menstruais: Bihar e Odisha concedem dois dias mensais a funcion\u00e1rias p\u00fablicas, enquanto Kerala estende a licen\u00e7as a funcion\u00e1rias universit\u00e1rias e de institutos de forma\u00e7\u00e3o industrial. Em Portugal, uma licen\u00e7a n\u00e3o remunerada de at\u00e9 dois dias para dores incapacitantes deixou de existir ap\u00f3s a reformula\u00e7\u00e3o do c\u00f3digo laboral em 2009. Hoje, apenas quem tem endometriose ou adenomiose pode faltar com justificativa por at\u00e9 tr\u00eas dias mensais.<\/p>\n","protected":false},"excerpt":{"rendered":"<ul>\n<li>O Supremo Tribunal indiano rejeitou uma a\u00e7\u00e3o que defendia uma licen\u00e7a mensal de dois a tr\u00eas dias para dores menstruais para mulheres trabalhadoras e estudantes.<\/li>\n<li>Os ju\u00edzes argumentaram que essa licen\u00e7a poderia levar \u00e0 discrimina\u00e7\u00e3o de contrata\u00e7\u00e3o de mulheres e afetar o desenvolvimento de jovens ao sentirem-se desigualadas aos colegas homens.<\/li>\n<li>O respons\u00e1vel pela proposta, Shailendra Mani Tripathi, afirmou que a ideia era instituir dois a tr\u00eas dias de licen\u00e7a em caso de dores menstruais.<\/li>\n<li>A advogada Sukriti Chauhan salientou que existem leis que protegem dignidade no trabalho e igualdade de g\u00e9nero, e que negar a licen\u00e7a viola esses princ\u00edpios.<\/li>\n<li>Na \u00cdndia j\u00e1 h\u00e1 estados e empresas que adotam licen\u00e7as menstruais: Bihar e Odisha concedem dois dias mensais a funcion\u00e1rias p\u00fablicas, e Kerala aplica a licen\u00e7a a funcion\u00e1rias de universidades e institutos de forma\u00e7\u00e3o. Em Portugal, a licen\u00e7a menstru\u00e1vel foi abolida em 2009, mantendo-se apenas para quem tem endometriose ou adenomiose com at\u00e9 tr\u00eas dias de faltas justificadas.<\/li>\n<\/ul>\n","protected":false},"author":2,"featured_media":409123,"comment_status":"closed","ping_status":"closed","sticky":false,"template":"","format":"standard","meta":{"footnotes":""},"categories":[1],"tags":[5437,5282,2633,1695,5470,2701],"class_list":["post-409114","post","type-post","status-publish","format-standard","has-post-thumbnail","hentry","category-noticias","tag-desigualdades-sociais","tag-direitos-da-mulher","tag-direitos-humanos","tag-discriminacao","tag-india","tag-mulheres"],"yoast_head":"<!-- This site is optimized with the Yoast SEO plugin v27.2 - https:\/\/yoast.com\/product\/yoast-seo-wordpress\/ -->\n<title>Supremo Tribunal da \u00cdndia rejeita licen\u00e7a menstrual de dois a tr\u00eas dias - Portal Tela Portugal<\/title>\n<meta name=\"robots\" content=\"index, follow, max-snippet:-1, max-image-preview:large, max-video-preview:-1\" \/>\n<meta property=\"og:locale\" content=\"pt_PT\" \/>\n<meta property=\"og:type\" content=\"article\" \/>\n<meta property=\"og:title\" content=\"Supremo Tribunal da \u00cdndia rejeita licen\u00e7a menstrual de dois a tr\u00eas dias - Portal Tela Portugal\" \/>\n<meta property=\"og:description\" content=\"O Supremo Tribunal indiano rejeitou uma a\u00e7\u00e3o que defendia uma licen\u00e7a mensal de dois a tr\u00eas dias para dores menstruais para mulheres trabalhadoras e estudantes. Os ju\u00edzes argumentaram que essa licen\u00e7a poderia levar \u00e0 discrimina\u00e7\u00e3o de contrata\u00e7\u00e3o de mulheres e afetar o desenvolvimento de jovens ao sentirem-se desigualadas aos colegas homens. O respons\u00e1vel pela proposta, Shailendra Mani Tripathi, afirmou que a ideia era instituir dois a tr\u00eas dias de licen\u00e7a em caso de dores menstruais. A advogada Sukriti Chauhan salientou que existem leis que protegem dignidade no trabalho e igualdade de g\u00e9nero, e que negar a licen\u00e7a viola esses princ\u00edpios. Na \u00cdndia j\u00e1 h\u00e1 estados e empresas que adotam licen\u00e7as menstruais: Bihar e Odisha concedem dois dias mensais a funcion\u00e1rias p\u00fablicas, e Kerala aplica a licen\u00e7a a funcion\u00e1rias de universidades e institutos de forma\u00e7\u00e3o. Em Portugal, a licen\u00e7a menstru\u00e1vel foi abolida em 2009, mantendo-se apenas para quem tem endometriose ou adenomiose com at\u00e9 tr\u00eas dias de faltas justificadas.\" \/>\n<meta property=\"og:url\" content=\"https:\/\/portaltela.pt\/noticias\/2026\/03\/13\/supremo-tribunal-da-india-rejeita-licenca-menstrual-de-dois-a-tres-dias\/\" \/>\n<meta property=\"og:site_name\" content=\"Portal Tela Portugal\" \/>\n<meta property=\"article:published_time\" content=\"2026-03-13T16:47:00+00:00\" \/>\n<meta name=\"author\" content=\"Telinha\" \/>\n<meta name=\"twitter:card\" content=\"summary_large_image\" \/>\n<meta name=\"twitter:label1\" content=\"Escrito por\" \/>\n\t<meta name=\"twitter:data1\" content=\"Telinha\" \/>\n\t<meta name=\"twitter:label2\" content=\"Tempo estimado de leitura\" \/>\n\t<meta name=\"twitter:data2\" content=\"1 minuto\" \/>\n<script type=\"application\/ld+json\" class=\"yoast-schema-graph\">{\"@context\":\"https:\/\/schema.org\",\"@graph\":[{\"@type\":\"Article\",\"@id\":\"https:\/\/portaltela.pt\/noticias\/2026\/03\/13\/supremo-tribunal-da-india-rejeita-licenca-menstrual-de-dois-a-tres-dias\/#article\",\"isPartOf\":{\"@id\":\"https:\/\/portaltela.pt\/noticias\/2026\/03\/13\/supremo-tribunal-da-india-rejeita-licenca-menstrual-de-dois-a-tres-dias\/\"},\"author\":{\"name\":\"Telinha\",\"@id\":\"https:\/\/portaltela.pt\/#\/schema\/person\/c4278d4a6028830caff9ee44b42d32ed\"},\"headline\":\"Supremo Tribunal da \u00cdndia rejeita licen\u00e7a menstrual de dois a tr\u00eas dias\",\"datePublished\":\"2026-03-13T16:47:00+00:00\",\"mainEntityOfPage\":{\"@id\":\"https:\/\/portaltela.pt\/noticias\/2026\/03\/13\/supremo-tribunal-da-india-rejeita-licenca-menstrual-de-dois-a-tres-dias\/\"},\"wordCount\":265,\"image\":{\"@id\":\"https:\/\/portaltela.pt\/noticias\/2026\/03\/13\/supremo-tribunal-da-india-rejeita-licenca-menstrual-de-dois-a-tres-dias\/#primaryimage\"},\"thumbnailUrl\":\"https:\/\/portaltela.pt\/s.01k8rhncp4jt1\/2026\/03\/2073951.jpg\",\"keywords\":[\"desigualdades sociais\",\"Direitos da Mulher\",\"direitos humanos\",\"discrimina\u00e7\u00e3o\",\"\u00cdndia\",\"Mulheres\"],\"articleSection\":[\"Not\u00edcias\"],\"inLanguage\":\"pt-PT\"},{\"@type\":\"WebPage\",\"@id\":\"https:\/\/portaltela.pt\/noticias\/2026\/03\/13\/supremo-tribunal-da-india-rejeita-licenca-menstrual-de-dois-a-tres-dias\/\",\"url\":\"https:\/\/portaltela.pt\/noticias\/2026\/03\/13\/supremo-tribunal-da-india-rejeita-licenca-menstrual-de-dois-a-tres-dias\/\",\"name\":\"Supremo Tribunal da \u00cdndia rejeita licen\u00e7a menstrual de dois a tr\u00eas dias - Portal Tela Portugal\",\"isPartOf\":{\"@id\":\"https:\/\/portaltela.pt\/#website\"},\"primaryImageOfPage\":{\"@id\":\"https:\/\/portaltela.pt\/noticias\/2026\/03\/13\/supremo-tribunal-da-india-rejeita-licenca-menstrual-de-dois-a-tres-dias\/#primaryimage\"},\"image\":{\"@id\":\"https:\/\/portaltela.pt\/noticias\/2026\/03\/13\/supremo-tribunal-da-india-rejeita-licenca-menstrual-de-dois-a-tres-dias\/#primaryimage\"},\"thumbnailUrl\":\"https:\/\/portaltela.pt\/s.01k8rhncp4jt1\/2026\/03\/2073951.jpg\",\"datePublished\":\"2026-03-13T16:47:00+00:00\",\"author\":{\"@id\":\"https:\/\/portaltela.pt\/#\/schema\/person\/c4278d4a6028830caff9ee44b42d32ed\"},\"breadcrumb\":{\"@id\":\"https:\/\/portaltela.pt\/noticias\/2026\/03\/13\/supremo-tribunal-da-india-rejeita-licenca-menstrual-de-dois-a-tres-dias\/#breadcrumb\"},\"inLanguage\":\"pt-PT\",\"potentialAction\":[{\"@type\":\"ReadAction\",\"target\":[\"https:\/\/portaltela.pt\/noticias\/2026\/03\/13\/supremo-tribunal-da-india-rejeita-licenca-menstrual-de-dois-a-tres-dias\/\"]}]},{\"@type\":\"ImageObject\",\"inLanguage\":\"pt-PT\",\"@id\":\"https:\/\/portaltela.pt\/noticias\/2026\/03\/13\/supremo-tribunal-da-india-rejeita-licenca-menstrual-de-dois-a-tres-dias\/#primaryimage\",\"url\":\"https:\/\/portaltela.pt\/s.01k8rhncp4jt1\/2026\/03\/2073951.jpg\",\"contentUrl\":\"https:\/\/portaltela.pt\/s.01k8rhncp4jt1\/2026\/03\/2073951.jpg\",\"width\":796,\"height\":448,\"caption\":\"O tema n\u00e3o \u00e9 novo na \u00cdndia, onde alguns estados e grandes empresas introduziram licen\u00e7as menstruais\"},{\"@type\":\"BreadcrumbList\",\"@id\":\"https:\/\/portaltela.pt\/noticias\/2026\/03\/13\/supremo-tribunal-da-india-rejeita-licenca-menstrual-de-dois-a-tres-dias\/#breadcrumb\",\"itemListElement\":[{\"@type\":\"ListItem\",\"position\":1,\"name\":\"In\u00edcio\",\"item\":\"https:\/\/portaltela.pt\/\"},{\"@type\":\"ListItem\",\"position\":2,\"name\":\"Supremo Tribunal da \u00cdndia rejeita licen\u00e7a menstrual de dois a tr\u00eas dias\"}]},{\"@type\":\"WebSite\",\"@id\":\"https:\/\/portaltela.pt\/#website\",\"url\":\"https:\/\/portaltela.pt\/\",\"name\":\"Portal Tela Portugal\",\"description\":\"\",\"potentialAction\":[{\"@type\":\"SearchAction\",\"target\":{\"@type\":\"EntryPoint\",\"urlTemplate\":\"https:\/\/portaltela.pt\/?s={search_term_string}\"},\"query-input\":{\"@type\":\"PropertyValueSpecification\",\"valueRequired\":true,\"valueName\":\"search_term_string\"}}],\"inLanguage\":\"pt-PT\"},{\"@type\":\"Person\",\"@id\":\"https:\/\/portaltela.pt\/#\/schema\/person\/c4278d4a6028830caff9ee44b42d32ed\",\"name\":\"Telinha\",\"image\":{\"@type\":\"ImageObject\",\"inLanguage\":\"pt-PT\",\"@id\":\"https:\/\/portaltela.pt\/s.01k8rhncp4jt1\/2025\/11\/talking-bot-125x125.png\",\"url\":\"https:\/\/portaltela.pt\/s.01k8rhncp4jt1\/2025\/11\/talking-bot-125x125.png\",\"contentUrl\":\"https:\/\/portaltela.pt\/s.01k8rhncp4jt1\/2025\/11\/talking-bot-125x125.png\",\"caption\":\"Telinha\"},\"sameAs\":[\"https:\/\/portaltela.pt\/\"],\"url\":\"https:\/\/portaltela.pt\/por\/367410592786\/\"}]}<\/script>\n<!-- \/ Yoast SEO plugin. -->","yoast_head_json":{"title":"Supremo Tribunal da \u00cdndia rejeita licen\u00e7a menstrual de dois a tr\u00eas dias - Portal Tela Portugal","robots":{"index":"index","follow":"follow","max-snippet":"max-snippet:-1","max-image-preview":"max-image-preview:large","max-video-preview":"max-video-preview:-1"},"og_locale":"pt_PT","og_type":"article","og_title":"Supremo Tribunal da \u00cdndia rejeita licen\u00e7a menstrual de dois a tr\u00eas dias - Portal Tela Portugal","og_description":"O Supremo Tribunal indiano rejeitou uma a\u00e7\u00e3o que defendia uma licen\u00e7a mensal de dois a tr\u00eas dias para dores menstruais para mulheres trabalhadoras e estudantes. Os ju\u00edzes argumentaram que essa licen\u00e7a poderia levar \u00e0 discrimina\u00e7\u00e3o de contrata\u00e7\u00e3o de mulheres e afetar o desenvolvimento de jovens ao sentirem-se desigualadas aos colegas homens. O respons\u00e1vel pela proposta, Shailendra Mani Tripathi, afirmou que a ideia era instituir dois a tr\u00eas dias de licen\u00e7a em caso de dores menstruais. A advogada Sukriti Chauhan salientou que existem leis que protegem dignidade no trabalho e igualdade de g\u00e9nero, e que negar a licen\u00e7a viola esses princ\u00edpios. Na \u00cdndia j\u00e1 h\u00e1 estados e empresas que adotam licen\u00e7as menstruais: Bihar e Odisha concedem dois dias mensais a funcion\u00e1rias p\u00fablicas, e Kerala aplica a licen\u00e7a a funcion\u00e1rias de universidades e institutos de forma\u00e7\u00e3o. Em Portugal, a licen\u00e7a menstru\u00e1vel foi abolida em 2009, mantendo-se apenas para quem tem endometriose ou adenomiose com at\u00e9 tr\u00eas dias de faltas justificadas.","og_url":"https:\/\/portaltela.pt\/noticias\/2026\/03\/13\/supremo-tribunal-da-india-rejeita-licenca-menstrual-de-dois-a-tres-dias\/","og_site_name":"Portal Tela Portugal","article_published_time":"2026-03-13T16:47:00+00:00","author":"Telinha","twitter_card":"summary_large_image","twitter_misc":{"Escrito por":"Telinha","Tempo estimado de leitura":"1 minuto"},"schema":{"@context":"https:\/\/schema.org","@graph":[{"@type":"Article","@id":"https:\/\/portaltela.pt\/noticias\/2026\/03\/13\/supremo-tribunal-da-india-rejeita-licenca-menstrual-de-dois-a-tres-dias\/#article","isPartOf":{"@id":"https:\/\/portaltela.pt\/noticias\/2026\/03\/13\/supremo-tribunal-da-india-rejeita-licenca-menstrual-de-dois-a-tres-dias\/"},"author":{"name":"Telinha","@id":"https:\/\/portaltela.pt\/#\/schema\/person\/c4278d4a6028830caff9ee44b42d32ed"},"headline":"Supremo Tribunal da \u00cdndia rejeita licen\u00e7a menstrual de dois a tr\u00eas dias","datePublished":"2026-03-13T16:47:00+00:00","mainEntityOfPage":{"@id":"https:\/\/portaltela.pt\/noticias\/2026\/03\/13\/supremo-tribunal-da-india-rejeita-licenca-menstrual-de-dois-a-tres-dias\/"},"wordCount":265,"image":{"@id":"https:\/\/portaltela.pt\/noticias\/2026\/03\/13\/supremo-tribunal-da-india-rejeita-licenca-menstrual-de-dois-a-tres-dias\/#primaryimage"},"thumbnailUrl":"https:\/\/portaltela.pt\/s.01k8rhncp4jt1\/2026\/03\/2073951.jpg","keywords":["desigualdades sociais","Direitos da Mulher","direitos humanos","discrimina\u00e7\u00e3o","\u00cdndia","Mulheres"],"articleSection":["Not\u00edcias"],"inLanguage":"pt-PT"},{"@type":"WebPage","@id":"https:\/\/portaltela.pt\/noticias\/2026\/03\/13\/supremo-tribunal-da-india-rejeita-licenca-menstrual-de-dois-a-tres-dias\/","url":"https:\/\/portaltela.pt\/noticias\/2026\/03\/13\/supremo-tribunal-da-india-rejeita-licenca-menstrual-de-dois-a-tres-dias\/","name":"Supremo Tribunal da \u00cdndia rejeita licen\u00e7a menstrual de dois a tr\u00eas dias - Portal Tela Portugal","isPartOf":{"@id":"https:\/\/portaltela.pt\/#website"},"primaryImageOfPage":{"@id":"https:\/\/portaltela.pt\/noticias\/2026\/03\/13\/supremo-tribunal-da-india-rejeita-licenca-menstrual-de-dois-a-tres-dias\/#primaryimage"},"image":{"@id":"https:\/\/portaltela.pt\/noticias\/2026\/03\/13\/supremo-tribunal-da-india-rejeita-licenca-menstrual-de-dois-a-tres-dias\/#primaryimage"},"thumbnailUrl":"https:\/\/portaltela.pt\/s.01k8rhncp4jt1\/2026\/03\/2073951.jpg","datePublished":"2026-03-13T16:47:00+00:00","author":{"@id":"https:\/\/portaltela.pt\/#\/schema\/person\/c4278d4a6028830caff9ee44b42d32ed"},"breadcrumb":{"@id":"https:\/\/portaltela.pt\/noticias\/2026\/03\/13\/supremo-tribunal-da-india-rejeita-licenca-menstrual-de-dois-a-tres-dias\/#breadcrumb"},"inLanguage":"pt-PT","potentialAction":[{"@type":"ReadAction","target":["https:\/\/portaltela.pt\/noticias\/2026\/03\/13\/supremo-tribunal-da-india-rejeita-licenca-menstrual-de-dois-a-tres-dias\/"]}]},{"@type":"ImageObject","inLanguage":"pt-PT","@id":"https:\/\/portaltela.pt\/noticias\/2026\/03\/13\/supremo-tribunal-da-india-rejeita-licenca-menstrual-de-dois-a-tres-dias\/#primaryimage","url":"https:\/\/portaltela.pt\/s.01k8rhncp4jt1\/2026\/03\/2073951.jpg","contentUrl":"https:\/\/portaltela.pt\/s.01k8rhncp4jt1\/2026\/03\/2073951.jpg","width":796,"height":448,"caption":"O tema n\u00e3o \u00e9 novo na \u00cdndia, onde alguns estados e grandes empresas introduziram licen\u00e7as menstruais"},{"@type":"BreadcrumbList","@id":"https:\/\/portaltela.pt\/noticias\/2026\/03\/13\/supremo-tribunal-da-india-rejeita-licenca-menstrual-de-dois-a-tres-dias\/#breadcrumb","itemListElement":[{"@type":"ListItem","position":1,"name":"In\u00edcio","item":"https:\/\/portaltela.pt\/"},{"@type":"ListItem","position":2,"name":"Supremo Tribunal da \u00cdndia rejeita licen\u00e7a menstrual de dois a tr\u00eas dias"}]},{"@type":"WebSite","@id":"https:\/\/portaltela.pt\/#website","url":"https:\/\/portaltela.pt\/","name":"Portal Tela Portugal","description":"","potentialAction":[{"@type":"SearchAction","target":{"@type":"EntryPoint","urlTemplate":"https:\/\/portaltela.pt\/?s={search_term_string}"},"query-input":{"@type":"PropertyValueSpecification","valueRequired":true,"valueName":"search_term_string"}}],"inLanguage":"pt-PT"},{"@type":"Person","@id":"https:\/\/portaltela.pt\/#\/schema\/person\/c4278d4a6028830caff9ee44b42d32ed","name":"Telinha","image":{"@type":"ImageObject","inLanguage":"pt-PT","@id":"https:\/\/portaltela.pt\/s.01k8rhncp4jt1\/2025\/11\/talking-bot-125x125.png","url":"https:\/\/portaltela.pt\/s.01k8rhncp4jt1\/2025\/11\/talking-bot-125x125.png","contentUrl":"https:\/\/portaltela.pt\/s.01k8rhncp4jt1\/2025\/11\/talking-bot-125x125.png","caption":"Telinha"},"sameAs":["https:\/\/portaltela.pt\/"],"url":"https:\/\/portaltela.pt\/por\/367410592786\/"}]}},"_links":{"self":[{"href":"https:\/\/portaltela.pt\/api\/wp\/v2\/posts\/409114","targetHints":{"allow":["GET"]}}],"collection":[{"href":"https:\/\/portaltela.pt\/api\/wp\/v2\/posts"}],"about":[{"href":"https:\/\/portaltela.pt\/api\/wp\/v2\/types\/post"}],"author":[{"embeddable":true,"href":"https:\/\/portaltela.pt\/api\/wp\/v2\/users\/2"}],"replies":[{"embeddable":true,"href":"https:\/\/portaltela.pt\/api\/wp\/v2\/comments?post=409114"}],"version-history":[{"count":0,"href":"https:\/\/portaltela.pt\/api\/wp\/v2\/posts\/409114\/revisions"}],"wp:featuredmedia":[{"embeddable":true,"href":"https:\/\/portaltela.pt\/api\/wp\/v2\/media\/409123"}],"wp:attachment":[{"href":"https:\/\/portaltela.pt\/api\/wp\/v2\/media?parent=409114"}],"wp:term":[{"taxonomy":"category","embeddable":true,"href":"https:\/\/portaltela.pt\/api\/wp\/v2\/categories?post=409114"},{"taxonomy":"post_tag","embeddable":true,"href":"https:\/\/portaltela.pt\/api\/wp\/v2\/tags?post=409114"}],"curies":[{"name":"wp","href":"https:\/\/api.w.org\/{rel}","templated":true}]}}