{"id":409100,"date":"2026-03-13T13:36:00","date_gmt":"2026-03-13T16:36:00","guid":{"rendered":"https:\/\/portaltela.pt\/noticias\/2026\/03\/13\/cooperativas-exigem-gasoleo-agricola-com-o-mesmo-desconto-de-outros-combustiveis\/"},"modified":"2026-03-13T13:36:00","modified_gmt":"2026-03-13T16:36:00","slug":"cooperativas-exigem-gasoleo-agricola-com-o-mesmo-desconto-de-outros-combustiveis","status":"publish","type":"post","link":"https:\/\/portaltela.pt\/noticias\/2026\/03\/13\/cooperativas-exigem-gasoleo-agricola-com-o-mesmo-desconto-de-outros-combustiveis\/","title":{"rendered":"Cooperativas exigem gas\u00f3leo agr\u00edcola com o mesmo desconto de outros combust\u00edveis"},"content":{"rendered":"<p>As cooperativas est\u00e3o a pedir que o gas\u00f3leo agr\u00edcola tenha o mesmo desconto aplicado aos restantes combust\u00edveis. A not\u00edcia n\u00e3o divulga detalhes sobre quem apresentou o pedido, nem quando ou onde ocorreu a iniciativa.<\/p>\n<p>A pretens\u00e3o nasce da necessidade de igualar condi\u00e7\u00f5es de pre\u00e7o entre os combust\u00edveis usados no setor agr\u00edcola. N\u00e3o h\u00e1, no momento, informa\u00e7\u00f5es confirmadas sobre respostas de autoridades ou de empresas do setor.<\/p>\n<p>Devido ao conte\u00fado completo estar behind paywall, n\u00e3o \u00e9 poss\u00edvel adicionar dados adicionais ou confirma\u00e7\u00f5es oficiais. A reportagem mant\u00e9m o foco em apresentar a posi\u00e7\u00e3o das cooperativas e os objetivos da proposta.<\/p>\n","protected":false},"excerpt":{"rendered":"<ul>\n<li>As cooperativas defendem que o gas\u00f3leo agr\u00edcola tenha o mesmo desconto que os restantes combust\u00edveis.<\/li>\n<li>A posi\u00e7\u00e3o visa reduzir custos para os agricultores, alinhando o tratamento do gas\u00f3leo agr\u00edcola com o dos demais combust\u00edveis.<\/li>\n<li>O conte\u00fado completo da not\u00edcia est\u00e1 dispon\u00edvel apenas para subscritores.<\/li>\n<li>A mat\u00e9ria n\u00e3o apresenta outros detalhes adicionais no trecho dispon\u00edvel.<\/li>\n<\/ul>\n","protected":false},"author":2,"featured_media":409105,"comment_status":"closed","ping_status":"closed","sticky":false,"template":"","format":"standard","meta":{"footnotes":""},"categories":[1],"tags":[6115,5508,4729,179,174,1689],"class_list":["post-409100","post","type-post","status-publish","format-standard","has-post-thumbnail","hentry","category-noticias","tag-_economia","tag-abastecimento-de-combustivel","tag-abastecimento-de-energia","tag-agricultura","tag-energia","tag-gasoleo-colorido"],"yoast_head":"<!-- This site is optimized with the Yoast SEO plugin v27.2 - https:\/\/yoast.com\/product\/yoast-seo-wordpress\/ -->\n<title>Cooperativas exigem gas\u00f3leo agr\u00edcola com o mesmo desconto de outros combust\u00edveis - Portal Tela Portugal<\/title>\n<meta name=\"robots\" content=\"index, follow, max-snippet:-1, max-image-preview:large, max-video-preview:-1\" \/>\n<meta property=\"og:locale\" content=\"pt_PT\" \/>\n<meta property=\"og:type\" content=\"article\" \/>\n<meta property=\"og:title\" content=\"Cooperativas exigem gas\u00f3leo agr\u00edcola com o mesmo desconto de outros combust\u00edveis - Portal Tela Portugal\" \/>\n<meta property=\"og:description\" content=\"As cooperativas defendem que o gas\u00f3leo agr\u00edcola tenha o mesmo desconto que os restantes combust\u00edveis. A posi\u00e7\u00e3o visa reduzir custos para os agricultores, alinhando o tratamento do gas\u00f3leo agr\u00edcola com o dos demais combust\u00edveis. O conte\u00fado completo da not\u00edcia est\u00e1 dispon\u00edvel apenas para subscritores. A mat\u00e9ria n\u00e3o apresenta outros detalhes adicionais no trecho dispon\u00edvel.\" \/>\n<meta property=\"og:url\" content=\"https:\/\/portaltela.pt\/noticias\/2026\/03\/13\/cooperativas-exigem-gasoleo-agricola-com-o-mesmo-desconto-de-outros-combustiveis\/\" \/>\n<meta property=\"og:site_name\" content=\"Portal Tela Portugal\" \/>\n<meta property=\"article:published_time\" content=\"2026-03-13T16:36:00+00:00\" \/>\n<meta name=\"author\" content=\"Telinha\" \/>\n<meta name=\"twitter:card\" content=\"summary_large_image\" \/>\n<meta name=\"twitter:label1\" content=\"Escrito por\" \/>\n\t<meta name=\"twitter:data1\" content=\"Telinha\" \/>\n\t<meta name=\"twitter:label2\" content=\"Tempo estimado de leitura\" \/>\n\t<meta name=\"twitter:data2\" content=\"1 minuto\" \/>\n<script type=\"application\/ld+json\" class=\"yoast-schema-graph\">{\"@context\":\"https:\/\/schema.org\",\"@graph\":[{\"@type\":\"Article\",\"@id\":\"https:\/\/portaltela.pt\/noticias\/2026\/03\/13\/cooperativas-exigem-gasoleo-agricola-com-o-mesmo-desconto-de-outros-combustiveis\/#article\",\"isPartOf\":{\"@id\":\"https:\/\/portaltela.pt\/noticias\/2026\/03\/13\/cooperativas-exigem-gasoleo-agricola-com-o-mesmo-desconto-de-outros-combustiveis\/\"},\"author\":{\"name\":\"Telinha\",\"@id\":\"https:\/\/portaltela.pt\/#\/schema\/person\/c4278d4a6028830caff9ee44b42d32ed\"},\"headline\":\"Cooperativas exigem gas\u00f3leo agr\u00edcola com o mesmo desconto de outros combust\u00edveis\",\"datePublished\":\"2026-03-13T16:36:00+00:00\",\"mainEntityOfPage\":{\"@id\":\"https:\/\/portaltela.pt\/noticias\/2026\/03\/13\/cooperativas-exigem-gasoleo-agricola-com-o-mesmo-desconto-de-outros-combustiveis\/\"},\"wordCount\":130,\"image\":{\"@id\":\"https:\/\/portaltela.pt\/noticias\/2026\/03\/13\/cooperativas-exigem-gasoleo-agricola-com-o-mesmo-desconto-de-outros-combustiveis\/#primaryimage\"},\"thumbnailUrl\":\"https:\/\/portaltela.pt\/s.01k8rhncp4jt1\/2026\/03\/CACHE_780X1200_ANALOG_WATERMARKED_16157378_1236770_06042019041244.jpg\",\"keywords\":[\"_economia\",\"abastecimento de combust\u00edvel\",\"abastecimento de energia\",\"agricultura\",\"energia\",\"gas\u00f3leo colorido\"],\"articleSection\":[\"Not\u00edcias\"],\"inLanguage\":\"pt-PT\"},{\"@type\":\"WebPage\",\"@id\":\"https:\/\/portaltela.pt\/noticias\/2026\/03\/13\/cooperativas-exigem-gasoleo-agricola-com-o-mesmo-desconto-de-outros-combustiveis\/\",\"url\":\"https:\/\/portaltela.pt\/noticias\/2026\/03\/13\/cooperativas-exigem-gasoleo-agricola-com-o-mesmo-desconto-de-outros-combustiveis\/\",\"name\":\"Cooperativas exigem gas\u00f3leo agr\u00edcola com o mesmo desconto de outros combust\u00edveis - Portal Tela Portugal\",\"isPartOf\":{\"@id\":\"https:\/\/portaltela.pt\/#website\"},\"primaryImageOfPage\":{\"@id\":\"https:\/\/portaltela.pt\/noticias\/2026\/03\/13\/cooperativas-exigem-gasoleo-agricola-com-o-mesmo-desconto-de-outros-combustiveis\/#primaryimage\"},\"image\":{\"@id\":\"https:\/\/portaltela.pt\/noticias\/2026\/03\/13\/cooperativas-exigem-gasoleo-agricola-com-o-mesmo-desconto-de-outros-combustiveis\/#primaryimage\"},\"thumbnailUrl\":\"https:\/\/portaltela.pt\/s.01k8rhncp4jt1\/2026\/03\/CACHE_780X1200_ANALOG_WATERMARKED_16157378_1236770_06042019041244.jpg\",\"datePublished\":\"2026-03-13T16:36:00+00:00\",\"author\":{\"@id\":\"https:\/\/portaltela.pt\/#\/schema\/person\/c4278d4a6028830caff9ee44b42d32ed\"},\"breadcrumb\":{\"@id\":\"https:\/\/portaltela.pt\/noticias\/2026\/03\/13\/cooperativas-exigem-gasoleo-agricola-com-o-mesmo-desconto-de-outros-combustiveis\/#breadcrumb\"},\"inLanguage\":\"pt-PT\",\"potentialAction\":[{\"@type\":\"ReadAction\",\"target\":[\"https:\/\/portaltela.pt\/noticias\/2026\/03\/13\/cooperativas-exigem-gasoleo-agricola-com-o-mesmo-desconto-de-outros-combustiveis\/\"]}]},{\"@type\":\"ImageObject\",\"inLanguage\":\"pt-PT\",\"@id\":\"https:\/\/portaltela.pt\/noticias\/2026\/03\/13\/cooperativas-exigem-gasoleo-agricola-com-o-mesmo-desconto-de-outros-combustiveis\/#primaryimage\",\"url\":\"https:\/\/portaltela.pt\/s.01k8rhncp4jt1\/2026\/03\/CACHE_780X1200_ANALOG_WATERMARKED_16157378_1236770_06042019041244.jpg\",\"contentUrl\":\"https:\/\/portaltela.pt\/s.01k8rhncp4jt1\/2026\/03\/CACHE_780X1200_ANALOG_WATERMARKED_16157378_1236770_06042019041244.jpg\",\"width\":796,\"height\":448,\"caption\":\"Cooperativas querem gas\u00f3leo agr\u00edcola com mesmo desconto que restantes combust\u00edveis\"},{\"@type\":\"BreadcrumbList\",\"@id\":\"https:\/\/portaltela.pt\/noticias\/2026\/03\/13\/cooperativas-exigem-gasoleo-agricola-com-o-mesmo-desconto-de-outros-combustiveis\/#breadcrumb\",\"itemListElement\":[{\"@type\":\"ListItem\",\"position\":1,\"name\":\"In\u00edcio\",\"item\":\"https:\/\/portaltela.pt\/\"},{\"@type\":\"ListItem\",\"position\":2,\"name\":\"Cooperativas exigem gas\u00f3leo agr\u00edcola com o mesmo desconto de outros combust\u00edveis\"}]},{\"@type\":\"WebSite\",\"@id\":\"https:\/\/portaltela.pt\/#website\",\"url\":\"https:\/\/portaltela.pt\/\",\"name\":\"Portal Tela Portugal\",\"description\":\"\",\"potentialAction\":[{\"@type\":\"SearchAction\",\"target\":{\"@type\":\"EntryPoint\",\"urlTemplate\":\"https:\/\/portaltela.pt\/?s={search_term_string}\"},\"query-input\":{\"@type\":\"PropertyValueSpecification\",\"valueRequired\":true,\"valueName\":\"search_term_string\"}}],\"inLanguage\":\"pt-PT\"},{\"@type\":\"Person\",\"@id\":\"https:\/\/portaltela.pt\/#\/schema\/person\/c4278d4a6028830caff9ee44b42d32ed\",\"name\":\"Telinha\",\"image\":{\"@type\":\"ImageObject\",\"inLanguage\":\"pt-PT\",\"@id\":\"https:\/\/portaltela.pt\/s.01k8rhncp4jt1\/2025\/11\/talking-bot-125x125.png\",\"url\":\"https:\/\/portaltela.pt\/s.01k8rhncp4jt1\/2025\/11\/talking-bot-125x125.png\",\"contentUrl\":\"https:\/\/portaltela.pt\/s.01k8rhncp4jt1\/2025\/11\/talking-bot-125x125.png\",\"caption\":\"Telinha\"},\"sameAs\":[\"https:\/\/portaltela.pt\/\"],\"url\":\"https:\/\/portaltela.pt\/por\/367410592786\/\"}]}<\/script>\n<!-- \/ Yoast SEO plugin. -->","yoast_head_json":{"title":"Cooperativas exigem gas\u00f3leo agr\u00edcola com o mesmo desconto de outros combust\u00edveis - Portal Tela Portugal","robots":{"index":"index","follow":"follow","max-snippet":"max-snippet:-1","max-image-preview":"max-image-preview:large","max-video-preview":"max-video-preview:-1"},"og_locale":"pt_PT","og_type":"article","og_title":"Cooperativas exigem gas\u00f3leo agr\u00edcola com o mesmo desconto de outros combust\u00edveis - Portal Tela Portugal","og_description":"As cooperativas defendem que o gas\u00f3leo agr\u00edcola tenha o mesmo desconto que os restantes combust\u00edveis. A posi\u00e7\u00e3o visa reduzir custos para os agricultores, alinhando o tratamento do gas\u00f3leo agr\u00edcola com o dos demais combust\u00edveis. O conte\u00fado completo da not\u00edcia est\u00e1 dispon\u00edvel apenas para subscritores. A mat\u00e9ria n\u00e3o apresenta outros detalhes adicionais no trecho dispon\u00edvel.","og_url":"https:\/\/portaltela.pt\/noticias\/2026\/03\/13\/cooperativas-exigem-gasoleo-agricola-com-o-mesmo-desconto-de-outros-combustiveis\/","og_site_name":"Portal Tela Portugal","article_published_time":"2026-03-13T16:36:00+00:00","author":"Telinha","twitter_card":"summary_large_image","twitter_misc":{"Escrito por":"Telinha","Tempo estimado de leitura":"1 minuto"},"schema":{"@context":"https:\/\/schema.org","@graph":[{"@type":"Article","@id":"https:\/\/portaltela.pt\/noticias\/2026\/03\/13\/cooperativas-exigem-gasoleo-agricola-com-o-mesmo-desconto-de-outros-combustiveis\/#article","isPartOf":{"@id":"https:\/\/portaltela.pt\/noticias\/2026\/03\/13\/cooperativas-exigem-gasoleo-agricola-com-o-mesmo-desconto-de-outros-combustiveis\/"},"author":{"name":"Telinha","@id":"https:\/\/portaltela.pt\/#\/schema\/person\/c4278d4a6028830caff9ee44b42d32ed"},"headline":"Cooperativas exigem gas\u00f3leo agr\u00edcola com o mesmo desconto de outros combust\u00edveis","datePublished":"2026-03-13T16:36:00+00:00","mainEntityOfPage":{"@id":"https:\/\/portaltela.pt\/noticias\/2026\/03\/13\/cooperativas-exigem-gasoleo-agricola-com-o-mesmo-desconto-de-outros-combustiveis\/"},"wordCount":130,"image":{"@id":"https:\/\/portaltela.pt\/noticias\/2026\/03\/13\/cooperativas-exigem-gasoleo-agricola-com-o-mesmo-desconto-de-outros-combustiveis\/#primaryimage"},"thumbnailUrl":"https:\/\/portaltela.pt\/s.01k8rhncp4jt1\/2026\/03\/CACHE_780X1200_ANALOG_WATERMARKED_16157378_1236770_06042019041244.jpg","keywords":["_economia","abastecimento de combust\u00edvel","abastecimento de energia","agricultura","energia","gas\u00f3leo colorido"],"articleSection":["Not\u00edcias"],"inLanguage":"pt-PT"},{"@type":"WebPage","@id":"https:\/\/portaltela.pt\/noticias\/2026\/03\/13\/cooperativas-exigem-gasoleo-agricola-com-o-mesmo-desconto-de-outros-combustiveis\/","url":"https:\/\/portaltela.pt\/noticias\/2026\/03\/13\/cooperativas-exigem-gasoleo-agricola-com-o-mesmo-desconto-de-outros-combustiveis\/","name":"Cooperativas exigem gas\u00f3leo agr\u00edcola com o mesmo desconto de outros combust\u00edveis - Portal Tela Portugal","isPartOf":{"@id":"https:\/\/portaltela.pt\/#website"},"primaryImageOfPage":{"@id":"https:\/\/portaltela.pt\/noticias\/2026\/03\/13\/cooperativas-exigem-gasoleo-agricola-com-o-mesmo-desconto-de-outros-combustiveis\/#primaryimage"},"image":{"@id":"https:\/\/portaltela.pt\/noticias\/2026\/03\/13\/cooperativas-exigem-gasoleo-agricola-com-o-mesmo-desconto-de-outros-combustiveis\/#primaryimage"},"thumbnailUrl":"https:\/\/portaltela.pt\/s.01k8rhncp4jt1\/2026\/03\/CACHE_780X1200_ANALOG_WATERMARKED_16157378_1236770_06042019041244.jpg","datePublished":"2026-03-13T16:36:00+00:00","author":{"@id":"https:\/\/portaltela.pt\/#\/schema\/person\/c4278d4a6028830caff9ee44b42d32ed"},"breadcrumb":{"@id":"https:\/\/portaltela.pt\/noticias\/2026\/03\/13\/cooperativas-exigem-gasoleo-agricola-com-o-mesmo-desconto-de-outros-combustiveis\/#breadcrumb"},"inLanguage":"pt-PT","potentialAction":[{"@type":"ReadAction","target":["https:\/\/portaltela.pt\/noticias\/2026\/03\/13\/cooperativas-exigem-gasoleo-agricola-com-o-mesmo-desconto-de-outros-combustiveis\/"]}]},{"@type":"ImageObject","inLanguage":"pt-PT","@id":"https:\/\/portaltela.pt\/noticias\/2026\/03\/13\/cooperativas-exigem-gasoleo-agricola-com-o-mesmo-desconto-de-outros-combustiveis\/#primaryimage","url":"https:\/\/portaltela.pt\/s.01k8rhncp4jt1\/2026\/03\/CACHE_780X1200_ANALOG_WATERMARKED_16157378_1236770_06042019041244.jpg","contentUrl":"https:\/\/portaltela.pt\/s.01k8rhncp4jt1\/2026\/03\/CACHE_780X1200_ANALOG_WATERMARKED_16157378_1236770_06042019041244.jpg","width":796,"height":448,"caption":"Cooperativas querem gas\u00f3leo agr\u00edcola com mesmo desconto que restantes combust\u00edveis"},{"@type":"BreadcrumbList","@id":"https:\/\/portaltela.pt\/noticias\/2026\/03\/13\/cooperativas-exigem-gasoleo-agricola-com-o-mesmo-desconto-de-outros-combustiveis\/#breadcrumb","itemListElement":[{"@type":"ListItem","position":1,"name":"In\u00edcio","item":"https:\/\/portaltela.pt\/"},{"@type":"ListItem","position":2,"name":"Cooperativas exigem gas\u00f3leo agr\u00edcola com o mesmo desconto de outros combust\u00edveis"}]},{"@type":"WebSite","@id":"https:\/\/portaltela.pt\/#website","url":"https:\/\/portaltela.pt\/","name":"Portal Tela Portugal","description":"","potentialAction":[{"@type":"SearchAction","target":{"@type":"EntryPoint","urlTemplate":"https:\/\/portaltela.pt\/?s={search_term_string}"},"query-input":{"@type":"PropertyValueSpecification","valueRequired":true,"valueName":"search_term_string"}}],"inLanguage":"pt-PT"},{"@type":"Person","@id":"https:\/\/portaltela.pt\/#\/schema\/person\/c4278d4a6028830caff9ee44b42d32ed","name":"Telinha","image":{"@type":"ImageObject","inLanguage":"pt-PT","@id":"https:\/\/portaltela.pt\/s.01k8rhncp4jt1\/2025\/11\/talking-bot-125x125.png","url":"https:\/\/portaltela.pt\/s.01k8rhncp4jt1\/2025\/11\/talking-bot-125x125.png","contentUrl":"https:\/\/portaltela.pt\/s.01k8rhncp4jt1\/2025\/11\/talking-bot-125x125.png","caption":"Telinha"},"sameAs":["https:\/\/portaltela.pt\/"],"url":"https:\/\/portaltela.pt\/por\/367410592786\/"}]}},"_links":{"self":[{"href":"https:\/\/portaltela.pt\/api\/wp\/v2\/posts\/409100","targetHints":{"allow":["GET"]}}],"collection":[{"href":"https:\/\/portaltela.pt\/api\/wp\/v2\/posts"}],"about":[{"href":"https:\/\/portaltela.pt\/api\/wp\/v2\/types\/post"}],"author":[{"embeddable":true,"href":"https:\/\/portaltela.pt\/api\/wp\/v2\/users\/2"}],"replies":[{"embeddable":true,"href":"https:\/\/portaltela.pt\/api\/wp\/v2\/comments?post=409100"}],"version-history":[{"count":0,"href":"https:\/\/portaltela.pt\/api\/wp\/v2\/posts\/409100\/revisions"}],"wp:featuredmedia":[{"embeddable":true,"href":"https:\/\/portaltela.pt\/api\/wp\/v2\/media\/409105"}],"wp:attachment":[{"href":"https:\/\/portaltela.pt\/api\/wp\/v2\/media?parent=409100"}],"wp:term":[{"taxonomy":"category","embeddable":true,"href":"https:\/\/portaltela.pt\/api\/wp\/v2\/categories?post=409100"},{"taxonomy":"post_tag","embeddable":true,"href":"https:\/\/portaltela.pt\/api\/wp\/v2\/tags?post=409100"}],"curies":[{"name":"wp","href":"https:\/\/api.w.org\/{rel}","templated":true}]}}