{"id":409081,"date":"2026-03-13T13:28:00","date_gmt":"2026-03-13T16:28:00","guid":{"rendered":"https:\/\/portaltela.pt\/noticias\/2026\/03\/13\/blue-wink-e-2026-economia-maritima-aliada-a-inteligencia-artificial\/"},"modified":"2026-03-13T13:28:00","modified_gmt":"2026-03-13T16:28:00","slug":"blue-wink-e-2026-economia-maritima-aliada-a-inteligencia-artificial","status":"publish","type":"post","link":"https:\/\/portaltela.pt\/meio-ambiente\/2026\/03\/13\/blue-wink-e-2026-economia-maritima-aliada-a-inteligencia-artificial\/","title":{"rendered":"Blue Wink-E 2026: economia mar\u00edtima aliada \u00e0 intelig\u00eancia artificial"},"content":{"rendered":"<p>O Blue Wink-E 2026 vai explorar o impacto da intelig\u00eancia artificial no futuro dos oceanos. O evento decorre a 20 de Mar\u00e7o, no Terminal de Cruzeiros de Leix\u00f5es, em Matosinhos, com entrada gratuita e inscri\u00e7\u00e3o obrigat\u00f3ria. Promovido pelo B2E CoLaB, re\u00fane especialistas internacionais, investidores e decisores para debater a transforma\u00e7\u00e3o digital dos sectores ligados ao mar.<\/p>\n<p>A presidente da Dire\u00e7\u00e3o do B2E CoLAB para a Bioeconomia Azul, Ana Paula Mucha, explica que a economia do oceano atravessa uma fase marcada pela digitaliza\u00e7\u00e3o. Tecnologias como IA, modela\u00e7\u00e3o avan\u00e7ada e an\u00e1lise de dados criam novas oportunidades na aquacultura, biotecnologia marinha e monitoriza\u00e7\u00e3o ambiental. O objetivo \u00e9 promover reflex\u00e3o estrat\u00e9gica sobre o papel da tecnologia na bioeconomia azul.<\/p>\n<p>A IA aparece como ferramenta concreta para gest\u00e3o de recursos marinhos, previs\u00e3o de fen\u00f3menos e inova\u00e7\u00e3o na economia azul, segundo Mucha. Em aquacultura, sistemas de vis\u00e3o computacional ajudam a monitorizar o comportamento de peixes, otimizar a alimenta\u00e7\u00e3o e detectar sinais de doen\u00e7a ou stress, reduzindo impactos ambientais.<\/p>\n<h3>Palestras e pain\u00e9is<\/h3>\n<p>A confer\u00eancia conta com a keynote de Daniela V. Fernandez, fundadora da Sustainable Ocean Alliance e s\u00f3cia-gestora da Velamar, reconhecida no ecossistema de inova\u00e7\u00e3o oce\u00e2nica. Ela ir\u00e1 discutir como tecnologias emergentes, especialmente IA, mobilizam investimento e impulsionam solu\u00e7\u00f5es para o oceano.<\/p>\n<p>A mesa redonda IA no oceano re\u00fane convidados internacionais, incluindo Jo\u00e3o Claro (INESC TEC), \u00c1lvaro Sardinha (Centro de Compet\u00eancias em Economia Azul), Kelwin Fernandes (NILG.AI) e Guilherme Beleza Vaz (blueOASIS). O tema central \u00e9 a escalabilidade da inova\u00e7\u00e3o azul e a transforma\u00e7\u00e3o da investiga\u00e7\u00e3o em produtos de mercado, com modera\u00e7\u00e3o de Patr\u00edcia Gon\u00e7alves (B2E CoLAB).<\/p>\n","protected":false},"excerpt":{"rendered":"<ul>\n<li>O Blue Wink-E 2026 realiza-se a 20 de mar\u00e7o, no Terminal de Cruzeiros de Leix\u00f5es, em Matosinhos, promovido pelo B2E CoLaB; entrada gratuita, inscri\u00e7\u00e3o obrigat\u00f3ria.<\/li>\n<li>O tema central \u00e9 o impacto da intelig\u00eancia artificial no futuro dos oceanos e no desenvolvimento da bioeconomia azul, com foco na digitaliza\u00e7\u00e3o e na utiliza\u00e7\u00e3o de IA, modela\u00e7\u00e3o e an\u00e1lise de dados.<\/li>\n<li>A presidente da Dire\u00e7\u00e3o do B2E CoLAB para a Bioeconomia Azul, Ana Paula Mucha, afirma que a IA j\u00e1 \u00e9 uma ferramenta pr\u00e1tica para gerir recursos marinhos, sustentar ecossistemas e acelerar inova\u00e7\u00e3o na economia do oceano.<\/li>\n<li>A confer\u00eancia ter\u00e1 Daniela V. Fernandez, fundadora da Sustainable Ocean Alliance, como oradora principal, analisando o papel de tecnologias emergentes na mobiliza\u00e7\u00e3o de investimento e na cria\u00e7\u00e3o de solu\u00e7\u00f5es para o oceano.<\/li>\n<li>A mesa redonda \u201cIA no oceano: como escalar inova\u00e7\u00e3o azul\u201d re\u00fane especialistas, decisores pol\u00edticos, investigadores, startups, empresas e investidores, com modera\u00e7\u00e3o de Patr\u00edcia Gon\u00e7alves; o evento tem endosso da D\u00e9cada dos Oceanos das Na\u00e7\u00f5es Unidas.<\/li>\n<\/ul>\n","protected":false},"author":2,"featured_media":409087,"comment_status":"closed","ping_status":"closed","sticky":false,"template":"","format":"standard","meta":{"footnotes":""},"categories":[6725],"tags":[6115,1987,1003,51,45,153],"class_list":["post-409081","post","type-post","status-publish","format-standard","has-post-thumbnail","hentry","category-meio-ambiente","tag-_economia","tag-aquacultura","tag-economia-azul","tag-inteligencia-artificial","tag-meio-ambiente","tag-tecnologia"],"yoast_head":"<!-- This site is optimized with the Yoast SEO plugin v27.2 - https:\/\/yoast.com\/product\/yoast-seo-wordpress\/ -->\n<title>Blue Wink-E 2026: economia mar\u00edtima aliada \u00e0 intelig\u00eancia artificial - Portal Tela Portugal<\/title>\n<meta name=\"robots\" content=\"index, follow, max-snippet:-1, max-image-preview:large, max-video-preview:-1\" \/>\n<meta property=\"og:locale\" content=\"pt_PT\" \/>\n<meta property=\"og:type\" content=\"article\" \/>\n<meta property=\"og:title\" content=\"Blue Wink-E 2026: economia mar\u00edtima aliada \u00e0 intelig\u00eancia artificial - Portal Tela Portugal\" \/>\n<meta property=\"og:description\" content=\"O Blue Wink-E 2026 realiza-se a 20 de mar\u00e7o, no Terminal de Cruzeiros de Leix\u00f5es, em Matosinhos, promovido pelo B2E CoLaB; entrada gratuita, inscri\u00e7\u00e3o obrigat\u00f3ria. O tema central \u00e9 o impacto da intelig\u00eancia artificial no futuro dos oceanos e no desenvolvimento da bioeconomia azul, com foco na digitaliza\u00e7\u00e3o e na utiliza\u00e7\u00e3o de IA, modela\u00e7\u00e3o e an\u00e1lise de dados. A presidente da Dire\u00e7\u00e3o do B2E CoLAB para a Bioeconomia Azul, Ana Paula Mucha, afirma que a IA j\u00e1 \u00e9 uma ferramenta pr\u00e1tica para gerir recursos marinhos, sustentar ecossistemas e acelerar inova\u00e7\u00e3o na economia do oceano. A confer\u00eancia ter\u00e1 Daniela V. Fernandez, fundadora da Sustainable Ocean Alliance, como oradora principal, analisando o papel de tecnologias emergentes na mobiliza\u00e7\u00e3o de investimento e na cria\u00e7\u00e3o de solu\u00e7\u00f5es para o oceano. A mesa redonda \u201cIA no oceano: como escalar inova\u00e7\u00e3o azul\u201d re\u00fane especialistas, decisores pol\u00edticos, investigadores, startups, empresas e investidores, com modera\u00e7\u00e3o de Patr\u00edcia Gon\u00e7alves; o evento tem endosso da D\u00e9cada dos Oceanos das Na\u00e7\u00f5es Unidas.\" \/>\n<meta property=\"og:url\" content=\"https:\/\/portaltela.pt\/noticias\/2026\/03\/13\/blue-wink-e-2026-economia-maritima-aliada-a-inteligencia-artificial\/\" \/>\n<meta property=\"og:site_name\" content=\"Portal Tela Portugal\" \/>\n<meta property=\"article:published_time\" content=\"2026-03-13T16:28:00+00:00\" \/>\n<meta name=\"author\" content=\"Telinha\" \/>\n<meta name=\"twitter:card\" content=\"summary_large_image\" \/>\n<meta name=\"twitter:label1\" content=\"Escrito por\" \/>\n\t<meta name=\"twitter:data1\" content=\"Telinha\" \/>\n\t<meta name=\"twitter:label2\" content=\"Tempo estimado de leitura\" \/>\n\t<meta name=\"twitter:data2\" content=\"1 minuto\" \/>\n<script type=\"application\/ld+json\" class=\"yoast-schema-graph\">{\"@context\":\"https:\/\/schema.org\",\"@graph\":[{\"@type\":\"Article\",\"@id\":\"https:\/\/portaltela.pt\/noticias\/2026\/03\/13\/blue-wink-e-2026-economia-maritima-aliada-a-inteligencia-artificial\/#article\",\"isPartOf\":{\"@id\":\"https:\/\/portaltela.pt\/noticias\/2026\/03\/13\/blue-wink-e-2026-economia-maritima-aliada-a-inteligencia-artificial\/\"},\"author\":{\"name\":\"Telinha\",\"@id\":\"https:\/\/portaltela.pt\/#\/schema\/person\/c4278d4a6028830caff9ee44b42d32ed\"},\"headline\":\"Blue Wink-E 2026: economia mar\u00edtima aliada \u00e0 intelig\u00eancia artificial\",\"datePublished\":\"2026-03-13T16:28:00+00:00\",\"mainEntityOfPage\":{\"@id\":\"https:\/\/portaltela.pt\/noticias\/2026\/03\/13\/blue-wink-e-2026-economia-maritima-aliada-a-inteligencia-artificial\/\"},\"wordCount\":307,\"image\":{\"@id\":\"https:\/\/portaltela.pt\/noticias\/2026\/03\/13\/blue-wink-e-2026-economia-maritima-aliada-a-inteligencia-artificial\/#primaryimage\"},\"thumbnailUrl\":\"https:\/\/portaltela.pt\/s.01k8rhncp4jt1\/2026\/03\/2073903.jpg\",\"keywords\":[\"_economia\",\"aquacultura\",\"economia azul\",\"intelig\u00eancia artificial\",\"meio-ambiente\",\"tecnologia\"],\"articleSection\":[\"Meio Ambiente\"],\"inLanguage\":\"pt-PT\"},{\"@type\":\"WebPage\",\"@id\":\"https:\/\/portaltela.pt\/noticias\/2026\/03\/13\/blue-wink-e-2026-economia-maritima-aliada-a-inteligencia-artificial\/\",\"url\":\"https:\/\/portaltela.pt\/noticias\/2026\/03\/13\/blue-wink-e-2026-economia-maritima-aliada-a-inteligencia-artificial\/\",\"name\":\"Blue Wink-E 2026: economia mar\u00edtima aliada \u00e0 intelig\u00eancia artificial - Portal Tela Portugal\",\"isPartOf\":{\"@id\":\"https:\/\/portaltela.pt\/#website\"},\"primaryImageOfPage\":{\"@id\":\"https:\/\/portaltela.pt\/noticias\/2026\/03\/13\/blue-wink-e-2026-economia-maritima-aliada-a-inteligencia-artificial\/#primaryimage\"},\"image\":{\"@id\":\"https:\/\/portaltela.pt\/noticias\/2026\/03\/13\/blue-wink-e-2026-economia-maritima-aliada-a-inteligencia-artificial\/#primaryimage\"},\"thumbnailUrl\":\"https:\/\/portaltela.pt\/s.01k8rhncp4jt1\/2026\/03\/2073903.jpg\",\"datePublished\":\"2026-03-13T16:28:00+00:00\",\"author\":{\"@id\":\"https:\/\/portaltela.pt\/#\/schema\/person\/c4278d4a6028830caff9ee44b42d32ed\"},\"breadcrumb\":{\"@id\":\"https:\/\/portaltela.pt\/noticias\/2026\/03\/13\/blue-wink-e-2026-economia-maritima-aliada-a-inteligencia-artificial\/#breadcrumb\"},\"inLanguage\":\"pt-PT\",\"potentialAction\":[{\"@type\":\"ReadAction\",\"target\":[\"https:\/\/portaltela.pt\/noticias\/2026\/03\/13\/blue-wink-e-2026-economia-maritima-aliada-a-inteligencia-artificial\/\"]}]},{\"@type\":\"ImageObject\",\"inLanguage\":\"pt-PT\",\"@id\":\"https:\/\/portaltela.pt\/noticias\/2026\/03\/13\/blue-wink-e-2026-economia-maritima-aliada-a-inteligencia-artificial\/#primaryimage\",\"url\":\"https:\/\/portaltela.pt\/s.01k8rhncp4jt1\/2026\/03\/2073903.jpg\",\"contentUrl\":\"https:\/\/portaltela.pt\/s.01k8rhncp4jt1\/2026\/03\/2073903.jpg\",\"width\":796,\"height\":448,\"caption\":\"Blue Wink-E 2026: a economia do mar de m\u00e3os dadas com a intelig\u00eancia artificial\"},{\"@type\":\"BreadcrumbList\",\"@id\":\"https:\/\/portaltela.pt\/noticias\/2026\/03\/13\/blue-wink-e-2026-economia-maritima-aliada-a-inteligencia-artificial\/#breadcrumb\",\"itemListElement\":[{\"@type\":\"ListItem\",\"position\":1,\"name\":\"In\u00edcio\",\"item\":\"https:\/\/portaltela.pt\/\"},{\"@type\":\"ListItem\",\"position\":2,\"name\":\"Blue Wink-E 2026: economia mar\u00edtima aliada \u00e0 intelig\u00eancia artificial\"}]},{\"@type\":\"WebSite\",\"@id\":\"https:\/\/portaltela.pt\/#website\",\"url\":\"https:\/\/portaltela.pt\/\",\"name\":\"Portal Tela Portugal\",\"description\":\"\",\"potentialAction\":[{\"@type\":\"SearchAction\",\"target\":{\"@type\":\"EntryPoint\",\"urlTemplate\":\"https:\/\/portaltela.pt\/?s={search_term_string}\"},\"query-input\":{\"@type\":\"PropertyValueSpecification\",\"valueRequired\":true,\"valueName\":\"search_term_string\"}}],\"inLanguage\":\"pt-PT\"},{\"@type\":\"Person\",\"@id\":\"https:\/\/portaltela.pt\/#\/schema\/person\/c4278d4a6028830caff9ee44b42d32ed\",\"name\":\"Telinha\",\"image\":{\"@type\":\"ImageObject\",\"inLanguage\":\"pt-PT\",\"@id\":\"https:\/\/portaltela.pt\/s.01k8rhncp4jt1\/2025\/11\/talking-bot-125x125.png\",\"url\":\"https:\/\/portaltela.pt\/s.01k8rhncp4jt1\/2025\/11\/talking-bot-125x125.png\",\"contentUrl\":\"https:\/\/portaltela.pt\/s.01k8rhncp4jt1\/2025\/11\/talking-bot-125x125.png\",\"caption\":\"Telinha\"},\"sameAs\":[\"https:\/\/portaltela.pt\/\"],\"url\":\"https:\/\/portaltela.pt\/por\/367410592786\/\"}]}<\/script>\n<!-- \/ Yoast SEO plugin. -->","yoast_head_json":{"title":"Blue Wink-E 2026: economia mar\u00edtima aliada \u00e0 intelig\u00eancia artificial - Portal Tela Portugal","robots":{"index":"index","follow":"follow","max-snippet":"max-snippet:-1","max-image-preview":"max-image-preview:large","max-video-preview":"max-video-preview:-1"},"og_locale":"pt_PT","og_type":"article","og_title":"Blue Wink-E 2026: economia mar\u00edtima aliada \u00e0 intelig\u00eancia artificial - Portal Tela Portugal","og_description":"O Blue Wink-E 2026 realiza-se a 20 de mar\u00e7o, no Terminal de Cruzeiros de Leix\u00f5es, em Matosinhos, promovido pelo B2E CoLaB; entrada gratuita, inscri\u00e7\u00e3o obrigat\u00f3ria. O tema central \u00e9 o impacto da intelig\u00eancia artificial no futuro dos oceanos e no desenvolvimento da bioeconomia azul, com foco na digitaliza\u00e7\u00e3o e na utiliza\u00e7\u00e3o de IA, modela\u00e7\u00e3o e an\u00e1lise de dados. A presidente da Dire\u00e7\u00e3o do B2E CoLAB para a Bioeconomia Azul, Ana Paula Mucha, afirma que a IA j\u00e1 \u00e9 uma ferramenta pr\u00e1tica para gerir recursos marinhos, sustentar ecossistemas e acelerar inova\u00e7\u00e3o na economia do oceano. A confer\u00eancia ter\u00e1 Daniela V. Fernandez, fundadora da Sustainable Ocean Alliance, como oradora principal, analisando o papel de tecnologias emergentes na mobiliza\u00e7\u00e3o de investimento e na cria\u00e7\u00e3o de solu\u00e7\u00f5es para o oceano. A mesa redonda \u201cIA no oceano: como escalar inova\u00e7\u00e3o azul\u201d re\u00fane especialistas, decisores pol\u00edticos, investigadores, startups, empresas e investidores, com modera\u00e7\u00e3o de Patr\u00edcia Gon\u00e7alves; o evento tem endosso da D\u00e9cada dos Oceanos das Na\u00e7\u00f5es Unidas.","og_url":"https:\/\/portaltela.pt\/noticias\/2026\/03\/13\/blue-wink-e-2026-economia-maritima-aliada-a-inteligencia-artificial\/","og_site_name":"Portal Tela Portugal","article_published_time":"2026-03-13T16:28:00+00:00","author":"Telinha","twitter_card":"summary_large_image","twitter_misc":{"Escrito por":"Telinha","Tempo estimado de leitura":"1 minuto"},"schema":{"@context":"https:\/\/schema.org","@graph":[{"@type":"Article","@id":"https:\/\/portaltela.pt\/noticias\/2026\/03\/13\/blue-wink-e-2026-economia-maritima-aliada-a-inteligencia-artificial\/#article","isPartOf":{"@id":"https:\/\/portaltela.pt\/noticias\/2026\/03\/13\/blue-wink-e-2026-economia-maritima-aliada-a-inteligencia-artificial\/"},"author":{"name":"Telinha","@id":"https:\/\/portaltela.pt\/#\/schema\/person\/c4278d4a6028830caff9ee44b42d32ed"},"headline":"Blue Wink-E 2026: economia mar\u00edtima aliada \u00e0 intelig\u00eancia artificial","datePublished":"2026-03-13T16:28:00+00:00","mainEntityOfPage":{"@id":"https:\/\/portaltela.pt\/noticias\/2026\/03\/13\/blue-wink-e-2026-economia-maritima-aliada-a-inteligencia-artificial\/"},"wordCount":307,"image":{"@id":"https:\/\/portaltela.pt\/noticias\/2026\/03\/13\/blue-wink-e-2026-economia-maritima-aliada-a-inteligencia-artificial\/#primaryimage"},"thumbnailUrl":"https:\/\/portaltela.pt\/s.01k8rhncp4jt1\/2026\/03\/2073903.jpg","keywords":["_economia","aquacultura","economia azul","intelig\u00eancia artificial","meio-ambiente","tecnologia"],"articleSection":["Meio Ambiente"],"inLanguage":"pt-PT"},{"@type":"WebPage","@id":"https:\/\/portaltela.pt\/noticias\/2026\/03\/13\/blue-wink-e-2026-economia-maritima-aliada-a-inteligencia-artificial\/","url":"https:\/\/portaltela.pt\/noticias\/2026\/03\/13\/blue-wink-e-2026-economia-maritima-aliada-a-inteligencia-artificial\/","name":"Blue Wink-E 2026: economia mar\u00edtima aliada \u00e0 intelig\u00eancia artificial - Portal Tela Portugal","isPartOf":{"@id":"https:\/\/portaltela.pt\/#website"},"primaryImageOfPage":{"@id":"https:\/\/portaltela.pt\/noticias\/2026\/03\/13\/blue-wink-e-2026-economia-maritima-aliada-a-inteligencia-artificial\/#primaryimage"},"image":{"@id":"https:\/\/portaltela.pt\/noticias\/2026\/03\/13\/blue-wink-e-2026-economia-maritima-aliada-a-inteligencia-artificial\/#primaryimage"},"thumbnailUrl":"https:\/\/portaltela.pt\/s.01k8rhncp4jt1\/2026\/03\/2073903.jpg","datePublished":"2026-03-13T16:28:00+00:00","author":{"@id":"https:\/\/portaltela.pt\/#\/schema\/person\/c4278d4a6028830caff9ee44b42d32ed"},"breadcrumb":{"@id":"https:\/\/portaltela.pt\/noticias\/2026\/03\/13\/blue-wink-e-2026-economia-maritima-aliada-a-inteligencia-artificial\/#breadcrumb"},"inLanguage":"pt-PT","potentialAction":[{"@type":"ReadAction","target":["https:\/\/portaltela.pt\/noticias\/2026\/03\/13\/blue-wink-e-2026-economia-maritima-aliada-a-inteligencia-artificial\/"]}]},{"@type":"ImageObject","inLanguage":"pt-PT","@id":"https:\/\/portaltela.pt\/noticias\/2026\/03\/13\/blue-wink-e-2026-economia-maritima-aliada-a-inteligencia-artificial\/#primaryimage","url":"https:\/\/portaltela.pt\/s.01k8rhncp4jt1\/2026\/03\/2073903.jpg","contentUrl":"https:\/\/portaltela.pt\/s.01k8rhncp4jt1\/2026\/03\/2073903.jpg","width":796,"height":448,"caption":"Blue Wink-E 2026: a economia do mar de m\u00e3os dadas com a intelig\u00eancia artificial"},{"@type":"BreadcrumbList","@id":"https:\/\/portaltela.pt\/noticias\/2026\/03\/13\/blue-wink-e-2026-economia-maritima-aliada-a-inteligencia-artificial\/#breadcrumb","itemListElement":[{"@type":"ListItem","position":1,"name":"In\u00edcio","item":"https:\/\/portaltela.pt\/"},{"@type":"ListItem","position":2,"name":"Blue Wink-E 2026: economia mar\u00edtima aliada \u00e0 intelig\u00eancia artificial"}]},{"@type":"WebSite","@id":"https:\/\/portaltela.pt\/#website","url":"https:\/\/portaltela.pt\/","name":"Portal Tela Portugal","description":"","potentialAction":[{"@type":"SearchAction","target":{"@type":"EntryPoint","urlTemplate":"https:\/\/portaltela.pt\/?s={search_term_string}"},"query-input":{"@type":"PropertyValueSpecification","valueRequired":true,"valueName":"search_term_string"}}],"inLanguage":"pt-PT"},{"@type":"Person","@id":"https:\/\/portaltela.pt\/#\/schema\/person\/c4278d4a6028830caff9ee44b42d32ed","name":"Telinha","image":{"@type":"ImageObject","inLanguage":"pt-PT","@id":"https:\/\/portaltela.pt\/s.01k8rhncp4jt1\/2025\/11\/talking-bot-125x125.png","url":"https:\/\/portaltela.pt\/s.01k8rhncp4jt1\/2025\/11\/talking-bot-125x125.png","contentUrl":"https:\/\/portaltela.pt\/s.01k8rhncp4jt1\/2025\/11\/talking-bot-125x125.png","caption":"Telinha"},"sameAs":["https:\/\/portaltela.pt\/"],"url":"https:\/\/portaltela.pt\/por\/367410592786\/"}]}},"_links":{"self":[{"href":"https:\/\/portaltela.pt\/api\/wp\/v2\/posts\/409081","targetHints":{"allow":["GET"]}}],"collection":[{"href":"https:\/\/portaltela.pt\/api\/wp\/v2\/posts"}],"about":[{"href":"https:\/\/portaltela.pt\/api\/wp\/v2\/types\/post"}],"author":[{"embeddable":true,"href":"https:\/\/portaltela.pt\/api\/wp\/v2\/users\/2"}],"replies":[{"embeddable":true,"href":"https:\/\/portaltela.pt\/api\/wp\/v2\/comments?post=409081"}],"version-history":[{"count":0,"href":"https:\/\/portaltela.pt\/api\/wp\/v2\/posts\/409081\/revisions"}],"wp:featuredmedia":[{"embeddable":true,"href":"https:\/\/portaltela.pt\/api\/wp\/v2\/media\/409087"}],"wp:attachment":[{"href":"https:\/\/portaltela.pt\/api\/wp\/v2\/media?parent=409081"}],"wp:term":[{"taxonomy":"category","embeddable":true,"href":"https:\/\/portaltela.pt\/api\/wp\/v2\/categories?post=409081"},{"taxonomy":"post_tag","embeddable":true,"href":"https:\/\/portaltela.pt\/api\/wp\/v2\/tags?post=409081"}],"curies":[{"name":"wp","href":"https:\/\/api.w.org\/{rel}","templated":true}]}}