{"id":409066,"date":"2026-03-13T13:25:00","date_gmt":"2026-03-13T16:25:00","guid":{"rendered":"https:\/\/portaltela.pt\/noticias\/2026\/03\/13\/otamendi-e-enzo-falham-contra-arouca\/"},"modified":"2026-03-13T13:25:00","modified_gmt":"2026-03-13T16:25:00","slug":"otamendi-e-enzo-falham-contra-arouca","status":"publish","type":"post","link":"https:\/\/portaltela.pt\/desporto\/futebol\/2026\/03\/13\/otamendi-e-enzo-falham-contra-arouca\/","title":{"rendered":"Otamendi e Enzo falham contra Arouca"},"content":{"rendered":"<p>Nico Otamendi e Enzo Barrenechea ficam fora da desloca\u00e7\u00e3o a Arouca devido a problemas f\u00edsicos.<\/p>\n<p>A partida frente ao Arouca est\u00e1 marcada para este s\u00e1bado \u00e0s 20:30, na vila do norte do pa\u00eds.<\/p>\n<p>A aus\u00eancia dos dois jogadores foi confirmada pela equipa t\u00e9cnica, com a comitiva a partir da tarde de sexta-feira para o encontro.<\/p>\n<p>A raz\u00e3o apontada s\u00e3o problemas f\u00edsicos que impediram a participa\u00e7\u00e3o na viagem.<\/p>\n<p>O treinador Jos\u00e9 Mourinho continua a preparar a equipa para o duelo, num encontro importante no calend\u00e1rio.<\/p>\n","protected":false},"excerpt":{"rendered":"<ul>\n<li>Nico Otamendi e Enzo Barrenechea ficam de fora da desloca\u00e7\u00e3o a Arouca devido a problemas f\u00edsicos.<\/li>\n<li>Os jogadores n\u00e3o acompanharam a comitiva que partiu na tarde de hoje para a desloca\u00e7\u00e3o.<\/li>\n<li>O embate frente ao Arouca est\u00e1 marcado para este s\u00e1bado, \u00e0s 20h30.<\/li>\n<li>Jos\u00e9 Mourinho v\u00ea a dupla como baixa para o jogo desta jornadas no norte do pa\u00eds.<\/li>\n<li>A situa\u00e7\u00e3o \u00e9 confirmada como impedimento f\u00edsico que impede a presen\u00e7a dos atletas na viagem.<\/li>\n<\/ul>\n","protected":false},"author":2,"featured_media":409067,"comment_status":"closed","ping_status":"closed","sticky":false,"template":"","format":"standard","meta":{"footnotes":""},"categories":[21,24],"tags":[900,5847,32,4159,2138,4117],"class_list":["post-409066","post","type-post","status-publish","format-standard","has-post-thumbnail","hentry","category-desporto","category-futebol","tag-arouca","tag-enzo-barrenechea","tag-futebol","tag-jogo","tag-jose-mourinho","tag-otamendi"],"yoast_head":"<!-- This site is optimized with the Yoast SEO plugin v27.2 - https:\/\/yoast.com\/product\/yoast-seo-wordpress\/ -->\n<title>Otamendi e Enzo falham contra Arouca - Portal Tela Portugal<\/title>\n<meta name=\"robots\" content=\"index, follow, max-snippet:-1, max-image-preview:large, max-video-preview:-1\" \/>\n<meta property=\"og:locale\" content=\"pt_PT\" \/>\n<meta property=\"og:type\" content=\"article\" \/>\n<meta property=\"og:title\" content=\"Otamendi e Enzo falham contra Arouca - Portal Tela Portugal\" \/>\n<meta property=\"og:description\" content=\"Nico Otamendi e Enzo Barrenechea ficam de fora da desloca\u00e7\u00e3o a Arouca devido a problemas f\u00edsicos. Os jogadores n\u00e3o acompanharam a comitiva que partiu na tarde de hoje para a desloca\u00e7\u00e3o. O embate frente ao Arouca est\u00e1 marcado para este s\u00e1bado, \u00e0s 20h30. Jos\u00e9 Mourinho v\u00ea a dupla como baixa para o jogo desta jornadas no norte do pa\u00eds. A situa\u00e7\u00e3o \u00e9 confirmada como impedimento f\u00edsico que impede a presen\u00e7a dos atletas na viagem.\" \/>\n<meta property=\"og:url\" content=\"https:\/\/portaltela.pt\/noticias\/2026\/03\/13\/otamendi-e-enzo-falham-contra-arouca\/\" \/>\n<meta property=\"og:site_name\" content=\"Portal Tela Portugal\" \/>\n<meta property=\"article:published_time\" content=\"2026-03-13T16:25:00+00:00\" \/>\n<meta name=\"author\" content=\"Telinha\" \/>\n<meta name=\"twitter:card\" content=\"summary_large_image\" \/>\n<meta name=\"twitter:label1\" content=\"Escrito por\" \/>\n\t<meta name=\"twitter:data1\" content=\"Telinha\" \/>\n<script type=\"application\/ld+json\" class=\"yoast-schema-graph\">{\"@context\":\"https:\/\/schema.org\",\"@graph\":[{\"@type\":\"Article\",\"@id\":\"https:\/\/portaltela.pt\/noticias\/2026\/03\/13\/otamendi-e-enzo-falham-contra-arouca\/#article\",\"isPartOf\":{\"@id\":\"https:\/\/portaltela.pt\/noticias\/2026\/03\/13\/otamendi-e-enzo-falham-contra-arouca\/\"},\"author\":{\"name\":\"Telinha\",\"@id\":\"https:\/\/portaltela.pt\/#\/schema\/person\/c4278d4a6028830caff9ee44b42d32ed\"},\"headline\":\"Otamendi e Enzo falham contra Arouca\",\"datePublished\":\"2026-03-13T16:25:00+00:00\",\"mainEntityOfPage\":{\"@id\":\"https:\/\/portaltela.pt\/noticias\/2026\/03\/13\/otamendi-e-enzo-falham-contra-arouca\/\"},\"wordCount\":100,\"image\":{\"@id\":\"https:\/\/portaltela.pt\/noticias\/2026\/03\/13\/otamendi-e-enzo-falham-contra-arouca\/#primaryimage\"},\"thumbnailUrl\":\"https:\/\/portaltela.pt\/s.01k8rhncp4jt1\/2026\/03\/image-57.webp\",\"keywords\":[\"Arouca\",\"Enzo Barrenechea\",\"futebol\",\"jogo\",\"Jos\u00e9 Mourinho\",\"Otamendi\"],\"articleSection\":[\"Desporto\",\"Futebol\"],\"inLanguage\":\"pt-PT\"},{\"@type\":\"WebPage\",\"@id\":\"https:\/\/portaltela.pt\/noticias\/2026\/03\/13\/otamendi-e-enzo-falham-contra-arouca\/\",\"url\":\"https:\/\/portaltela.pt\/noticias\/2026\/03\/13\/otamendi-e-enzo-falham-contra-arouca\/\",\"name\":\"Otamendi e Enzo falham contra Arouca - Portal Tela Portugal\",\"isPartOf\":{\"@id\":\"https:\/\/portaltela.pt\/#website\"},\"primaryImageOfPage\":{\"@id\":\"https:\/\/portaltela.pt\/noticias\/2026\/03\/13\/otamendi-e-enzo-falham-contra-arouca\/#primaryimage\"},\"image\":{\"@id\":\"https:\/\/portaltela.pt\/noticias\/2026\/03\/13\/otamendi-e-enzo-falham-contra-arouca\/#primaryimage\"},\"thumbnailUrl\":\"https:\/\/portaltela.pt\/s.01k8rhncp4jt1\/2026\/03\/image-57.webp\",\"datePublished\":\"2026-03-13T16:25:00+00:00\",\"author\":{\"@id\":\"https:\/\/portaltela.pt\/#\/schema\/person\/c4278d4a6028830caff9ee44b42d32ed\"},\"breadcrumb\":{\"@id\":\"https:\/\/portaltela.pt\/noticias\/2026\/03\/13\/otamendi-e-enzo-falham-contra-arouca\/#breadcrumb\"},\"inLanguage\":\"pt-PT\",\"potentialAction\":[{\"@type\":\"ReadAction\",\"target\":[\"https:\/\/portaltela.pt\/noticias\/2026\/03\/13\/otamendi-e-enzo-falham-contra-arouca\/\"]}]},{\"@type\":\"ImageObject\",\"inLanguage\":\"pt-PT\",\"@id\":\"https:\/\/portaltela.pt\/noticias\/2026\/03\/13\/otamendi-e-enzo-falham-contra-arouca\/#primaryimage\",\"url\":\"https:\/\/portaltela.pt\/s.01k8rhncp4jt1\/2026\/03\/image-57.webp\",\"contentUrl\":\"https:\/\/portaltela.pt\/s.01k8rhncp4jt1\/2026\/03\/image-57.webp\",\"width\":1200,\"height\":800,\"caption\":\"Otamendi tem contrato at\u00e9 ao final da temporada\"},{\"@type\":\"BreadcrumbList\",\"@id\":\"https:\/\/portaltela.pt\/noticias\/2026\/03\/13\/otamendi-e-enzo-falham-contra-arouca\/#breadcrumb\",\"itemListElement\":[{\"@type\":\"ListItem\",\"position\":1,\"name\":\"In\u00edcio\",\"item\":\"https:\/\/portaltela.pt\/\"},{\"@type\":\"ListItem\",\"position\":2,\"name\":\"Otamendi e Enzo falham contra Arouca\"}]},{\"@type\":\"WebSite\",\"@id\":\"https:\/\/portaltela.pt\/#website\",\"url\":\"https:\/\/portaltela.pt\/\",\"name\":\"Portal Tela Portugal\",\"description\":\"\",\"potentialAction\":[{\"@type\":\"SearchAction\",\"target\":{\"@type\":\"EntryPoint\",\"urlTemplate\":\"https:\/\/portaltela.pt\/?s={search_term_string}\"},\"query-input\":{\"@type\":\"PropertyValueSpecification\",\"valueRequired\":true,\"valueName\":\"search_term_string\"}}],\"inLanguage\":\"pt-PT\"},{\"@type\":\"Person\",\"@id\":\"https:\/\/portaltela.pt\/#\/schema\/person\/c4278d4a6028830caff9ee44b42d32ed\",\"name\":\"Telinha\",\"image\":{\"@type\":\"ImageObject\",\"inLanguage\":\"pt-PT\",\"@id\":\"https:\/\/portaltela.pt\/s.01k8rhncp4jt1\/2025\/11\/talking-bot-125x125.png\",\"url\":\"https:\/\/portaltela.pt\/s.01k8rhncp4jt1\/2025\/11\/talking-bot-125x125.png\",\"contentUrl\":\"https:\/\/portaltela.pt\/s.01k8rhncp4jt1\/2025\/11\/talking-bot-125x125.png\",\"caption\":\"Telinha\"},\"sameAs\":[\"https:\/\/portaltela.pt\/\"],\"url\":\"https:\/\/portaltela.pt\/por\/367410592786\/\"}]}<\/script>\n<!-- \/ Yoast SEO plugin. -->","yoast_head_json":{"title":"Otamendi e Enzo falham contra Arouca - Portal Tela Portugal","robots":{"index":"index","follow":"follow","max-snippet":"max-snippet:-1","max-image-preview":"max-image-preview:large","max-video-preview":"max-video-preview:-1"},"og_locale":"pt_PT","og_type":"article","og_title":"Otamendi e Enzo falham contra Arouca - Portal Tela Portugal","og_description":"Nico Otamendi e Enzo Barrenechea ficam de fora da desloca\u00e7\u00e3o a Arouca devido a problemas f\u00edsicos. Os jogadores n\u00e3o acompanharam a comitiva que partiu na tarde de hoje para a desloca\u00e7\u00e3o. O embate frente ao Arouca est\u00e1 marcado para este s\u00e1bado, \u00e0s 20h30. Jos\u00e9 Mourinho v\u00ea a dupla como baixa para o jogo desta jornadas no norte do pa\u00eds. A situa\u00e7\u00e3o \u00e9 confirmada como impedimento f\u00edsico que impede a presen\u00e7a dos atletas na viagem.","og_url":"https:\/\/portaltela.pt\/noticias\/2026\/03\/13\/otamendi-e-enzo-falham-contra-arouca\/","og_site_name":"Portal Tela Portugal","article_published_time":"2026-03-13T16:25:00+00:00","author":"Telinha","twitter_card":"summary_large_image","twitter_misc":{"Escrito por":"Telinha"},"schema":{"@context":"https:\/\/schema.org","@graph":[{"@type":"Article","@id":"https:\/\/portaltela.pt\/noticias\/2026\/03\/13\/otamendi-e-enzo-falham-contra-arouca\/#article","isPartOf":{"@id":"https:\/\/portaltela.pt\/noticias\/2026\/03\/13\/otamendi-e-enzo-falham-contra-arouca\/"},"author":{"name":"Telinha","@id":"https:\/\/portaltela.pt\/#\/schema\/person\/c4278d4a6028830caff9ee44b42d32ed"},"headline":"Otamendi e Enzo falham contra Arouca","datePublished":"2026-03-13T16:25:00+00:00","mainEntityOfPage":{"@id":"https:\/\/portaltela.pt\/noticias\/2026\/03\/13\/otamendi-e-enzo-falham-contra-arouca\/"},"wordCount":100,"image":{"@id":"https:\/\/portaltela.pt\/noticias\/2026\/03\/13\/otamendi-e-enzo-falham-contra-arouca\/#primaryimage"},"thumbnailUrl":"https:\/\/portaltela.pt\/s.01k8rhncp4jt1\/2026\/03\/image-57.webp","keywords":["Arouca","Enzo Barrenechea","futebol","jogo","Jos\u00e9 Mourinho","Otamendi"],"articleSection":["Desporto","Futebol"],"inLanguage":"pt-PT"},{"@type":"WebPage","@id":"https:\/\/portaltela.pt\/noticias\/2026\/03\/13\/otamendi-e-enzo-falham-contra-arouca\/","url":"https:\/\/portaltela.pt\/noticias\/2026\/03\/13\/otamendi-e-enzo-falham-contra-arouca\/","name":"Otamendi e Enzo falham contra Arouca - Portal Tela Portugal","isPartOf":{"@id":"https:\/\/portaltela.pt\/#website"},"primaryImageOfPage":{"@id":"https:\/\/portaltela.pt\/noticias\/2026\/03\/13\/otamendi-e-enzo-falham-contra-arouca\/#primaryimage"},"image":{"@id":"https:\/\/portaltela.pt\/noticias\/2026\/03\/13\/otamendi-e-enzo-falham-contra-arouca\/#primaryimage"},"thumbnailUrl":"https:\/\/portaltela.pt\/s.01k8rhncp4jt1\/2026\/03\/image-57.webp","datePublished":"2026-03-13T16:25:00+00:00","author":{"@id":"https:\/\/portaltela.pt\/#\/schema\/person\/c4278d4a6028830caff9ee44b42d32ed"},"breadcrumb":{"@id":"https:\/\/portaltela.pt\/noticias\/2026\/03\/13\/otamendi-e-enzo-falham-contra-arouca\/#breadcrumb"},"inLanguage":"pt-PT","potentialAction":[{"@type":"ReadAction","target":["https:\/\/portaltela.pt\/noticias\/2026\/03\/13\/otamendi-e-enzo-falham-contra-arouca\/"]}]},{"@type":"ImageObject","inLanguage":"pt-PT","@id":"https:\/\/portaltela.pt\/noticias\/2026\/03\/13\/otamendi-e-enzo-falham-contra-arouca\/#primaryimage","url":"https:\/\/portaltela.pt\/s.01k8rhncp4jt1\/2026\/03\/image-57.webp","contentUrl":"https:\/\/portaltela.pt\/s.01k8rhncp4jt1\/2026\/03\/image-57.webp","width":1200,"height":800,"caption":"Otamendi tem contrato at\u00e9 ao final da temporada"},{"@type":"BreadcrumbList","@id":"https:\/\/portaltela.pt\/noticias\/2026\/03\/13\/otamendi-e-enzo-falham-contra-arouca\/#breadcrumb","itemListElement":[{"@type":"ListItem","position":1,"name":"In\u00edcio","item":"https:\/\/portaltela.pt\/"},{"@type":"ListItem","position":2,"name":"Otamendi e Enzo falham contra Arouca"}]},{"@type":"WebSite","@id":"https:\/\/portaltela.pt\/#website","url":"https:\/\/portaltela.pt\/","name":"Portal Tela Portugal","description":"","potentialAction":[{"@type":"SearchAction","target":{"@type":"EntryPoint","urlTemplate":"https:\/\/portaltela.pt\/?s={search_term_string}"},"query-input":{"@type":"PropertyValueSpecification","valueRequired":true,"valueName":"search_term_string"}}],"inLanguage":"pt-PT"},{"@type":"Person","@id":"https:\/\/portaltela.pt\/#\/schema\/person\/c4278d4a6028830caff9ee44b42d32ed","name":"Telinha","image":{"@type":"ImageObject","inLanguage":"pt-PT","@id":"https:\/\/portaltela.pt\/s.01k8rhncp4jt1\/2025\/11\/talking-bot-125x125.png","url":"https:\/\/portaltela.pt\/s.01k8rhncp4jt1\/2025\/11\/talking-bot-125x125.png","contentUrl":"https:\/\/portaltela.pt\/s.01k8rhncp4jt1\/2025\/11\/talking-bot-125x125.png","caption":"Telinha"},"sameAs":["https:\/\/portaltela.pt\/"],"url":"https:\/\/portaltela.pt\/por\/367410592786\/"}]}},"_links":{"self":[{"href":"https:\/\/portaltela.pt\/api\/wp\/v2\/posts\/409066","targetHints":{"allow":["GET"]}}],"collection":[{"href":"https:\/\/portaltela.pt\/api\/wp\/v2\/posts"}],"about":[{"href":"https:\/\/portaltela.pt\/api\/wp\/v2\/types\/post"}],"author":[{"embeddable":true,"href":"https:\/\/portaltela.pt\/api\/wp\/v2\/users\/2"}],"replies":[{"embeddable":true,"href":"https:\/\/portaltela.pt\/api\/wp\/v2\/comments?post=409066"}],"version-history":[{"count":0,"href":"https:\/\/portaltela.pt\/api\/wp\/v2\/posts\/409066\/revisions"}],"wp:featuredmedia":[{"embeddable":true,"href":"https:\/\/portaltela.pt\/api\/wp\/v2\/media\/409067"}],"wp:attachment":[{"href":"https:\/\/portaltela.pt\/api\/wp\/v2\/media?parent=409066"}],"wp:term":[{"taxonomy":"category","embeddable":true,"href":"https:\/\/portaltela.pt\/api\/wp\/v2\/categories?post=409066"},{"taxonomy":"post_tag","embeddable":true,"href":"https:\/\/portaltela.pt\/api\/wp\/v2\/tags?post=409066"}],"curies":[{"name":"wp","href":"https:\/\/api.w.org\/{rel}","templated":true}]}}