{"id":409041,"date":"2026-03-13T12:57:00","date_gmt":"2026-03-13T15:57:00","guid":{"rendered":"https:\/\/portaltela.pt\/noticias\/2026\/03\/13\/vila-franca-fecha-urgencia-de-obstetricia-e-reabre-pediatrica-aos-fins-de-semana\/"},"modified":"2026-03-13T12:57:00","modified_gmt":"2026-03-13T15:57:00","slug":"vila-franca-fecha-urgencia-de-obstetricia-e-reabre-pediatrica-aos-fins-de-semana","status":"publish","type":"post","link":"https:\/\/portaltela.pt\/saude\/2026\/03\/13\/vila-franca-fecha-urgencia-de-obstetricia-e-reabre-pediatrica-aos-fins-de-semana\/","title":{"rendered":"Vila Franca fecha urg\u00eancia de Obstetr\u00edcia e reabre pedi\u00e1trica aos fins-de-semana"},"content":{"rendered":"<p>A decis\u00e3o do Minist\u00e9rio da Sa\u00fade de encerrar a Urg\u00eancia de Obstetr\u00edcia do Hospital de Vila Franca de Xira entra em vigor a partir de segunda-feira, 16 de Mar\u00e7o, com a concentra\u00e7\u00e3o deste atendimento no Hospital de Loures. A medida afeta os cinco concelhos abrangidos pela ULSETejo.<\/p>\n<p>Doze organiza\u00e7\u00f5es de utentes promovem uma concentra\u00e7\u00e3o de protesto para amanh\u00e3 e circula uma peti\u00e7\u00e3o contra a decis\u00e3o, j\u00e1 com milhares de assinaturas recolhidas. A mobiliza\u00e7\u00e3o pretende pressionar o Governo a recuar.<\/p>\n<p>Na segunda-feira, a ministra Ana Paula Martins recebe os presidentes de C\u00e2mara de Alenquer, Arruda, Azambuja, Benavente e Vila Franca, para discutir a revers\u00e3o da medida.<\/p>\n<h3>Urg\u00eancia de Pediatria volta a funcionar aos fins-de-semana<\/h3>\n<p>A Urg\u00eancia de Pediatria do Hospital de Vila Franca de Xira volta a abrir aos fins-de-semana a partir de 21 de Mar\u00e7o, no hor\u00e1rio das 9h00 \u00e0s 21h00, funcionando sete dias por semana. Durante a noite fica em refer\u00eancia pelo CODU entre 21h00 e 09h00.<\/p>\n<p>Este atendimento nocturno mant\u00e9m-se com circuito interno de utentes pedi\u00e1tricos e exige contato pr\u00e9vio com a Linha SNS 24 (808 24 24 24). A ULS indica que a reabertura ocorreu para refor\u00e7ar o servi\u00e7o.<\/p>\n<p>Em Janeiro foram contratados dois m\u00e9dicos especialistas em Pediatria para Vila Franca de Xira. Nos concursos da primavera pretende-se refor\u00e7ar o quadro do servi\u00e7o.<\/p>\n<p>Al\u00e9m disso, foram criados, em Mar\u00e7o de 2025, dois Centros de Atendimento Juvenil e Infantil (CAJI) em Vila Franca de Xira e Alenquer, para casos de menor gravidade.<\/p>\n<p>Os autarcas da regi\u00e3o expressam preocupa\u00e7\u00e3o quanto \u00e0 evolu\u00e7\u00e3o dos servi\u00e7os de sa\u00fade da ULSETejo. Em carta dirigida \u00e0 ministra, dizem que ficaram surpreendidos com o fecho e exigem reuni\u00e3o r\u00e1pida.<\/p>\n","protected":false},"excerpt":{"rendered":"<ul>\n<li>O Minist\u00e9rio da Sa\u00fade encerra a Urg\u00eancia de Obstetr\u00edcia do Hospital de Vila Franca de Xira a partir de segunda-feira, 16 de mar\u00e7o, concentrando esse atendimento no Hospital de Loures.<\/li>\n<li>Doze organiza\u00e7\u00f5es de utentes promovem uma concentra\u00e7\u00e3o de protesto no s\u00e1bado e circula uma peti\u00e7\u00e3o que j\u00e1 reuniu v\u00e1rias centenas de assinaturas.<\/li>\n<li>Na segunda-feira, a ministra Ana Paula Martins recebe os presidentes de C\u00e2mara de Alenquer, Arruda, Azambuja, Benavente e Vila Franca para discutir a medida.<\/li>\n<li>A Urg\u00eancia de Pediatria do Hospital de Vila Franca de Xira volta a abrir aos fins de semana a partir de 21 de mar\u00e7o, das 9h00 \u00e0s 21h00, mantendo atendimento nocturno via CODU entre 21h00 e 09h00 com necessidade de contacto pr\u00e9vio pela Linha SNS 24.<\/li>\n<li>Em janeiro foram contratados dois m\u00e9dicos pediatras; h\u00e1 planos de refor\u00e7o no servi\u00e7o na primavera, e permanecem ativos os CAJIs em Vila Franca de Xira e Alenquer; autarcas expressam preocupa\u00e7\u00e3o e solicitam reuni\u00e3o com a ministra.<\/li>\n<\/ul>\n","protected":false},"author":2,"featured_media":409047,"comment_status":"closed","ping_status":"closed","sticky":false,"template":"","format":"standard","meta":{"footnotes":""},"categories":[1,6745],"tags":[633,1402,1403,172,1899,3980],"class_list":["post-409041","post","type-post","status-publish","format-standard","has-post-thumbnail","hentry","category-noticias","category-saude","tag-hospital","tag-obstetricia","tag-pediatria","tag-saude","tag-urgencias","tag-vila-franca-de-xira"],"yoast_head":"<!-- This site is optimized with the Yoast SEO plugin v27.2 - https:\/\/yoast.com\/product\/yoast-seo-wordpress\/ -->\n<title>Vila Franca fecha urg\u00eancia de Obstetr\u00edcia e reabre pedi\u00e1trica aos fins-de-semana - Portal Tela Portugal<\/title>\n<meta name=\"robots\" content=\"index, follow, max-snippet:-1, max-image-preview:large, max-video-preview:-1\" \/>\n<meta property=\"og:locale\" content=\"pt_PT\" \/>\n<meta property=\"og:type\" content=\"article\" \/>\n<meta property=\"og:title\" content=\"Vila Franca fecha urg\u00eancia de Obstetr\u00edcia e reabre pedi\u00e1trica aos fins-de-semana - Portal Tela Portugal\" \/>\n<meta property=\"og:description\" content=\"O Minist\u00e9rio da Sa\u00fade encerra a Urg\u00eancia de Obstetr\u00edcia do Hospital de Vila Franca de Xira a partir de segunda-feira, 16 de mar\u00e7o, concentrando esse atendimento no Hospital de Loures. Doze organiza\u00e7\u00f5es de utentes promovem uma concentra\u00e7\u00e3o de protesto no s\u00e1bado e circula uma peti\u00e7\u00e3o que j\u00e1 reuniu v\u00e1rias centenas de assinaturas. Na segunda-feira, a ministra Ana Paula Martins recebe os presidentes de C\u00e2mara de Alenquer, Arruda, Azambuja, Benavente e Vila Franca para discutir a medida. A Urg\u00eancia de Pediatria do Hospital de Vila Franca de Xira volta a abrir aos fins de semana a partir de 21 de mar\u00e7o, das 9h00 \u00e0s 21h00, mantendo atendimento nocturno via CODU entre 21h00 e 09h00 com necessidade de contacto pr\u00e9vio pela Linha SNS 24. Em janeiro foram contratados dois m\u00e9dicos pediatras; h\u00e1 planos de refor\u00e7o no servi\u00e7o na primavera, e permanecem ativos os CAJIs em Vila Franca de Xira e Alenquer; autarcas expressam preocupa\u00e7\u00e3o e solicitam reuni\u00e3o com a ministra.\" \/>\n<meta property=\"og:url\" content=\"https:\/\/portaltela.pt\/noticias\/2026\/03\/13\/vila-franca-fecha-urgencia-de-obstetricia-e-reabre-pediatrica-aos-fins-de-semana\/\" \/>\n<meta property=\"og:site_name\" content=\"Portal Tela Portugal\" \/>\n<meta property=\"article:published_time\" content=\"2026-03-13T15:57:00+00:00\" \/>\n<meta name=\"author\" content=\"Telinha\" \/>\n<meta name=\"twitter:card\" content=\"summary_large_image\" \/>\n<meta name=\"twitter:label1\" content=\"Escrito por\" \/>\n\t<meta name=\"twitter:data1\" content=\"Telinha\" \/>\n\t<meta name=\"twitter:label2\" content=\"Tempo estimado de leitura\" \/>\n\t<meta name=\"twitter:data2\" content=\"2 minutos\" \/>\n<script type=\"application\/ld+json\" class=\"yoast-schema-graph\">{\"@context\":\"https:\/\/schema.org\",\"@graph\":[{\"@type\":\"Article\",\"@id\":\"https:\/\/portaltela.pt\/noticias\/2026\/03\/13\/vila-franca-fecha-urgencia-de-obstetricia-e-reabre-pediatrica-aos-fins-de-semana\/#article\",\"isPartOf\":{\"@id\":\"https:\/\/portaltela.pt\/noticias\/2026\/03\/13\/vila-franca-fecha-urgencia-de-obstetricia-e-reabre-pediatrica-aos-fins-de-semana\/\"},\"author\":{\"name\":\"Telinha\",\"@id\":\"https:\/\/portaltela.pt\/#\/schema\/person\/c4278d4a6028830caff9ee44b42d32ed\"},\"headline\":\"Vila Franca fecha urg\u00eancia de Obstetr\u00edcia e reabre pedi\u00e1trica aos fins-de-semana\",\"datePublished\":\"2026-03-13T15:57:00+00:00\",\"mainEntityOfPage\":{\"@id\":\"https:\/\/portaltela.pt\/noticias\/2026\/03\/13\/vila-franca-fecha-urgencia-de-obstetricia-e-reabre-pediatrica-aos-fins-de-semana\/\"},\"wordCount\":315,\"image\":{\"@id\":\"https:\/\/portaltela.pt\/noticias\/2026\/03\/13\/vila-franca-fecha-urgencia-de-obstetricia-e-reabre-pediatrica-aos-fins-de-semana\/#primaryimage\"},\"thumbnailUrl\":\"https:\/\/portaltela.pt\/s.01k8rhncp4jt1\/2026\/03\/2073934.jpg\",\"keywords\":[\"hospital\",\"Obstetr\u00edcia\",\"Pediatria\",\"sa\u00fade\",\"urg\u00eancias\",\"Vila Franca de Xira\"],\"articleSection\":[\"Not\u00edcias\",\"Sa\u00fade\"],\"inLanguage\":\"pt-PT\"},{\"@type\":\"WebPage\",\"@id\":\"https:\/\/portaltela.pt\/noticias\/2026\/03\/13\/vila-franca-fecha-urgencia-de-obstetricia-e-reabre-pediatrica-aos-fins-de-semana\/\",\"url\":\"https:\/\/portaltela.pt\/noticias\/2026\/03\/13\/vila-franca-fecha-urgencia-de-obstetricia-e-reabre-pediatrica-aos-fins-de-semana\/\",\"name\":\"Vila Franca fecha urg\u00eancia de Obstetr\u00edcia e reabre pedi\u00e1trica aos fins-de-semana - Portal Tela Portugal\",\"isPartOf\":{\"@id\":\"https:\/\/portaltela.pt\/#website\"},\"primaryImageOfPage\":{\"@id\":\"https:\/\/portaltela.pt\/noticias\/2026\/03\/13\/vila-franca-fecha-urgencia-de-obstetricia-e-reabre-pediatrica-aos-fins-de-semana\/#primaryimage\"},\"image\":{\"@id\":\"https:\/\/portaltela.pt\/noticias\/2026\/03\/13\/vila-franca-fecha-urgencia-de-obstetricia-e-reabre-pediatrica-aos-fins-de-semana\/#primaryimage\"},\"thumbnailUrl\":\"https:\/\/portaltela.pt\/s.01k8rhncp4jt1\/2026\/03\/2073934.jpg\",\"datePublished\":\"2026-03-13T15:57:00+00:00\",\"author\":{\"@id\":\"https:\/\/portaltela.pt\/#\/schema\/person\/c4278d4a6028830caff9ee44b42d32ed\"},\"breadcrumb\":{\"@id\":\"https:\/\/portaltela.pt\/noticias\/2026\/03\/13\/vila-franca-fecha-urgencia-de-obstetricia-e-reabre-pediatrica-aos-fins-de-semana\/#breadcrumb\"},\"inLanguage\":\"pt-PT\",\"potentialAction\":[{\"@type\":\"ReadAction\",\"target\":[\"https:\/\/portaltela.pt\/noticias\/2026\/03\/13\/vila-franca-fecha-urgencia-de-obstetricia-e-reabre-pediatrica-aos-fins-de-semana\/\"]}]},{\"@type\":\"ImageObject\",\"inLanguage\":\"pt-PT\",\"@id\":\"https:\/\/portaltela.pt\/noticias\/2026\/03\/13\/vila-franca-fecha-urgencia-de-obstetricia-e-reabre-pediatrica-aos-fins-de-semana\/#primaryimage\",\"url\":\"https:\/\/portaltela.pt\/s.01k8rhncp4jt1\/2026\/03\/2073934.jpg\",\"contentUrl\":\"https:\/\/portaltela.pt\/s.01k8rhncp4jt1\/2026\/03\/2073934.jpg\",\"width\":796,\"height\":448,\"caption\":\"Urg\u00eancia de Pediatria do Hospital de Vila Franca de Xira voltar\u00e1 a funcionar aos fins-de-semana j\u00e1 a partir do dia 21 de Mar\u00e7o\"},{\"@type\":\"BreadcrumbList\",\"@id\":\"https:\/\/portaltela.pt\/noticias\/2026\/03\/13\/vila-franca-fecha-urgencia-de-obstetricia-e-reabre-pediatrica-aos-fins-de-semana\/#breadcrumb\",\"itemListElement\":[{\"@type\":\"ListItem\",\"position\":1,\"name\":\"In\u00edcio\",\"item\":\"https:\/\/portaltela.pt\/\"},{\"@type\":\"ListItem\",\"position\":2,\"name\":\"Vila Franca fecha urg\u00eancia de Obstetr\u00edcia e reabre pedi\u00e1trica aos fins-de-semana\"}]},{\"@type\":\"WebSite\",\"@id\":\"https:\/\/portaltela.pt\/#website\",\"url\":\"https:\/\/portaltela.pt\/\",\"name\":\"Portal Tela Portugal\",\"description\":\"\",\"potentialAction\":[{\"@type\":\"SearchAction\",\"target\":{\"@type\":\"EntryPoint\",\"urlTemplate\":\"https:\/\/portaltela.pt\/?s={search_term_string}\"},\"query-input\":{\"@type\":\"PropertyValueSpecification\",\"valueRequired\":true,\"valueName\":\"search_term_string\"}}],\"inLanguage\":\"pt-PT\"},{\"@type\":\"Person\",\"@id\":\"https:\/\/portaltela.pt\/#\/schema\/person\/c4278d4a6028830caff9ee44b42d32ed\",\"name\":\"Telinha\",\"image\":{\"@type\":\"ImageObject\",\"inLanguage\":\"pt-PT\",\"@id\":\"https:\/\/portaltela.pt\/s.01k8rhncp4jt1\/2025\/11\/talking-bot-125x125.png\",\"url\":\"https:\/\/portaltela.pt\/s.01k8rhncp4jt1\/2025\/11\/talking-bot-125x125.png\",\"contentUrl\":\"https:\/\/portaltela.pt\/s.01k8rhncp4jt1\/2025\/11\/talking-bot-125x125.png\",\"caption\":\"Telinha\"},\"sameAs\":[\"https:\/\/portaltela.pt\/\"],\"url\":\"https:\/\/portaltela.pt\/por\/367410592786\/\"}]}<\/script>\n<!-- \/ Yoast SEO plugin. -->","yoast_head_json":{"title":"Vila Franca fecha urg\u00eancia de Obstetr\u00edcia e reabre pedi\u00e1trica aos fins-de-semana - Portal Tela Portugal","robots":{"index":"index","follow":"follow","max-snippet":"max-snippet:-1","max-image-preview":"max-image-preview:large","max-video-preview":"max-video-preview:-1"},"og_locale":"pt_PT","og_type":"article","og_title":"Vila Franca fecha urg\u00eancia de Obstetr\u00edcia e reabre pedi\u00e1trica aos fins-de-semana - Portal Tela Portugal","og_description":"O Minist\u00e9rio da Sa\u00fade encerra a Urg\u00eancia de Obstetr\u00edcia do Hospital de Vila Franca de Xira a partir de segunda-feira, 16 de mar\u00e7o, concentrando esse atendimento no Hospital de Loures. Doze organiza\u00e7\u00f5es de utentes promovem uma concentra\u00e7\u00e3o de protesto no s\u00e1bado e circula uma peti\u00e7\u00e3o que j\u00e1 reuniu v\u00e1rias centenas de assinaturas. Na segunda-feira, a ministra Ana Paula Martins recebe os presidentes de C\u00e2mara de Alenquer, Arruda, Azambuja, Benavente e Vila Franca para discutir a medida. A Urg\u00eancia de Pediatria do Hospital de Vila Franca de Xira volta a abrir aos fins de semana a partir de 21 de mar\u00e7o, das 9h00 \u00e0s 21h00, mantendo atendimento nocturno via CODU entre 21h00 e 09h00 com necessidade de contacto pr\u00e9vio pela Linha SNS 24. Em janeiro foram contratados dois m\u00e9dicos pediatras; h\u00e1 planos de refor\u00e7o no servi\u00e7o na primavera, e permanecem ativos os CAJIs em Vila Franca de Xira e Alenquer; autarcas expressam preocupa\u00e7\u00e3o e solicitam reuni\u00e3o com a ministra.","og_url":"https:\/\/portaltela.pt\/noticias\/2026\/03\/13\/vila-franca-fecha-urgencia-de-obstetricia-e-reabre-pediatrica-aos-fins-de-semana\/","og_site_name":"Portal Tela Portugal","article_published_time":"2026-03-13T15:57:00+00:00","author":"Telinha","twitter_card":"summary_large_image","twitter_misc":{"Escrito por":"Telinha","Tempo estimado de leitura":"2 minutos"},"schema":{"@context":"https:\/\/schema.org","@graph":[{"@type":"Article","@id":"https:\/\/portaltela.pt\/noticias\/2026\/03\/13\/vila-franca-fecha-urgencia-de-obstetricia-e-reabre-pediatrica-aos-fins-de-semana\/#article","isPartOf":{"@id":"https:\/\/portaltela.pt\/noticias\/2026\/03\/13\/vila-franca-fecha-urgencia-de-obstetricia-e-reabre-pediatrica-aos-fins-de-semana\/"},"author":{"name":"Telinha","@id":"https:\/\/portaltela.pt\/#\/schema\/person\/c4278d4a6028830caff9ee44b42d32ed"},"headline":"Vila Franca fecha urg\u00eancia de Obstetr\u00edcia e reabre pedi\u00e1trica aos fins-de-semana","datePublished":"2026-03-13T15:57:00+00:00","mainEntityOfPage":{"@id":"https:\/\/portaltela.pt\/noticias\/2026\/03\/13\/vila-franca-fecha-urgencia-de-obstetricia-e-reabre-pediatrica-aos-fins-de-semana\/"},"wordCount":315,"image":{"@id":"https:\/\/portaltela.pt\/noticias\/2026\/03\/13\/vila-franca-fecha-urgencia-de-obstetricia-e-reabre-pediatrica-aos-fins-de-semana\/#primaryimage"},"thumbnailUrl":"https:\/\/portaltela.pt\/s.01k8rhncp4jt1\/2026\/03\/2073934.jpg","keywords":["hospital","Obstetr\u00edcia","Pediatria","sa\u00fade","urg\u00eancias","Vila Franca de Xira"],"articleSection":["Not\u00edcias","Sa\u00fade"],"inLanguage":"pt-PT"},{"@type":"WebPage","@id":"https:\/\/portaltela.pt\/noticias\/2026\/03\/13\/vila-franca-fecha-urgencia-de-obstetricia-e-reabre-pediatrica-aos-fins-de-semana\/","url":"https:\/\/portaltela.pt\/noticias\/2026\/03\/13\/vila-franca-fecha-urgencia-de-obstetricia-e-reabre-pediatrica-aos-fins-de-semana\/","name":"Vila Franca fecha urg\u00eancia de Obstetr\u00edcia e reabre pedi\u00e1trica aos fins-de-semana - Portal Tela Portugal","isPartOf":{"@id":"https:\/\/portaltela.pt\/#website"},"primaryImageOfPage":{"@id":"https:\/\/portaltela.pt\/noticias\/2026\/03\/13\/vila-franca-fecha-urgencia-de-obstetricia-e-reabre-pediatrica-aos-fins-de-semana\/#primaryimage"},"image":{"@id":"https:\/\/portaltela.pt\/noticias\/2026\/03\/13\/vila-franca-fecha-urgencia-de-obstetricia-e-reabre-pediatrica-aos-fins-de-semana\/#primaryimage"},"thumbnailUrl":"https:\/\/portaltela.pt\/s.01k8rhncp4jt1\/2026\/03\/2073934.jpg","datePublished":"2026-03-13T15:57:00+00:00","author":{"@id":"https:\/\/portaltela.pt\/#\/schema\/person\/c4278d4a6028830caff9ee44b42d32ed"},"breadcrumb":{"@id":"https:\/\/portaltela.pt\/noticias\/2026\/03\/13\/vila-franca-fecha-urgencia-de-obstetricia-e-reabre-pediatrica-aos-fins-de-semana\/#breadcrumb"},"inLanguage":"pt-PT","potentialAction":[{"@type":"ReadAction","target":["https:\/\/portaltela.pt\/noticias\/2026\/03\/13\/vila-franca-fecha-urgencia-de-obstetricia-e-reabre-pediatrica-aos-fins-de-semana\/"]}]},{"@type":"ImageObject","inLanguage":"pt-PT","@id":"https:\/\/portaltela.pt\/noticias\/2026\/03\/13\/vila-franca-fecha-urgencia-de-obstetricia-e-reabre-pediatrica-aos-fins-de-semana\/#primaryimage","url":"https:\/\/portaltela.pt\/s.01k8rhncp4jt1\/2026\/03\/2073934.jpg","contentUrl":"https:\/\/portaltela.pt\/s.01k8rhncp4jt1\/2026\/03\/2073934.jpg","width":796,"height":448,"caption":"Urg\u00eancia de Pediatria do Hospital de Vila Franca de Xira voltar\u00e1 a funcionar aos fins-de-semana j\u00e1 a partir do dia 21 de Mar\u00e7o"},{"@type":"BreadcrumbList","@id":"https:\/\/portaltela.pt\/noticias\/2026\/03\/13\/vila-franca-fecha-urgencia-de-obstetricia-e-reabre-pediatrica-aos-fins-de-semana\/#breadcrumb","itemListElement":[{"@type":"ListItem","position":1,"name":"In\u00edcio","item":"https:\/\/portaltela.pt\/"},{"@type":"ListItem","position":2,"name":"Vila Franca fecha urg\u00eancia de Obstetr\u00edcia e reabre pedi\u00e1trica aos fins-de-semana"}]},{"@type":"WebSite","@id":"https:\/\/portaltela.pt\/#website","url":"https:\/\/portaltela.pt\/","name":"Portal Tela Portugal","description":"","potentialAction":[{"@type":"SearchAction","target":{"@type":"EntryPoint","urlTemplate":"https:\/\/portaltela.pt\/?s={search_term_string}"},"query-input":{"@type":"PropertyValueSpecification","valueRequired":true,"valueName":"search_term_string"}}],"inLanguage":"pt-PT"},{"@type":"Person","@id":"https:\/\/portaltela.pt\/#\/schema\/person\/c4278d4a6028830caff9ee44b42d32ed","name":"Telinha","image":{"@type":"ImageObject","inLanguage":"pt-PT","@id":"https:\/\/portaltela.pt\/s.01k8rhncp4jt1\/2025\/11\/talking-bot-125x125.png","url":"https:\/\/portaltela.pt\/s.01k8rhncp4jt1\/2025\/11\/talking-bot-125x125.png","contentUrl":"https:\/\/portaltela.pt\/s.01k8rhncp4jt1\/2025\/11\/talking-bot-125x125.png","caption":"Telinha"},"sameAs":["https:\/\/portaltela.pt\/"],"url":"https:\/\/portaltela.pt\/por\/367410592786\/"}]}},"_links":{"self":[{"href":"https:\/\/portaltela.pt\/api\/wp\/v2\/posts\/409041","targetHints":{"allow":["GET"]}}],"collection":[{"href":"https:\/\/portaltela.pt\/api\/wp\/v2\/posts"}],"about":[{"href":"https:\/\/portaltela.pt\/api\/wp\/v2\/types\/post"}],"author":[{"embeddable":true,"href":"https:\/\/portaltela.pt\/api\/wp\/v2\/users\/2"}],"replies":[{"embeddable":true,"href":"https:\/\/portaltela.pt\/api\/wp\/v2\/comments?post=409041"}],"version-history":[{"count":0,"href":"https:\/\/portaltela.pt\/api\/wp\/v2\/posts\/409041\/revisions"}],"wp:featuredmedia":[{"embeddable":true,"href":"https:\/\/portaltela.pt\/api\/wp\/v2\/media\/409047"}],"wp:attachment":[{"href":"https:\/\/portaltela.pt\/api\/wp\/v2\/media?parent=409041"}],"wp:term":[{"taxonomy":"category","embeddable":true,"href":"https:\/\/portaltela.pt\/api\/wp\/v2\/categories?post=409041"},{"taxonomy":"post_tag","embeddable":true,"href":"https:\/\/portaltela.pt\/api\/wp\/v2\/tags?post=409041"}],"curies":[{"name":"wp","href":"https:\/\/api.w.org\/{rel}","templated":true}]}}