{"id":409030,"date":"2026-03-13T12:59:53","date_gmt":"2026-03-13T15:59:53","guid":{"rendered":"https:\/\/portaltela.pt\/noticias\/2026\/03\/13\/del-toro-volta-a-lideranca-do-tirreno-adriatico-apos-valgren-vencer-a-quinta-etapa\/"},"modified":"2026-03-13T12:59:53","modified_gmt":"2026-03-13T15:59:53","slug":"del-toro-volta-a-lideranca-do-tirreno-adriatico-apos-valgren-vencer-a-quinta-etapa","status":"publish","type":"post","link":"https:\/\/portaltela.pt\/desporto\/futebol\/2026\/03\/13\/del-toro-volta-a-lideranca-do-tirreno-adriatico-apos-valgren-vencer-a-quinta-etapa\/","title":{"rendered":"Del Toro volta \u00e0 lideran\u00e7a do Tirreno-Adri\u00e1tico ap\u00f3s Valgren vencer a quinta etapa"},"content":{"rendered":"<p>Michael Valgren (EF Education-EasyPost) venceu, nesta sexta-feira, a quinta etapa do Tirreno-Adri\u00e1tico em solit\u00e1rio, ap\u00f3s 184 km entre Marotta-Mondolfo e Mombaroccio. O dinamarqu\u00eas concluiu em 4h33m33s, com 11 segundos de vantagem sobre Isaac del Toro (UAE Emirates) e Matteo Jorgenson (Visma-Lease para a Bike).<\/p>\n<p>A fuga do dia integrou nomes como Julian Alaphilippe (Tudor), Jack Haig (INEOS), Georg Zimmermann (Lotto Intermarch\u00e9) e Valgren. A etapa, marcada por v\u00e1rias contagens de montanha, terminou num circuito pr\u00f3ximo a Mombaroccio, com Valgren a impor o ritmo final a 5,7 km da meta.<\/p>\n<p>Na geral, Del Toro permanece na lideran\u00e7a. Jorgenson ascendeu \u00e0 terceira posi\u00e7\u00e3o, passando por Primoz Roglic (Red Bull-BORA-hansgrohe), que caiu para o quarto. Giulio Pellizzari, segundo na geral, ficou em sexto hoje, a 30 segundos, perdendo a camisola azul da lideran\u00e7a para o veneziano. A pr\u00f3xima etapa parte de San Severino Marche, rumo a Camerino, com 188 km de percurso.<\/p>\n","protected":false},"excerpt":{"rendered":"<ul>\n<li>Michael Valgren (EF Education-EasyPost) venceu a quinta etapa do Tirreno-Adri\u00e1tico em solo, ap\u00f3s 184 quil\u00f3metros entre Marotta-Mondolfo e Mombaroccio, com o tempo de 4h43m33s.<\/li>\n<li>O dinamarqu\u00eas regressou \u00e0s vit\u00f3rias pela primeira vez desde setembro de 2021.<\/li>\n<li>Isaac del Toro (UAE Emirates) continua l\u00edder da geral da prova.<\/li>\n<li>Matteo Jorgenson (Visma-Lease \u00e0 Bike) terminou em terceiro, com Primo\u017e Rogli\u010d (Red Bull-BORA-hansgrohe) a descer ao grupo dos favoritos na luta pela geral.<\/li>\n<li>Giulio Pellizzari ficou em sexto e perdeu a camisola azul; Antonio Tiberi ficou sem contacto com o grupo da frente a menos de 30 quil\u00f3metros da meta.<\/li>\n<\/ul>\n","protected":false},"author":2,"featured_media":409036,"comment_status":"closed","ping_status":"closed","sticky":false,"template":"","format":"standard","meta":{"footnotes":""},"categories":[21,24],"tags":[5899,923,5417,152,2681,1857],"class_list":["post-409030","post","type-post","status-publish","format-standard","has-post-thumbnail","hentry","category-desporto","category-futebol","tag-a-uae-emirates","tag-ciclismo","tag-corridas-internacionais","tag-desporto","tag-desporto-internacional","tag-italia"],"yoast_head":"<!-- This site is optimized with the Yoast SEO plugin v27.2 - https:\/\/yoast.com\/product\/yoast-seo-wordpress\/ -->\n<title>Del Toro volta \u00e0 lideran\u00e7a do Tirreno-Adri\u00e1tico ap\u00f3s Valgren vencer a quinta etapa - Portal Tela Portugal<\/title>\n<meta name=\"robots\" content=\"index, follow, max-snippet:-1, max-image-preview:large, max-video-preview:-1\" \/>\n<meta property=\"og:locale\" content=\"pt_PT\" \/>\n<meta property=\"og:type\" content=\"article\" \/>\n<meta property=\"og:title\" content=\"Del Toro volta \u00e0 lideran\u00e7a do Tirreno-Adri\u00e1tico ap\u00f3s Valgren vencer a quinta etapa - Portal Tela Portugal\" \/>\n<meta property=\"og:description\" content=\"Michael Valgren (EF Education-EasyPost) venceu a quinta etapa do Tirreno-Adri\u00e1tico em solo, ap\u00f3s 184 quil\u00f3metros entre Marotta-Mondolfo e Mombaroccio, com o tempo de 4h43m33s. O dinamarqu\u00eas regressou \u00e0s vit\u00f3rias pela primeira vez desde setembro de 2021. Isaac del Toro (UAE Emirates) continua l\u00edder da geral da prova. Matteo Jorgenson (Visma-Lease \u00e0 Bike) terminou em terceiro, com Primo\u017e Rogli\u010d (Red Bull-BORA-hansgrohe) a descer ao grupo dos favoritos na luta pela geral. Giulio Pellizzari ficou em sexto e perdeu a camisola azul; Antonio Tiberi ficou sem contacto com o grupo da frente a menos de 30 quil\u00f3metros da meta.\" \/>\n<meta property=\"og:url\" content=\"https:\/\/portaltela.pt\/noticias\/2026\/03\/13\/del-toro-volta-a-lideranca-do-tirreno-adriatico-apos-valgren-vencer-a-quinta-etapa\/\" \/>\n<meta property=\"og:site_name\" content=\"Portal Tela Portugal\" \/>\n<meta property=\"article:published_time\" content=\"2026-03-13T15:59:53+00:00\" \/>\n<meta name=\"author\" content=\"Telinha\" \/>\n<meta name=\"twitter:card\" content=\"summary_large_image\" \/>\n<meta name=\"twitter:label1\" content=\"Escrito por\" \/>\n\t<meta name=\"twitter:data1\" content=\"Telinha\" \/>\n\t<meta name=\"twitter:label2\" content=\"Tempo estimado de leitura\" \/>\n\t<meta name=\"twitter:data2\" content=\"1 minuto\" \/>\n<script type=\"application\/ld+json\" class=\"yoast-schema-graph\">{\"@context\":\"https:\/\/schema.org\",\"@graph\":[{\"@type\":\"Article\",\"@id\":\"https:\/\/portaltela.pt\/noticias\/2026\/03\/13\/del-toro-volta-a-lideranca-do-tirreno-adriatico-apos-valgren-vencer-a-quinta-etapa\/#article\",\"isPartOf\":{\"@id\":\"https:\/\/portaltela.pt\/noticias\/2026\/03\/13\/del-toro-volta-a-lideranca-do-tirreno-adriatico-apos-valgren-vencer-a-quinta-etapa\/\"},\"author\":{\"name\":\"Telinha\",\"@id\":\"https:\/\/portaltela.pt\/#\/schema\/person\/c4278d4a6028830caff9ee44b42d32ed\"},\"headline\":\"Del Toro volta \u00e0 lideran\u00e7a do Tirreno-Adri\u00e1tico ap\u00f3s Valgren vencer a quinta etapa\",\"datePublished\":\"2026-03-13T15:59:53+00:00\",\"mainEntityOfPage\":{\"@id\":\"https:\/\/portaltela.pt\/noticias\/2026\/03\/13\/del-toro-volta-a-lideranca-do-tirreno-adriatico-apos-valgren-vencer-a-quinta-etapa\/\"},\"wordCount\":170,\"image\":{\"@id\":\"https:\/\/portaltela.pt\/noticias\/2026\/03\/13\/del-toro-volta-a-lideranca-do-tirreno-adriatico-apos-valgren-vencer-a-quinta-etapa\/#primaryimage\"},\"thumbnailUrl\":\"https:\/\/portaltela.pt\/s.01k8rhncp4jt1\/2026\/03\/img_920x518uu2026-03-13-15-59-34-2426689.jpg\",\"keywords\":[\"A UAE Emirates\",\"ciclismo\",\"corridas internacionais\",\"desporto\",\"desporto internacional\",\"It\u00e1lia\"],\"articleSection\":[\"Desporto\",\"Futebol\"],\"inLanguage\":\"pt-PT\"},{\"@type\":\"WebPage\",\"@id\":\"https:\/\/portaltela.pt\/noticias\/2026\/03\/13\/del-toro-volta-a-lideranca-do-tirreno-adriatico-apos-valgren-vencer-a-quinta-etapa\/\",\"url\":\"https:\/\/portaltela.pt\/noticias\/2026\/03\/13\/del-toro-volta-a-lideranca-do-tirreno-adriatico-apos-valgren-vencer-a-quinta-etapa\/\",\"name\":\"Del Toro volta \u00e0 lideran\u00e7a do Tirreno-Adri\u00e1tico ap\u00f3s Valgren vencer a quinta etapa - Portal Tela Portugal\",\"isPartOf\":{\"@id\":\"https:\/\/portaltela.pt\/#website\"},\"primaryImageOfPage\":{\"@id\":\"https:\/\/portaltela.pt\/noticias\/2026\/03\/13\/del-toro-volta-a-lideranca-do-tirreno-adriatico-apos-valgren-vencer-a-quinta-etapa\/#primaryimage\"},\"image\":{\"@id\":\"https:\/\/portaltela.pt\/noticias\/2026\/03\/13\/del-toro-volta-a-lideranca-do-tirreno-adriatico-apos-valgren-vencer-a-quinta-etapa\/#primaryimage\"},\"thumbnailUrl\":\"https:\/\/portaltela.pt\/s.01k8rhncp4jt1\/2026\/03\/img_920x518uu2026-03-13-15-59-34-2426689.jpg\",\"datePublished\":\"2026-03-13T15:59:53+00:00\",\"author\":{\"@id\":\"https:\/\/portaltela.pt\/#\/schema\/person\/c4278d4a6028830caff9ee44b42d32ed\"},\"breadcrumb\":{\"@id\":\"https:\/\/portaltela.pt\/noticias\/2026\/03\/13\/del-toro-volta-a-lideranca-do-tirreno-adriatico-apos-valgren-vencer-a-quinta-etapa\/#breadcrumb\"},\"inLanguage\":\"pt-PT\",\"potentialAction\":[{\"@type\":\"ReadAction\",\"target\":[\"https:\/\/portaltela.pt\/noticias\/2026\/03\/13\/del-toro-volta-a-lideranca-do-tirreno-adriatico-apos-valgren-vencer-a-quinta-etapa\/\"]}]},{\"@type\":\"ImageObject\",\"inLanguage\":\"pt-PT\",\"@id\":\"https:\/\/portaltela.pt\/noticias\/2026\/03\/13\/del-toro-volta-a-lideranca-do-tirreno-adriatico-apos-valgren-vencer-a-quinta-etapa\/#primaryimage\",\"url\":\"https:\/\/portaltela.pt\/s.01k8rhncp4jt1\/2026\/03\/img_920x518uu2026-03-13-15-59-34-2426689.jpg\",\"contentUrl\":\"https:\/\/portaltela.pt\/s.01k8rhncp4jt1\/2026\/03\/img_920x518uu2026-03-13-15-59-34-2426689.jpg\",\"width\":796,\"height\":448,\"caption\":\"Michael Valgren (EF Education-EasyPost) festeja triunfo na 5.\u00aa etapa do Tirreno-Adri\u00e1tico\"},{\"@type\":\"BreadcrumbList\",\"@id\":\"https:\/\/portaltela.pt\/noticias\/2026\/03\/13\/del-toro-volta-a-lideranca-do-tirreno-adriatico-apos-valgren-vencer-a-quinta-etapa\/#breadcrumb\",\"itemListElement\":[{\"@type\":\"ListItem\",\"position\":1,\"name\":\"In\u00edcio\",\"item\":\"https:\/\/portaltela.pt\/\"},{\"@type\":\"ListItem\",\"position\":2,\"name\":\"Del Toro volta \u00e0 lideran\u00e7a do Tirreno-Adri\u00e1tico ap\u00f3s Valgren vencer a quinta etapa\"}]},{\"@type\":\"WebSite\",\"@id\":\"https:\/\/portaltela.pt\/#website\",\"url\":\"https:\/\/portaltela.pt\/\",\"name\":\"Portal Tela Portugal\",\"description\":\"\",\"potentialAction\":[{\"@type\":\"SearchAction\",\"target\":{\"@type\":\"EntryPoint\",\"urlTemplate\":\"https:\/\/portaltela.pt\/?s={search_term_string}\"},\"query-input\":{\"@type\":\"PropertyValueSpecification\",\"valueRequired\":true,\"valueName\":\"search_term_string\"}}],\"inLanguage\":\"pt-PT\"},{\"@type\":\"Person\",\"@id\":\"https:\/\/portaltela.pt\/#\/schema\/person\/c4278d4a6028830caff9ee44b42d32ed\",\"name\":\"Telinha\",\"image\":{\"@type\":\"ImageObject\",\"inLanguage\":\"pt-PT\",\"@id\":\"https:\/\/portaltela.pt\/s.01k8rhncp4jt1\/2025\/11\/talking-bot-125x125.png\",\"url\":\"https:\/\/portaltela.pt\/s.01k8rhncp4jt1\/2025\/11\/talking-bot-125x125.png\",\"contentUrl\":\"https:\/\/portaltela.pt\/s.01k8rhncp4jt1\/2025\/11\/talking-bot-125x125.png\",\"caption\":\"Telinha\"},\"sameAs\":[\"https:\/\/portaltela.pt\/\"],\"url\":\"https:\/\/portaltela.pt\/por\/367410592786\/\"}]}<\/script>\n<!-- \/ Yoast SEO plugin. -->","yoast_head_json":{"title":"Del Toro volta \u00e0 lideran\u00e7a do Tirreno-Adri\u00e1tico ap\u00f3s Valgren vencer a quinta etapa - Portal Tela Portugal","robots":{"index":"index","follow":"follow","max-snippet":"max-snippet:-1","max-image-preview":"max-image-preview:large","max-video-preview":"max-video-preview:-1"},"og_locale":"pt_PT","og_type":"article","og_title":"Del Toro volta \u00e0 lideran\u00e7a do Tirreno-Adri\u00e1tico ap\u00f3s Valgren vencer a quinta etapa - Portal Tela Portugal","og_description":"Michael Valgren (EF Education-EasyPost) venceu a quinta etapa do Tirreno-Adri\u00e1tico em solo, ap\u00f3s 184 quil\u00f3metros entre Marotta-Mondolfo e Mombaroccio, com o tempo de 4h43m33s. O dinamarqu\u00eas regressou \u00e0s vit\u00f3rias pela primeira vez desde setembro de 2021. Isaac del Toro (UAE Emirates) continua l\u00edder da geral da prova. Matteo Jorgenson (Visma-Lease \u00e0 Bike) terminou em terceiro, com Primo\u017e Rogli\u010d (Red Bull-BORA-hansgrohe) a descer ao grupo dos favoritos na luta pela geral. Giulio Pellizzari ficou em sexto e perdeu a camisola azul; Antonio Tiberi ficou sem contacto com o grupo da frente a menos de 30 quil\u00f3metros da meta.","og_url":"https:\/\/portaltela.pt\/noticias\/2026\/03\/13\/del-toro-volta-a-lideranca-do-tirreno-adriatico-apos-valgren-vencer-a-quinta-etapa\/","og_site_name":"Portal Tela Portugal","article_published_time":"2026-03-13T15:59:53+00:00","author":"Telinha","twitter_card":"summary_large_image","twitter_misc":{"Escrito por":"Telinha","Tempo estimado de leitura":"1 minuto"},"schema":{"@context":"https:\/\/schema.org","@graph":[{"@type":"Article","@id":"https:\/\/portaltela.pt\/noticias\/2026\/03\/13\/del-toro-volta-a-lideranca-do-tirreno-adriatico-apos-valgren-vencer-a-quinta-etapa\/#article","isPartOf":{"@id":"https:\/\/portaltela.pt\/noticias\/2026\/03\/13\/del-toro-volta-a-lideranca-do-tirreno-adriatico-apos-valgren-vencer-a-quinta-etapa\/"},"author":{"name":"Telinha","@id":"https:\/\/portaltela.pt\/#\/schema\/person\/c4278d4a6028830caff9ee44b42d32ed"},"headline":"Del Toro volta \u00e0 lideran\u00e7a do Tirreno-Adri\u00e1tico ap\u00f3s Valgren vencer a quinta etapa","datePublished":"2026-03-13T15:59:53+00:00","mainEntityOfPage":{"@id":"https:\/\/portaltela.pt\/noticias\/2026\/03\/13\/del-toro-volta-a-lideranca-do-tirreno-adriatico-apos-valgren-vencer-a-quinta-etapa\/"},"wordCount":170,"image":{"@id":"https:\/\/portaltela.pt\/noticias\/2026\/03\/13\/del-toro-volta-a-lideranca-do-tirreno-adriatico-apos-valgren-vencer-a-quinta-etapa\/#primaryimage"},"thumbnailUrl":"https:\/\/portaltela.pt\/s.01k8rhncp4jt1\/2026\/03\/img_920x518uu2026-03-13-15-59-34-2426689.jpg","keywords":["A UAE Emirates","ciclismo","corridas internacionais","desporto","desporto internacional","It\u00e1lia"],"articleSection":["Desporto","Futebol"],"inLanguage":"pt-PT"},{"@type":"WebPage","@id":"https:\/\/portaltela.pt\/noticias\/2026\/03\/13\/del-toro-volta-a-lideranca-do-tirreno-adriatico-apos-valgren-vencer-a-quinta-etapa\/","url":"https:\/\/portaltela.pt\/noticias\/2026\/03\/13\/del-toro-volta-a-lideranca-do-tirreno-adriatico-apos-valgren-vencer-a-quinta-etapa\/","name":"Del Toro volta \u00e0 lideran\u00e7a do Tirreno-Adri\u00e1tico ap\u00f3s Valgren vencer a quinta etapa - Portal Tela Portugal","isPartOf":{"@id":"https:\/\/portaltela.pt\/#website"},"primaryImageOfPage":{"@id":"https:\/\/portaltela.pt\/noticias\/2026\/03\/13\/del-toro-volta-a-lideranca-do-tirreno-adriatico-apos-valgren-vencer-a-quinta-etapa\/#primaryimage"},"image":{"@id":"https:\/\/portaltela.pt\/noticias\/2026\/03\/13\/del-toro-volta-a-lideranca-do-tirreno-adriatico-apos-valgren-vencer-a-quinta-etapa\/#primaryimage"},"thumbnailUrl":"https:\/\/portaltela.pt\/s.01k8rhncp4jt1\/2026\/03\/img_920x518uu2026-03-13-15-59-34-2426689.jpg","datePublished":"2026-03-13T15:59:53+00:00","author":{"@id":"https:\/\/portaltela.pt\/#\/schema\/person\/c4278d4a6028830caff9ee44b42d32ed"},"breadcrumb":{"@id":"https:\/\/portaltela.pt\/noticias\/2026\/03\/13\/del-toro-volta-a-lideranca-do-tirreno-adriatico-apos-valgren-vencer-a-quinta-etapa\/#breadcrumb"},"inLanguage":"pt-PT","potentialAction":[{"@type":"ReadAction","target":["https:\/\/portaltela.pt\/noticias\/2026\/03\/13\/del-toro-volta-a-lideranca-do-tirreno-adriatico-apos-valgren-vencer-a-quinta-etapa\/"]}]},{"@type":"ImageObject","inLanguage":"pt-PT","@id":"https:\/\/portaltela.pt\/noticias\/2026\/03\/13\/del-toro-volta-a-lideranca-do-tirreno-adriatico-apos-valgren-vencer-a-quinta-etapa\/#primaryimage","url":"https:\/\/portaltela.pt\/s.01k8rhncp4jt1\/2026\/03\/img_920x518uu2026-03-13-15-59-34-2426689.jpg","contentUrl":"https:\/\/portaltela.pt\/s.01k8rhncp4jt1\/2026\/03\/img_920x518uu2026-03-13-15-59-34-2426689.jpg","width":796,"height":448,"caption":"Michael Valgren (EF Education-EasyPost) festeja triunfo na 5.\u00aa etapa do Tirreno-Adri\u00e1tico"},{"@type":"BreadcrumbList","@id":"https:\/\/portaltela.pt\/noticias\/2026\/03\/13\/del-toro-volta-a-lideranca-do-tirreno-adriatico-apos-valgren-vencer-a-quinta-etapa\/#breadcrumb","itemListElement":[{"@type":"ListItem","position":1,"name":"In\u00edcio","item":"https:\/\/portaltela.pt\/"},{"@type":"ListItem","position":2,"name":"Del Toro volta \u00e0 lideran\u00e7a do Tirreno-Adri\u00e1tico ap\u00f3s Valgren vencer a quinta etapa"}]},{"@type":"WebSite","@id":"https:\/\/portaltela.pt\/#website","url":"https:\/\/portaltela.pt\/","name":"Portal Tela Portugal","description":"","potentialAction":[{"@type":"SearchAction","target":{"@type":"EntryPoint","urlTemplate":"https:\/\/portaltela.pt\/?s={search_term_string}"},"query-input":{"@type":"PropertyValueSpecification","valueRequired":true,"valueName":"search_term_string"}}],"inLanguage":"pt-PT"},{"@type":"Person","@id":"https:\/\/portaltela.pt\/#\/schema\/person\/c4278d4a6028830caff9ee44b42d32ed","name":"Telinha","image":{"@type":"ImageObject","inLanguage":"pt-PT","@id":"https:\/\/portaltela.pt\/s.01k8rhncp4jt1\/2025\/11\/talking-bot-125x125.png","url":"https:\/\/portaltela.pt\/s.01k8rhncp4jt1\/2025\/11\/talking-bot-125x125.png","contentUrl":"https:\/\/portaltela.pt\/s.01k8rhncp4jt1\/2025\/11\/talking-bot-125x125.png","caption":"Telinha"},"sameAs":["https:\/\/portaltela.pt\/"],"url":"https:\/\/portaltela.pt\/por\/367410592786\/"}]}},"_links":{"self":[{"href":"https:\/\/portaltela.pt\/api\/wp\/v2\/posts\/409030","targetHints":{"allow":["GET"]}}],"collection":[{"href":"https:\/\/portaltela.pt\/api\/wp\/v2\/posts"}],"about":[{"href":"https:\/\/portaltela.pt\/api\/wp\/v2\/types\/post"}],"author":[{"embeddable":true,"href":"https:\/\/portaltela.pt\/api\/wp\/v2\/users\/2"}],"replies":[{"embeddable":true,"href":"https:\/\/portaltela.pt\/api\/wp\/v2\/comments?post=409030"}],"version-history":[{"count":0,"href":"https:\/\/portaltela.pt\/api\/wp\/v2\/posts\/409030\/revisions"}],"wp:featuredmedia":[{"embeddable":true,"href":"https:\/\/portaltela.pt\/api\/wp\/v2\/media\/409036"}],"wp:attachment":[{"href":"https:\/\/portaltela.pt\/api\/wp\/v2\/media?parent=409030"}],"wp:term":[{"taxonomy":"category","embeddable":true,"href":"https:\/\/portaltela.pt\/api\/wp\/v2\/categories?post=409030"},{"taxonomy":"post_tag","embeddable":true,"href":"https:\/\/portaltela.pt\/api\/wp\/v2\/tags?post=409030"}],"curies":[{"name":"wp","href":"https:\/\/api.w.org\/{rel}","templated":true}]}}