{"id":409028,"date":"2026-03-13T12:55:00","date_gmt":"2026-03-13T15:55:00","guid":{"rendered":"https:\/\/portaltela.pt\/noticias\/2026\/03\/13\/guitarra-dos-pink-floyd-vendida-por-mais-de-12-milhoes-de-euros\/"},"modified":"2026-03-13T12:55:00","modified_gmt":"2026-03-13T15:55:00","slug":"guitarra-dos-pink-floyd-vendida-por-mais-de-12-milhoes-de-euros","status":"publish","type":"post","link":"https:\/\/portaltela.pt\/musica\/2026\/03\/13\/guitarra-dos-pink-floyd-vendida-por-mais-de-12-milhoes-de-euros\/","title":{"rendered":"Guitarra dos Pink Floyd vendida por mais de 12 milh\u00f5es de euros"},"content":{"rendered":"<p>A guitarrista brit\u00e2nico David Gilmour viu a sua guitarra The Black Strat entrar para o livro dos recordes, ao ser vendida num leil\u00e3o da Christie&#8217;s, em Nova Iorque, por 14,55 milh\u00f5es de d\u00f3lares (12,7 milh\u00f5es de euros). A pe\u00e7a a timbre preto foi usada por Gilmour em seis \u00e1lbuns dos Pink Floyd, entre 1970 e 1983, incluindo Dark Side of the Moon, Wish You Were Here, Animals e The Wall.<\/p>\n<p>O leil\u00e3o, realizado na noite de quinta-feira, integrou uma cole\u00e7\u00e3o de instrumentos de rock pertencentes ao empres\u00e1rio Jim Irsay, falecido em 2025, antigo propriet\u00e1rio da equipa de NFL Indianapolis Colts. Atrav\u00e9s da venda, a The Black Strat tornou-se a guitarra mais cara j\u00e1 vendida em leil\u00e3o p\u00fablico.<\/p>\n<p>Entre os itens leiloados destacaram-se outras pe\u00e7as de peso hist\u00f3rico. Uma guitarra feita \u00e0 medida para Jerry Garcia, cofundador dos Grateful Dead, foi vendida por 11,56 milh\u00f5es de d\u00f3lares. Uma Fender Mustang azul usada por Kurt Cobain em Smells Like Teen Spirit foi adquirida por 6,9 milh\u00f5es de d\u00f3lares.<\/p>\n","protected":false},"excerpt":{"rendered":"<ul>\n<li>Uma guitarra Fender Stratocaster, chamada \u201cThe Black Strat\u201d, de David Gilmour foi vendida em leil\u00e3o por 14,55 milh\u00f5es de d\u00f3lares (12,7 milh\u00f5es de euros) em Nova Iorque, pela Christie\u2019s.<\/li>\n<li>A pe\u00e7a tornou-se a guitarra mais cara j\u00e1 vendida, ultrapassando o recorde anterior de 6 milh\u00f5es de d\u00f3lares do Nirvana.<\/li>\n<li>Gilmour utilizou a guitarra em seis \u00e1lbuns dos Pink Floyd entre 1970 e 1983, incluindo Dark Side of the Moon, Wish You Were Here, Animals e The Wall.<\/li>\n<li>O leil\u00e3o fez parte de uma cole\u00e7\u00e3o de instrumentos pertencentes ao empres\u00e1rio Jim Irsay, falecido em 2025.<\/li>\n<li>Entre os itens, destacaram-se tamb\u00e9m a guitarra personalizada de Jerry Garcia, vendida por 11,56 milh\u00f5es de d\u00f3lares, e uma Fender Mustang azul de Kurt Cobain, usada no videoclipe de Smells Like Teen Spirit, vendida por 6,9 milh\u00f5es de d\u00f3lares.<\/li>\n<\/ul>\n","protected":false},"author":2,"featured_media":409034,"comment_status":"closed","ping_status":"closed","sticky":false,"template":"","format":"standard","meta":{"footnotes":""},"categories":[6676],"tags":[7136,299,6195,122],"class_list":["post-409028","post","type-post","status-publish","format-standard","has-post-thumbnail","hentry","category-musica","tag-guitarra","tag-historia","tag-leiloes","tag-musica"],"yoast_head":"<!-- This site is optimized with the Yoast SEO plugin v27.2 - https:\/\/yoast.com\/product\/yoast-seo-wordpress\/ -->\n<title>Guitarra dos Pink Floyd vendida por mais de 12 milh\u00f5es de euros - Portal Tela Portugal<\/title>\n<meta name=\"robots\" content=\"index, follow, max-snippet:-1, max-image-preview:large, max-video-preview:-1\" \/>\n<meta property=\"og:locale\" content=\"pt_PT\" \/>\n<meta property=\"og:type\" content=\"article\" \/>\n<meta property=\"og:title\" content=\"Guitarra dos Pink Floyd vendida por mais de 12 milh\u00f5es de euros - Portal Tela Portugal\" \/>\n<meta property=\"og:description\" content=\"Uma guitarra Fender Stratocaster, chamada \u201cThe Black Strat\u201d, de David Gilmour foi vendida em leil\u00e3o por 14,55 milh\u00f5es de d\u00f3lares (12,7 milh\u00f5es de euros) em Nova Iorque, pela Christie\u2019s. A pe\u00e7a tornou-se a guitarra mais cara j\u00e1 vendida, ultrapassando o recorde anterior de 6 milh\u00f5es de d\u00f3lares do Nirvana. Gilmour utilizou a guitarra em seis \u00e1lbuns dos Pink Floyd entre 1970 e 1983, incluindo Dark Side of the Moon, Wish You Were Here, Animals e The Wall. O leil\u00e3o fez parte de uma cole\u00e7\u00e3o de instrumentos pertencentes ao empres\u00e1rio Jim Irsay, falecido em 2025. Entre os itens, destacaram-se tamb\u00e9m a guitarra personalizada de Jerry Garcia, vendida por 11,56 milh\u00f5es de d\u00f3lares, e uma Fender Mustang azul de Kurt Cobain, usada no videoclipe de Smells Like Teen Spirit, vendida por 6,9 milh\u00f5es de d\u00f3lares.\" \/>\n<meta property=\"og:url\" content=\"https:\/\/portaltela.pt\/noticias\/2026\/03\/13\/guitarra-dos-pink-floyd-vendida-por-mais-de-12-milhoes-de-euros\/\" \/>\n<meta property=\"og:site_name\" content=\"Portal Tela Portugal\" \/>\n<meta property=\"article:published_time\" content=\"2026-03-13T15:55:00+00:00\" \/>\n<meta name=\"author\" content=\"Telinha\" \/>\n<meta name=\"twitter:card\" content=\"summary_large_image\" \/>\n<meta name=\"twitter:label1\" content=\"Escrito por\" \/>\n\t<meta name=\"twitter:data1\" content=\"Telinha\" \/>\n\t<meta name=\"twitter:label2\" content=\"Tempo estimado de leitura\" \/>\n\t<meta name=\"twitter:data2\" content=\"1 minuto\" \/>\n<script type=\"application\/ld+json\" class=\"yoast-schema-graph\">{\"@context\":\"https:\/\/schema.org\",\"@graph\":[{\"@type\":\"Article\",\"@id\":\"https:\/\/portaltela.pt\/noticias\/2026\/03\/13\/guitarra-dos-pink-floyd-vendida-por-mais-de-12-milhoes-de-euros\/#article\",\"isPartOf\":{\"@id\":\"https:\/\/portaltela.pt\/noticias\/2026\/03\/13\/guitarra-dos-pink-floyd-vendida-por-mais-de-12-milhoes-de-euros\/\"},\"author\":{\"name\":\"Telinha\",\"@id\":\"https:\/\/portaltela.pt\/#\/schema\/person\/c4278d4a6028830caff9ee44b42d32ed\"},\"headline\":\"Guitarra dos Pink Floyd vendida por mais de 12 milh\u00f5es de euros\",\"datePublished\":\"2026-03-13T15:55:00+00:00\",\"mainEntityOfPage\":{\"@id\":\"https:\/\/portaltela.pt\/noticias\/2026\/03\/13\/guitarra-dos-pink-floyd-vendida-por-mais-de-12-milhoes-de-euros\/\"},\"wordCount\":190,\"image\":{\"@id\":\"https:\/\/portaltela.pt\/noticias\/2026\/03\/13\/guitarra-dos-pink-floyd-vendida-por-mais-de-12-milhoes-de-euros\/#primaryimage\"},\"thumbnailUrl\":\"https:\/\/portaltela.pt\/s.01k8rhncp4jt1\/2026\/03\/image-882.jpg\",\"keywords\":[\"guitarra\",\"hist\u00f3ria\",\"leil\u00f5es\",\"m\u00fasica\"],\"articleSection\":[\"M\u00fasica\"],\"inLanguage\":\"pt-PT\"},{\"@type\":\"WebPage\",\"@id\":\"https:\/\/portaltela.pt\/noticias\/2026\/03\/13\/guitarra-dos-pink-floyd-vendida-por-mais-de-12-milhoes-de-euros\/\",\"url\":\"https:\/\/portaltela.pt\/noticias\/2026\/03\/13\/guitarra-dos-pink-floyd-vendida-por-mais-de-12-milhoes-de-euros\/\",\"name\":\"Guitarra dos Pink Floyd vendida por mais de 12 milh\u00f5es de euros - Portal Tela Portugal\",\"isPartOf\":{\"@id\":\"https:\/\/portaltela.pt\/#website\"},\"primaryImageOfPage\":{\"@id\":\"https:\/\/portaltela.pt\/noticias\/2026\/03\/13\/guitarra-dos-pink-floyd-vendida-por-mais-de-12-milhoes-de-euros\/#primaryimage\"},\"image\":{\"@id\":\"https:\/\/portaltela.pt\/noticias\/2026\/03\/13\/guitarra-dos-pink-floyd-vendida-por-mais-de-12-milhoes-de-euros\/#primaryimage\"},\"thumbnailUrl\":\"https:\/\/portaltela.pt\/s.01k8rhncp4jt1\/2026\/03\/image-882.jpg\",\"datePublished\":\"2026-03-13T15:55:00+00:00\",\"author\":{\"@id\":\"https:\/\/portaltela.pt\/#\/schema\/person\/c4278d4a6028830caff9ee44b42d32ed\"},\"breadcrumb\":{\"@id\":\"https:\/\/portaltela.pt\/noticias\/2026\/03\/13\/guitarra-dos-pink-floyd-vendida-por-mais-de-12-milhoes-de-euros\/#breadcrumb\"},\"inLanguage\":\"pt-PT\",\"potentialAction\":[{\"@type\":\"ReadAction\",\"target\":[\"https:\/\/portaltela.pt\/noticias\/2026\/03\/13\/guitarra-dos-pink-floyd-vendida-por-mais-de-12-milhoes-de-euros\/\"]}]},{\"@type\":\"ImageObject\",\"inLanguage\":\"pt-PT\",\"@id\":\"https:\/\/portaltela.pt\/noticias\/2026\/03\/13\/guitarra-dos-pink-floyd-vendida-por-mais-de-12-milhoes-de-euros\/#primaryimage\",\"url\":\"https:\/\/portaltela.pt\/s.01k8rhncp4jt1\/2026\/03\/image-882.jpg\",\"contentUrl\":\"https:\/\/portaltela.pt\/s.01k8rhncp4jt1\/2026\/03\/image-882.jpg\",\"width\":796,\"height\":448,\"caption\":\"Gilmour utilizou a \\\"The Black Strat\\\" para tocar os ic\u00f3nicos \\\"Dark Side of the Moon\\\", \\\"Wish You Were Here\\\", \\\"Animals\\\" e \\\"The Wall\\\"\"},{\"@type\":\"BreadcrumbList\",\"@id\":\"https:\/\/portaltela.pt\/noticias\/2026\/03\/13\/guitarra-dos-pink-floyd-vendida-por-mais-de-12-milhoes-de-euros\/#breadcrumb\",\"itemListElement\":[{\"@type\":\"ListItem\",\"position\":1,\"name\":\"In\u00edcio\",\"item\":\"https:\/\/portaltela.pt\/\"},{\"@type\":\"ListItem\",\"position\":2,\"name\":\"Guitarra dos Pink Floyd vendida por mais de 12 milh\u00f5es de euros\"}]},{\"@type\":\"WebSite\",\"@id\":\"https:\/\/portaltela.pt\/#website\",\"url\":\"https:\/\/portaltela.pt\/\",\"name\":\"Portal Tela Portugal\",\"description\":\"\",\"potentialAction\":[{\"@type\":\"SearchAction\",\"target\":{\"@type\":\"EntryPoint\",\"urlTemplate\":\"https:\/\/portaltela.pt\/?s={search_term_string}\"},\"query-input\":{\"@type\":\"PropertyValueSpecification\",\"valueRequired\":true,\"valueName\":\"search_term_string\"}}],\"inLanguage\":\"pt-PT\"},{\"@type\":\"Person\",\"@id\":\"https:\/\/portaltela.pt\/#\/schema\/person\/c4278d4a6028830caff9ee44b42d32ed\",\"name\":\"Telinha\",\"image\":{\"@type\":\"ImageObject\",\"inLanguage\":\"pt-PT\",\"@id\":\"https:\/\/portaltela.pt\/s.01k8rhncp4jt1\/2025\/11\/talking-bot-125x125.png\",\"url\":\"https:\/\/portaltela.pt\/s.01k8rhncp4jt1\/2025\/11\/talking-bot-125x125.png\",\"contentUrl\":\"https:\/\/portaltela.pt\/s.01k8rhncp4jt1\/2025\/11\/talking-bot-125x125.png\",\"caption\":\"Telinha\"},\"sameAs\":[\"https:\/\/portaltela.pt\/\"],\"url\":\"https:\/\/portaltela.pt\/por\/367410592786\/\"}]}<\/script>\n<!-- \/ Yoast SEO plugin. -->","yoast_head_json":{"title":"Guitarra dos Pink Floyd vendida por mais de 12 milh\u00f5es de euros - Portal Tela Portugal","robots":{"index":"index","follow":"follow","max-snippet":"max-snippet:-1","max-image-preview":"max-image-preview:large","max-video-preview":"max-video-preview:-1"},"og_locale":"pt_PT","og_type":"article","og_title":"Guitarra dos Pink Floyd vendida por mais de 12 milh\u00f5es de euros - Portal Tela Portugal","og_description":"Uma guitarra Fender Stratocaster, chamada \u201cThe Black Strat\u201d, de David Gilmour foi vendida em leil\u00e3o por 14,55 milh\u00f5es de d\u00f3lares (12,7 milh\u00f5es de euros) em Nova Iorque, pela Christie\u2019s. A pe\u00e7a tornou-se a guitarra mais cara j\u00e1 vendida, ultrapassando o recorde anterior de 6 milh\u00f5es de d\u00f3lares do Nirvana. Gilmour utilizou a guitarra em seis \u00e1lbuns dos Pink Floyd entre 1970 e 1983, incluindo Dark Side of the Moon, Wish You Were Here, Animals e The Wall. O leil\u00e3o fez parte de uma cole\u00e7\u00e3o de instrumentos pertencentes ao empres\u00e1rio Jim Irsay, falecido em 2025. Entre os itens, destacaram-se tamb\u00e9m a guitarra personalizada de Jerry Garcia, vendida por 11,56 milh\u00f5es de d\u00f3lares, e uma Fender Mustang azul de Kurt Cobain, usada no videoclipe de Smells Like Teen Spirit, vendida por 6,9 milh\u00f5es de d\u00f3lares.","og_url":"https:\/\/portaltela.pt\/noticias\/2026\/03\/13\/guitarra-dos-pink-floyd-vendida-por-mais-de-12-milhoes-de-euros\/","og_site_name":"Portal Tela Portugal","article_published_time":"2026-03-13T15:55:00+00:00","author":"Telinha","twitter_card":"summary_large_image","twitter_misc":{"Escrito por":"Telinha","Tempo estimado de leitura":"1 minuto"},"schema":{"@context":"https:\/\/schema.org","@graph":[{"@type":"Article","@id":"https:\/\/portaltela.pt\/noticias\/2026\/03\/13\/guitarra-dos-pink-floyd-vendida-por-mais-de-12-milhoes-de-euros\/#article","isPartOf":{"@id":"https:\/\/portaltela.pt\/noticias\/2026\/03\/13\/guitarra-dos-pink-floyd-vendida-por-mais-de-12-milhoes-de-euros\/"},"author":{"name":"Telinha","@id":"https:\/\/portaltela.pt\/#\/schema\/person\/c4278d4a6028830caff9ee44b42d32ed"},"headline":"Guitarra dos Pink Floyd vendida por mais de 12 milh\u00f5es de euros","datePublished":"2026-03-13T15:55:00+00:00","mainEntityOfPage":{"@id":"https:\/\/portaltela.pt\/noticias\/2026\/03\/13\/guitarra-dos-pink-floyd-vendida-por-mais-de-12-milhoes-de-euros\/"},"wordCount":190,"image":{"@id":"https:\/\/portaltela.pt\/noticias\/2026\/03\/13\/guitarra-dos-pink-floyd-vendida-por-mais-de-12-milhoes-de-euros\/#primaryimage"},"thumbnailUrl":"https:\/\/portaltela.pt\/s.01k8rhncp4jt1\/2026\/03\/image-882.jpg","keywords":["guitarra","hist\u00f3ria","leil\u00f5es","m\u00fasica"],"articleSection":["M\u00fasica"],"inLanguage":"pt-PT"},{"@type":"WebPage","@id":"https:\/\/portaltela.pt\/noticias\/2026\/03\/13\/guitarra-dos-pink-floyd-vendida-por-mais-de-12-milhoes-de-euros\/","url":"https:\/\/portaltela.pt\/noticias\/2026\/03\/13\/guitarra-dos-pink-floyd-vendida-por-mais-de-12-milhoes-de-euros\/","name":"Guitarra dos Pink Floyd vendida por mais de 12 milh\u00f5es de euros - Portal Tela Portugal","isPartOf":{"@id":"https:\/\/portaltela.pt\/#website"},"primaryImageOfPage":{"@id":"https:\/\/portaltela.pt\/noticias\/2026\/03\/13\/guitarra-dos-pink-floyd-vendida-por-mais-de-12-milhoes-de-euros\/#primaryimage"},"image":{"@id":"https:\/\/portaltela.pt\/noticias\/2026\/03\/13\/guitarra-dos-pink-floyd-vendida-por-mais-de-12-milhoes-de-euros\/#primaryimage"},"thumbnailUrl":"https:\/\/portaltela.pt\/s.01k8rhncp4jt1\/2026\/03\/image-882.jpg","datePublished":"2026-03-13T15:55:00+00:00","author":{"@id":"https:\/\/portaltela.pt\/#\/schema\/person\/c4278d4a6028830caff9ee44b42d32ed"},"breadcrumb":{"@id":"https:\/\/portaltela.pt\/noticias\/2026\/03\/13\/guitarra-dos-pink-floyd-vendida-por-mais-de-12-milhoes-de-euros\/#breadcrumb"},"inLanguage":"pt-PT","potentialAction":[{"@type":"ReadAction","target":["https:\/\/portaltela.pt\/noticias\/2026\/03\/13\/guitarra-dos-pink-floyd-vendida-por-mais-de-12-milhoes-de-euros\/"]}]},{"@type":"ImageObject","inLanguage":"pt-PT","@id":"https:\/\/portaltela.pt\/noticias\/2026\/03\/13\/guitarra-dos-pink-floyd-vendida-por-mais-de-12-milhoes-de-euros\/#primaryimage","url":"https:\/\/portaltela.pt\/s.01k8rhncp4jt1\/2026\/03\/image-882.jpg","contentUrl":"https:\/\/portaltela.pt\/s.01k8rhncp4jt1\/2026\/03\/image-882.jpg","width":796,"height":448,"caption":"Gilmour utilizou a \"The Black Strat\" para tocar os ic\u00f3nicos \"Dark Side of the Moon\", \"Wish You Were Here\", \"Animals\" e \"The Wall\""},{"@type":"BreadcrumbList","@id":"https:\/\/portaltela.pt\/noticias\/2026\/03\/13\/guitarra-dos-pink-floyd-vendida-por-mais-de-12-milhoes-de-euros\/#breadcrumb","itemListElement":[{"@type":"ListItem","position":1,"name":"In\u00edcio","item":"https:\/\/portaltela.pt\/"},{"@type":"ListItem","position":2,"name":"Guitarra dos Pink Floyd vendida por mais de 12 milh\u00f5es de euros"}]},{"@type":"WebSite","@id":"https:\/\/portaltela.pt\/#website","url":"https:\/\/portaltela.pt\/","name":"Portal Tela Portugal","description":"","potentialAction":[{"@type":"SearchAction","target":{"@type":"EntryPoint","urlTemplate":"https:\/\/portaltela.pt\/?s={search_term_string}"},"query-input":{"@type":"PropertyValueSpecification","valueRequired":true,"valueName":"search_term_string"}}],"inLanguage":"pt-PT"},{"@type":"Person","@id":"https:\/\/portaltela.pt\/#\/schema\/person\/c4278d4a6028830caff9ee44b42d32ed","name":"Telinha","image":{"@type":"ImageObject","inLanguage":"pt-PT","@id":"https:\/\/portaltela.pt\/s.01k8rhncp4jt1\/2025\/11\/talking-bot-125x125.png","url":"https:\/\/portaltela.pt\/s.01k8rhncp4jt1\/2025\/11\/talking-bot-125x125.png","contentUrl":"https:\/\/portaltela.pt\/s.01k8rhncp4jt1\/2025\/11\/talking-bot-125x125.png","caption":"Telinha"},"sameAs":["https:\/\/portaltela.pt\/"],"url":"https:\/\/portaltela.pt\/por\/367410592786\/"}]}},"_links":{"self":[{"href":"https:\/\/portaltela.pt\/api\/wp\/v2\/posts\/409028","targetHints":{"allow":["GET"]}}],"collection":[{"href":"https:\/\/portaltela.pt\/api\/wp\/v2\/posts"}],"about":[{"href":"https:\/\/portaltela.pt\/api\/wp\/v2\/types\/post"}],"author":[{"embeddable":true,"href":"https:\/\/portaltela.pt\/api\/wp\/v2\/users\/2"}],"replies":[{"embeddable":true,"href":"https:\/\/portaltela.pt\/api\/wp\/v2\/comments?post=409028"}],"version-history":[{"count":0,"href":"https:\/\/portaltela.pt\/api\/wp\/v2\/posts\/409028\/revisions"}],"wp:featuredmedia":[{"embeddable":true,"href":"https:\/\/portaltela.pt\/api\/wp\/v2\/media\/409034"}],"wp:attachment":[{"href":"https:\/\/portaltela.pt\/api\/wp\/v2\/media?parent=409028"}],"wp:term":[{"taxonomy":"category","embeddable":true,"href":"https:\/\/portaltela.pt\/api\/wp\/v2\/categories?post=409028"},{"taxonomy":"post_tag","embeddable":true,"href":"https:\/\/portaltela.pt\/api\/wp\/v2\/tags?post=409028"}],"curies":[{"name":"wp","href":"https:\/\/api.w.org\/{rel}","templated":true}]}}