{"id":409025,"date":"2026-03-13T12:47:56","date_gmt":"2026-03-13T15:47:56","guid":{"rendered":"https:\/\/portaltela.pt\/noticias\/2026\/03\/13\/campanha-de-fair-play-da-af-algarve-estende-se-para-alem-da-regiao\/"},"modified":"2026-03-13T12:47:56","modified_gmt":"2026-03-13T15:47:56","slug":"campanha-de-fair-play-da-af-algarve-estende-se-para-alem-da-regiao","status":"publish","type":"post","link":"https:\/\/portaltela.pt\/desporto\/futebol\/2026\/03\/13\/campanha-de-fair-play-da-af-algarve-estende-se-para-alem-da-regiao\/","title":{"rendered":"Campanha de fair-play da AF Algarve estende-se para al\u00e9m da regi\u00e3o"},"content":{"rendered":"<p>A campanha de promo\u00e7\u00e3o do fair-play da Associa\u00e7\u00e3o de Futebol do Algarve (AFA) cresce para l\u00e1 da regi\u00e3o. O projeto, intitulado O Fair-Play Joga em Casa, envolve embaixadores nacionais e internacionais e visa divulgar valores como o respeito e a \u00e9tica no desporto. A iniciativa j\u00e1 percorre os concelhos algarvios e estende-se a n\u00edvel nacional.<\/p>\n<p>Entre os embaixadores est\u00e3o figuras de renome do desporto, que promovem um ambiente competitivo mais positivo. O primeiro a associar-se foi o selecionador nacional de futebol, Roberto Mart\u00ednez, seguido pelo promovido pela modalidade de futsal, Jorge Braz. A campanha tamb\u00e9m conta com o apoio de Lu\u00eds Concei\u00e7\u00e3o, treinador de futsal feminino.<\/p>\n<p>A lista de embaixadores inclui ainda os jovens talentos Gon\u00e7alo Ramos e Jo\u00e3o Neves, ambos de raiz algarvia, que representam a nova gera\u00e7\u00e3o do futebol portugu\u00eas. Reinaldo Teixeira, presidente da Liga Portugal, e outros nomes nacionais fortalecem o alcance do projeto.<\/p>\n<p>Os parcerias com institui\u00e7\u00f5es t\u00eam tamb\u00e9m as academias e estruturas regionais em foco. A AFA j\u00e1 assinou acordos com a Academia Ol\u00edmpica de Portugal, a Dire\u00e7\u00e3o Regional do IPDJ e a Coordena\u00e7\u00e3o Regional do Desporto Escolar, al\u00e9m de envolver n\u00facleos de \u00e1rbitros do Algarve na assinatura de compromissos \u00e9ticos.<\/p>\n<p>A iniciativa n\u00e3o se restringe ao futebol. Entidades de v\u00e1rias modalidades j\u00e1 aderiram, incluindo a Associa\u00e7\u00e3o de Atletismo do Algarve, a Associa\u00e7\u00e3o de Nata\u00e7\u00e3o do Algarve, a Federa\u00e7\u00e3o de T\u00e9nis de Mesa do Algarve e a Associa\u00e7\u00e3o de Ciclismo do Algarve, entre outras. A lista sinaliza um movimento transversal para promover o fair-play.<\/p>\n<p>O projeto mant\u00e9m parcerias com as autarquias locais, com a\u00e7\u00f5es de sensibiliza\u00e7\u00e3o dirigidas a clubes, escolas e entidades desportivas. At\u00e9 ao momento, est\u00e3o envolvidos Loul\u00e9, S\u00e3o Br\u00e1s de Alportel, Tavira, Castro Marim, Alcoutim e Olh\u00e3o, com previs\u00e3o de ades\u00e3o das restantes c\u00e2maras municipais do Algarve.<\/p>\n<p>O objetivo \u00e9 consolidar o movimento como refer\u00eancia nacional, mantendo a mensagem de que competir implica respeito. A campanha refor\u00e7a que o desporto \u00e9 um espa\u00e7o de forma\u00e7\u00e3o humana, onde o fair-play faz parte da identidade de clubes, atletas e adeptos.<\/p>\n","protected":false},"excerpt":{"rendered":"<ul>\n<li>A campanha O Fair-Play Joga em Casa, da Associa\u00e7\u00e3o de Futebol do Algarve (AFA), est\u00e1 a ganhar dimens\u00e3o nacional, com embaixadores nacionais e internacionais a promov\u00ea-la.<\/li>\n<li>Entre os embaixadores est\u00e3o Roberto Mart\u00ednez, Jorge Braz, Reinaldo Teixeira, Gon\u00e7alo Ramos e Jo\u00e3o Neves, que destacam valores como respeito, \u00e9tica e fair-play.<\/li>\n<li>O projeto j\u00e1 liga v\u00e1rias entidades, incluindo a Liga Portugal e a Autoridade para a Preven\u00e7\u00e3o e o Combate \u00e0 Viol\u00eancia no Desporto, com parcerias da Academia Ol\u00edmpica de Portugal e do IPDJ.<\/li>\n<li>A iniciativa j\u00e1 envolve munic\u00edpios algarvios como Loul\u00e9, S\u00e3o Br\u00e1s de Alportel, Tavira, Castro Marim, Alcoutim e Olh\u00e3o, com outras 10 c\u00e2maras do Algarve a aderirem brevemente.<\/li>\n<li>O objetivo \u00e9 promover um desporto mais positivo e formativo, com compromissos \u00e9ticos assinados por clubes, escolas e \u00f3rg\u00e3os desportivos, abrangendo diversas modalidades al\u00e9m do futebol.<\/li>\n<\/ul>\n","protected":false},"author":2,"featured_media":409031,"comment_status":"closed","ping_status":"closed","sticky":false,"template":"","format":"standard","meta":{"footnotes":""},"categories":[21,24],"tags":[7164,5578,928,152,5341,32],"class_list":["post-409025","post","type-post","status-publish","format-standard","has-post-thumbnail","hentry","category-desporto","category-futebol","tag-academia-olimpica-de-portugal","tag-af-algarve","tag-algarve","tag-desporto","tag-fair-play","tag-futebol"],"yoast_head":"<!-- This site is optimized with the Yoast SEO plugin v27.2 - https:\/\/yoast.com\/product\/yoast-seo-wordpress\/ -->\n<title>Campanha de fair-play da AF Algarve estende-se para al\u00e9m da regi\u00e3o - Portal Tela Portugal<\/title>\n<meta name=\"robots\" content=\"index, follow, max-snippet:-1, max-image-preview:large, max-video-preview:-1\" \/>\n<meta property=\"og:locale\" content=\"pt_PT\" \/>\n<meta property=\"og:type\" content=\"article\" \/>\n<meta property=\"og:title\" content=\"Campanha de fair-play da AF Algarve estende-se para al\u00e9m da regi\u00e3o - Portal Tela Portugal\" \/>\n<meta property=\"og:description\" content=\"A campanha O Fair-Play Joga em Casa, da Associa\u00e7\u00e3o de Futebol do Algarve (AFA), est\u00e1 a ganhar dimens\u00e3o nacional, com embaixadores nacionais e internacionais a promov\u00ea-la. Entre os embaixadores est\u00e3o Roberto Mart\u00ednez, Jorge Braz, Reinaldo Teixeira, Gon\u00e7alo Ramos e Jo\u00e3o Neves, que destacam valores como respeito, \u00e9tica e fair-play. O projeto j\u00e1 liga v\u00e1rias entidades, incluindo a Liga Portugal e a Autoridade para a Preven\u00e7\u00e3o e o Combate \u00e0 Viol\u00eancia no Desporto, com parcerias da Academia Ol\u00edmpica de Portugal e do IPDJ. A iniciativa j\u00e1 envolve munic\u00edpios algarvios como Loul\u00e9, S\u00e3o Br\u00e1s de Alportel, Tavira, Castro Marim, Alcoutim e Olh\u00e3o, com outras 10 c\u00e2maras do Algarve a aderirem brevemente. O objetivo \u00e9 promover um desporto mais positivo e formativo, com compromissos \u00e9ticos assinados por clubes, escolas e \u00f3rg\u00e3os desportivos, abrangendo diversas modalidades al\u00e9m do futebol.\" \/>\n<meta property=\"og:url\" content=\"https:\/\/portaltela.pt\/noticias\/2026\/03\/13\/campanha-de-fair-play-da-af-algarve-estende-se-para-alem-da-regiao\/\" \/>\n<meta property=\"og:site_name\" content=\"Portal Tela Portugal\" \/>\n<meta property=\"article:published_time\" content=\"2026-03-13T15:47:56+00:00\" \/>\n<meta name=\"author\" content=\"Telinha\" \/>\n<meta name=\"twitter:card\" content=\"summary_large_image\" \/>\n<meta name=\"twitter:label1\" content=\"Escrito por\" \/>\n\t<meta name=\"twitter:data1\" content=\"Telinha\" \/>\n\t<meta name=\"twitter:label2\" content=\"Tempo estimado de leitura\" \/>\n\t<meta name=\"twitter:data2\" content=\"2 minutos\" \/>\n<script type=\"application\/ld+json\" class=\"yoast-schema-graph\">{\"@context\":\"https:\/\/schema.org\",\"@graph\":[{\"@type\":\"Article\",\"@id\":\"https:\/\/portaltela.pt\/noticias\/2026\/03\/13\/campanha-de-fair-play-da-af-algarve-estende-se-para-alem-da-regiao\/#article\",\"isPartOf\":{\"@id\":\"https:\/\/portaltela.pt\/noticias\/2026\/03\/13\/campanha-de-fair-play-da-af-algarve-estende-se-para-alem-da-regiao\/\"},\"author\":{\"name\":\"Telinha\",\"@id\":\"https:\/\/portaltela.pt\/#\/schema\/person\/c4278d4a6028830caff9ee44b42d32ed\"},\"headline\":\"Campanha de fair-play da AF Algarve estende-se para al\u00e9m da regi\u00e3o\",\"datePublished\":\"2026-03-13T15:47:56+00:00\",\"mainEntityOfPage\":{\"@id\":\"https:\/\/portaltela.pt\/noticias\/2026\/03\/13\/campanha-de-fair-play-da-af-algarve-estende-se-para-alem-da-regiao\/\"},\"wordCount\":389,\"image\":{\"@id\":\"https:\/\/portaltela.pt\/noticias\/2026\/03\/13\/campanha-de-fair-play-da-af-algarve-estende-se-para-alem-da-regiao\/#primaryimage\"},\"thumbnailUrl\":\"https:\/\/portaltela.pt\/s.01k8rhncp4jt1\/2026\/03\/img_1200x721uu2026-03-13-15-31-19-2426683.jpg\",\"keywords\":[\"Academia Ol\u00edmpica de Portugal\",\"AF Algarve\",\"Algarve\",\"desporto\",\"Fair Play\",\"futebol\"],\"articleSection\":[\"Desporto\",\"Futebol\"],\"inLanguage\":\"pt-PT\"},{\"@type\":\"WebPage\",\"@id\":\"https:\/\/portaltela.pt\/noticias\/2026\/03\/13\/campanha-de-fair-play-da-af-algarve-estende-se-para-alem-da-regiao\/\",\"url\":\"https:\/\/portaltela.pt\/noticias\/2026\/03\/13\/campanha-de-fair-play-da-af-algarve-estende-se-para-alem-da-regiao\/\",\"name\":\"Campanha de fair-play da AF Algarve estende-se para al\u00e9m da regi\u00e3o - Portal Tela Portugal\",\"isPartOf\":{\"@id\":\"https:\/\/portaltela.pt\/#website\"},\"primaryImageOfPage\":{\"@id\":\"https:\/\/portaltela.pt\/noticias\/2026\/03\/13\/campanha-de-fair-play-da-af-algarve-estende-se-para-alem-da-regiao\/#primaryimage\"},\"image\":{\"@id\":\"https:\/\/portaltela.pt\/noticias\/2026\/03\/13\/campanha-de-fair-play-da-af-algarve-estende-se-para-alem-da-regiao\/#primaryimage\"},\"thumbnailUrl\":\"https:\/\/portaltela.pt\/s.01k8rhncp4jt1\/2026\/03\/img_1200x721uu2026-03-13-15-31-19-2426683.jpg\",\"datePublished\":\"2026-03-13T15:47:56+00:00\",\"author\":{\"@id\":\"https:\/\/portaltela.pt\/#\/schema\/person\/c4278d4a6028830caff9ee44b42d32ed\"},\"breadcrumb\":{\"@id\":\"https:\/\/portaltela.pt\/noticias\/2026\/03\/13\/campanha-de-fair-play-da-af-algarve-estende-se-para-alem-da-regiao\/#breadcrumb\"},\"inLanguage\":\"pt-PT\",\"potentialAction\":[{\"@type\":\"ReadAction\",\"target\":[\"https:\/\/portaltela.pt\/noticias\/2026\/03\/13\/campanha-de-fair-play-da-af-algarve-estende-se-para-alem-da-regiao\/\"]}]},{\"@type\":\"ImageObject\",\"inLanguage\":\"pt-PT\",\"@id\":\"https:\/\/portaltela.pt\/noticias\/2026\/03\/13\/campanha-de-fair-play-da-af-algarve-estende-se-para-alem-da-regiao\/#primaryimage\",\"url\":\"https:\/\/portaltela.pt\/s.01k8rhncp4jt1\/2026\/03\/img_1200x721uu2026-03-13-15-31-19-2426683.jpg\",\"contentUrl\":\"https:\/\/portaltela.pt\/s.01k8rhncp4jt1\/2026\/03\/img_1200x721uu2026-03-13-15-31-19-2426683.jpg\",\"width\":796,\"height\":448,\"caption\":\"A iniciativa da AF Algarve tem mobilizado clubes e agentes desportivos\"},{\"@type\":\"BreadcrumbList\",\"@id\":\"https:\/\/portaltela.pt\/noticias\/2026\/03\/13\/campanha-de-fair-play-da-af-algarve-estende-se-para-alem-da-regiao\/#breadcrumb\",\"itemListElement\":[{\"@type\":\"ListItem\",\"position\":1,\"name\":\"In\u00edcio\",\"item\":\"https:\/\/portaltela.pt\/\"},{\"@type\":\"ListItem\",\"position\":2,\"name\":\"Campanha de fair-play da AF Algarve estende-se para al\u00e9m da regi\u00e3o\"}]},{\"@type\":\"WebSite\",\"@id\":\"https:\/\/portaltela.pt\/#website\",\"url\":\"https:\/\/portaltela.pt\/\",\"name\":\"Portal Tela Portugal\",\"description\":\"\",\"potentialAction\":[{\"@type\":\"SearchAction\",\"target\":{\"@type\":\"EntryPoint\",\"urlTemplate\":\"https:\/\/portaltela.pt\/?s={search_term_string}\"},\"query-input\":{\"@type\":\"PropertyValueSpecification\",\"valueRequired\":true,\"valueName\":\"search_term_string\"}}],\"inLanguage\":\"pt-PT\"},{\"@type\":\"Person\",\"@id\":\"https:\/\/portaltela.pt\/#\/schema\/person\/c4278d4a6028830caff9ee44b42d32ed\",\"name\":\"Telinha\",\"image\":{\"@type\":\"ImageObject\",\"inLanguage\":\"pt-PT\",\"@id\":\"https:\/\/portaltela.pt\/s.01k8rhncp4jt1\/2025\/11\/talking-bot-125x125.png\",\"url\":\"https:\/\/portaltela.pt\/s.01k8rhncp4jt1\/2025\/11\/talking-bot-125x125.png\",\"contentUrl\":\"https:\/\/portaltela.pt\/s.01k8rhncp4jt1\/2025\/11\/talking-bot-125x125.png\",\"caption\":\"Telinha\"},\"sameAs\":[\"https:\/\/portaltela.pt\/\"],\"url\":\"https:\/\/portaltela.pt\/por\/367410592786\/\"}]}<\/script>\n<!-- \/ Yoast SEO plugin. -->","yoast_head_json":{"title":"Campanha de fair-play da AF Algarve estende-se para al\u00e9m da regi\u00e3o - Portal Tela Portugal","robots":{"index":"index","follow":"follow","max-snippet":"max-snippet:-1","max-image-preview":"max-image-preview:large","max-video-preview":"max-video-preview:-1"},"og_locale":"pt_PT","og_type":"article","og_title":"Campanha de fair-play da AF Algarve estende-se para al\u00e9m da regi\u00e3o - Portal Tela Portugal","og_description":"A campanha O Fair-Play Joga em Casa, da Associa\u00e7\u00e3o de Futebol do Algarve (AFA), est\u00e1 a ganhar dimens\u00e3o nacional, com embaixadores nacionais e internacionais a promov\u00ea-la. Entre os embaixadores est\u00e3o Roberto Mart\u00ednez, Jorge Braz, Reinaldo Teixeira, Gon\u00e7alo Ramos e Jo\u00e3o Neves, que destacam valores como respeito, \u00e9tica e fair-play. O projeto j\u00e1 liga v\u00e1rias entidades, incluindo a Liga Portugal e a Autoridade para a Preven\u00e7\u00e3o e o Combate \u00e0 Viol\u00eancia no Desporto, com parcerias da Academia Ol\u00edmpica de Portugal e do IPDJ. A iniciativa j\u00e1 envolve munic\u00edpios algarvios como Loul\u00e9, S\u00e3o Br\u00e1s de Alportel, Tavira, Castro Marim, Alcoutim e Olh\u00e3o, com outras 10 c\u00e2maras do Algarve a aderirem brevemente. O objetivo \u00e9 promover um desporto mais positivo e formativo, com compromissos \u00e9ticos assinados por clubes, escolas e \u00f3rg\u00e3os desportivos, abrangendo diversas modalidades al\u00e9m do futebol.","og_url":"https:\/\/portaltela.pt\/noticias\/2026\/03\/13\/campanha-de-fair-play-da-af-algarve-estende-se-para-alem-da-regiao\/","og_site_name":"Portal Tela Portugal","article_published_time":"2026-03-13T15:47:56+00:00","author":"Telinha","twitter_card":"summary_large_image","twitter_misc":{"Escrito por":"Telinha","Tempo estimado de leitura":"2 minutos"},"schema":{"@context":"https:\/\/schema.org","@graph":[{"@type":"Article","@id":"https:\/\/portaltela.pt\/noticias\/2026\/03\/13\/campanha-de-fair-play-da-af-algarve-estende-se-para-alem-da-regiao\/#article","isPartOf":{"@id":"https:\/\/portaltela.pt\/noticias\/2026\/03\/13\/campanha-de-fair-play-da-af-algarve-estende-se-para-alem-da-regiao\/"},"author":{"name":"Telinha","@id":"https:\/\/portaltela.pt\/#\/schema\/person\/c4278d4a6028830caff9ee44b42d32ed"},"headline":"Campanha de fair-play da AF Algarve estende-se para al\u00e9m da regi\u00e3o","datePublished":"2026-03-13T15:47:56+00:00","mainEntityOfPage":{"@id":"https:\/\/portaltela.pt\/noticias\/2026\/03\/13\/campanha-de-fair-play-da-af-algarve-estende-se-para-alem-da-regiao\/"},"wordCount":389,"image":{"@id":"https:\/\/portaltela.pt\/noticias\/2026\/03\/13\/campanha-de-fair-play-da-af-algarve-estende-se-para-alem-da-regiao\/#primaryimage"},"thumbnailUrl":"https:\/\/portaltela.pt\/s.01k8rhncp4jt1\/2026\/03\/img_1200x721uu2026-03-13-15-31-19-2426683.jpg","keywords":["Academia Ol\u00edmpica de Portugal","AF Algarve","Algarve","desporto","Fair Play","futebol"],"articleSection":["Desporto","Futebol"],"inLanguage":"pt-PT"},{"@type":"WebPage","@id":"https:\/\/portaltela.pt\/noticias\/2026\/03\/13\/campanha-de-fair-play-da-af-algarve-estende-se-para-alem-da-regiao\/","url":"https:\/\/portaltela.pt\/noticias\/2026\/03\/13\/campanha-de-fair-play-da-af-algarve-estende-se-para-alem-da-regiao\/","name":"Campanha de fair-play da AF Algarve estende-se para al\u00e9m da regi\u00e3o - Portal Tela Portugal","isPartOf":{"@id":"https:\/\/portaltela.pt\/#website"},"primaryImageOfPage":{"@id":"https:\/\/portaltela.pt\/noticias\/2026\/03\/13\/campanha-de-fair-play-da-af-algarve-estende-se-para-alem-da-regiao\/#primaryimage"},"image":{"@id":"https:\/\/portaltela.pt\/noticias\/2026\/03\/13\/campanha-de-fair-play-da-af-algarve-estende-se-para-alem-da-regiao\/#primaryimage"},"thumbnailUrl":"https:\/\/portaltela.pt\/s.01k8rhncp4jt1\/2026\/03\/img_1200x721uu2026-03-13-15-31-19-2426683.jpg","datePublished":"2026-03-13T15:47:56+00:00","author":{"@id":"https:\/\/portaltela.pt\/#\/schema\/person\/c4278d4a6028830caff9ee44b42d32ed"},"breadcrumb":{"@id":"https:\/\/portaltela.pt\/noticias\/2026\/03\/13\/campanha-de-fair-play-da-af-algarve-estende-se-para-alem-da-regiao\/#breadcrumb"},"inLanguage":"pt-PT","potentialAction":[{"@type":"ReadAction","target":["https:\/\/portaltela.pt\/noticias\/2026\/03\/13\/campanha-de-fair-play-da-af-algarve-estende-se-para-alem-da-regiao\/"]}]},{"@type":"ImageObject","inLanguage":"pt-PT","@id":"https:\/\/portaltela.pt\/noticias\/2026\/03\/13\/campanha-de-fair-play-da-af-algarve-estende-se-para-alem-da-regiao\/#primaryimage","url":"https:\/\/portaltela.pt\/s.01k8rhncp4jt1\/2026\/03\/img_1200x721uu2026-03-13-15-31-19-2426683.jpg","contentUrl":"https:\/\/portaltela.pt\/s.01k8rhncp4jt1\/2026\/03\/img_1200x721uu2026-03-13-15-31-19-2426683.jpg","width":796,"height":448,"caption":"A iniciativa da AF Algarve tem mobilizado clubes e agentes desportivos"},{"@type":"BreadcrumbList","@id":"https:\/\/portaltela.pt\/noticias\/2026\/03\/13\/campanha-de-fair-play-da-af-algarve-estende-se-para-alem-da-regiao\/#breadcrumb","itemListElement":[{"@type":"ListItem","position":1,"name":"In\u00edcio","item":"https:\/\/portaltela.pt\/"},{"@type":"ListItem","position":2,"name":"Campanha de fair-play da AF Algarve estende-se para al\u00e9m da regi\u00e3o"}]},{"@type":"WebSite","@id":"https:\/\/portaltela.pt\/#website","url":"https:\/\/portaltela.pt\/","name":"Portal Tela Portugal","description":"","potentialAction":[{"@type":"SearchAction","target":{"@type":"EntryPoint","urlTemplate":"https:\/\/portaltela.pt\/?s={search_term_string}"},"query-input":{"@type":"PropertyValueSpecification","valueRequired":true,"valueName":"search_term_string"}}],"inLanguage":"pt-PT"},{"@type":"Person","@id":"https:\/\/portaltela.pt\/#\/schema\/person\/c4278d4a6028830caff9ee44b42d32ed","name":"Telinha","image":{"@type":"ImageObject","inLanguage":"pt-PT","@id":"https:\/\/portaltela.pt\/s.01k8rhncp4jt1\/2025\/11\/talking-bot-125x125.png","url":"https:\/\/portaltela.pt\/s.01k8rhncp4jt1\/2025\/11\/talking-bot-125x125.png","contentUrl":"https:\/\/portaltela.pt\/s.01k8rhncp4jt1\/2025\/11\/talking-bot-125x125.png","caption":"Telinha"},"sameAs":["https:\/\/portaltela.pt\/"],"url":"https:\/\/portaltela.pt\/por\/367410592786\/"}]}},"_links":{"self":[{"href":"https:\/\/portaltela.pt\/api\/wp\/v2\/posts\/409025","targetHints":{"allow":["GET"]}}],"collection":[{"href":"https:\/\/portaltela.pt\/api\/wp\/v2\/posts"}],"about":[{"href":"https:\/\/portaltela.pt\/api\/wp\/v2\/types\/post"}],"author":[{"embeddable":true,"href":"https:\/\/portaltela.pt\/api\/wp\/v2\/users\/2"}],"replies":[{"embeddable":true,"href":"https:\/\/portaltela.pt\/api\/wp\/v2\/comments?post=409025"}],"version-history":[{"count":0,"href":"https:\/\/portaltela.pt\/api\/wp\/v2\/posts\/409025\/revisions"}],"wp:featuredmedia":[{"embeddable":true,"href":"https:\/\/portaltela.pt\/api\/wp\/v2\/media\/409031"}],"wp:attachment":[{"href":"https:\/\/portaltela.pt\/api\/wp\/v2\/media?parent=409025"}],"wp:term":[{"taxonomy":"category","embeddable":true,"href":"https:\/\/portaltela.pt\/api\/wp\/v2\/categories?post=409025"},{"taxonomy":"post_tag","embeddable":true,"href":"https:\/\/portaltela.pt\/api\/wp\/v2\/tags?post=409025"}],"curies":[{"name":"wp","href":"https:\/\/api.w.org\/{rel}","templated":true}]}}