{"id":409021,"date":"2026-03-13T12:58:00","date_gmt":"2026-03-13T15:58:00","guid":{"rendered":"https:\/\/portaltela.pt\/noticias\/2026\/03\/13\/condutor-recusa-se-a-identificar-se-e-fere-psp-em-coimbra\/"},"modified":"2026-03-13T12:58:00","modified_gmt":"2026-03-13T15:58:00","slug":"condutor-recusa-se-a-identificar-se-e-fere-psp-em-coimbra","status":"publish","type":"post","link":"https:\/\/portaltela.pt\/policia\/2026\/03\/13\/condutor-recusa-se-a-identificar-se-e-fere-psp-em-coimbra\/","title":{"rendered":"Condutor recusa-se a identificar-se e fere PSP em Coimbra"},"content":{"rendered":"<p>Um homem de 43 anos foi detido pela PSP de Coimbra ap\u00f3s recusar identificar-se, tentar fugir e ferir um agente durante uma fiscaliza\u00e7\u00e3o na zona de S\u00e3o Martinho do Bispo. A a\u00e7\u00e3o ocorreu no \u00e2mbito de opera\u00e7\u00f5es de seguran\u00e7a p\u00fablica.<\/p>\n<p>Confrontando as ordens, o suspeito manteve a recusa de se identificar, desobedecendo as advert\u00eancias dadas pela equipa. Diante disso, foi-lhe ordenada a deten\u00e7\u00e3o no local.<\/p>\n<p>Ele tentou fugir, mas foi intercetado de imediato para a deten\u00e7\u00e3o. Ao opor-se \u00e0 coloca\u00e7\u00e3o das algemas, causou um ferimento numa das m\u00e3os de um dos agentes, conforme comunicado da PSP.<\/p>\n<h3>Detalhes da ocorr\u00eancia<\/h3>\n<p>O suspeito est\u00e1 indiciado por desobedi\u00eancia, resist\u00eancia e coa\u00e7\u00e3o sobre funcion\u00e1rio. O estado dos feridos n\u00e3o \u00e9 especificado e n\u00e3o foram divulgadas informa\u00e7\u00f5es adicionais sobre outras deten\u00e7\u00f5es ou danos materiais. A PSP n\u00e3o revelou mais detalhes sobre as circunst\u00e2ncias da interven\u00e7\u00e3o.<\/p>\n","protected":false},"excerpt":{"rendered":"<ul>\n<li>Um homem de 43 anos foi detido pela PSP de Coimbra na zona de S\u00e3o Martinho do Bispo, ap\u00f3s recusar identificar-se durante uma a\u00e7\u00e3o de fiscaliza\u00e7\u00e3o.<\/li>\n<li>O condutor recusou fornecer a identifica\u00e7\u00e3o, apesar das advert\u00eancias sobre crime de desobedi\u00eancia, levando \u00e0 ordem de deten\u00e7\u00e3o.<\/li>\n<li>Em fuga, foi intercetado pela pol\u00edcia para efetuar a deten\u00e7\u00e3o.<\/li>\n<li>O suspeito reagiu com viol\u00eancia \u00e0 coloca\u00e7\u00e3o das algemas, ferindo uma das m\u00e3os de um agente.<\/li>\n<li>O homem est\u00e1 indiciado por desobedi\u00eancia, resist\u00eancia e coa\u00e7\u00e3o sobre funcion\u00e1rio.<\/li>\n<\/ul>\n","protected":false},"author":2,"featured_media":409023,"comment_status":"closed","ping_status":"closed","sticky":false,"template":"","format":"standard","meta":{"footnotes":""},"categories":[6907,6781],"tags":[1542,1070,211,3418,488,250],"class_list":["post-409021","post","type-post","status-publish","format-standard","has-post-thumbnail","hentry","category-crime","category-policia","tag-coacao","tag-coimbra","tag-desobediencia","tag-policia-de-seguranca-publica","tag-resistencia-e-coacao","tag-seguranca-publica"],"yoast_head":"<!-- This site is optimized with the Yoast SEO plugin v27.2 - https:\/\/yoast.com\/product\/yoast-seo-wordpress\/ -->\n<title>Condutor recusa-se a identificar-se e fere PSP em Coimbra - Portal Tela Portugal<\/title>\n<meta name=\"robots\" content=\"index, follow, max-snippet:-1, max-image-preview:large, max-video-preview:-1\" \/>\n<meta property=\"og:locale\" content=\"pt_PT\" \/>\n<meta property=\"og:type\" content=\"article\" \/>\n<meta property=\"og:title\" content=\"Condutor recusa-se a identificar-se e fere PSP em Coimbra - Portal Tela Portugal\" \/>\n<meta property=\"og:description\" content=\"Um homem de 43 anos foi detido pela PSP de Coimbra na zona de S\u00e3o Martinho do Bispo, ap\u00f3s recusar identificar-se durante uma a\u00e7\u00e3o de fiscaliza\u00e7\u00e3o. O condutor recusou fornecer a identifica\u00e7\u00e3o, apesar das advert\u00eancias sobre crime de desobedi\u00eancia, levando \u00e0 ordem de deten\u00e7\u00e3o. Em fuga, foi intercetado pela pol\u00edcia para efetuar a deten\u00e7\u00e3o. O suspeito reagiu com viol\u00eancia \u00e0 coloca\u00e7\u00e3o das algemas, ferindo uma das m\u00e3os de um agente. O homem est\u00e1 indiciado por desobedi\u00eancia, resist\u00eancia e coa\u00e7\u00e3o sobre funcion\u00e1rio.\" \/>\n<meta property=\"og:url\" content=\"https:\/\/portaltela.pt\/noticias\/2026\/03\/13\/condutor-recusa-se-a-identificar-se-e-fere-psp-em-coimbra\/\" \/>\n<meta property=\"og:site_name\" content=\"Portal Tela Portugal\" \/>\n<meta property=\"article:published_time\" content=\"2026-03-13T15:58:00+00:00\" \/>\n<meta name=\"author\" content=\"Telinha\" \/>\n<meta name=\"twitter:card\" content=\"summary_large_image\" \/>\n<meta name=\"twitter:label1\" content=\"Escrito por\" \/>\n\t<meta name=\"twitter:data1\" content=\"Telinha\" \/>\n\t<meta name=\"twitter:label2\" content=\"Tempo estimado de leitura\" \/>\n\t<meta name=\"twitter:data2\" content=\"1 minuto\" \/>\n<script type=\"application\/ld+json\" class=\"yoast-schema-graph\">{\"@context\":\"https:\/\/schema.org\",\"@graph\":[{\"@type\":\"Article\",\"@id\":\"https:\/\/portaltela.pt\/noticias\/2026\/03\/13\/condutor-recusa-se-a-identificar-se-e-fere-psp-em-coimbra\/#article\",\"isPartOf\":{\"@id\":\"https:\/\/portaltela.pt\/noticias\/2026\/03\/13\/condutor-recusa-se-a-identificar-se-e-fere-psp-em-coimbra\/\"},\"author\":{\"name\":\"Telinha\",\"@id\":\"https:\/\/portaltela.pt\/#\/schema\/person\/c4278d4a6028830caff9ee44b42d32ed\"},\"headline\":\"Condutor recusa-se a identificar-se e fere PSP em Coimbra\",\"datePublished\":\"2026-03-13T15:58:00+00:00\",\"mainEntityOfPage\":{\"@id\":\"https:\/\/portaltela.pt\/noticias\/2026\/03\/13\/condutor-recusa-se-a-identificar-se-e-fere-psp-em-coimbra\/\"},\"wordCount\":170,\"image\":{\"@id\":\"https:\/\/portaltela.pt\/noticias\/2026\/03\/13\/condutor-recusa-se-a-identificar-se-e-fere-psp-em-coimbra\/#primaryimage\"},\"thumbnailUrl\":\"https:\/\/portaltela.pt\/s.01k8rhncp4jt1\/2026\/03\/img_1500x1000uu2024-02-13-08-52-46-1570015.jpg\",\"keywords\":[\"coa\u00e7\u00e3o\",\"Coimbra\",\"desobedi\u00eancia\",\"Pol\u00edcia de Seguran\u00e7a P\u00fablica\",\"resist\u00eancia e coa\u00e7\u00e3o\",\"seguran\u00e7a p\u00fablica\"],\"articleSection\":[\"Crime\",\"Pol\u00edcia\"],\"inLanguage\":\"pt-PT\"},{\"@type\":\"WebPage\",\"@id\":\"https:\/\/portaltela.pt\/noticias\/2026\/03\/13\/condutor-recusa-se-a-identificar-se-e-fere-psp-em-coimbra\/\",\"url\":\"https:\/\/portaltela.pt\/noticias\/2026\/03\/13\/condutor-recusa-se-a-identificar-se-e-fere-psp-em-coimbra\/\",\"name\":\"Condutor recusa-se a identificar-se e fere PSP em Coimbra - Portal Tela Portugal\",\"isPartOf\":{\"@id\":\"https:\/\/portaltela.pt\/#website\"},\"primaryImageOfPage\":{\"@id\":\"https:\/\/portaltela.pt\/noticias\/2026\/03\/13\/condutor-recusa-se-a-identificar-se-e-fere-psp-em-coimbra\/#primaryimage\"},\"image\":{\"@id\":\"https:\/\/portaltela.pt\/noticias\/2026\/03\/13\/condutor-recusa-se-a-identificar-se-e-fere-psp-em-coimbra\/#primaryimage\"},\"thumbnailUrl\":\"https:\/\/portaltela.pt\/s.01k8rhncp4jt1\/2026\/03\/img_1500x1000uu2024-02-13-08-52-46-1570015.jpg\",\"datePublished\":\"2026-03-13T15:58:00+00:00\",\"author\":{\"@id\":\"https:\/\/portaltela.pt\/#\/schema\/person\/c4278d4a6028830caff9ee44b42d32ed\"},\"breadcrumb\":{\"@id\":\"https:\/\/portaltela.pt\/noticias\/2026\/03\/13\/condutor-recusa-se-a-identificar-se-e-fere-psp-em-coimbra\/#breadcrumb\"},\"inLanguage\":\"pt-PT\",\"potentialAction\":[{\"@type\":\"ReadAction\",\"target\":[\"https:\/\/portaltela.pt\/noticias\/2026\/03\/13\/condutor-recusa-se-a-identificar-se-e-fere-psp-em-coimbra\/\"]}]},{\"@type\":\"ImageObject\",\"inLanguage\":\"pt-PT\",\"@id\":\"https:\/\/portaltela.pt\/noticias\/2026\/03\/13\/condutor-recusa-se-a-identificar-se-e-fere-psp-em-coimbra\/#primaryimage\",\"url\":\"https:\/\/portaltela.pt\/s.01k8rhncp4jt1\/2026\/03\/img_1500x1000uu2024-02-13-08-52-46-1570015.jpg\",\"contentUrl\":\"https:\/\/portaltela.pt\/s.01k8rhncp4jt1\/2026\/03\/img_1500x1000uu2024-02-13-08-52-46-1570015.jpg\",\"width\":796,\"height\":448,\"caption\":\"Condutor detido ap\u00f3s agress\u00e3o a agente da PSP de Coimbra\"},{\"@type\":\"BreadcrumbList\",\"@id\":\"https:\/\/portaltela.pt\/noticias\/2026\/03\/13\/condutor-recusa-se-a-identificar-se-e-fere-psp-em-coimbra\/#breadcrumb\",\"itemListElement\":[{\"@type\":\"ListItem\",\"position\":1,\"name\":\"In\u00edcio\",\"item\":\"https:\/\/portaltela.pt\/\"},{\"@type\":\"ListItem\",\"position\":2,\"name\":\"Condutor recusa-se a identificar-se e fere PSP em Coimbra\"}]},{\"@type\":\"WebSite\",\"@id\":\"https:\/\/portaltela.pt\/#website\",\"url\":\"https:\/\/portaltela.pt\/\",\"name\":\"Portal Tela Portugal\",\"description\":\"\",\"potentialAction\":[{\"@type\":\"SearchAction\",\"target\":{\"@type\":\"EntryPoint\",\"urlTemplate\":\"https:\/\/portaltela.pt\/?s={search_term_string}\"},\"query-input\":{\"@type\":\"PropertyValueSpecification\",\"valueRequired\":true,\"valueName\":\"search_term_string\"}}],\"inLanguage\":\"pt-PT\"},{\"@type\":\"Person\",\"@id\":\"https:\/\/portaltela.pt\/#\/schema\/person\/c4278d4a6028830caff9ee44b42d32ed\",\"name\":\"Telinha\",\"image\":{\"@type\":\"ImageObject\",\"inLanguage\":\"pt-PT\",\"@id\":\"https:\/\/portaltela.pt\/s.01k8rhncp4jt1\/2025\/11\/talking-bot-125x125.png\",\"url\":\"https:\/\/portaltela.pt\/s.01k8rhncp4jt1\/2025\/11\/talking-bot-125x125.png\",\"contentUrl\":\"https:\/\/portaltela.pt\/s.01k8rhncp4jt1\/2025\/11\/talking-bot-125x125.png\",\"caption\":\"Telinha\"},\"sameAs\":[\"https:\/\/portaltela.pt\/\"],\"url\":\"https:\/\/portaltela.pt\/por\/367410592786\/\"}]}<\/script>\n<!-- \/ Yoast SEO plugin. -->","yoast_head_json":{"title":"Condutor recusa-se a identificar-se e fere PSP em Coimbra - Portal Tela Portugal","robots":{"index":"index","follow":"follow","max-snippet":"max-snippet:-1","max-image-preview":"max-image-preview:large","max-video-preview":"max-video-preview:-1"},"og_locale":"pt_PT","og_type":"article","og_title":"Condutor recusa-se a identificar-se e fere PSP em Coimbra - Portal Tela Portugal","og_description":"Um homem de 43 anos foi detido pela PSP de Coimbra na zona de S\u00e3o Martinho do Bispo, ap\u00f3s recusar identificar-se durante uma a\u00e7\u00e3o de fiscaliza\u00e7\u00e3o. O condutor recusou fornecer a identifica\u00e7\u00e3o, apesar das advert\u00eancias sobre crime de desobedi\u00eancia, levando \u00e0 ordem de deten\u00e7\u00e3o. Em fuga, foi intercetado pela pol\u00edcia para efetuar a deten\u00e7\u00e3o. O suspeito reagiu com viol\u00eancia \u00e0 coloca\u00e7\u00e3o das algemas, ferindo uma das m\u00e3os de um agente. O homem est\u00e1 indiciado por desobedi\u00eancia, resist\u00eancia e coa\u00e7\u00e3o sobre funcion\u00e1rio.","og_url":"https:\/\/portaltela.pt\/noticias\/2026\/03\/13\/condutor-recusa-se-a-identificar-se-e-fere-psp-em-coimbra\/","og_site_name":"Portal Tela Portugal","article_published_time":"2026-03-13T15:58:00+00:00","author":"Telinha","twitter_card":"summary_large_image","twitter_misc":{"Escrito por":"Telinha","Tempo estimado de leitura":"1 minuto"},"schema":{"@context":"https:\/\/schema.org","@graph":[{"@type":"Article","@id":"https:\/\/portaltela.pt\/noticias\/2026\/03\/13\/condutor-recusa-se-a-identificar-se-e-fere-psp-em-coimbra\/#article","isPartOf":{"@id":"https:\/\/portaltela.pt\/noticias\/2026\/03\/13\/condutor-recusa-se-a-identificar-se-e-fere-psp-em-coimbra\/"},"author":{"name":"Telinha","@id":"https:\/\/portaltela.pt\/#\/schema\/person\/c4278d4a6028830caff9ee44b42d32ed"},"headline":"Condutor recusa-se a identificar-se e fere PSP em Coimbra","datePublished":"2026-03-13T15:58:00+00:00","mainEntityOfPage":{"@id":"https:\/\/portaltela.pt\/noticias\/2026\/03\/13\/condutor-recusa-se-a-identificar-se-e-fere-psp-em-coimbra\/"},"wordCount":170,"image":{"@id":"https:\/\/portaltela.pt\/noticias\/2026\/03\/13\/condutor-recusa-se-a-identificar-se-e-fere-psp-em-coimbra\/#primaryimage"},"thumbnailUrl":"https:\/\/portaltela.pt\/s.01k8rhncp4jt1\/2026\/03\/img_1500x1000uu2024-02-13-08-52-46-1570015.jpg","keywords":["coa\u00e7\u00e3o","Coimbra","desobedi\u00eancia","Pol\u00edcia de Seguran\u00e7a P\u00fablica","resist\u00eancia e coa\u00e7\u00e3o","seguran\u00e7a p\u00fablica"],"articleSection":["Crime","Pol\u00edcia"],"inLanguage":"pt-PT"},{"@type":"WebPage","@id":"https:\/\/portaltela.pt\/noticias\/2026\/03\/13\/condutor-recusa-se-a-identificar-se-e-fere-psp-em-coimbra\/","url":"https:\/\/portaltela.pt\/noticias\/2026\/03\/13\/condutor-recusa-se-a-identificar-se-e-fere-psp-em-coimbra\/","name":"Condutor recusa-se a identificar-se e fere PSP em Coimbra - Portal Tela Portugal","isPartOf":{"@id":"https:\/\/portaltela.pt\/#website"},"primaryImageOfPage":{"@id":"https:\/\/portaltela.pt\/noticias\/2026\/03\/13\/condutor-recusa-se-a-identificar-se-e-fere-psp-em-coimbra\/#primaryimage"},"image":{"@id":"https:\/\/portaltela.pt\/noticias\/2026\/03\/13\/condutor-recusa-se-a-identificar-se-e-fere-psp-em-coimbra\/#primaryimage"},"thumbnailUrl":"https:\/\/portaltela.pt\/s.01k8rhncp4jt1\/2026\/03\/img_1500x1000uu2024-02-13-08-52-46-1570015.jpg","datePublished":"2026-03-13T15:58:00+00:00","author":{"@id":"https:\/\/portaltela.pt\/#\/schema\/person\/c4278d4a6028830caff9ee44b42d32ed"},"breadcrumb":{"@id":"https:\/\/portaltela.pt\/noticias\/2026\/03\/13\/condutor-recusa-se-a-identificar-se-e-fere-psp-em-coimbra\/#breadcrumb"},"inLanguage":"pt-PT","potentialAction":[{"@type":"ReadAction","target":["https:\/\/portaltela.pt\/noticias\/2026\/03\/13\/condutor-recusa-se-a-identificar-se-e-fere-psp-em-coimbra\/"]}]},{"@type":"ImageObject","inLanguage":"pt-PT","@id":"https:\/\/portaltela.pt\/noticias\/2026\/03\/13\/condutor-recusa-se-a-identificar-se-e-fere-psp-em-coimbra\/#primaryimage","url":"https:\/\/portaltela.pt\/s.01k8rhncp4jt1\/2026\/03\/img_1500x1000uu2024-02-13-08-52-46-1570015.jpg","contentUrl":"https:\/\/portaltela.pt\/s.01k8rhncp4jt1\/2026\/03\/img_1500x1000uu2024-02-13-08-52-46-1570015.jpg","width":796,"height":448,"caption":"Condutor detido ap\u00f3s agress\u00e3o a agente da PSP de Coimbra"},{"@type":"BreadcrumbList","@id":"https:\/\/portaltela.pt\/noticias\/2026\/03\/13\/condutor-recusa-se-a-identificar-se-e-fere-psp-em-coimbra\/#breadcrumb","itemListElement":[{"@type":"ListItem","position":1,"name":"In\u00edcio","item":"https:\/\/portaltela.pt\/"},{"@type":"ListItem","position":2,"name":"Condutor recusa-se a identificar-se e fere PSP em Coimbra"}]},{"@type":"WebSite","@id":"https:\/\/portaltela.pt\/#website","url":"https:\/\/portaltela.pt\/","name":"Portal Tela Portugal","description":"","potentialAction":[{"@type":"SearchAction","target":{"@type":"EntryPoint","urlTemplate":"https:\/\/portaltela.pt\/?s={search_term_string}"},"query-input":{"@type":"PropertyValueSpecification","valueRequired":true,"valueName":"search_term_string"}}],"inLanguage":"pt-PT"},{"@type":"Person","@id":"https:\/\/portaltela.pt\/#\/schema\/person\/c4278d4a6028830caff9ee44b42d32ed","name":"Telinha","image":{"@type":"ImageObject","inLanguage":"pt-PT","@id":"https:\/\/portaltela.pt\/s.01k8rhncp4jt1\/2025\/11\/talking-bot-125x125.png","url":"https:\/\/portaltela.pt\/s.01k8rhncp4jt1\/2025\/11\/talking-bot-125x125.png","contentUrl":"https:\/\/portaltela.pt\/s.01k8rhncp4jt1\/2025\/11\/talking-bot-125x125.png","caption":"Telinha"},"sameAs":["https:\/\/portaltela.pt\/"],"url":"https:\/\/portaltela.pt\/por\/367410592786\/"}]}},"_links":{"self":[{"href":"https:\/\/portaltela.pt\/api\/wp\/v2\/posts\/409021","targetHints":{"allow":["GET"]}}],"collection":[{"href":"https:\/\/portaltela.pt\/api\/wp\/v2\/posts"}],"about":[{"href":"https:\/\/portaltela.pt\/api\/wp\/v2\/types\/post"}],"author":[{"embeddable":true,"href":"https:\/\/portaltela.pt\/api\/wp\/v2\/users\/2"}],"replies":[{"embeddable":true,"href":"https:\/\/portaltela.pt\/api\/wp\/v2\/comments?post=409021"}],"version-history":[{"count":0,"href":"https:\/\/portaltela.pt\/api\/wp\/v2\/posts\/409021\/revisions"}],"wp:featuredmedia":[{"embeddable":true,"href":"https:\/\/portaltela.pt\/api\/wp\/v2\/media\/409023"}],"wp:attachment":[{"href":"https:\/\/portaltela.pt\/api\/wp\/v2\/media?parent=409021"}],"wp:term":[{"taxonomy":"category","embeddable":true,"href":"https:\/\/portaltela.pt\/api\/wp\/v2\/categories?post=409021"},{"taxonomy":"post_tag","embeddable":true,"href":"https:\/\/portaltela.pt\/api\/wp\/v2\/tags?post=409021"}],"curies":[{"name":"wp","href":"https:\/\/api.w.org\/{rel}","templated":true}]}}