{"id":409001,"date":"2026-03-13T12:35:53","date_gmt":"2026-03-13T15:35:53","guid":{"rendered":"https:\/\/portaltela.pt\/noticias\/2026\/03\/13\/cmtv-estreia-novo-estudio-com-apresentadores-conhecidos-no-ola-bom-dia\/"},"modified":"2026-03-13T12:35:53","modified_gmt":"2026-03-13T15:35:53","slug":"cmtv-estreia-novo-estudio-com-apresentadores-conhecidos-no-ola-bom-dia","status":"publish","type":"post","link":"https:\/\/portaltela.pt\/noticias\/2026\/03\/13\/cmtv-estreia-novo-estudio-com-apresentadores-conhecidos-no-ola-bom-dia\/","title":{"rendered":"CMTV estreia novo est\u00fadio com apresentadores conhecidos no &#8216;Ol\u00e1 Bom Dia&#8217;"},"content":{"rendered":"<p>O programa matinal &#8220;Ol\u00e1 Bom Dia&#8221; da CMTV vai ganhar um est\u00fadio renovado e apresentar-se com apresentadores j\u00e1 conhecidos do p\u00fablico. O lan\u00e7amento do novo formato est\u00e1 previsto para o dia 17 de mar\u00e7o.<\/p>\n<p>A mudan\u00e7a coincide com o 13\u00ba anivers\u00e1rio do canal Correio da Manh\u00e3, que celebra a data com novidades no conte\u00fado de entretenimento matinal. A renova\u00e7\u00e3o inscreve-se numa estrat\u00e9gia de refor\u00e7o da marca.<\/p>\n<p>Segundo a descri\u00e7\u00e3o divulgada, a nova vers\u00e3o do programa pretende ser mais din\u00e2mica e descontra\u00edda, mantendo o foco em entreter e informar de forma acess\u00edvel aos telespectadores.<\/p>\n<p>A CMTV confirma que a mudan\u00e7a envolve a equipa de apresentadores, que permanece conhecida ao p\u00fablico, associando experi\u00eancia a um formato mais moderno. O objetivo \u00e9 ampliar o alcance do programa.<\/p>\n<p>A emissora adianta que a renova\u00e7\u00e3o visa atrair novos espectadores e fidelizar os j\u00e1 seguidos. O projeto mant\u00e9m o compromisso com a informa\u00e7\u00e3o, sem perder o tom leve t\u00edpico do espa\u00e7o.<\/p>\n<p>Para acompanhar o avan\u00e7o do novo formato, o p\u00fablico pode consultar o site oficial da CMTV e as redes sociais do canal, onde ser\u00e3o divulgadas novidades e atualiza\u00e7\u00f5es sobre o programa.<\/p>\n","protected":false},"excerpt":{"rendered":"<ul>\n<li>O programa &#8220;Ol\u00e1 Bom Dia&#8221; da CMTV ter\u00e1 um est\u00fadio renovado e apresentadores j\u00e1 conhecidos do p\u00fablico.<\/li>\n<li>O formato com novidades ser\u00e1 lan\u00e7ado no dia 17 de mar\u00e7o, coincidindo com o 13\u00ba anivers\u00e1rio do canal Correio da Manh\u00e3.<\/li>\n<li>A aposta \u00e9 oferecer uma programa\u00e7\u00e3o mais din\u00e2mica e divertida, mantendo o objetivo de entreter e informar de forma leve.<\/li>\n<li>A mudan\u00e7a visa ampliar o alcance da marca e atrair novos telespectadores, sem perder a fidelidade dos j\u00e1 existentes.<\/li>\n<li>O conte\u00fado mant\u00e9m a linha de entretenimento matinal do canal, com energia renovada e foco em novidades para o p\u00fablico.<\/li>\n<\/ul>\n","protected":false},"author":2,"featured_media":409008,"comment_status":"closed","ping_status":"closed","sticky":false,"template":"","format":"standard","meta":{"footnotes":""},"categories":[12,1],"tags":[5957,5326,6598,506,195,3181],"class_list":["post-409001","post","type-post","status-publish","format-standard","has-post-thumbnail","hentry","category-entretenimento","category-noticias","tag-apresentadores","tag-comunicacao-social","tag-entretenimento","tag-imprensa","tag-informacao","tag-publicacoes"],"yoast_head":"<!-- This site is optimized with the Yoast SEO plugin v27.2 - https:\/\/yoast.com\/product\/yoast-seo-wordpress\/ -->\n<title>CMTV estreia novo est\u00fadio com apresentadores conhecidos no &#039;Ol\u00e1 Bom Dia&#039; - Portal Tela Portugal<\/title>\n<meta name=\"robots\" content=\"index, follow, max-snippet:-1, max-image-preview:large, max-video-preview:-1\" \/>\n<meta property=\"og:locale\" content=\"pt_PT\" \/>\n<meta property=\"og:type\" content=\"article\" \/>\n<meta property=\"og:title\" content=\"CMTV estreia novo est\u00fadio com apresentadores conhecidos no &#039;Ol\u00e1 Bom Dia&#039; - Portal Tela Portugal\" \/>\n<meta property=\"og:description\" content=\"O programa &quot;Ol\u00e1 Bom Dia&quot; da CMTV ter\u00e1 um est\u00fadio renovado e apresentadores j\u00e1 conhecidos do p\u00fablico. O formato com novidades ser\u00e1 lan\u00e7ado no dia 17 de mar\u00e7o, coincidindo com o 13\u00ba anivers\u00e1rio do canal Correio da Manh\u00e3. A aposta \u00e9 oferecer uma programa\u00e7\u00e3o mais din\u00e2mica e divertida, mantendo o objetivo de entreter e informar de forma leve. A mudan\u00e7a visa ampliar o alcance da marca e atrair novos telespectadores, sem perder a fidelidade dos j\u00e1 existentes. O conte\u00fado mant\u00e9m a linha de entretenimento matinal do canal, com energia renovada e foco em novidades para o p\u00fablico.\" \/>\n<meta property=\"og:url\" content=\"https:\/\/portaltela.pt\/noticias\/2026\/03\/13\/cmtv-estreia-novo-estudio-com-apresentadores-conhecidos-no-ola-bom-dia\/\" \/>\n<meta property=\"og:site_name\" content=\"Portal Tela Portugal\" \/>\n<meta property=\"article:published_time\" content=\"2026-03-13T15:35:53+00:00\" \/>\n<meta name=\"author\" content=\"Telinha\" \/>\n<meta name=\"twitter:card\" content=\"summary_large_image\" \/>\n<meta name=\"twitter:label1\" content=\"Escrito por\" \/>\n\t<meta name=\"twitter:data1\" content=\"Telinha\" \/>\n\t<meta name=\"twitter:label2\" content=\"Tempo estimado de leitura\" \/>\n\t<meta name=\"twitter:data2\" content=\"1 minuto\" \/>\n<script type=\"application\/ld+json\" class=\"yoast-schema-graph\">{\"@context\":\"https:\/\/schema.org\",\"@graph\":[{\"@type\":\"Article\",\"@id\":\"https:\/\/portaltela.pt\/noticias\/2026\/03\/13\/cmtv-estreia-novo-estudio-com-apresentadores-conhecidos-no-ola-bom-dia\/#article\",\"isPartOf\":{\"@id\":\"https:\/\/portaltela.pt\/noticias\/2026\/03\/13\/cmtv-estreia-novo-estudio-com-apresentadores-conhecidos-no-ola-bom-dia\/\"},\"author\":{\"name\":\"Telinha\",\"@id\":\"https:\/\/portaltela.pt\/#\/schema\/person\/c4278d4a6028830caff9ee44b42d32ed\"},\"headline\":\"CMTV estreia novo est\u00fadio com apresentadores conhecidos no &#8216;Ol\u00e1 Bom Dia&#8217;\",\"datePublished\":\"2026-03-13T15:35:53+00:00\",\"mainEntityOfPage\":{\"@id\":\"https:\/\/portaltela.pt\/noticias\/2026\/03\/13\/cmtv-estreia-novo-estudio-com-apresentadores-conhecidos-no-ola-bom-dia\/\"},\"wordCount\":222,\"image\":{\"@id\":\"https:\/\/portaltela.pt\/noticias\/2026\/03\/13\/cmtv-estreia-novo-estudio-com-apresentadores-conhecidos-no-ola-bom-dia\/#primaryimage\"},\"thumbnailUrl\":\"https:\/\/portaltela.pt\/s.01k8rhncp4jt1\/2026\/03\/img_1280x722uu2026-03-13-12-45-01-2272124.jpg\",\"keywords\":[\"apresentadores\",\"comunica\u00e7\u00e3o social\",\"entretenimento\",\"imprensa\",\"informa\u00e7\u00e3o\",\"publica\u00e7\u00f5es\"],\"articleSection\":[\"Entretenimento\",\"Not\u00edcias\"],\"inLanguage\":\"pt-PT\"},{\"@type\":\"WebPage\",\"@id\":\"https:\/\/portaltela.pt\/noticias\/2026\/03\/13\/cmtv-estreia-novo-estudio-com-apresentadores-conhecidos-no-ola-bom-dia\/\",\"url\":\"https:\/\/portaltela.pt\/noticias\/2026\/03\/13\/cmtv-estreia-novo-estudio-com-apresentadores-conhecidos-no-ola-bom-dia\/\",\"name\":\"CMTV estreia novo est\u00fadio com apresentadores conhecidos no 'Ol\u00e1 Bom Dia' - Portal Tela Portugal\",\"isPartOf\":{\"@id\":\"https:\/\/portaltela.pt\/#website\"},\"primaryImageOfPage\":{\"@id\":\"https:\/\/portaltela.pt\/noticias\/2026\/03\/13\/cmtv-estreia-novo-estudio-com-apresentadores-conhecidos-no-ola-bom-dia\/#primaryimage\"},\"image\":{\"@id\":\"https:\/\/portaltela.pt\/noticias\/2026\/03\/13\/cmtv-estreia-novo-estudio-com-apresentadores-conhecidos-no-ola-bom-dia\/#primaryimage\"},\"thumbnailUrl\":\"https:\/\/portaltela.pt\/s.01k8rhncp4jt1\/2026\/03\/img_1280x722uu2026-03-13-12-45-01-2272124.jpg\",\"datePublished\":\"2026-03-13T15:35:53+00:00\",\"author\":{\"@id\":\"https:\/\/portaltela.pt\/#\/schema\/person\/c4278d4a6028830caff9ee44b42d32ed\"},\"breadcrumb\":{\"@id\":\"https:\/\/portaltela.pt\/noticias\/2026\/03\/13\/cmtv-estreia-novo-estudio-com-apresentadores-conhecidos-no-ola-bom-dia\/#breadcrumb\"},\"inLanguage\":\"pt-PT\",\"potentialAction\":[{\"@type\":\"ReadAction\",\"target\":[\"https:\/\/portaltela.pt\/noticias\/2026\/03\/13\/cmtv-estreia-novo-estudio-com-apresentadores-conhecidos-no-ola-bom-dia\/\"]}]},{\"@type\":\"ImageObject\",\"inLanguage\":\"pt-PT\",\"@id\":\"https:\/\/portaltela.pt\/noticias\/2026\/03\/13\/cmtv-estreia-novo-estudio-com-apresentadores-conhecidos-no-ola-bom-dia\/#primaryimage\",\"url\":\"https:\/\/portaltela.pt\/s.01k8rhncp4jt1\/2026\/03\/img_1280x722uu2026-03-13-12-45-01-2272124.jpg\",\"contentUrl\":\"https:\/\/portaltela.pt\/s.01k8rhncp4jt1\/2026\/03\/img_1280x722uu2026-03-13-12-45-01-2272124.jpg\",\"width\":796,\"height\":448,\"caption\":\"Est\u00fadio novo e apresentadores conhecidos: Programa da CMTV 'Ol\u00e1 Bom Dia' promete oferecer divers\u00e3o aos telespectadores\"},{\"@type\":\"BreadcrumbList\",\"@id\":\"https:\/\/portaltela.pt\/noticias\/2026\/03\/13\/cmtv-estreia-novo-estudio-com-apresentadores-conhecidos-no-ola-bom-dia\/#breadcrumb\",\"itemListElement\":[{\"@type\":\"ListItem\",\"position\":1,\"name\":\"In\u00edcio\",\"item\":\"https:\/\/portaltela.pt\/\"},{\"@type\":\"ListItem\",\"position\":2,\"name\":\"CMTV estreia novo est\u00fadio com apresentadores conhecidos no &#8216;Ol\u00e1 Bom Dia&#8217;\"}]},{\"@type\":\"WebSite\",\"@id\":\"https:\/\/portaltela.pt\/#website\",\"url\":\"https:\/\/portaltela.pt\/\",\"name\":\"Portal Tela Portugal\",\"description\":\"\",\"potentialAction\":[{\"@type\":\"SearchAction\",\"target\":{\"@type\":\"EntryPoint\",\"urlTemplate\":\"https:\/\/portaltela.pt\/?s={search_term_string}\"},\"query-input\":{\"@type\":\"PropertyValueSpecification\",\"valueRequired\":true,\"valueName\":\"search_term_string\"}}],\"inLanguage\":\"pt-PT\"},{\"@type\":\"Person\",\"@id\":\"https:\/\/portaltela.pt\/#\/schema\/person\/c4278d4a6028830caff9ee44b42d32ed\",\"name\":\"Telinha\",\"image\":{\"@type\":\"ImageObject\",\"inLanguage\":\"pt-PT\",\"@id\":\"https:\/\/portaltela.pt\/s.01k8rhncp4jt1\/2025\/11\/talking-bot-125x125.png\",\"url\":\"https:\/\/portaltela.pt\/s.01k8rhncp4jt1\/2025\/11\/talking-bot-125x125.png\",\"contentUrl\":\"https:\/\/portaltela.pt\/s.01k8rhncp4jt1\/2025\/11\/talking-bot-125x125.png\",\"caption\":\"Telinha\"},\"sameAs\":[\"https:\/\/portaltela.pt\/\"],\"url\":\"https:\/\/portaltela.pt\/por\/367410592786\/\"}]}<\/script>\n<!-- \/ Yoast SEO plugin. -->","yoast_head_json":{"title":"CMTV estreia novo est\u00fadio com apresentadores conhecidos no 'Ol\u00e1 Bom Dia' - Portal Tela Portugal","robots":{"index":"index","follow":"follow","max-snippet":"max-snippet:-1","max-image-preview":"max-image-preview:large","max-video-preview":"max-video-preview:-1"},"og_locale":"pt_PT","og_type":"article","og_title":"CMTV estreia novo est\u00fadio com apresentadores conhecidos no 'Ol\u00e1 Bom Dia' - Portal Tela Portugal","og_description":"O programa \"Ol\u00e1 Bom Dia\" da CMTV ter\u00e1 um est\u00fadio renovado e apresentadores j\u00e1 conhecidos do p\u00fablico. O formato com novidades ser\u00e1 lan\u00e7ado no dia 17 de mar\u00e7o, coincidindo com o 13\u00ba anivers\u00e1rio do canal Correio da Manh\u00e3. A aposta \u00e9 oferecer uma programa\u00e7\u00e3o mais din\u00e2mica e divertida, mantendo o objetivo de entreter e informar de forma leve. A mudan\u00e7a visa ampliar o alcance da marca e atrair novos telespectadores, sem perder a fidelidade dos j\u00e1 existentes. O conte\u00fado mant\u00e9m a linha de entretenimento matinal do canal, com energia renovada e foco em novidades para o p\u00fablico.","og_url":"https:\/\/portaltela.pt\/noticias\/2026\/03\/13\/cmtv-estreia-novo-estudio-com-apresentadores-conhecidos-no-ola-bom-dia\/","og_site_name":"Portal Tela Portugal","article_published_time":"2026-03-13T15:35:53+00:00","author":"Telinha","twitter_card":"summary_large_image","twitter_misc":{"Escrito por":"Telinha","Tempo estimado de leitura":"1 minuto"},"schema":{"@context":"https:\/\/schema.org","@graph":[{"@type":"Article","@id":"https:\/\/portaltela.pt\/noticias\/2026\/03\/13\/cmtv-estreia-novo-estudio-com-apresentadores-conhecidos-no-ola-bom-dia\/#article","isPartOf":{"@id":"https:\/\/portaltela.pt\/noticias\/2026\/03\/13\/cmtv-estreia-novo-estudio-com-apresentadores-conhecidos-no-ola-bom-dia\/"},"author":{"name":"Telinha","@id":"https:\/\/portaltela.pt\/#\/schema\/person\/c4278d4a6028830caff9ee44b42d32ed"},"headline":"CMTV estreia novo est\u00fadio com apresentadores conhecidos no &#8216;Ol\u00e1 Bom Dia&#8217;","datePublished":"2026-03-13T15:35:53+00:00","mainEntityOfPage":{"@id":"https:\/\/portaltela.pt\/noticias\/2026\/03\/13\/cmtv-estreia-novo-estudio-com-apresentadores-conhecidos-no-ola-bom-dia\/"},"wordCount":222,"image":{"@id":"https:\/\/portaltela.pt\/noticias\/2026\/03\/13\/cmtv-estreia-novo-estudio-com-apresentadores-conhecidos-no-ola-bom-dia\/#primaryimage"},"thumbnailUrl":"https:\/\/portaltela.pt\/s.01k8rhncp4jt1\/2026\/03\/img_1280x722uu2026-03-13-12-45-01-2272124.jpg","keywords":["apresentadores","comunica\u00e7\u00e3o social","entretenimento","imprensa","informa\u00e7\u00e3o","publica\u00e7\u00f5es"],"articleSection":["Entretenimento","Not\u00edcias"],"inLanguage":"pt-PT"},{"@type":"WebPage","@id":"https:\/\/portaltela.pt\/noticias\/2026\/03\/13\/cmtv-estreia-novo-estudio-com-apresentadores-conhecidos-no-ola-bom-dia\/","url":"https:\/\/portaltela.pt\/noticias\/2026\/03\/13\/cmtv-estreia-novo-estudio-com-apresentadores-conhecidos-no-ola-bom-dia\/","name":"CMTV estreia novo est\u00fadio com apresentadores conhecidos no 'Ol\u00e1 Bom Dia' - Portal Tela Portugal","isPartOf":{"@id":"https:\/\/portaltela.pt\/#website"},"primaryImageOfPage":{"@id":"https:\/\/portaltela.pt\/noticias\/2026\/03\/13\/cmtv-estreia-novo-estudio-com-apresentadores-conhecidos-no-ola-bom-dia\/#primaryimage"},"image":{"@id":"https:\/\/portaltela.pt\/noticias\/2026\/03\/13\/cmtv-estreia-novo-estudio-com-apresentadores-conhecidos-no-ola-bom-dia\/#primaryimage"},"thumbnailUrl":"https:\/\/portaltela.pt\/s.01k8rhncp4jt1\/2026\/03\/img_1280x722uu2026-03-13-12-45-01-2272124.jpg","datePublished":"2026-03-13T15:35:53+00:00","author":{"@id":"https:\/\/portaltela.pt\/#\/schema\/person\/c4278d4a6028830caff9ee44b42d32ed"},"breadcrumb":{"@id":"https:\/\/portaltela.pt\/noticias\/2026\/03\/13\/cmtv-estreia-novo-estudio-com-apresentadores-conhecidos-no-ola-bom-dia\/#breadcrumb"},"inLanguage":"pt-PT","potentialAction":[{"@type":"ReadAction","target":["https:\/\/portaltela.pt\/noticias\/2026\/03\/13\/cmtv-estreia-novo-estudio-com-apresentadores-conhecidos-no-ola-bom-dia\/"]}]},{"@type":"ImageObject","inLanguage":"pt-PT","@id":"https:\/\/portaltela.pt\/noticias\/2026\/03\/13\/cmtv-estreia-novo-estudio-com-apresentadores-conhecidos-no-ola-bom-dia\/#primaryimage","url":"https:\/\/portaltela.pt\/s.01k8rhncp4jt1\/2026\/03\/img_1280x722uu2026-03-13-12-45-01-2272124.jpg","contentUrl":"https:\/\/portaltela.pt\/s.01k8rhncp4jt1\/2026\/03\/img_1280x722uu2026-03-13-12-45-01-2272124.jpg","width":796,"height":448,"caption":"Est\u00fadio novo e apresentadores conhecidos: Programa da CMTV 'Ol\u00e1 Bom Dia' promete oferecer divers\u00e3o aos telespectadores"},{"@type":"BreadcrumbList","@id":"https:\/\/portaltela.pt\/noticias\/2026\/03\/13\/cmtv-estreia-novo-estudio-com-apresentadores-conhecidos-no-ola-bom-dia\/#breadcrumb","itemListElement":[{"@type":"ListItem","position":1,"name":"In\u00edcio","item":"https:\/\/portaltela.pt\/"},{"@type":"ListItem","position":2,"name":"CMTV estreia novo est\u00fadio com apresentadores conhecidos no &#8216;Ol\u00e1 Bom Dia&#8217;"}]},{"@type":"WebSite","@id":"https:\/\/portaltela.pt\/#website","url":"https:\/\/portaltela.pt\/","name":"Portal Tela Portugal","description":"","potentialAction":[{"@type":"SearchAction","target":{"@type":"EntryPoint","urlTemplate":"https:\/\/portaltela.pt\/?s={search_term_string}"},"query-input":{"@type":"PropertyValueSpecification","valueRequired":true,"valueName":"search_term_string"}}],"inLanguage":"pt-PT"},{"@type":"Person","@id":"https:\/\/portaltela.pt\/#\/schema\/person\/c4278d4a6028830caff9ee44b42d32ed","name":"Telinha","image":{"@type":"ImageObject","inLanguage":"pt-PT","@id":"https:\/\/portaltela.pt\/s.01k8rhncp4jt1\/2025\/11\/talking-bot-125x125.png","url":"https:\/\/portaltela.pt\/s.01k8rhncp4jt1\/2025\/11\/talking-bot-125x125.png","contentUrl":"https:\/\/portaltela.pt\/s.01k8rhncp4jt1\/2025\/11\/talking-bot-125x125.png","caption":"Telinha"},"sameAs":["https:\/\/portaltela.pt\/"],"url":"https:\/\/portaltela.pt\/por\/367410592786\/"}]}},"_links":{"self":[{"href":"https:\/\/portaltela.pt\/api\/wp\/v2\/posts\/409001","targetHints":{"allow":["GET"]}}],"collection":[{"href":"https:\/\/portaltela.pt\/api\/wp\/v2\/posts"}],"about":[{"href":"https:\/\/portaltela.pt\/api\/wp\/v2\/types\/post"}],"author":[{"embeddable":true,"href":"https:\/\/portaltela.pt\/api\/wp\/v2\/users\/2"}],"replies":[{"embeddable":true,"href":"https:\/\/portaltela.pt\/api\/wp\/v2\/comments?post=409001"}],"version-history":[{"count":0,"href":"https:\/\/portaltela.pt\/api\/wp\/v2\/posts\/409001\/revisions"}],"wp:featuredmedia":[{"embeddable":true,"href":"https:\/\/portaltela.pt\/api\/wp\/v2\/media\/409008"}],"wp:attachment":[{"href":"https:\/\/portaltela.pt\/api\/wp\/v2\/media?parent=409001"}],"wp:term":[{"taxonomy":"category","embeddable":true,"href":"https:\/\/portaltela.pt\/api\/wp\/v2\/categories?post=409001"},{"taxonomy":"post_tag","embeddable":true,"href":"https:\/\/portaltela.pt\/api\/wp\/v2\/tags?post=409001"}],"curies":[{"name":"wp","href":"https:\/\/api.w.org\/{rel}","templated":true}]}}