{"id":408975,"date":"2026-03-13T12:25:00","date_gmt":"2026-03-13T15:25:00","guid":{"rendered":"https:\/\/portaltela.pt\/noticias\/2026\/03\/13\/cinco-condenados-a-prisao-por-trafico-de-pessoas-em-beja\/"},"modified":"2026-03-13T12:25:00","modified_gmt":"2026-03-13T15:25:00","slug":"cinco-condenados-a-prisao-por-trafico-de-pessoas-em-beja","status":"publish","type":"post","link":"https:\/\/portaltela.pt\/noticias\/2026\/03\/13\/cinco-condenados-a-prisao-por-trafico-de-pessoas-em-beja\/","title":{"rendered":"Cinco condenados a pris\u00e3o por tr\u00e1fico de pessoas em Beja"},"content":{"rendered":"<p>O Tribunal de Beja condenou cinco de 22 arguidos a penas entre dois anos e seis meses e cinco anos e seis meses de pris\u00e3o. Os crimes fixados foram tr\u00e1fico de pessoas, aux\u00edlio \u00e0 imigra\u00e7\u00e3o ilegal e branqueamento de capitais. A acusa\u00e7\u00e3o de associa\u00e7\u00e3o criminosa acabou por n\u00e3o prosperar.<\/p>\n<p>Do total de condenados, dois ficaram com penas suspensas na sua \u00edntegra ou parcialmente, conforme o tipo de crime e o historial. As decis\u00f5es foram entregues ap\u00f3s julgamento que decorreu no territ\u00f3rio do distrito.<\/p>\n<p>Segundo a acusa\u00e7\u00e3o, o grupo estaria envolvido em redes de tr\u00e1fico humano com liga\u00e7\u00f5es \u00e0 imigra\u00e7\u00e3o irregular, bem como em opera\u00e7\u00f5es de branqueamento de valores. O tribunal n\u00e3o considerou provado o crime de associa\u00e7\u00e3o criminosa.<\/p>\n<p>A senten\u00e7a coloca foco na gravidade dos crimes econ\u00f3micos e de tr\u00e1fico, sem atribuir responsabilidade a demais arguidos do processo. Os justificativos completos da decis\u00e3o dever\u00e3o ser tornados p\u00fablicos pelas autoridades judici\u00e1rias.<\/p>\n","protected":false},"excerpt":{"rendered":"<ul>\n<li>Cinco de 22 arguidos foram condenados pelo Tribunal de Beja a pris\u00e3o por tr\u00e1fico de pessoas, aux\u00edlio \u00e0 imigra\u00e7\u00e3o ilegal e branqueamento de capitais; a acusa\u00e7\u00e3o de associa\u00e7\u00e3o criminosa foi rejeitada.<\/li>\n<li>As penas atribu\u00eddas v\u00e3o de dois anos a seis anos e seis meses de imprisonment (pris\u00e3o).<\/li>\n<li>Dois dos cinco arguidos condenados ficaram com as penas suspensas.<\/li>\n<li>O caso envolve tr\u00e1fico de pessoas na regi\u00e3o de Beja, com a decis\u00e3o j\u00e1 fundamentada pelo tribunal.<\/li>\n<li>A not\u00edcia n\u00e3o mencionou novos recursos ou desdobramentos imediatos.<\/li>\n<\/ul>\n","protected":false},"author":2,"featured_media":408988,"comment_status":"closed","ping_status":"closed","sticky":false,"template":"","format":"standard","meta":{"footnotes":""},"categories":[6815,1],"tags":[943,4780,712,769,473,6208],"class_list":["post-408975","post","type-post","status-publish","format-standard","has-post-thumbnail","hentry","category-justica","category-noticias","tag-beja","tag-crime-economico","tag-imigracao","tag-lavagem-de-capitais","tag-trafico-de-pessoas","tag-tribunais"],"yoast_head":"<!-- This site is optimized with the Yoast SEO plugin v27.2 - https:\/\/yoast.com\/product\/yoast-seo-wordpress\/ -->\n<title>Cinco condenados a pris\u00e3o por tr\u00e1fico de pessoas em Beja - Portal Tela Portugal<\/title>\n<meta name=\"robots\" content=\"index, follow, max-snippet:-1, max-image-preview:large, max-video-preview:-1\" \/>\n<meta property=\"og:locale\" content=\"pt_PT\" \/>\n<meta property=\"og:type\" content=\"article\" \/>\n<meta property=\"og:title\" content=\"Cinco condenados a pris\u00e3o por tr\u00e1fico de pessoas em Beja - Portal Tela Portugal\" \/>\n<meta property=\"og:description\" content=\"Cinco de 22 arguidos foram condenados pelo Tribunal de Beja a pris\u00e3o por tr\u00e1fico de pessoas, aux\u00edlio \u00e0 imigra\u00e7\u00e3o ilegal e branqueamento de capitais; a acusa\u00e7\u00e3o de associa\u00e7\u00e3o criminosa foi rejeitada. As penas atribu\u00eddas v\u00e3o de dois anos a seis anos e seis meses de imprisonment (pris\u00e3o). Dois dos cinco arguidos condenados ficaram com as penas suspensas. O caso envolve tr\u00e1fico de pessoas na regi\u00e3o de Beja, com a decis\u00e3o j\u00e1 fundamentada pelo tribunal. A not\u00edcia n\u00e3o mencionou novos recursos ou desdobramentos imediatos.\" \/>\n<meta property=\"og:url\" content=\"https:\/\/portaltela.pt\/noticias\/2026\/03\/13\/cinco-condenados-a-prisao-por-trafico-de-pessoas-em-beja\/\" \/>\n<meta property=\"og:site_name\" content=\"Portal Tela Portugal\" \/>\n<meta property=\"article:published_time\" content=\"2026-03-13T15:25:00+00:00\" \/>\n<meta name=\"author\" content=\"Telinha\" \/>\n<meta name=\"twitter:card\" content=\"summary_large_image\" \/>\n<meta name=\"twitter:label1\" content=\"Escrito por\" \/>\n\t<meta name=\"twitter:data1\" content=\"Telinha\" \/>\n\t<meta name=\"twitter:label2\" content=\"Tempo estimado de leitura\" \/>\n\t<meta name=\"twitter:data2\" content=\"1 minuto\" \/>\n<script type=\"application\/ld+json\" class=\"yoast-schema-graph\">{\"@context\":\"https:\/\/schema.org\",\"@graph\":[{\"@type\":\"Article\",\"@id\":\"https:\/\/portaltela.pt\/noticias\/2026\/03\/13\/cinco-condenados-a-prisao-por-trafico-de-pessoas-em-beja\/#article\",\"isPartOf\":{\"@id\":\"https:\/\/portaltela.pt\/noticias\/2026\/03\/13\/cinco-condenados-a-prisao-por-trafico-de-pessoas-em-beja\/\"},\"author\":{\"name\":\"Telinha\",\"@id\":\"https:\/\/portaltela.pt\/#\/schema\/person\/c4278d4a6028830caff9ee44b42d32ed\"},\"headline\":\"Cinco condenados a pris\u00e3o por tr\u00e1fico de pessoas em Beja\",\"datePublished\":\"2026-03-13T15:25:00+00:00\",\"mainEntityOfPage\":{\"@id\":\"https:\/\/portaltela.pt\/noticias\/2026\/03\/13\/cinco-condenados-a-prisao-por-trafico-de-pessoas-em-beja\/\"},\"wordCount\":183,\"image\":{\"@id\":\"https:\/\/portaltela.pt\/noticias\/2026\/03\/13\/cinco-condenados-a-prisao-por-trafico-de-pessoas-em-beja\/#primaryimage\"},\"thumbnailUrl\":\"https:\/\/portaltela.pt\/s.01k8rhncp4jt1\/2026\/03\/image-878.jpg\",\"keywords\":[\"Beja\",\"crime econ\u00f3mico\",\"imigra\u00e7\u00e3o\",\"lavagem de capitais\",\"tr\u00e1fico de pessoas\",\"Tribunais\"],\"articleSection\":[\"Justi\u00e7a\",\"Not\u00edcias\"],\"inLanguage\":\"pt-PT\"},{\"@type\":\"WebPage\",\"@id\":\"https:\/\/portaltela.pt\/noticias\/2026\/03\/13\/cinco-condenados-a-prisao-por-trafico-de-pessoas-em-beja\/\",\"url\":\"https:\/\/portaltela.pt\/noticias\/2026\/03\/13\/cinco-condenados-a-prisao-por-trafico-de-pessoas-em-beja\/\",\"name\":\"Cinco condenados a pris\u00e3o por tr\u00e1fico de pessoas em Beja - Portal Tela Portugal\",\"isPartOf\":{\"@id\":\"https:\/\/portaltela.pt\/#website\"},\"primaryImageOfPage\":{\"@id\":\"https:\/\/portaltela.pt\/noticias\/2026\/03\/13\/cinco-condenados-a-prisao-por-trafico-de-pessoas-em-beja\/#primaryimage\"},\"image\":{\"@id\":\"https:\/\/portaltela.pt\/noticias\/2026\/03\/13\/cinco-condenados-a-prisao-por-trafico-de-pessoas-em-beja\/#primaryimage\"},\"thumbnailUrl\":\"https:\/\/portaltela.pt\/s.01k8rhncp4jt1\/2026\/03\/image-878.jpg\",\"datePublished\":\"2026-03-13T15:25:00+00:00\",\"author\":{\"@id\":\"https:\/\/portaltela.pt\/#\/schema\/person\/c4278d4a6028830caff9ee44b42d32ed\"},\"breadcrumb\":{\"@id\":\"https:\/\/portaltela.pt\/noticias\/2026\/03\/13\/cinco-condenados-a-prisao-por-trafico-de-pessoas-em-beja\/#breadcrumb\"},\"inLanguage\":\"pt-PT\",\"potentialAction\":[{\"@type\":\"ReadAction\",\"target\":[\"https:\/\/portaltela.pt\/noticias\/2026\/03\/13\/cinco-condenados-a-prisao-por-trafico-de-pessoas-em-beja\/\"]}]},{\"@type\":\"ImageObject\",\"inLanguage\":\"pt-PT\",\"@id\":\"https:\/\/portaltela.pt\/noticias\/2026\/03\/13\/cinco-condenados-a-prisao-por-trafico-de-pessoas-em-beja\/#primaryimage\",\"url\":\"https:\/\/portaltela.pt\/s.01k8rhncp4jt1\/2026\/03\/image-878.jpg\",\"contentUrl\":\"https:\/\/portaltela.pt\/s.01k8rhncp4jt1\/2026\/03\/image-878.jpg\",\"width\":796,\"height\":448,\"caption\":\"Tribunal de Beja\"},{\"@type\":\"BreadcrumbList\",\"@id\":\"https:\/\/portaltela.pt\/noticias\/2026\/03\/13\/cinco-condenados-a-prisao-por-trafico-de-pessoas-em-beja\/#breadcrumb\",\"itemListElement\":[{\"@type\":\"ListItem\",\"position\":1,\"name\":\"In\u00edcio\",\"item\":\"https:\/\/portaltela.pt\/\"},{\"@type\":\"ListItem\",\"position\":2,\"name\":\"Cinco condenados a pris\u00e3o por tr\u00e1fico de pessoas em Beja\"}]},{\"@type\":\"WebSite\",\"@id\":\"https:\/\/portaltela.pt\/#website\",\"url\":\"https:\/\/portaltela.pt\/\",\"name\":\"Portal Tela Portugal\",\"description\":\"\",\"potentialAction\":[{\"@type\":\"SearchAction\",\"target\":{\"@type\":\"EntryPoint\",\"urlTemplate\":\"https:\/\/portaltela.pt\/?s={search_term_string}\"},\"query-input\":{\"@type\":\"PropertyValueSpecification\",\"valueRequired\":true,\"valueName\":\"search_term_string\"}}],\"inLanguage\":\"pt-PT\"},{\"@type\":\"Person\",\"@id\":\"https:\/\/portaltela.pt\/#\/schema\/person\/c4278d4a6028830caff9ee44b42d32ed\",\"name\":\"Telinha\",\"image\":{\"@type\":\"ImageObject\",\"inLanguage\":\"pt-PT\",\"@id\":\"https:\/\/portaltela.pt\/s.01k8rhncp4jt1\/2025\/11\/talking-bot-125x125.png\",\"url\":\"https:\/\/portaltela.pt\/s.01k8rhncp4jt1\/2025\/11\/talking-bot-125x125.png\",\"contentUrl\":\"https:\/\/portaltela.pt\/s.01k8rhncp4jt1\/2025\/11\/talking-bot-125x125.png\",\"caption\":\"Telinha\"},\"sameAs\":[\"https:\/\/portaltela.pt\/\"],\"url\":\"https:\/\/portaltela.pt\/por\/367410592786\/\"}]}<\/script>\n<!-- \/ Yoast SEO plugin. -->","yoast_head_json":{"title":"Cinco condenados a pris\u00e3o por tr\u00e1fico de pessoas em Beja - Portal Tela Portugal","robots":{"index":"index","follow":"follow","max-snippet":"max-snippet:-1","max-image-preview":"max-image-preview:large","max-video-preview":"max-video-preview:-1"},"og_locale":"pt_PT","og_type":"article","og_title":"Cinco condenados a pris\u00e3o por tr\u00e1fico de pessoas em Beja - Portal Tela Portugal","og_description":"Cinco de 22 arguidos foram condenados pelo Tribunal de Beja a pris\u00e3o por tr\u00e1fico de pessoas, aux\u00edlio \u00e0 imigra\u00e7\u00e3o ilegal e branqueamento de capitais; a acusa\u00e7\u00e3o de associa\u00e7\u00e3o criminosa foi rejeitada. As penas atribu\u00eddas v\u00e3o de dois anos a seis anos e seis meses de imprisonment (pris\u00e3o). Dois dos cinco arguidos condenados ficaram com as penas suspensas. O caso envolve tr\u00e1fico de pessoas na regi\u00e3o de Beja, com a decis\u00e3o j\u00e1 fundamentada pelo tribunal. A not\u00edcia n\u00e3o mencionou novos recursos ou desdobramentos imediatos.","og_url":"https:\/\/portaltela.pt\/noticias\/2026\/03\/13\/cinco-condenados-a-prisao-por-trafico-de-pessoas-em-beja\/","og_site_name":"Portal Tela Portugal","article_published_time":"2026-03-13T15:25:00+00:00","author":"Telinha","twitter_card":"summary_large_image","twitter_misc":{"Escrito por":"Telinha","Tempo estimado de leitura":"1 minuto"},"schema":{"@context":"https:\/\/schema.org","@graph":[{"@type":"Article","@id":"https:\/\/portaltela.pt\/noticias\/2026\/03\/13\/cinco-condenados-a-prisao-por-trafico-de-pessoas-em-beja\/#article","isPartOf":{"@id":"https:\/\/portaltela.pt\/noticias\/2026\/03\/13\/cinco-condenados-a-prisao-por-trafico-de-pessoas-em-beja\/"},"author":{"name":"Telinha","@id":"https:\/\/portaltela.pt\/#\/schema\/person\/c4278d4a6028830caff9ee44b42d32ed"},"headline":"Cinco condenados a pris\u00e3o por tr\u00e1fico de pessoas em Beja","datePublished":"2026-03-13T15:25:00+00:00","mainEntityOfPage":{"@id":"https:\/\/portaltela.pt\/noticias\/2026\/03\/13\/cinco-condenados-a-prisao-por-trafico-de-pessoas-em-beja\/"},"wordCount":183,"image":{"@id":"https:\/\/portaltela.pt\/noticias\/2026\/03\/13\/cinco-condenados-a-prisao-por-trafico-de-pessoas-em-beja\/#primaryimage"},"thumbnailUrl":"https:\/\/portaltela.pt\/s.01k8rhncp4jt1\/2026\/03\/image-878.jpg","keywords":["Beja","crime econ\u00f3mico","imigra\u00e7\u00e3o","lavagem de capitais","tr\u00e1fico de pessoas","Tribunais"],"articleSection":["Justi\u00e7a","Not\u00edcias"],"inLanguage":"pt-PT"},{"@type":"WebPage","@id":"https:\/\/portaltela.pt\/noticias\/2026\/03\/13\/cinco-condenados-a-prisao-por-trafico-de-pessoas-em-beja\/","url":"https:\/\/portaltela.pt\/noticias\/2026\/03\/13\/cinco-condenados-a-prisao-por-trafico-de-pessoas-em-beja\/","name":"Cinco condenados a pris\u00e3o por tr\u00e1fico de pessoas em Beja - Portal Tela Portugal","isPartOf":{"@id":"https:\/\/portaltela.pt\/#website"},"primaryImageOfPage":{"@id":"https:\/\/portaltela.pt\/noticias\/2026\/03\/13\/cinco-condenados-a-prisao-por-trafico-de-pessoas-em-beja\/#primaryimage"},"image":{"@id":"https:\/\/portaltela.pt\/noticias\/2026\/03\/13\/cinco-condenados-a-prisao-por-trafico-de-pessoas-em-beja\/#primaryimage"},"thumbnailUrl":"https:\/\/portaltela.pt\/s.01k8rhncp4jt1\/2026\/03\/image-878.jpg","datePublished":"2026-03-13T15:25:00+00:00","author":{"@id":"https:\/\/portaltela.pt\/#\/schema\/person\/c4278d4a6028830caff9ee44b42d32ed"},"breadcrumb":{"@id":"https:\/\/portaltela.pt\/noticias\/2026\/03\/13\/cinco-condenados-a-prisao-por-trafico-de-pessoas-em-beja\/#breadcrumb"},"inLanguage":"pt-PT","potentialAction":[{"@type":"ReadAction","target":["https:\/\/portaltela.pt\/noticias\/2026\/03\/13\/cinco-condenados-a-prisao-por-trafico-de-pessoas-em-beja\/"]}]},{"@type":"ImageObject","inLanguage":"pt-PT","@id":"https:\/\/portaltela.pt\/noticias\/2026\/03\/13\/cinco-condenados-a-prisao-por-trafico-de-pessoas-em-beja\/#primaryimage","url":"https:\/\/portaltela.pt\/s.01k8rhncp4jt1\/2026\/03\/image-878.jpg","contentUrl":"https:\/\/portaltela.pt\/s.01k8rhncp4jt1\/2026\/03\/image-878.jpg","width":796,"height":448,"caption":"Tribunal de Beja"},{"@type":"BreadcrumbList","@id":"https:\/\/portaltela.pt\/noticias\/2026\/03\/13\/cinco-condenados-a-prisao-por-trafico-de-pessoas-em-beja\/#breadcrumb","itemListElement":[{"@type":"ListItem","position":1,"name":"In\u00edcio","item":"https:\/\/portaltela.pt\/"},{"@type":"ListItem","position":2,"name":"Cinco condenados a pris\u00e3o por tr\u00e1fico de pessoas em Beja"}]},{"@type":"WebSite","@id":"https:\/\/portaltela.pt\/#website","url":"https:\/\/portaltela.pt\/","name":"Portal Tela Portugal","description":"","potentialAction":[{"@type":"SearchAction","target":{"@type":"EntryPoint","urlTemplate":"https:\/\/portaltela.pt\/?s={search_term_string}"},"query-input":{"@type":"PropertyValueSpecification","valueRequired":true,"valueName":"search_term_string"}}],"inLanguage":"pt-PT"},{"@type":"Person","@id":"https:\/\/portaltela.pt\/#\/schema\/person\/c4278d4a6028830caff9ee44b42d32ed","name":"Telinha","image":{"@type":"ImageObject","inLanguage":"pt-PT","@id":"https:\/\/portaltela.pt\/s.01k8rhncp4jt1\/2025\/11\/talking-bot-125x125.png","url":"https:\/\/portaltela.pt\/s.01k8rhncp4jt1\/2025\/11\/talking-bot-125x125.png","contentUrl":"https:\/\/portaltela.pt\/s.01k8rhncp4jt1\/2025\/11\/talking-bot-125x125.png","caption":"Telinha"},"sameAs":["https:\/\/portaltela.pt\/"],"url":"https:\/\/portaltela.pt\/por\/367410592786\/"}]}},"_links":{"self":[{"href":"https:\/\/portaltela.pt\/api\/wp\/v2\/posts\/408975","targetHints":{"allow":["GET"]}}],"collection":[{"href":"https:\/\/portaltela.pt\/api\/wp\/v2\/posts"}],"about":[{"href":"https:\/\/portaltela.pt\/api\/wp\/v2\/types\/post"}],"author":[{"embeddable":true,"href":"https:\/\/portaltela.pt\/api\/wp\/v2\/users\/2"}],"replies":[{"embeddable":true,"href":"https:\/\/portaltela.pt\/api\/wp\/v2\/comments?post=408975"}],"version-history":[{"count":0,"href":"https:\/\/portaltela.pt\/api\/wp\/v2\/posts\/408975\/revisions"}],"wp:featuredmedia":[{"embeddable":true,"href":"https:\/\/portaltela.pt\/api\/wp\/v2\/media\/408988"}],"wp:attachment":[{"href":"https:\/\/portaltela.pt\/api\/wp\/v2\/media?parent=408975"}],"wp:term":[{"taxonomy":"category","embeddable":true,"href":"https:\/\/portaltela.pt\/api\/wp\/v2\/categories?post=408975"},{"taxonomy":"post_tag","embeddable":true,"href":"https:\/\/portaltela.pt\/api\/wp\/v2\/tags?post=408975"}],"curies":[{"name":"wp","href":"https:\/\/api.w.org\/{rel}","templated":true}]}}