{"id":408954,"date":"2026-03-13T12:11:38","date_gmt":"2026-03-13T15:11:38","guid":{"rendered":"https:\/\/portaltela.pt\/noticias\/2026\/03\/13\/benfica-reclama-de-situacoes-invulgares-e-abusivas-apos-decisao-da-erc\/"},"modified":"2026-03-13T12:11:38","modified_gmt":"2026-03-13T15:11:38","slug":"benfica-reclama-de-situacoes-invulgares-e-abusivas-apos-decisao-da-erc","status":"publish","type":"post","link":"https:\/\/portaltela.pt\/desporto\/futebol\/2026\/03\/13\/benfica-reclama-de-situacoes-invulgares-e-abusivas-apos-decisao-da-erc\/","title":{"rendered":"Benfica reclama de situa\u00e7\u00f5es invulgares e abusivas ap\u00f3s decis\u00e3o da ERC"},"content":{"rendered":"<p>O Benfica apresentou esta sexta-feira a contesta\u00e7\u00e3o formal \u00e0 decis\u00e3o da ERC que vetou o licenciamento da Benfica FM. O clube afirma que houve entraves e reservas por parte da entidade reguladora, com consequ\u00eancias negativas a n\u00edvel financeiro para a SAD encarnada.<\/p>\n<p>A equipa sustenta que a decis\u00e3o se apoia em pressupostos errados e deve ser revista. A Benfica FM, segundo o documento, ficar\u00e1 apenas dispon\u00edvel online, mantendo a an\u00e1lise de que houve uma sucess\u00e3o de circunst\u00e2ncias invulgares e abusivas por parte da ERC.<\/p>\n<p>A entidade lisboeta aponta exig\u00eancias intercalares, atrasos e mudan\u00e7as de dom\u00ednio como exemplos de dificuldades. O processo envolveu o registo da webr\u00e1dio e a altera\u00e7\u00e3o de dom\u00ednio de Goal FM (Bombarral) para Benfica FM (Bombarral).<\/p>\n<h3>Contexto e Impacto<\/h3>\n<p>A contesta\u00e7\u00e3o afirma que a decis\u00e3o n\u00e3o respeita o pluralismo da oferta radiof\u00f3nica na \u00e1rea geogr\u00e1fica correspondente. Alega que a delibera\u00e7\u00e3o deve considerar a diversidade de programa\u00e7\u00e3o e o direito a uma informa\u00e7\u00e3o livre, plural e democr\u00e1tica.<\/p>\n<p>O Benfica solicita uma delibera\u00e7\u00e3o que n\u00e3o indefira a modifica\u00e7\u00e3o do projecto, argumentando que o veto impede uma oferta regional de comunica\u00e7\u00e3o e gera impactos financeiros para a SAD. A institui\u00e7\u00e3o mant\u00e9m o foco na transpar\u00eancia processual e na conformidade regulat\u00f3ria.<\/p>\n","protected":false},"excerpt":{"rendered":"<ul>\n<li>Benfica acusa a ERC de uma \u201csucess\u00e3o de circunst\u00e2ncias invulgares e abusivas\u201d ap\u00f3s a decis\u00e3o de vetar o licensing da Benfica FM, cuja emiss\u00e3o foi impedida pela entidade reguladora.<\/li>\n<li>A comunica\u00e7\u00e3o aponta consequ\u00eancias negativas a n\u00edvel financeiro e econ\u00f3mico para a SAD encarnada.<\/li>\n<li>O clube afirma que a decis\u00e3o assenta em pressupostos errados e deve ser revista.<\/li>\n<li>Destaca uma sequ\u00eancia de entraves, desde o registo da webr\u00e1dio at\u00e9 \u00e0 altera\u00e7\u00e3o do dom\u00ednio de Goal FM (Bombarral) para Benfica FM (Bombarral).<\/li>\n<li>Requer uma delibera\u00e7\u00e3o que n\u00e3o indeferisse a modifica\u00e7\u00e3o do projecto, defendendo a diversidade e pluralismo da oferta radiof\u00f3nica na regi\u00e3o.<\/li>\n<\/ul>\n","protected":false},"author":2,"featured_media":408963,"comment_status":"closed","ping_status":"closed","sticky":false,"template":"","format":"standard","meta":{"footnotes":""},"categories":[21,24],"tags":[1946,5326,2206,4539,195,5708],"class_list":["post-408954","post","type-post","status-publish","format-standard","has-post-thumbnail","hentry","category-desporto","category-futebol","tag-benfica","tag-comunicacao-social","tag-comunicacoes","tag-erc","tag-informacao","tag-transparencia-publica"],"yoast_head":"<!-- This site is optimized with the Yoast SEO plugin v27.2 - https:\/\/yoast.com\/product\/yoast-seo-wordpress\/ -->\n<title>Benfica reclama de situa\u00e7\u00f5es invulgares e abusivas ap\u00f3s decis\u00e3o da ERC - Portal Tela Portugal<\/title>\n<meta name=\"robots\" content=\"index, follow, max-snippet:-1, max-image-preview:large, max-video-preview:-1\" \/>\n<meta property=\"og:locale\" content=\"pt_PT\" \/>\n<meta property=\"og:type\" content=\"article\" \/>\n<meta property=\"og:title\" content=\"Benfica reclama de situa\u00e7\u00f5es invulgares e abusivas ap\u00f3s decis\u00e3o da ERC - Portal Tela Portugal\" \/>\n<meta property=\"og:description\" content=\"Benfica acusa a ERC de uma \u201csucess\u00e3o de circunst\u00e2ncias invulgares e abusivas\u201d ap\u00f3s a decis\u00e3o de vetar o licensing da Benfica FM, cuja emiss\u00e3o foi impedida pela entidade reguladora. A comunica\u00e7\u00e3o aponta consequ\u00eancias negativas a n\u00edvel financeiro e econ\u00f3mico para a SAD encarnada. O clube afirma que a decis\u00e3o assenta em pressupostos errados e deve ser revista. Destaca uma sequ\u00eancia de entraves, desde o registo da webr\u00e1dio at\u00e9 \u00e0 altera\u00e7\u00e3o do dom\u00ednio de Goal FM (Bombarral) para Benfica FM (Bombarral). Requer uma delibera\u00e7\u00e3o que n\u00e3o indeferisse a modifica\u00e7\u00e3o do projecto, defendendo a diversidade e pluralismo da oferta radiof\u00f3nica na regi\u00e3o.\" \/>\n<meta property=\"og:url\" content=\"https:\/\/portaltela.pt\/noticias\/2026\/03\/13\/benfica-reclama-de-situacoes-invulgares-e-abusivas-apos-decisao-da-erc\/\" \/>\n<meta property=\"og:site_name\" content=\"Portal Tela Portugal\" \/>\n<meta property=\"article:published_time\" content=\"2026-03-13T15:11:38+00:00\" \/>\n<meta name=\"author\" content=\"Telinha\" \/>\n<meta name=\"twitter:card\" content=\"summary_large_image\" \/>\n<meta name=\"twitter:label1\" content=\"Escrito por\" \/>\n\t<meta name=\"twitter:data1\" content=\"Telinha\" \/>\n\t<meta name=\"twitter:label2\" content=\"Tempo estimado de leitura\" \/>\n\t<meta name=\"twitter:data2\" content=\"1 minuto\" \/>\n<script type=\"application\/ld+json\" class=\"yoast-schema-graph\">{\"@context\":\"https:\/\/schema.org\",\"@graph\":[{\"@type\":\"Article\",\"@id\":\"https:\/\/portaltela.pt\/noticias\/2026\/03\/13\/benfica-reclama-de-situacoes-invulgares-e-abusivas-apos-decisao-da-erc\/#article\",\"isPartOf\":{\"@id\":\"https:\/\/portaltela.pt\/noticias\/2026\/03\/13\/benfica-reclama-de-situacoes-invulgares-e-abusivas-apos-decisao-da-erc\/\"},\"author\":{\"name\":\"Telinha\",\"@id\":\"https:\/\/portaltela.pt\/#\/schema\/person\/c4278d4a6028830caff9ee44b42d32ed\"},\"headline\":\"Benfica reclama de situa\u00e7\u00f5es invulgares e abusivas ap\u00f3s decis\u00e3o da ERC\",\"datePublished\":\"2026-03-13T15:11:38+00:00\",\"mainEntityOfPage\":{\"@id\":\"https:\/\/portaltela.pt\/noticias\/2026\/03\/13\/benfica-reclama-de-situacoes-invulgares-e-abusivas-apos-decisao-da-erc\/\"},\"wordCount\":245,\"image\":{\"@id\":\"https:\/\/portaltela.pt\/noticias\/2026\/03\/13\/benfica-reclama-de-situacoes-invulgares-e-abusivas-apos-decisao-da-erc\/#primaryimage\"},\"thumbnailUrl\":\"https:\/\/portaltela.pt\/s.01k8rhncp4jt1\/2026\/03\/img_1200x721uu2026-03-12-19-05-39-2426525.jpg\",\"keywords\":[\"Benfica\",\"comunica\u00e7\u00e3o social\",\"comunica\u00e7\u00f5es\",\"ERC\",\"informa\u00e7\u00e3o\",\"transpar\u00eancia p\u00fablica\"],\"articleSection\":[\"Desporto\",\"Futebol\"],\"inLanguage\":\"pt-PT\"},{\"@type\":\"WebPage\",\"@id\":\"https:\/\/portaltela.pt\/noticias\/2026\/03\/13\/benfica-reclama-de-situacoes-invulgares-e-abusivas-apos-decisao-da-erc\/\",\"url\":\"https:\/\/portaltela.pt\/noticias\/2026\/03\/13\/benfica-reclama-de-situacoes-invulgares-e-abusivas-apos-decisao-da-erc\/\",\"name\":\"Benfica reclama de situa\u00e7\u00f5es invulgares e abusivas ap\u00f3s decis\u00e3o da ERC - Portal Tela Portugal\",\"isPartOf\":{\"@id\":\"https:\/\/portaltela.pt\/#website\"},\"primaryImageOfPage\":{\"@id\":\"https:\/\/portaltela.pt\/noticias\/2026\/03\/13\/benfica-reclama-de-situacoes-invulgares-e-abusivas-apos-decisao-da-erc\/#primaryimage\"},\"image\":{\"@id\":\"https:\/\/portaltela.pt\/noticias\/2026\/03\/13\/benfica-reclama-de-situacoes-invulgares-e-abusivas-apos-decisao-da-erc\/#primaryimage\"},\"thumbnailUrl\":\"https:\/\/portaltela.pt\/s.01k8rhncp4jt1\/2026\/03\/img_1200x721uu2026-03-12-19-05-39-2426525.jpg\",\"datePublished\":\"2026-03-13T15:11:38+00:00\",\"author\":{\"@id\":\"https:\/\/portaltela.pt\/#\/schema\/person\/c4278d4a6028830caff9ee44b42d32ed\"},\"breadcrumb\":{\"@id\":\"https:\/\/portaltela.pt\/noticias\/2026\/03\/13\/benfica-reclama-de-situacoes-invulgares-e-abusivas-apos-decisao-da-erc\/#breadcrumb\"},\"inLanguage\":\"pt-PT\",\"potentialAction\":[{\"@type\":\"ReadAction\",\"target\":[\"https:\/\/portaltela.pt\/noticias\/2026\/03\/13\/benfica-reclama-de-situacoes-invulgares-e-abusivas-apos-decisao-da-erc\/\"]}]},{\"@type\":\"ImageObject\",\"inLanguage\":\"pt-PT\",\"@id\":\"https:\/\/portaltela.pt\/noticias\/2026\/03\/13\/benfica-reclama-de-situacoes-invulgares-e-abusivas-apos-decisao-da-erc\/#primaryimage\",\"url\":\"https:\/\/portaltela.pt\/s.01k8rhncp4jt1\/2026\/03\/img_1200x721uu2026-03-12-19-05-39-2426525.jpg\",\"contentUrl\":\"https:\/\/portaltela.pt\/s.01k8rhncp4jt1\/2026\/03\/img_1200x721uu2026-03-12-19-05-39-2426525.jpg\",\"width\":796,\"height\":448,\"caption\":\"Benfica FM\"},{\"@type\":\"BreadcrumbList\",\"@id\":\"https:\/\/portaltela.pt\/noticias\/2026\/03\/13\/benfica-reclama-de-situacoes-invulgares-e-abusivas-apos-decisao-da-erc\/#breadcrumb\",\"itemListElement\":[{\"@type\":\"ListItem\",\"position\":1,\"name\":\"In\u00edcio\",\"item\":\"https:\/\/portaltela.pt\/\"},{\"@type\":\"ListItem\",\"position\":2,\"name\":\"Benfica reclama de situa\u00e7\u00f5es invulgares e abusivas ap\u00f3s decis\u00e3o da ERC\"}]},{\"@type\":\"WebSite\",\"@id\":\"https:\/\/portaltela.pt\/#website\",\"url\":\"https:\/\/portaltela.pt\/\",\"name\":\"Portal Tela Portugal\",\"description\":\"\",\"potentialAction\":[{\"@type\":\"SearchAction\",\"target\":{\"@type\":\"EntryPoint\",\"urlTemplate\":\"https:\/\/portaltela.pt\/?s={search_term_string}\"},\"query-input\":{\"@type\":\"PropertyValueSpecification\",\"valueRequired\":true,\"valueName\":\"search_term_string\"}}],\"inLanguage\":\"pt-PT\"},{\"@type\":\"Person\",\"@id\":\"https:\/\/portaltela.pt\/#\/schema\/person\/c4278d4a6028830caff9ee44b42d32ed\",\"name\":\"Telinha\",\"image\":{\"@type\":\"ImageObject\",\"inLanguage\":\"pt-PT\",\"@id\":\"https:\/\/portaltela.pt\/s.01k8rhncp4jt1\/2025\/11\/talking-bot-125x125.png\",\"url\":\"https:\/\/portaltela.pt\/s.01k8rhncp4jt1\/2025\/11\/talking-bot-125x125.png\",\"contentUrl\":\"https:\/\/portaltela.pt\/s.01k8rhncp4jt1\/2025\/11\/talking-bot-125x125.png\",\"caption\":\"Telinha\"},\"sameAs\":[\"https:\/\/portaltela.pt\/\"],\"url\":\"https:\/\/portaltela.pt\/por\/367410592786\/\"}]}<\/script>\n<!-- \/ Yoast SEO plugin. -->","yoast_head_json":{"title":"Benfica reclama de situa\u00e7\u00f5es invulgares e abusivas ap\u00f3s decis\u00e3o da ERC - Portal Tela Portugal","robots":{"index":"index","follow":"follow","max-snippet":"max-snippet:-1","max-image-preview":"max-image-preview:large","max-video-preview":"max-video-preview:-1"},"og_locale":"pt_PT","og_type":"article","og_title":"Benfica reclama de situa\u00e7\u00f5es invulgares e abusivas ap\u00f3s decis\u00e3o da ERC - Portal Tela Portugal","og_description":"Benfica acusa a ERC de uma \u201csucess\u00e3o de circunst\u00e2ncias invulgares e abusivas\u201d ap\u00f3s a decis\u00e3o de vetar o licensing da Benfica FM, cuja emiss\u00e3o foi impedida pela entidade reguladora. A comunica\u00e7\u00e3o aponta consequ\u00eancias negativas a n\u00edvel financeiro e econ\u00f3mico para a SAD encarnada. O clube afirma que a decis\u00e3o assenta em pressupostos errados e deve ser revista. Destaca uma sequ\u00eancia de entraves, desde o registo da webr\u00e1dio at\u00e9 \u00e0 altera\u00e7\u00e3o do dom\u00ednio de Goal FM (Bombarral) para Benfica FM (Bombarral). Requer uma delibera\u00e7\u00e3o que n\u00e3o indeferisse a modifica\u00e7\u00e3o do projecto, defendendo a diversidade e pluralismo da oferta radiof\u00f3nica na regi\u00e3o.","og_url":"https:\/\/portaltela.pt\/noticias\/2026\/03\/13\/benfica-reclama-de-situacoes-invulgares-e-abusivas-apos-decisao-da-erc\/","og_site_name":"Portal Tela Portugal","article_published_time":"2026-03-13T15:11:38+00:00","author":"Telinha","twitter_card":"summary_large_image","twitter_misc":{"Escrito por":"Telinha","Tempo estimado de leitura":"1 minuto"},"schema":{"@context":"https:\/\/schema.org","@graph":[{"@type":"Article","@id":"https:\/\/portaltela.pt\/noticias\/2026\/03\/13\/benfica-reclama-de-situacoes-invulgares-e-abusivas-apos-decisao-da-erc\/#article","isPartOf":{"@id":"https:\/\/portaltela.pt\/noticias\/2026\/03\/13\/benfica-reclama-de-situacoes-invulgares-e-abusivas-apos-decisao-da-erc\/"},"author":{"name":"Telinha","@id":"https:\/\/portaltela.pt\/#\/schema\/person\/c4278d4a6028830caff9ee44b42d32ed"},"headline":"Benfica reclama de situa\u00e7\u00f5es invulgares e abusivas ap\u00f3s decis\u00e3o da ERC","datePublished":"2026-03-13T15:11:38+00:00","mainEntityOfPage":{"@id":"https:\/\/portaltela.pt\/noticias\/2026\/03\/13\/benfica-reclama-de-situacoes-invulgares-e-abusivas-apos-decisao-da-erc\/"},"wordCount":245,"image":{"@id":"https:\/\/portaltela.pt\/noticias\/2026\/03\/13\/benfica-reclama-de-situacoes-invulgares-e-abusivas-apos-decisao-da-erc\/#primaryimage"},"thumbnailUrl":"https:\/\/portaltela.pt\/s.01k8rhncp4jt1\/2026\/03\/img_1200x721uu2026-03-12-19-05-39-2426525.jpg","keywords":["Benfica","comunica\u00e7\u00e3o social","comunica\u00e7\u00f5es","ERC","informa\u00e7\u00e3o","transpar\u00eancia p\u00fablica"],"articleSection":["Desporto","Futebol"],"inLanguage":"pt-PT"},{"@type":"WebPage","@id":"https:\/\/portaltela.pt\/noticias\/2026\/03\/13\/benfica-reclama-de-situacoes-invulgares-e-abusivas-apos-decisao-da-erc\/","url":"https:\/\/portaltela.pt\/noticias\/2026\/03\/13\/benfica-reclama-de-situacoes-invulgares-e-abusivas-apos-decisao-da-erc\/","name":"Benfica reclama de situa\u00e7\u00f5es invulgares e abusivas ap\u00f3s decis\u00e3o da ERC - Portal Tela Portugal","isPartOf":{"@id":"https:\/\/portaltela.pt\/#website"},"primaryImageOfPage":{"@id":"https:\/\/portaltela.pt\/noticias\/2026\/03\/13\/benfica-reclama-de-situacoes-invulgares-e-abusivas-apos-decisao-da-erc\/#primaryimage"},"image":{"@id":"https:\/\/portaltela.pt\/noticias\/2026\/03\/13\/benfica-reclama-de-situacoes-invulgares-e-abusivas-apos-decisao-da-erc\/#primaryimage"},"thumbnailUrl":"https:\/\/portaltela.pt\/s.01k8rhncp4jt1\/2026\/03\/img_1200x721uu2026-03-12-19-05-39-2426525.jpg","datePublished":"2026-03-13T15:11:38+00:00","author":{"@id":"https:\/\/portaltela.pt\/#\/schema\/person\/c4278d4a6028830caff9ee44b42d32ed"},"breadcrumb":{"@id":"https:\/\/portaltela.pt\/noticias\/2026\/03\/13\/benfica-reclama-de-situacoes-invulgares-e-abusivas-apos-decisao-da-erc\/#breadcrumb"},"inLanguage":"pt-PT","potentialAction":[{"@type":"ReadAction","target":["https:\/\/portaltela.pt\/noticias\/2026\/03\/13\/benfica-reclama-de-situacoes-invulgares-e-abusivas-apos-decisao-da-erc\/"]}]},{"@type":"ImageObject","inLanguage":"pt-PT","@id":"https:\/\/portaltela.pt\/noticias\/2026\/03\/13\/benfica-reclama-de-situacoes-invulgares-e-abusivas-apos-decisao-da-erc\/#primaryimage","url":"https:\/\/portaltela.pt\/s.01k8rhncp4jt1\/2026\/03\/img_1200x721uu2026-03-12-19-05-39-2426525.jpg","contentUrl":"https:\/\/portaltela.pt\/s.01k8rhncp4jt1\/2026\/03\/img_1200x721uu2026-03-12-19-05-39-2426525.jpg","width":796,"height":448,"caption":"Benfica FM"},{"@type":"BreadcrumbList","@id":"https:\/\/portaltela.pt\/noticias\/2026\/03\/13\/benfica-reclama-de-situacoes-invulgares-e-abusivas-apos-decisao-da-erc\/#breadcrumb","itemListElement":[{"@type":"ListItem","position":1,"name":"In\u00edcio","item":"https:\/\/portaltela.pt\/"},{"@type":"ListItem","position":2,"name":"Benfica reclama de situa\u00e7\u00f5es invulgares e abusivas ap\u00f3s decis\u00e3o da ERC"}]},{"@type":"WebSite","@id":"https:\/\/portaltela.pt\/#website","url":"https:\/\/portaltela.pt\/","name":"Portal Tela Portugal","description":"","potentialAction":[{"@type":"SearchAction","target":{"@type":"EntryPoint","urlTemplate":"https:\/\/portaltela.pt\/?s={search_term_string}"},"query-input":{"@type":"PropertyValueSpecification","valueRequired":true,"valueName":"search_term_string"}}],"inLanguage":"pt-PT"},{"@type":"Person","@id":"https:\/\/portaltela.pt\/#\/schema\/person\/c4278d4a6028830caff9ee44b42d32ed","name":"Telinha","image":{"@type":"ImageObject","inLanguage":"pt-PT","@id":"https:\/\/portaltela.pt\/s.01k8rhncp4jt1\/2025\/11\/talking-bot-125x125.png","url":"https:\/\/portaltela.pt\/s.01k8rhncp4jt1\/2025\/11\/talking-bot-125x125.png","contentUrl":"https:\/\/portaltela.pt\/s.01k8rhncp4jt1\/2025\/11\/talking-bot-125x125.png","caption":"Telinha"},"sameAs":["https:\/\/portaltela.pt\/"],"url":"https:\/\/portaltela.pt\/por\/367410592786\/"}]}},"_links":{"self":[{"href":"https:\/\/portaltela.pt\/api\/wp\/v2\/posts\/408954","targetHints":{"allow":["GET"]}}],"collection":[{"href":"https:\/\/portaltela.pt\/api\/wp\/v2\/posts"}],"about":[{"href":"https:\/\/portaltela.pt\/api\/wp\/v2\/types\/post"}],"author":[{"embeddable":true,"href":"https:\/\/portaltela.pt\/api\/wp\/v2\/users\/2"}],"replies":[{"embeddable":true,"href":"https:\/\/portaltela.pt\/api\/wp\/v2\/comments?post=408954"}],"version-history":[{"count":0,"href":"https:\/\/portaltela.pt\/api\/wp\/v2\/posts\/408954\/revisions"}],"wp:featuredmedia":[{"embeddable":true,"href":"https:\/\/portaltela.pt\/api\/wp\/v2\/media\/408963"}],"wp:attachment":[{"href":"https:\/\/portaltela.pt\/api\/wp\/v2\/media?parent=408954"}],"wp:term":[{"taxonomy":"category","embeddable":true,"href":"https:\/\/portaltela.pt\/api\/wp\/v2\/categories?post=408954"},{"taxonomy":"post_tag","embeddable":true,"href":"https:\/\/portaltela.pt\/api\/wp\/v2\/tags?post=408954"}],"curies":[{"name":"wp","href":"https:\/\/api.w.org\/{rel}","templated":true}]}}