{"id":408952,"date":"2026-03-13T12:00:00","date_gmt":"2026-03-13T15:00:00","guid":{"rendered":"https:\/\/portaltela.pt\/noticias\/2026\/03\/13\/paredes-inspira-se-ao-aprender-com-harpa-durante-voo\/"},"modified":"2026-03-13T12:00:00","modified_gmt":"2026-03-13T15:00:00","slug":"paredes-inspira-se-ao-aprender-com-harpa-durante-voo","status":"publish","type":"post","link":"https:\/\/portaltela.pt\/musica\/2026\/03\/13\/paredes-inspira-se-ao-aprender-com-harpa-durante-voo\/","title":{"rendered":"Paredes inspira-se ao aprender com harpa durante voo"},"content":{"rendered":"<p>Maria S\u00e1 Silva, harpista de origem portuense, mergulhou na obra de Carlos Paredes para criar um projeto que venceu um pr\u00e9mio na Holanda e deu origem ao disco Entre Cordas: Eco de Paredes. O trabalho j\u00e1 est\u00e1 dispon\u00edvel em plataformas digitais e como CD e LP.<\/p>\n<p>A paix\u00e3o pela harpa come\u00e7ou aos seis anos, quando os pais a levaram a um concerto. Estudou no Conservat\u00f3rio do Porto e em Mil\u00e3o, na Scuola Civica. Em 2019, a m\u00fasica de Paredes entrou na sua trajet\u00f3ria musical, ap\u00f3s um desafio familiar.<\/p>\n<p>No texto promocional do disco, Maria S\u00e1 Silva descreveu o processo como uma descoberta sonora, com novas t\u00e9cnicas de harpa para interpretar a m\u00fasica de Paredes. A int\u00e9rprete afirma ter retirado da obra uma energia vibrante, cromatismos e uma abordagem emocional.<\/p>\n<p>Foi neste percurso que escolheu oito temas do repert\u00f3rio de Paredes, gravados em solo: Can\u00e7\u00e3o, Valsa, Mar go\u00eas, Dan\u00e7a palaciana, Dan\u00e7a, Ac\u00e7\u00e3o, Varia\u00e7\u00f5es em si menor e Verdes anos. A sele\u00e7\u00e3o buscou diversidade de sonoridades para adaptar \u00e0 harpa.<\/p>\n<h3>Pr\u00e9mios e disco<\/h3>\n<p>O projeto Saudade rendeu a Maria S\u00e1 Silva o t\u00edtulo de primeira harpista portuguesa premiada no World Harp Competition, nos Pa\u00edses Baixos. O disco Entre Cordas: Eco de Paredes refor\u00e7a esse reconhecimento internacional.<\/p>\n<h3>Agenda ao vivo<\/h3>\n<p>Os concertos de apresenta\u00e7\u00e3o come\u00e7am nos dias 16 e 17 de Abril, no Orfe\u00e3o da Covilh\u00e3, inseridos no Festival Y. O certame decorre de 21 de Mar\u00e7o a 4 de Junho, na Covilh\u00e3 e em Castelo Branco. A artista continua a planear apresenta\u00e7\u00f5es em palcos nacionais.<\/p>\n","protected":false},"excerpt":{"rendered":"<ul>\n<li>A harpista Maria S\u00e1 Silva lan\u00e7ou o disco Entre Cordas: Eco de Paredes, que re\u00fane oito temas de Carlos Paredes em solo de harpa; dispon\u00edvel digitalmente e em CD\/LP.<\/li>\n<li>O projeto Saudade valeu-lhe o pr\u00e9mio no World Harp Competition, tornando-a na primeira harpista portuguesa a vencer o concurso nos Pa\u00edses Baixos.<\/li>\n<li>Maria S\u00e1 Silva, nascida no Porto em 1997, iniciou a harpa aos sete anos e prosseguiu a forma\u00e7\u00e3o em Mil\u00e3o.<\/li>\n<li>Gravou oito temas de Paredes \u2014 Can\u00e7\u00e3o, Valsa, Mar go\u00eas, Dan\u00e7a palaciana, Dan\u00e7a, Ac\u00e7\u00e3o, Varia\u00e7\u00f5es em si menor e Verdes anos \u2014 escolhidos por cobrirem diferentes sonoridades e cromatismos da harpa.<\/li>\n<li>As primeiras atua\u00e7\u00f5es ao vivo est\u00e3o marcadas para 16 e 17 de abril no Orfe\u00e3o da Covilh\u00e3, inseridas no Festival Y.<\/li>\n<\/ul>\n","protected":false},"author":2,"featured_media":408959,"comment_status":"closed","ping_status":"closed","sticky":false,"template":"","format":"standard","meta":{"footnotes":""},"categories":[6676],"tags":[5431,1112,1306,3674,122,982],"class_list":["post-408952","post","type-post","status-publish","format-standard","has-post-thumbnail","hentry","category-musica","tag-carlos-paredes","tag-castelo-branco","tag-covilha","tag-festival","tag-musica","tag-porto"],"yoast_head":"<!-- This site is optimized with the Yoast SEO plugin v27.2 - https:\/\/yoast.com\/product\/yoast-seo-wordpress\/ -->\n<title>Paredes inspira-se ao aprender com harpa durante voo - Portal Tela Portugal<\/title>\n<meta name=\"robots\" content=\"index, follow, max-snippet:-1, max-image-preview:large, max-video-preview:-1\" \/>\n<meta property=\"og:locale\" content=\"pt_PT\" \/>\n<meta property=\"og:type\" content=\"article\" \/>\n<meta property=\"og:title\" content=\"Paredes inspira-se ao aprender com harpa durante voo - Portal Tela Portugal\" \/>\n<meta property=\"og:description\" content=\"A harpista Maria S\u00e1 Silva lan\u00e7ou o disco Entre Cordas: Eco de Paredes, que re\u00fane oito temas de Carlos Paredes em solo de harpa; dispon\u00edvel digitalmente e em CD\/LP. O projeto Saudade valeu-lhe o pr\u00e9mio no World Harp Competition, tornando-a na primeira harpista portuguesa a vencer o concurso nos Pa\u00edses Baixos. Maria S\u00e1 Silva, nascida no Porto em 1997, iniciou a harpa aos sete anos e prosseguiu a forma\u00e7\u00e3o em Mil\u00e3o. Gravou oito temas de Paredes \u2014 Can\u00e7\u00e3o, Valsa, Mar go\u00eas, Dan\u00e7a palaciana, Dan\u00e7a, Ac\u00e7\u00e3o, Varia\u00e7\u00f5es em si menor e Verdes anos \u2014 escolhidos por cobrirem diferentes sonoridades e cromatismos da harpa. As primeiras atua\u00e7\u00f5es ao vivo est\u00e3o marcadas para 16 e 17 de abril no Orfe\u00e3o da Covilh\u00e3, inseridas no Festival Y.\" \/>\n<meta property=\"og:url\" content=\"https:\/\/portaltela.pt\/noticias\/2026\/03\/13\/paredes-inspira-se-ao-aprender-com-harpa-durante-voo\/\" \/>\n<meta property=\"og:site_name\" content=\"Portal Tela Portugal\" \/>\n<meta property=\"article:published_time\" content=\"2026-03-13T15:00:00+00:00\" \/>\n<meta name=\"author\" content=\"Telinha\" \/>\n<meta name=\"twitter:card\" content=\"summary_large_image\" \/>\n<meta name=\"twitter:label1\" content=\"Escrito por\" \/>\n\t<meta name=\"twitter:data1\" content=\"Telinha\" \/>\n\t<meta name=\"twitter:label2\" content=\"Tempo estimado de leitura\" \/>\n\t<meta name=\"twitter:data2\" content=\"1 minuto\" \/>\n<script type=\"application\/ld+json\" class=\"yoast-schema-graph\">{\"@context\":\"https:\/\/schema.org\",\"@graph\":[{\"@type\":\"Article\",\"@id\":\"https:\/\/portaltela.pt\/noticias\/2026\/03\/13\/paredes-inspira-se-ao-aprender-com-harpa-durante-voo\/#article\",\"isPartOf\":{\"@id\":\"https:\/\/portaltela.pt\/noticias\/2026\/03\/13\/paredes-inspira-se-ao-aprender-com-harpa-durante-voo\/\"},\"author\":{\"name\":\"Telinha\",\"@id\":\"https:\/\/portaltela.pt\/#\/schema\/person\/c4278d4a6028830caff9ee44b42d32ed\"},\"headline\":\"Paredes inspira-se ao aprender com harpa durante voo\",\"datePublished\":\"2026-03-13T15:00:00+00:00\",\"mainEntityOfPage\":{\"@id\":\"https:\/\/portaltela.pt\/noticias\/2026\/03\/13\/paredes-inspira-se-ao-aprender-com-harpa-durante-voo\/\"},\"wordCount\":284,\"image\":{\"@id\":\"https:\/\/portaltela.pt\/noticias\/2026\/03\/13\/paredes-inspira-se-ao-aprender-com-harpa-durante-voo\/#primaryimage\"},\"thumbnailUrl\":\"https:\/\/portaltela.pt\/s.01k8rhncp4jt1\/2026\/03\/2073892.jpg\",\"keywords\":[\"Carlos Paredes\",\"Castelo Branco\",\"Covilh\u00e3\",\"festival\",\"m\u00fasica\",\"Porto\"],\"articleSection\":[\"M\u00fasica\"],\"inLanguage\":\"pt-PT\"},{\"@type\":\"WebPage\",\"@id\":\"https:\/\/portaltela.pt\/noticias\/2026\/03\/13\/paredes-inspira-se-ao-aprender-com-harpa-durante-voo\/\",\"url\":\"https:\/\/portaltela.pt\/noticias\/2026\/03\/13\/paredes-inspira-se-ao-aprender-com-harpa-durante-voo\/\",\"name\":\"Paredes inspira-se ao aprender com harpa durante voo - Portal Tela Portugal\",\"isPartOf\":{\"@id\":\"https:\/\/portaltela.pt\/#website\"},\"primaryImageOfPage\":{\"@id\":\"https:\/\/portaltela.pt\/noticias\/2026\/03\/13\/paredes-inspira-se-ao-aprender-com-harpa-durante-voo\/#primaryimage\"},\"image\":{\"@id\":\"https:\/\/portaltela.pt\/noticias\/2026\/03\/13\/paredes-inspira-se-ao-aprender-com-harpa-durante-voo\/#primaryimage\"},\"thumbnailUrl\":\"https:\/\/portaltela.pt\/s.01k8rhncp4jt1\/2026\/03\/2073892.jpg\",\"datePublished\":\"2026-03-13T15:00:00+00:00\",\"author\":{\"@id\":\"https:\/\/portaltela.pt\/#\/schema\/person\/c4278d4a6028830caff9ee44b42d32ed\"},\"breadcrumb\":{\"@id\":\"https:\/\/portaltela.pt\/noticias\/2026\/03\/13\/paredes-inspira-se-ao-aprender-com-harpa-durante-voo\/#breadcrumb\"},\"inLanguage\":\"pt-PT\",\"potentialAction\":[{\"@type\":\"ReadAction\",\"target\":[\"https:\/\/portaltela.pt\/noticias\/2026\/03\/13\/paredes-inspira-se-ao-aprender-com-harpa-durante-voo\/\"]}]},{\"@type\":\"ImageObject\",\"inLanguage\":\"pt-PT\",\"@id\":\"https:\/\/portaltela.pt\/noticias\/2026\/03\/13\/paredes-inspira-se-ao-aprender-com-harpa-durante-voo\/#primaryimage\",\"url\":\"https:\/\/portaltela.pt\/s.01k8rhncp4jt1\/2026\/03\/2073892.jpg\",\"contentUrl\":\"https:\/\/portaltela.pt\/s.01k8rhncp4jt1\/2026\/03\/2073892.jpg\",\"width\":796,\"height\":448,\"caption\":\"Maria S\u00e1 Silva\"},{\"@type\":\"BreadcrumbList\",\"@id\":\"https:\/\/portaltela.pt\/noticias\/2026\/03\/13\/paredes-inspira-se-ao-aprender-com-harpa-durante-voo\/#breadcrumb\",\"itemListElement\":[{\"@type\":\"ListItem\",\"position\":1,\"name\":\"In\u00edcio\",\"item\":\"https:\/\/portaltela.pt\/\"},{\"@type\":\"ListItem\",\"position\":2,\"name\":\"Paredes inspira-se ao aprender com harpa durante voo\"}]},{\"@type\":\"WebSite\",\"@id\":\"https:\/\/portaltela.pt\/#website\",\"url\":\"https:\/\/portaltela.pt\/\",\"name\":\"Portal Tela Portugal\",\"description\":\"\",\"potentialAction\":[{\"@type\":\"SearchAction\",\"target\":{\"@type\":\"EntryPoint\",\"urlTemplate\":\"https:\/\/portaltela.pt\/?s={search_term_string}\"},\"query-input\":{\"@type\":\"PropertyValueSpecification\",\"valueRequired\":true,\"valueName\":\"search_term_string\"}}],\"inLanguage\":\"pt-PT\"},{\"@type\":\"Person\",\"@id\":\"https:\/\/portaltela.pt\/#\/schema\/person\/c4278d4a6028830caff9ee44b42d32ed\",\"name\":\"Telinha\",\"image\":{\"@type\":\"ImageObject\",\"inLanguage\":\"pt-PT\",\"@id\":\"https:\/\/portaltela.pt\/s.01k8rhncp4jt1\/2025\/11\/talking-bot-125x125.png\",\"url\":\"https:\/\/portaltela.pt\/s.01k8rhncp4jt1\/2025\/11\/talking-bot-125x125.png\",\"contentUrl\":\"https:\/\/portaltela.pt\/s.01k8rhncp4jt1\/2025\/11\/talking-bot-125x125.png\",\"caption\":\"Telinha\"},\"sameAs\":[\"https:\/\/portaltela.pt\/\"],\"url\":\"https:\/\/portaltela.pt\/por\/367410592786\/\"}]}<\/script>\n<!-- \/ Yoast SEO plugin. -->","yoast_head_json":{"title":"Paredes inspira-se ao aprender com harpa durante voo - Portal Tela Portugal","robots":{"index":"index","follow":"follow","max-snippet":"max-snippet:-1","max-image-preview":"max-image-preview:large","max-video-preview":"max-video-preview:-1"},"og_locale":"pt_PT","og_type":"article","og_title":"Paredes inspira-se ao aprender com harpa durante voo - Portal Tela Portugal","og_description":"A harpista Maria S\u00e1 Silva lan\u00e7ou o disco Entre Cordas: Eco de Paredes, que re\u00fane oito temas de Carlos Paredes em solo de harpa; dispon\u00edvel digitalmente e em CD\/LP. O projeto Saudade valeu-lhe o pr\u00e9mio no World Harp Competition, tornando-a na primeira harpista portuguesa a vencer o concurso nos Pa\u00edses Baixos. Maria S\u00e1 Silva, nascida no Porto em 1997, iniciou a harpa aos sete anos e prosseguiu a forma\u00e7\u00e3o em Mil\u00e3o. Gravou oito temas de Paredes \u2014 Can\u00e7\u00e3o, Valsa, Mar go\u00eas, Dan\u00e7a palaciana, Dan\u00e7a, Ac\u00e7\u00e3o, Varia\u00e7\u00f5es em si menor e Verdes anos \u2014 escolhidos por cobrirem diferentes sonoridades e cromatismos da harpa. As primeiras atua\u00e7\u00f5es ao vivo est\u00e3o marcadas para 16 e 17 de abril no Orfe\u00e3o da Covilh\u00e3, inseridas no Festival Y.","og_url":"https:\/\/portaltela.pt\/noticias\/2026\/03\/13\/paredes-inspira-se-ao-aprender-com-harpa-durante-voo\/","og_site_name":"Portal Tela Portugal","article_published_time":"2026-03-13T15:00:00+00:00","author":"Telinha","twitter_card":"summary_large_image","twitter_misc":{"Escrito por":"Telinha","Tempo estimado de leitura":"1 minuto"},"schema":{"@context":"https:\/\/schema.org","@graph":[{"@type":"Article","@id":"https:\/\/portaltela.pt\/noticias\/2026\/03\/13\/paredes-inspira-se-ao-aprender-com-harpa-durante-voo\/#article","isPartOf":{"@id":"https:\/\/portaltela.pt\/noticias\/2026\/03\/13\/paredes-inspira-se-ao-aprender-com-harpa-durante-voo\/"},"author":{"name":"Telinha","@id":"https:\/\/portaltela.pt\/#\/schema\/person\/c4278d4a6028830caff9ee44b42d32ed"},"headline":"Paredes inspira-se ao aprender com harpa durante voo","datePublished":"2026-03-13T15:00:00+00:00","mainEntityOfPage":{"@id":"https:\/\/portaltela.pt\/noticias\/2026\/03\/13\/paredes-inspira-se-ao-aprender-com-harpa-durante-voo\/"},"wordCount":284,"image":{"@id":"https:\/\/portaltela.pt\/noticias\/2026\/03\/13\/paredes-inspira-se-ao-aprender-com-harpa-durante-voo\/#primaryimage"},"thumbnailUrl":"https:\/\/portaltela.pt\/s.01k8rhncp4jt1\/2026\/03\/2073892.jpg","keywords":["Carlos Paredes","Castelo Branco","Covilh\u00e3","festival","m\u00fasica","Porto"],"articleSection":["M\u00fasica"],"inLanguage":"pt-PT"},{"@type":"WebPage","@id":"https:\/\/portaltela.pt\/noticias\/2026\/03\/13\/paredes-inspira-se-ao-aprender-com-harpa-durante-voo\/","url":"https:\/\/portaltela.pt\/noticias\/2026\/03\/13\/paredes-inspira-se-ao-aprender-com-harpa-durante-voo\/","name":"Paredes inspira-se ao aprender com harpa durante voo - Portal Tela Portugal","isPartOf":{"@id":"https:\/\/portaltela.pt\/#website"},"primaryImageOfPage":{"@id":"https:\/\/portaltela.pt\/noticias\/2026\/03\/13\/paredes-inspira-se-ao-aprender-com-harpa-durante-voo\/#primaryimage"},"image":{"@id":"https:\/\/portaltela.pt\/noticias\/2026\/03\/13\/paredes-inspira-se-ao-aprender-com-harpa-durante-voo\/#primaryimage"},"thumbnailUrl":"https:\/\/portaltela.pt\/s.01k8rhncp4jt1\/2026\/03\/2073892.jpg","datePublished":"2026-03-13T15:00:00+00:00","author":{"@id":"https:\/\/portaltela.pt\/#\/schema\/person\/c4278d4a6028830caff9ee44b42d32ed"},"breadcrumb":{"@id":"https:\/\/portaltela.pt\/noticias\/2026\/03\/13\/paredes-inspira-se-ao-aprender-com-harpa-durante-voo\/#breadcrumb"},"inLanguage":"pt-PT","potentialAction":[{"@type":"ReadAction","target":["https:\/\/portaltela.pt\/noticias\/2026\/03\/13\/paredes-inspira-se-ao-aprender-com-harpa-durante-voo\/"]}]},{"@type":"ImageObject","inLanguage":"pt-PT","@id":"https:\/\/portaltela.pt\/noticias\/2026\/03\/13\/paredes-inspira-se-ao-aprender-com-harpa-durante-voo\/#primaryimage","url":"https:\/\/portaltela.pt\/s.01k8rhncp4jt1\/2026\/03\/2073892.jpg","contentUrl":"https:\/\/portaltela.pt\/s.01k8rhncp4jt1\/2026\/03\/2073892.jpg","width":796,"height":448,"caption":"Maria S\u00e1 Silva"},{"@type":"BreadcrumbList","@id":"https:\/\/portaltela.pt\/noticias\/2026\/03\/13\/paredes-inspira-se-ao-aprender-com-harpa-durante-voo\/#breadcrumb","itemListElement":[{"@type":"ListItem","position":1,"name":"In\u00edcio","item":"https:\/\/portaltela.pt\/"},{"@type":"ListItem","position":2,"name":"Paredes inspira-se ao aprender com harpa durante voo"}]},{"@type":"WebSite","@id":"https:\/\/portaltela.pt\/#website","url":"https:\/\/portaltela.pt\/","name":"Portal Tela Portugal","description":"","potentialAction":[{"@type":"SearchAction","target":{"@type":"EntryPoint","urlTemplate":"https:\/\/portaltela.pt\/?s={search_term_string}"},"query-input":{"@type":"PropertyValueSpecification","valueRequired":true,"valueName":"search_term_string"}}],"inLanguage":"pt-PT"},{"@type":"Person","@id":"https:\/\/portaltela.pt\/#\/schema\/person\/c4278d4a6028830caff9ee44b42d32ed","name":"Telinha","image":{"@type":"ImageObject","inLanguage":"pt-PT","@id":"https:\/\/portaltela.pt\/s.01k8rhncp4jt1\/2025\/11\/talking-bot-125x125.png","url":"https:\/\/portaltela.pt\/s.01k8rhncp4jt1\/2025\/11\/talking-bot-125x125.png","contentUrl":"https:\/\/portaltela.pt\/s.01k8rhncp4jt1\/2025\/11\/talking-bot-125x125.png","caption":"Telinha"},"sameAs":["https:\/\/portaltela.pt\/"],"url":"https:\/\/portaltela.pt\/por\/367410592786\/"}]}},"_links":{"self":[{"href":"https:\/\/portaltela.pt\/api\/wp\/v2\/posts\/408952","targetHints":{"allow":["GET"]}}],"collection":[{"href":"https:\/\/portaltela.pt\/api\/wp\/v2\/posts"}],"about":[{"href":"https:\/\/portaltela.pt\/api\/wp\/v2\/types\/post"}],"author":[{"embeddable":true,"href":"https:\/\/portaltela.pt\/api\/wp\/v2\/users\/2"}],"replies":[{"embeddable":true,"href":"https:\/\/portaltela.pt\/api\/wp\/v2\/comments?post=408952"}],"version-history":[{"count":0,"href":"https:\/\/portaltela.pt\/api\/wp\/v2\/posts\/408952\/revisions"}],"wp:featuredmedia":[{"embeddable":true,"href":"https:\/\/portaltela.pt\/api\/wp\/v2\/media\/408959"}],"wp:attachment":[{"href":"https:\/\/portaltela.pt\/api\/wp\/v2\/media?parent=408952"}],"wp:term":[{"taxonomy":"category","embeddable":true,"href":"https:\/\/portaltela.pt\/api\/wp\/v2\/categories?post=408952"},{"taxonomy":"post_tag","embeddable":true,"href":"https:\/\/portaltela.pt\/api\/wp\/v2\/tags?post=408952"}],"curies":[{"name":"wp","href":"https:\/\/api.w.org\/{rel}","templated":true}]}}