{"id":408938,"date":"2026-03-13T12:02:16","date_gmt":"2026-03-13T15:02:16","guid":{"rendered":"https:\/\/portaltela.pt\/noticias\/2026\/03\/13\/comissario-europeu-defende-confinamento-e-abate-de-animais-por-febre-aftosa\/"},"modified":"2026-03-13T12:02:16","modified_gmt":"2026-03-13T15:02:16","slug":"comissario-europeu-defende-confinamento-e-abate-de-animais-por-febre-aftosa","status":"publish","type":"post","link":"https:\/\/portaltela.pt\/saude\/2026\/03\/13\/comissario-europeu-defende-confinamento-e-abate-de-animais-por-febre-aftosa\/","title":{"rendered":"Comiss\u00e1rio europeu defende confinamento e abate de animais por febre aftosa"},"content":{"rendered":"<p>O Comiss\u00e1rio Europeu para a Sa\u00fade e Bem-Estar dos Animais, Oliv\u00e9r V\u00e1rhelyi, reuniu-se em Chipre com o presidente da Rep\u00fablica cipriota e representantes do setor pecu\u00e1rio para discutir a febre aftosa e as medidas de gest\u00e3o. O objetivo \u00e9 assegurar a aplica\u00e7\u00e3o rigorosa das regras da UE no tratamento do surto.<\/p>\n<p>A primeira reuni\u00e3o ocorreu no Centro de Coordena\u00e7\u00e3o de Investiga\u00e7\u00e3o e Salvamento de Larnaca, com o ministro da Agricultura e agricultores afetados. Seguiu-se uma sess\u00e3o alargada com organiza\u00e7\u00f5es de agricultores, funcion\u00e1rios governamentais e veterin\u00e1rios.<\/p>\n<p>Michael Lytras, presidente do PEK, o maior sindicato de agricultores, participou e informou que o regulamento pertinente deve ser cumprido sem derroga\u00e7\u00e3o. A UE tamb\u00e9m reiterou o apoio financeiro previsto para este tipo de casos.<\/p>\n<p>O programa de contactos levou o Comiss\u00e1rio a Nic\u00f3sia, onde reuniu-se com representantes de partidos pol\u00edticos para partilhar informa\u00e7\u00f5es sobre a evolu\u00e7\u00e3o da doen\u00e7a e as medidas em curso.<\/p>\n<h3>Medidas e orienta\u00e7\u00f5es<\/h3>\n<p>V\u00e1rhelyi manteve uma reuni\u00e3o com o presidente Nikos Christodoulides para acompanhar a situa\u00e7\u00e3o em Chipre e confirmar o apoio da UE, incluindo fornecimentos e medidas para controlar a epidemia. As a\u00e7\u00f5es indicadas s\u00e3o preventivas e restritivas, at\u00e9 confirma\u00e7\u00e3o de conten\u00e7\u00e3o.<\/p>\n<p>Entre as medidas, o comiss\u00e1rio destacou a necessidade de abatimento de animais nas explora\u00e7\u00f5es atingidas, com destino da carne e do leite a destrui\u00e7\u00e3o. Foi sublinhado o estabelecimento de um per\u00edmetro de tr\u00eas quil\u00f3metros em redor das \u00e1reas afetadas.<\/p>\n<p>Foi lan\u00e7ado um apelo para evitar desloca\u00e7\u00f5es \u00e0s zonas impactadas, com recomenda\u00e7\u00e3o de n\u00e3o participar em protestos ou entrevistas. A preocupa\u00e7\u00e3o central \u00e9 reduzir o risco de transmiss\u00e3o do v\u00edrus, que pode ocorrer por vias simples como vestu\u00e1rio ou cal\u00e7ados.<\/p>\n<p>Caso haja necessidade de manter a produ\u00e7\u00e3o, a solu\u00e7\u00e3o sugerida inclui vacina\u00e7\u00e3o de animais para reduzir a carga viral no ar, antes de proceder ao abate, para mitigar o risco de dispers\u00e3o do v\u00edrus.<\/p>\n","protected":false},"excerpt":{"rendered":"<ul>\n<li>O Comiss\u00e1rio europeu para a Sa\u00fade e Bem\u2011Estar dos Animais, Oliv\u00e9r V\u00e1rhelyi, reuniu\u2011se em Chipre com o presidente cipriota e representantes dos criadores de gado para tratar da febre aftosa e da sua gest\u00e3o, com medidas a serem respeitadas integralmente.<\/li>\n<li>As reuni\u00f5es tiveram in\u00edcio no Centro de Coordena\u00e7\u00e3o de Investiga\u00e7\u00e3o e Salvamento em Larnaca, com o ministro da Agricultura e produtores afetados, e continuaram com organiza\u00e7\u00f5es de agricultores, autoridades e veterin\u00e1rios.<\/li>\n<li>Michael Lytras, presidente do maior sindicato de agricultores de Chipre, afirmou que o regulamento ser\u00e1 aplicado sem derroga\u00e7\u00e3o e que a UE presta o apoio previsto para estes casos.<\/li>\n<li>Em Nic\u00f3sia, o programa de contactos do Comiss\u00e1rio incluiu encontros com representantes de partidos pol\u00edticos, no \u00e2mbito da resposta da UE \u00e0 epidemia.<\/li>\n<li>V\u00e1rhelyi detalhou as medidas: para surtos, todos os animais da explora\u00e7\u00e3o devem ser abatidos, a carne e o leite destru\u00eddos, com um per\u00edmetro de tr\u00eas quil\u00f3metros \u00e0 volta das explora\u00e7\u00f5es; pediu que ningu\u00e9m visite as zonas afetadas e, se n\u00e3o for poss\u00edvel abat\u00ea\u2011los, que sejam vacinados para reduzir a carga viral no ar.<\/li>\n<\/ul>\n","protected":false},"author":2,"featured_media":408941,"comment_status":"closed","ping_status":"closed","sticky":false,"template":"","format":"standard","meta":{"footnotes":""},"categories":[1,6745],"tags":[179,5723,3166,3499,172,2055],"class_list":["post-408938","post","type-post","status-publish","format-standard","has-post-thumbnail","hentry","category-noticias","category-saude","tag-agricultura","tag-doenca","tag-infecao","tag-pecuaria","tag-saude","tag-uniao-europeia"],"yoast_head":"<!-- This site is optimized with the Yoast SEO plugin v27.2 - https:\/\/yoast.com\/product\/yoast-seo-wordpress\/ -->\n<title>Comiss\u00e1rio europeu defende confinamento e abate de animais por febre aftosa - Portal Tela Portugal<\/title>\n<meta name=\"robots\" content=\"index, follow, max-snippet:-1, max-image-preview:large, max-video-preview:-1\" \/>\n<meta property=\"og:locale\" content=\"pt_PT\" \/>\n<meta property=\"og:type\" content=\"article\" \/>\n<meta property=\"og:title\" content=\"Comiss\u00e1rio europeu defende confinamento e abate de animais por febre aftosa - Portal Tela Portugal\" \/>\n<meta property=\"og:description\" content=\"O Comiss\u00e1rio europeu para a Sa\u00fade e Bem\u2011Estar dos Animais, Oliv\u00e9r V\u00e1rhelyi, reuniu\u2011se em Chipre com o presidente cipriota e representantes dos criadores de gado para tratar da febre aftosa e da sua gest\u00e3o, com medidas a serem respeitadas integralmente. As reuni\u00f5es tiveram in\u00edcio no Centro de Coordena\u00e7\u00e3o de Investiga\u00e7\u00e3o e Salvamento em Larnaca, com o ministro da Agricultura e produtores afetados, e continuaram com organiza\u00e7\u00f5es de agricultores, autoridades e veterin\u00e1rios. Michael Lytras, presidente do maior sindicato de agricultores de Chipre, afirmou que o regulamento ser\u00e1 aplicado sem derroga\u00e7\u00e3o e que a UE presta o apoio previsto para estes casos. Em Nic\u00f3sia, o programa de contactos do Comiss\u00e1rio incluiu encontros com representantes de partidos pol\u00edticos, no \u00e2mbito da resposta da UE \u00e0 epidemia. V\u00e1rhelyi detalhou as medidas: para surtos, todos os animais da explora\u00e7\u00e3o devem ser abatidos, a carne e o leite destru\u00eddos, com um per\u00edmetro de tr\u00eas quil\u00f3metros \u00e0 volta das explora\u00e7\u00f5es; pediu que ningu\u00e9m visite as zonas afetadas e, se n\u00e3o for poss\u00edvel abat\u00ea\u2011los, que sejam vacinados para reduzir a carga viral no ar.\" \/>\n<meta property=\"og:url\" content=\"https:\/\/portaltela.pt\/noticias\/2026\/03\/13\/comissario-europeu-defende-confinamento-e-abate-de-animais-por-febre-aftosa\/\" \/>\n<meta property=\"og:site_name\" content=\"Portal Tela Portugal\" \/>\n<meta property=\"article:published_time\" content=\"2026-03-13T15:02:16+00:00\" \/>\n<meta name=\"author\" content=\"Telinha\" \/>\n<meta name=\"twitter:card\" content=\"summary_large_image\" \/>\n<meta name=\"twitter:label1\" content=\"Escrito por\" \/>\n\t<meta name=\"twitter:data1\" content=\"Telinha\" \/>\n\t<meta name=\"twitter:label2\" content=\"Tempo estimado de leitura\" \/>\n\t<meta name=\"twitter:data2\" content=\"2 minutos\" \/>\n<script type=\"application\/ld+json\" class=\"yoast-schema-graph\">{\"@context\":\"https:\/\/schema.org\",\"@graph\":[{\"@type\":\"Article\",\"@id\":\"https:\/\/portaltela.pt\/noticias\/2026\/03\/13\/comissario-europeu-defende-confinamento-e-abate-de-animais-por-febre-aftosa\/#article\",\"isPartOf\":{\"@id\":\"https:\/\/portaltela.pt\/noticias\/2026\/03\/13\/comissario-europeu-defende-confinamento-e-abate-de-animais-por-febre-aftosa\/\"},\"author\":{\"name\":\"Telinha\",\"@id\":\"https:\/\/portaltela.pt\/#\/schema\/person\/c4278d4a6028830caff9ee44b42d32ed\"},\"headline\":\"Comiss\u00e1rio europeu defende confinamento e abate de animais por febre aftosa\",\"datePublished\":\"2026-03-13T15:02:16+00:00\",\"mainEntityOfPage\":{\"@id\":\"https:\/\/portaltela.pt\/noticias\/2026\/03\/13\/comissario-europeu-defende-confinamento-e-abate-de-animais-por-febre-aftosa\/\"},\"wordCount\":366,\"image\":{\"@id\":\"https:\/\/portaltela.pt\/noticias\/2026\/03\/13\/comissario-europeu-defende-confinamento-e-abate-de-animais-por-febre-aftosa\/#primaryimage\"},\"thumbnailUrl\":\"https:\/\/portaltela.pt\/s.01k8rhncp4jt1\/2026\/03\/1536x864_cmsv2_5604725d-d787-53af-9ade-2e09f461605d-9684715.jpg\",\"keywords\":[\"agricultura\",\"doen\u00e7a\",\"infe\u00e7\u00e3o\",\"pecu\u00e1ria\",\"sa\u00fade\",\"Uni\u00e3o Europeia\"],\"articleSection\":[\"Not\u00edcias\",\"Sa\u00fade\"],\"inLanguage\":\"pt-PT\"},{\"@type\":\"WebPage\",\"@id\":\"https:\/\/portaltela.pt\/noticias\/2026\/03\/13\/comissario-europeu-defende-confinamento-e-abate-de-animais-por-febre-aftosa\/\",\"url\":\"https:\/\/portaltela.pt\/noticias\/2026\/03\/13\/comissario-europeu-defende-confinamento-e-abate-de-animais-por-febre-aftosa\/\",\"name\":\"Comiss\u00e1rio europeu defende confinamento e abate de animais por febre aftosa - Portal Tela Portugal\",\"isPartOf\":{\"@id\":\"https:\/\/portaltela.pt\/#website\"},\"primaryImageOfPage\":{\"@id\":\"https:\/\/portaltela.pt\/noticias\/2026\/03\/13\/comissario-europeu-defende-confinamento-e-abate-de-animais-por-febre-aftosa\/#primaryimage\"},\"image\":{\"@id\":\"https:\/\/portaltela.pt\/noticias\/2026\/03\/13\/comissario-europeu-defende-confinamento-e-abate-de-animais-por-febre-aftosa\/#primaryimage\"},\"thumbnailUrl\":\"https:\/\/portaltela.pt\/s.01k8rhncp4jt1\/2026\/03\/1536x864_cmsv2_5604725d-d787-53af-9ade-2e09f461605d-9684715.jpg\",\"datePublished\":\"2026-03-13T15:02:16+00:00\",\"author\":{\"@id\":\"https:\/\/portaltela.pt\/#\/schema\/person\/c4278d4a6028830caff9ee44b42d32ed\"},\"breadcrumb\":{\"@id\":\"https:\/\/portaltela.pt\/noticias\/2026\/03\/13\/comissario-europeu-defende-confinamento-e-abate-de-animais-por-febre-aftosa\/#breadcrumb\"},\"inLanguage\":\"pt-PT\",\"potentialAction\":[{\"@type\":\"ReadAction\",\"target\":[\"https:\/\/portaltela.pt\/noticias\/2026\/03\/13\/comissario-europeu-defende-confinamento-e-abate-de-animais-por-febre-aftosa\/\"]}]},{\"@type\":\"ImageObject\",\"inLanguage\":\"pt-PT\",\"@id\":\"https:\/\/portaltela.pt\/noticias\/2026\/03\/13\/comissario-europeu-defende-confinamento-e-abate-de-animais-por-febre-aftosa\/#primaryimage\",\"url\":\"https:\/\/portaltela.pt\/s.01k8rhncp4jt1\/2026\/03\/1536x864_cmsv2_5604725d-d787-53af-9ade-2e09f461605d-9684715.jpg\",\"contentUrl\":\"https:\/\/portaltela.pt\/s.01k8rhncp4jt1\/2026\/03\/1536x864_cmsv2_5604725d-d787-53af-9ade-2e09f461605d-9684715.jpg\",\"width\":796,\"height\":448,\"caption\":\"Comiss\u00e1rio Varheli em Chipre\"},{\"@type\":\"BreadcrumbList\",\"@id\":\"https:\/\/portaltela.pt\/noticias\/2026\/03\/13\/comissario-europeu-defende-confinamento-e-abate-de-animais-por-febre-aftosa\/#breadcrumb\",\"itemListElement\":[{\"@type\":\"ListItem\",\"position\":1,\"name\":\"In\u00edcio\",\"item\":\"https:\/\/portaltela.pt\/\"},{\"@type\":\"ListItem\",\"position\":2,\"name\":\"Comiss\u00e1rio europeu defende confinamento e abate de animais por febre aftosa\"}]},{\"@type\":\"WebSite\",\"@id\":\"https:\/\/portaltela.pt\/#website\",\"url\":\"https:\/\/portaltela.pt\/\",\"name\":\"Portal Tela Portugal\",\"description\":\"\",\"potentialAction\":[{\"@type\":\"SearchAction\",\"target\":{\"@type\":\"EntryPoint\",\"urlTemplate\":\"https:\/\/portaltela.pt\/?s={search_term_string}\"},\"query-input\":{\"@type\":\"PropertyValueSpecification\",\"valueRequired\":true,\"valueName\":\"search_term_string\"}}],\"inLanguage\":\"pt-PT\"},{\"@type\":\"Person\",\"@id\":\"https:\/\/portaltela.pt\/#\/schema\/person\/c4278d4a6028830caff9ee44b42d32ed\",\"name\":\"Telinha\",\"image\":{\"@type\":\"ImageObject\",\"inLanguage\":\"pt-PT\",\"@id\":\"https:\/\/portaltela.pt\/s.01k8rhncp4jt1\/2025\/11\/talking-bot-125x125.png\",\"url\":\"https:\/\/portaltela.pt\/s.01k8rhncp4jt1\/2025\/11\/talking-bot-125x125.png\",\"contentUrl\":\"https:\/\/portaltela.pt\/s.01k8rhncp4jt1\/2025\/11\/talking-bot-125x125.png\",\"caption\":\"Telinha\"},\"sameAs\":[\"https:\/\/portaltela.pt\/\"],\"url\":\"https:\/\/portaltela.pt\/por\/367410592786\/\"}]}<\/script>\n<!-- \/ Yoast SEO plugin. -->","yoast_head_json":{"title":"Comiss\u00e1rio europeu defende confinamento e abate de animais por febre aftosa - Portal Tela Portugal","robots":{"index":"index","follow":"follow","max-snippet":"max-snippet:-1","max-image-preview":"max-image-preview:large","max-video-preview":"max-video-preview:-1"},"og_locale":"pt_PT","og_type":"article","og_title":"Comiss\u00e1rio europeu defende confinamento e abate de animais por febre aftosa - Portal Tela Portugal","og_description":"O Comiss\u00e1rio europeu para a Sa\u00fade e Bem\u2011Estar dos Animais, Oliv\u00e9r V\u00e1rhelyi, reuniu\u2011se em Chipre com o presidente cipriota e representantes dos criadores de gado para tratar da febre aftosa e da sua gest\u00e3o, com medidas a serem respeitadas integralmente. As reuni\u00f5es tiveram in\u00edcio no Centro de Coordena\u00e7\u00e3o de Investiga\u00e7\u00e3o e Salvamento em Larnaca, com o ministro da Agricultura e produtores afetados, e continuaram com organiza\u00e7\u00f5es de agricultores, autoridades e veterin\u00e1rios. Michael Lytras, presidente do maior sindicato de agricultores de Chipre, afirmou que o regulamento ser\u00e1 aplicado sem derroga\u00e7\u00e3o e que a UE presta o apoio previsto para estes casos. Em Nic\u00f3sia, o programa de contactos do Comiss\u00e1rio incluiu encontros com representantes de partidos pol\u00edticos, no \u00e2mbito da resposta da UE \u00e0 epidemia. V\u00e1rhelyi detalhou as medidas: para surtos, todos os animais da explora\u00e7\u00e3o devem ser abatidos, a carne e o leite destru\u00eddos, com um per\u00edmetro de tr\u00eas quil\u00f3metros \u00e0 volta das explora\u00e7\u00f5es; pediu que ningu\u00e9m visite as zonas afetadas e, se n\u00e3o for poss\u00edvel abat\u00ea\u2011los, que sejam vacinados para reduzir a carga viral no ar.","og_url":"https:\/\/portaltela.pt\/noticias\/2026\/03\/13\/comissario-europeu-defende-confinamento-e-abate-de-animais-por-febre-aftosa\/","og_site_name":"Portal Tela Portugal","article_published_time":"2026-03-13T15:02:16+00:00","author":"Telinha","twitter_card":"summary_large_image","twitter_misc":{"Escrito por":"Telinha","Tempo estimado de leitura":"2 minutos"},"schema":{"@context":"https:\/\/schema.org","@graph":[{"@type":"Article","@id":"https:\/\/portaltela.pt\/noticias\/2026\/03\/13\/comissario-europeu-defende-confinamento-e-abate-de-animais-por-febre-aftosa\/#article","isPartOf":{"@id":"https:\/\/portaltela.pt\/noticias\/2026\/03\/13\/comissario-europeu-defende-confinamento-e-abate-de-animais-por-febre-aftosa\/"},"author":{"name":"Telinha","@id":"https:\/\/portaltela.pt\/#\/schema\/person\/c4278d4a6028830caff9ee44b42d32ed"},"headline":"Comiss\u00e1rio europeu defende confinamento e abate de animais por febre aftosa","datePublished":"2026-03-13T15:02:16+00:00","mainEntityOfPage":{"@id":"https:\/\/portaltela.pt\/noticias\/2026\/03\/13\/comissario-europeu-defende-confinamento-e-abate-de-animais-por-febre-aftosa\/"},"wordCount":366,"image":{"@id":"https:\/\/portaltela.pt\/noticias\/2026\/03\/13\/comissario-europeu-defende-confinamento-e-abate-de-animais-por-febre-aftosa\/#primaryimage"},"thumbnailUrl":"https:\/\/portaltela.pt\/s.01k8rhncp4jt1\/2026\/03\/1536x864_cmsv2_5604725d-d787-53af-9ade-2e09f461605d-9684715.jpg","keywords":["agricultura","doen\u00e7a","infe\u00e7\u00e3o","pecu\u00e1ria","sa\u00fade","Uni\u00e3o Europeia"],"articleSection":["Not\u00edcias","Sa\u00fade"],"inLanguage":"pt-PT"},{"@type":"WebPage","@id":"https:\/\/portaltela.pt\/noticias\/2026\/03\/13\/comissario-europeu-defende-confinamento-e-abate-de-animais-por-febre-aftosa\/","url":"https:\/\/portaltela.pt\/noticias\/2026\/03\/13\/comissario-europeu-defende-confinamento-e-abate-de-animais-por-febre-aftosa\/","name":"Comiss\u00e1rio europeu defende confinamento e abate de animais por febre aftosa - Portal Tela Portugal","isPartOf":{"@id":"https:\/\/portaltela.pt\/#website"},"primaryImageOfPage":{"@id":"https:\/\/portaltela.pt\/noticias\/2026\/03\/13\/comissario-europeu-defende-confinamento-e-abate-de-animais-por-febre-aftosa\/#primaryimage"},"image":{"@id":"https:\/\/portaltela.pt\/noticias\/2026\/03\/13\/comissario-europeu-defende-confinamento-e-abate-de-animais-por-febre-aftosa\/#primaryimage"},"thumbnailUrl":"https:\/\/portaltela.pt\/s.01k8rhncp4jt1\/2026\/03\/1536x864_cmsv2_5604725d-d787-53af-9ade-2e09f461605d-9684715.jpg","datePublished":"2026-03-13T15:02:16+00:00","author":{"@id":"https:\/\/portaltela.pt\/#\/schema\/person\/c4278d4a6028830caff9ee44b42d32ed"},"breadcrumb":{"@id":"https:\/\/portaltela.pt\/noticias\/2026\/03\/13\/comissario-europeu-defende-confinamento-e-abate-de-animais-por-febre-aftosa\/#breadcrumb"},"inLanguage":"pt-PT","potentialAction":[{"@type":"ReadAction","target":["https:\/\/portaltela.pt\/noticias\/2026\/03\/13\/comissario-europeu-defende-confinamento-e-abate-de-animais-por-febre-aftosa\/"]}]},{"@type":"ImageObject","inLanguage":"pt-PT","@id":"https:\/\/portaltela.pt\/noticias\/2026\/03\/13\/comissario-europeu-defende-confinamento-e-abate-de-animais-por-febre-aftosa\/#primaryimage","url":"https:\/\/portaltela.pt\/s.01k8rhncp4jt1\/2026\/03\/1536x864_cmsv2_5604725d-d787-53af-9ade-2e09f461605d-9684715.jpg","contentUrl":"https:\/\/portaltela.pt\/s.01k8rhncp4jt1\/2026\/03\/1536x864_cmsv2_5604725d-d787-53af-9ade-2e09f461605d-9684715.jpg","width":796,"height":448,"caption":"Comiss\u00e1rio Varheli em Chipre"},{"@type":"BreadcrumbList","@id":"https:\/\/portaltela.pt\/noticias\/2026\/03\/13\/comissario-europeu-defende-confinamento-e-abate-de-animais-por-febre-aftosa\/#breadcrumb","itemListElement":[{"@type":"ListItem","position":1,"name":"In\u00edcio","item":"https:\/\/portaltela.pt\/"},{"@type":"ListItem","position":2,"name":"Comiss\u00e1rio europeu defende confinamento e abate de animais por febre aftosa"}]},{"@type":"WebSite","@id":"https:\/\/portaltela.pt\/#website","url":"https:\/\/portaltela.pt\/","name":"Portal Tela Portugal","description":"","potentialAction":[{"@type":"SearchAction","target":{"@type":"EntryPoint","urlTemplate":"https:\/\/portaltela.pt\/?s={search_term_string}"},"query-input":{"@type":"PropertyValueSpecification","valueRequired":true,"valueName":"search_term_string"}}],"inLanguage":"pt-PT"},{"@type":"Person","@id":"https:\/\/portaltela.pt\/#\/schema\/person\/c4278d4a6028830caff9ee44b42d32ed","name":"Telinha","image":{"@type":"ImageObject","inLanguage":"pt-PT","@id":"https:\/\/portaltela.pt\/s.01k8rhncp4jt1\/2025\/11\/talking-bot-125x125.png","url":"https:\/\/portaltela.pt\/s.01k8rhncp4jt1\/2025\/11\/talking-bot-125x125.png","contentUrl":"https:\/\/portaltela.pt\/s.01k8rhncp4jt1\/2025\/11\/talking-bot-125x125.png","caption":"Telinha"},"sameAs":["https:\/\/portaltela.pt\/"],"url":"https:\/\/portaltela.pt\/por\/367410592786\/"}]}},"_links":{"self":[{"href":"https:\/\/portaltela.pt\/api\/wp\/v2\/posts\/408938","targetHints":{"allow":["GET"]}}],"collection":[{"href":"https:\/\/portaltela.pt\/api\/wp\/v2\/posts"}],"about":[{"href":"https:\/\/portaltela.pt\/api\/wp\/v2\/types\/post"}],"author":[{"embeddable":true,"href":"https:\/\/portaltela.pt\/api\/wp\/v2\/users\/2"}],"replies":[{"embeddable":true,"href":"https:\/\/portaltela.pt\/api\/wp\/v2\/comments?post=408938"}],"version-history":[{"count":0,"href":"https:\/\/portaltela.pt\/api\/wp\/v2\/posts\/408938\/revisions"}],"wp:featuredmedia":[{"embeddable":true,"href":"https:\/\/portaltela.pt\/api\/wp\/v2\/media\/408941"}],"wp:attachment":[{"href":"https:\/\/portaltela.pt\/api\/wp\/v2\/media?parent=408938"}],"wp:term":[{"taxonomy":"category","embeddable":true,"href":"https:\/\/portaltela.pt\/api\/wp\/v2\/categories?post=408938"},{"taxonomy":"post_tag","embeddable":true,"href":"https:\/\/portaltela.pt\/api\/wp\/v2\/tags?post=408938"}],"curies":[{"name":"wp","href":"https:\/\/api.w.org\/{rel}","templated":true}]}}